{"id":5967,"date":"2025-07-23T16:06:00","date_gmt":"2025-07-23T14:06:00","guid":{"rendered":"https:\/\/www.mobellinea.com\/domus-cabines-acoustiques-pour-la-concentration-et-le-travail-dequipe\/"},"modified":"2025-12-10T16:54:23","modified_gmt":"2025-12-10T15:54:23","slug":"domus-cabines-acoustiques-pour-la-concentration-et-le-travail-dequipe","status":"publish","type":"post","link":"https:\/\/www.mobellinea.com\/fr\/domus-cabines-acoustiques-pour-la-concentration-et-le-travail-dequipe\/","title":{"rendered":"Domus, cabines acoustiques pour la concentration et le travail d&rsquo;\u00e9quipe"},"content":{"rendered":"\n<p class=\"wp-block-paragraph\">Cette nouvelle s\u00e9rie se compose de quatre mod\u00e8les combinant isolation acoustique, confort et design durable pour transformer les espaces de bureau.<\/p>\n\n<p class=\"wp-block-paragraph\">Mobel Linea pr\u00e9sente domus, sa nouvelle collection de cabines acoustiques con\u00e7ues pour am\u00e9liorer la confidentialit\u00e9, la concentration et le travail collaboratif dans les espaces de bureau. Inspir\u00e9es du concept romain de maison, ces cabines fonctionnent comme une v\u00e9ritable oasis de tranquillit\u00e9 au milieu despaces ouverts, apportant fonctionnalit\u00e9 et bien-\u00eatre au travail. <\/p>\n\n<p class=\"wp-block-paragraph\">La colecci\u00f3n incluye cuatro formatos distintos, desde cabinas individuales hasta salas modulares con capacidad para seis personas. Todas cuentan con certificaci\u00f3n de aislamiento ac\u00fastico de CLASE A, el m\u00e1ximo nivel de protecci\u00f3n ac\u00fastica, lo que garantiza un entorno silencioso ideal para llamadas, reuniones estrat\u00e9gicas o momentos de trabajo profundo. <\/p>\n\n<figure class=\"wp-block-image size-large\"><img decoding=\"async\" src=\"data:image\/gif;base64,R0lGODlhAQABAIAAAAAAAP\/\/\/yH5BAEAAAAALAAAAAABAAEAAAIBRAA7\" data-src=\"https:\/\/www.mobellinea.com\/wp-content\/uploads\/2025\/11\/blog_f01-3-1000x469.jpg\" alt=\"\" class=\"wp-image-4959 lazyload\"\/><noscript><img decoding=\"async\" width=\"1000\" height=\"469\" src=\"https:\/\/www.mobellinea.com\/wp-content\/uploads\/2025\/11\/blog_f01-3-1000x469.jpg\" alt=\"\" class=\"wp-image-4959 lazyload\" srcset=\"https:\/\/www.mobellinea.com\/wp-content\/uploads\/2025\/11\/blog_f01-3-1000x469.jpg 1000w, https:\/\/www.mobellinea.com\/wp-content\/uploads\/2025\/11\/blog_f01-3-320x150.jpg 320w, https:\/\/www.mobellinea.com\/wp-content\/uploads\/2025\/11\/blog_f01-3-680x319.jpg 680w, https:\/\/www.mobellinea.com\/wp-content\/uploads\/2025\/11\/blog_f01-3.jpg 1920w\" sizes=\"(max-width: 1000px) 100vw, 1000px\" \/><\/noscript><\/figure>\n\n<p class=\"wp-block-paragraph\">Conform\u00e9ment \u00e0 l&rsquo;engagement de la marque en faveur de la durabilit\u00e9, les cabines Mobel Linea sont con\u00e7ues avec une structure modulaire qui permet leur montage et d\u00e9montage par pi\u00e8ces, facilitant ainsi leur r\u00e9installation, r\u00e9utilisation et recyclage.<\/p>\n\n<blockquote class=\"wp-block-quote is-layout-flow wp-block-quote-is-layout-flow\">\n<blockquote class=\"wp-block-quote is-layout-flow wp-block-quote-is-layout-flow\">\n<p class=\"wp-block-paragraph\">\u00abLes bureaux modernes sont con\u00e7us avec un objectif clair: placer les personnes au centre. Avec domus, nous souhaitons proposer des solutions qui am\u00e9liorent non seulement le confort acoustique, mais aussi le bien-\u00eatre et la productivit\u00e9 des \u00e9quipes\u00bb, affirme l&rsquo;entreprise.<\/p>\n<\/blockquote>\n<\/blockquote>\n\n<p class=\"wp-block-paragraph\">La nouvelle collection est dores et d\u00e9j\u00e0 disponible et peut \u00eatre consult\u00e9e sur son site internet et son catalogue interactif.<\/p>\n","protected":false},"excerpt":{"rendered":"<p>Cette nouvelle s\u00e9rie se compose de quatre mod\u00e8les combinant isolation acoustique, confort et design durable pour transformer les espaces de bureau. Mobel Linea pr\u00e9sente domus, sa nouvelle collection de cabines acoustiques con\u00e7ues pour am\u00e9liorer la confidentialit\u00e9, la concentration et le travail collaboratif dans les espaces de bureau. Inspir\u00e9es du concept romain de maison, ces cabines [&hellip;]<\/p>\n","protected":false},"author":8,"featured_media":5963,"comment_status":"closed","ping_status":"closed","sticky":false,"template":"","format":"standard","meta":{"_acf_changed":false,"_uag_custom_page_level_css":"","footnotes":""},"categories":[347],"tags":[],"class_list":["post-5967","post","type-post","status-publish","format-standard","has-post-thumbnail","hentry","category-bien-etre"],"acf":[],"yoast_head":"<!-- This site is optimized with the Yoast SEO Premium plugin v26.6 (Yoast SEO v27.6) - https:\/\/yoast.com\/product\/yoast-seo-premium-wordpress\/ -->\n<title>Domus, cabines acoustiques pour la concentration et le travail d&#039;\u00e9quipe - Mobellinea<\/title>\n<meta name=\"description\" content=\"Cette nouvelle s\u00e9rie se compose de quatre mod\u00e8les combinant isolation acoustique, confort et design durable pour transformer les espaces de bureau. Mobel\" \/>\n<meta name=\"robots\" content=\"index, follow, max-snippet:-1, max-image-preview:large, max-video-preview:-1\" \/>\n<link rel=\"canonical\" href=\"https:\/\/www.mobellinea.com\/fr\/domus-cabines-acoustiques-pour-la-concentration-et-le-travail-dequipe\/\" \/>\n<meta property=\"og:locale\" content=\"fr_FR\" \/>\n<meta property=\"og:type\" content=\"article\" \/>\n<meta property=\"og:title\" content=\"Domus, cabines acoustiques pour la concentration et le travail d&#039;\u00e9quipe\" \/>\n<meta property=\"og:description\" content=\"Cette nouvelle s\u00e9rie se compose de quatre mod\u00e8les combinant isolation acoustique, confort et design durable pour transformer les espaces de bureau. Mobel\" \/>\n<meta property=\"og:url\" content=\"https:\/\/www.mobellinea.com\/fr\/domus-cabines-acoustiques-pour-la-concentration-et-le-travail-dequipe\/\" \/>\n<meta property=\"og:site_name\" content=\"Mobellinea\" \/>\n<meta property=\"article:publisher\" content=\"https:\/\/www.facebook.com\/mobellineasl\" \/>\n<meta property=\"article:published_time\" content=\"2025-07-23T14:06:00+00:00\" \/>\n<meta property=\"article:modified_time\" content=\"2025-12-10T15:54:23+00:00\" \/>\n<meta property=\"og:image\" content=\"https:\/\/www.mobellinea.com\/wp-content\/uploads\/2025\/11\/blog_f01-3.jpg\" \/>\n\t<meta property=\"og:image:width\" content=\"1920\" \/>\n\t<meta property=\"og:image:height\" content=\"900\" \/>\n\t<meta property=\"og:image:type\" content=\"image\/jpeg\" \/>\n<meta name=\"author\" content=\"Anna\" \/>\n<meta name=\"twitter:card\" content=\"summary_large_image\" \/>\n<meta name=\"twitter:label1\" content=\"\u00c9crit par\" \/>\n\t<meta name=\"twitter:data1\" content=\"Anna\" \/>\n\t<meta name=\"twitter:label2\" content=\"Dur\u00e9e de lecture estim\u00e9e\" \/>\n\t<meta name=\"twitter:data2\" content=\"1 minute\" \/>\n<script type=\"application\/ld+json\" class=\"yoast-schema-graph\">{\"@context\":\"https:\\\/\\\/schema.org\",\"@graph\":[{\"@type\":\"Article\",\"@id\":\"https:\\\/\\\/www.mobellinea.com\\\/fr\\\/domus-cabines-acoustiques-pour-la-concentration-et-le-travail-dequipe\\\/#article\",\"isPartOf\":{\"@id\":\"https:\\\/\\\/www.mobellinea.com\\\/fr\\\/domus-cabines-acoustiques-pour-la-concentration-et-le-travail-dequipe\\\/\"},\"author\":{\"name\":\"Anna\",\"@id\":\"https:\\\/\\\/mobellinea.com\\\/en\\\/#\\\/schema\\\/person\\\/518e40fa1dcd8c2ef7106c7561ae3ddb\"},\"headline\":\"Domus, cabines acoustiques pour la concentration et le travail d&rsquo;\u00e9quipe\",\"datePublished\":\"2025-07-23T14:06:00+00:00\",\"dateModified\":\"2025-12-10T15:54:23+00:00\",\"mainEntityOfPage\":{\"@id\":\"https:\\\/\\\/www.mobellinea.com\\\/fr\\\/domus-cabines-acoustiques-pour-la-concentration-et-le-travail-dequipe\\\/\"},\"wordCount\":254,\"image\":{\"@id\":\"https:\\\/\\\/www.mobellinea.com\\\/fr\\\/domus-cabines-acoustiques-pour-la-concentration-et-le-travail-dequipe\\\/#primaryimage\"},\"thumbnailUrl\":\"https:\\\/\\\/www.mobellinea.com\\\/wp-content\\\/uploads\\\/2025\\\/11\\\/blog_f01-3.jpg\",\"articleSection\":[\"Bien-\u00eatre\"],\"inLanguage\":\"fr-FR\"},{\"@type\":\"WebPage\",\"@id\":\"https:\\\/\\\/www.mobellinea.com\\\/fr\\\/domus-cabines-acoustiques-pour-la-concentration-et-le-travail-dequipe\\\/\",\"url\":\"https:\\\/\\\/www.mobellinea.com\\\/fr\\\/domus-cabines-acoustiques-pour-la-concentration-et-le-travail-dequipe\\\/\",\"name\":\"Domus, cabines acoustiques pour la concentration et le travail d'\u00e9quipe - Mobellinea\",\"isPartOf\":{\"@id\":\"https:\\\/\\\/mobellinea.com\\\/en\\\/#website\"},\"primaryImageOfPage\":{\"@id\":\"https:\\\/\\\/www.mobellinea.com\\\/fr\\\/domus-cabines-acoustiques-pour-la-concentration-et-le-travail-dequipe\\\/#primaryimage\"},\"image\":{\"@id\":\"https:\\\/\\\/www.mobellinea.com\\\/fr\\\/domus-cabines-acoustiques-pour-la-concentration-et-le-travail-dequipe\\\/#primaryimage\"},\"thumbnailUrl\":\"https:\\\/\\\/www.mobellinea.com\\\/wp-content\\\/uploads\\\/2025\\\/11\\\/blog_f01-3.jpg\",\"datePublished\":\"2025-07-23T14:06:00+00:00\",\"dateModified\":\"2025-12-10T15:54:23+00:00\",\"author\":{\"@id\":\"https:\\\/\\\/mobellinea.com\\\/en\\\/#\\\/schema\\\/person\\\/518e40fa1dcd8c2ef7106c7561ae3ddb\"},\"description\":\"Cette nouvelle s\u00e9rie se compose de quatre mod\u00e8les combinant isolation acoustique, confort et design durable pour transformer les espaces de bureau. Mobel\",\"breadcrumb\":{\"@id\":\"https:\\\/\\\/www.mobellinea.com\\\/fr\\\/domus-cabines-acoustiques-pour-la-concentration-et-le-travail-dequipe\\\/#breadcrumb\"},\"inLanguage\":\"fr-FR\",\"potentialAction\":[{\"@type\":\"ReadAction\",\"target\":[\"https:\\\/\\\/www.mobellinea.com\\\/fr\\\/domus-cabines-acoustiques-pour-la-concentration-et-le-travail-dequipe\\\/\"]}]},{\"@type\":\"ImageObject\",\"inLanguage\":\"fr-FR\",\"@id\":\"https:\\\/\\\/www.mobellinea.com\\\/fr\\\/domus-cabines-acoustiques-pour-la-concentration-et-le-travail-dequipe\\\/#primaryimage\",\"url\":\"https:\\\/\\\/www.mobellinea.com\\\/wp-content\\\/uploads\\\/2025\\\/11\\\/blog_f01-3.jpg\",\"contentUrl\":\"https:\\\/\\\/www.mobellinea.com\\\/wp-content\\\/uploads\\\/2025\\\/11\\\/blog_f01-3.jpg\",\"width\":1920,\"height\":900},{\"@type\":\"BreadcrumbList\",\"@id\":\"https:\\\/\\\/www.mobellinea.com\\\/fr\\\/domus-cabines-acoustiques-pour-la-concentration-et-le-travail-dequipe\\\/#breadcrumb\",\"itemListElement\":[{\"@type\":\"ListItem\",\"position\":1,\"name\":\"Home\",\"item\":\"https:\\\/\\\/www.mobellinea.com\\\/fr\\\/accueil\\\/\"},{\"@type\":\"ListItem\",\"position\":2,\"name\":\"Bien-\u00eatre\",\"item\":\"https:\\\/\\\/www.mobellinea.com\\\/fr\\\/category\\\/bien-etre\\\/\"},{\"@type\":\"ListItem\",\"position\":3,\"name\":\"Domus, cabines acoustiques pour la concentration et le travail d&rsquo;\u00e9quipe\"}]},{\"@type\":\"WebSite\",\"@id\":\"https:\\\/\\\/mobellinea.com\\\/en\\\/#website\",\"url\":\"https:\\\/\\\/mobellinea.com\\\/en\\\/\",\"name\":\"MobelLinea\",\"description\":\"Dise\u00f1amos y fabricamos soluciones de mobiliario para oficinas y espacios colectivos. Creamos entornos honestos, funcionales y humanos, pensados para mejorar la vida de las personas\",\"alternateName\":\"Mobel Linea\",\"potentialAction\":[{\"@type\":\"SearchAction\",\"target\":{\"@type\":\"EntryPoint\",\"urlTemplate\":\"https:\\\/\\\/mobellinea.com\\\/en\\\/?s={search_term_string}\"},\"query-input\":{\"@type\":\"PropertyValueSpecification\",\"valueRequired\":true,\"valueName\":\"search_term_string\"}}],\"inLanguage\":\"fr-FR\"},{\"@type\":\"Person\",\"@id\":\"https:\\\/\\\/mobellinea.com\\\/en\\\/#\\\/schema\\\/person\\\/518e40fa1dcd8c2ef7106c7561ae3ddb\",\"name\":\"Anna\",\"image\":{\"@type\":\"ImageObject\",\"inLanguage\":\"fr-FR\",\"@id\":\"https:\\\/\\\/secure.gravatar.com\\\/avatar\\\/8adc17f1354e8252029a3205a793c695de1d4150636fd00a689f76f96e8a4c98?s=96&d=mm&r=g\",\"url\":\"https:\\\/\\\/secure.gravatar.com\\\/avatar\\\/8adc17f1354e8252029a3205a793c695de1d4150636fd00a689f76f96e8a4c98?s=96&d=mm&r=g\",\"contentUrl\":\"https:\\\/\\\/secure.gravatar.com\\\/avatar\\\/8adc17f1354e8252029a3205a793c695de1d4150636fd00a689f76f96e8a4c98?s=96&d=mm&r=g\",\"caption\":\"Anna\"}}]}<\/script>\n<!-- \/ Yoast SEO Premium plugin. -->","yoast_head_json":{"title":"Domus, cabines acoustiques pour la concentration et le travail d'\u00e9quipe - Mobellinea","description":"Cette nouvelle s\u00e9rie se compose de quatre mod\u00e8les combinant isolation acoustique, confort et design durable pour transformer les espaces de bureau. Mobel","robots":{"index":"index","follow":"follow","max-snippet":"max-snippet:-1","max-image-preview":"max-image-preview:large","max-video-preview":"max-video-preview:-1"},"canonical":"https:\/\/www.mobellinea.com\/fr\/domus-cabines-acoustiques-pour-la-concentration-et-le-travail-dequipe\/","og_locale":"fr_FR","og_type":"article","og_title":"Domus, cabines acoustiques pour la concentration et le travail d'\u00e9quipe","og_description":"Cette nouvelle s\u00e9rie se compose de quatre mod\u00e8les combinant isolation acoustique, confort et design durable pour transformer les espaces de bureau. Mobel","og_url":"https:\/\/www.mobellinea.com\/fr\/domus-cabines-acoustiques-pour-la-concentration-et-le-travail-dequipe\/","og_site_name":"Mobellinea","article_publisher":"https:\/\/www.facebook.com\/mobellineasl","article_published_time":"2025-07-23T14:06:00+00:00","article_modified_time":"2025-12-10T15:54:23+00:00","og_image":[{"width":1920,"height":900,"url":"https:\/\/www.mobellinea.com\/wp-content\/uploads\/2025\/11\/blog_f01-3.jpg","type":"image\/jpeg"}],"author":"Anna","twitter_card":"summary_large_image","twitter_misc":{"\u00c9crit par":"Anna","Dur\u00e9e de lecture estim\u00e9e":"1 minute"},"schema":{"@context":"https:\/\/schema.org","@graph":[{"@type":"Article","@id":"https:\/\/www.mobellinea.com\/fr\/domus-cabines-acoustiques-pour-la-concentration-et-le-travail-dequipe\/#article","isPartOf":{"@id":"https:\/\/www.mobellinea.com\/fr\/domus-cabines-acoustiques-pour-la-concentration-et-le-travail-dequipe\/"},"author":{"name":"Anna","@id":"https:\/\/mobellinea.com\/en\/#\/schema\/person\/518e40fa1dcd8c2ef7106c7561ae3ddb"},"headline":"Domus, cabines acoustiques pour la concentration et le travail d&rsquo;\u00e9quipe","datePublished":"2025-07-23T14:06:00+00:00","dateModified":"2025-12-10T15:54:23+00:00","mainEntityOfPage":{"@id":"https:\/\/www.mobellinea.com\/fr\/domus-cabines-acoustiques-pour-la-concentration-et-le-travail-dequipe\/"},"wordCount":254,"image":{"@id":"https:\/\/www.mobellinea.com\/fr\/domus-cabines-acoustiques-pour-la-concentration-et-le-travail-dequipe\/#primaryimage"},"thumbnailUrl":"https:\/\/www.mobellinea.com\/wp-content\/uploads\/2025\/11\/blog_f01-3.jpg","articleSection":["Bien-\u00eatre"],"inLanguage":"fr-FR"},{"@type":"WebPage","@id":"https:\/\/www.mobellinea.com\/fr\/domus-cabines-acoustiques-pour-la-concentration-et-le-travail-dequipe\/","url":"https:\/\/www.mobellinea.com\/fr\/domus-cabines-acoustiques-pour-la-concentration-et-le-travail-dequipe\/","name":"Domus, cabines acoustiques pour la concentration et le travail d'\u00e9quipe - Mobellinea","isPartOf":{"@id":"https:\/\/mobellinea.com\/en\/#website"},"primaryImageOfPage":{"@id":"https:\/\/www.mobellinea.com\/fr\/domus-cabines-acoustiques-pour-la-concentration-et-le-travail-dequipe\/#primaryimage"},"image":{"@id":"https:\/\/www.mobellinea.com\/fr\/domus-cabines-acoustiques-pour-la-concentration-et-le-travail-dequipe\/#primaryimage"},"thumbnailUrl":"https:\/\/www.mobellinea.com\/wp-content\/uploads\/2025\/11\/blog_f01-3.jpg","datePublished":"2025-07-23T14:06:00+00:00","dateModified":"2025-12-10T15:54:23+00:00","author":{"@id":"https:\/\/mobellinea.com\/en\/#\/schema\/person\/518e40fa1dcd8c2ef7106c7561ae3ddb"},"description":"Cette nouvelle s\u00e9rie se compose de quatre mod\u00e8les combinant isolation acoustique, confort et design durable pour transformer les espaces de bureau. Mobel","breadcrumb":{"@id":"https:\/\/www.mobellinea.com\/fr\/domus-cabines-acoustiques-pour-la-concentration-et-le-travail-dequipe\/#breadcrumb"},"inLanguage":"fr-FR","potentialAction":[{"@type":"ReadAction","target":["https:\/\/www.mobellinea.com\/fr\/domus-cabines-acoustiques-pour-la-concentration-et-le-travail-dequipe\/"]}]},{"@type":"ImageObject","inLanguage":"fr-FR","@id":"https:\/\/www.mobellinea.com\/fr\/domus-cabines-acoustiques-pour-la-concentration-et-le-travail-dequipe\/#primaryimage","url":"https:\/\/www.mobellinea.com\/wp-content\/uploads\/2025\/11\/blog_f01-3.jpg","contentUrl":"https:\/\/www.mobellinea.com\/wp-content\/uploads\/2025\/11\/blog_f01-3.jpg","width":1920,"height":900},{"@type":"BreadcrumbList","@id":"https:\/\/www.mobellinea.com\/fr\/domus-cabines-acoustiques-pour-la-concentration-et-le-travail-dequipe\/#breadcrumb","itemListElement":[{"@type":"ListItem","position":1,"name":"Home","item":"https:\/\/www.mobellinea.com\/fr\/accueil\/"},{"@type":"ListItem","position":2,"name":"Bien-\u00eatre","item":"https:\/\/www.mobellinea.com\/fr\/category\/bien-etre\/"},{"@type":"ListItem","position":3,"name":"Domus, cabines acoustiques pour la concentration et le travail d&rsquo;\u00e9quipe"}]},{"@type":"WebSite","@id":"https:\/\/mobellinea.com\/en\/#website","url":"https:\/\/mobellinea.com\/en\/","name":"MobelLinea","description":"Dise\u00f1amos y fabricamos soluciones de mobiliario para oficinas y espacios colectivos. Creamos entornos honestos, funcionales y humanos, pensados para mejorar la vida de las personas","alternateName":"Mobel Linea","potentialAction":[{"@type":"SearchAction","target":{"@type":"EntryPoint","urlTemplate":"https:\/\/mobellinea.com\/en\/?s={search_term_string}"},"query-input":{"@type":"PropertyValueSpecification","valueRequired":true,"valueName":"search_term_string"}}],"inLanguage":"fr-FR"},{"@type":"Person","@id":"https:\/\/mobellinea.com\/en\/#\/schema\/person\/518e40fa1dcd8c2ef7106c7561ae3ddb","name":"Anna","image":{"@type":"ImageObject","inLanguage":"fr-FR","@id":"https:\/\/secure.gravatar.com\/avatar\/8adc17f1354e8252029a3205a793c695de1d4150636fd00a689f76f96e8a4c98?s=96&d=mm&r=g","url":"https:\/\/secure.gravatar.com\/avatar\/8adc17f1354e8252029a3205a793c695de1d4150636fd00a689f76f96e8a4c98?s=96&d=mm&r=g","contentUrl":"https:\/\/secure.gravatar.com\/avatar\/8adc17f1354e8252029a3205a793c695de1d4150636fd00a689f76f96e8a4c98?s=96&d=mm&r=g","caption":"Anna"}}]}},"uagb_featured_image_src":{"full":["https:\/\/www.mobellinea.com\/wp-content\/uploads\/2025\/11\/blog_f01-3.jpg",1920,900,false],"thumbnail":["https:\/\/www.mobellinea.com\/wp-content\/uploads\/2025\/11\/blog_f01-3-150x150.jpg",150,150,true],"medium":["https:\/\/www.mobellinea.com\/wp-content\/uploads\/2025\/11\/blog_f01-3-320x150.jpg",320,150,true],"medium_large":["https:\/\/www.mobellinea.com\/wp-content\/uploads\/2025\/11\/blog_f01-3-680x319.jpg",680,319,true],"large":["https:\/\/www.mobellinea.com\/wp-content\/uploads\/2025\/11\/blog_f01-3-1000x469.jpg",1000,469,true],"pieces_card":["https:\/\/www.mobellinea.com\/wp-content\/uploads\/2025\/11\/blog_f01-3-140x173.jpg",140,173,true],"gform-image-choice-sm":["https:\/\/www.mobellinea.com\/wp-content\/uploads\/2025\/11\/blog_f01-3.jpg",300,141,false],"gform-image-choice-md":["https:\/\/www.mobellinea.com\/wp-content\/uploads\/2025\/11\/blog_f01-3.jpg",400,188,false],"gform-image-choice-lg":["https:\/\/www.mobellinea.com\/wp-content\/uploads\/2025\/11\/blog_f01-3.jpg",600,281,false]},"uagb_author_info":{"display_name":"Anna","author_link":"https:\/\/www.mobellinea.com\/fr\/author\/annareigmobellinea-es\/"},"uagb_comment_info":0,"uagb_excerpt":"Cette nouvelle s\u00e9rie se compose de quatre mod\u00e8les combinant isolation acoustique, confort et design durable pour transformer les espaces de bureau. Mobel Linea pr\u00e9sente domus, sa nouvelle collection de cabines acoustiques con\u00e7ues pour am\u00e9liorer la confidentialit\u00e9, la concentration et le travail collaboratif dans les espaces de bureau. Inspir\u00e9es du concept romain de maison, ces cabines\u2026","_links":{"self":[{"href":"https:\/\/www.mobellinea.com\/fr\/wp-json\/wp\/v2\/posts\/5967","targetHints":{"allow":["GET"]}}],"collection":[{"href":"https:\/\/www.mobellinea.com\/fr\/wp-json\/wp\/v2\/posts"}],"about":[{"href":"https:\/\/www.mobellinea.com\/fr\/wp-json\/wp\/v2\/types\/post"}],"author":[{"embeddable":true,"href":"https:\/\/www.mobellinea.com\/fr\/wp-json\/wp\/v2\/users\/8"}],"replies":[{"embeddable":true,"href":"https:\/\/www.mobellinea.com\/fr\/wp-json\/wp\/v2\/comments?post=5967"}],"version-history":[{"count":3,"href":"https:\/\/www.mobellinea.com\/fr\/wp-json\/wp\/v2\/posts\/5967\/revisions"}],"predecessor-version":[{"id":13764,"href":"https:\/\/www.mobellinea.com\/fr\/wp-json\/wp\/v2\/posts\/5967\/revisions\/13764"}],"wp:featuredmedia":[{"embeddable":true,"href":"https:\/\/www.mobellinea.com\/fr\/wp-json\/wp\/v2\/media\/5963"}],"wp:attachment":[{"href":"https:\/\/www.mobellinea.com\/fr\/wp-json\/wp\/v2\/media?parent=5967"}],"wp:term":[{"taxonomy":"category","embeddable":true,"href":"https:\/\/www.mobellinea.com\/fr\/wp-json\/wp\/v2\/categories?post=5967"},{"taxonomy":"post_tag","embeddable":true,"href":"https:\/\/www.mobellinea.com\/fr\/wp-json\/wp\/v2\/tags?post=5967"}],"curies":[{"name":"wp","href":"https:\/\/api.w.org\/{rel}","templated":true}]}}