{"id":5847,"date":"2025-05-14T15:54:00","date_gmt":"2025-05-14T13:54:00","guid":{"rendered":"https:\/\/www.mobellinea.com\/des-espaces-de-tavail-concus-pour-les-personnes\/"},"modified":"2025-12-19T13:09:55","modified_gmt":"2025-12-19T12:09:55","slug":"des-espaces-de-tavail-concus-pour-les-personnes","status":"publish","type":"post","link":"https:\/\/www.mobellinea.com\/fr\/des-espaces-de-tavail-concus-pour-les-personnes\/","title":{"rendered":"Des espaces de tavail con\u00e7us pour les personnes"},"content":{"rendered":"\n<p class=\"wp-block-paragraph\">Cr\u00e9er des environnements de travail qui privil\u00e9gient le bien-\u00eatre des individus est plus qu&rsquo;une simple tendance ; il s&rsquo;agit d&rsquo;un engagement cl\u00e9 des entreprises pour am\u00e9liorer la productivit\u00e9 et la satisfaction des \u00e9quipes. Pour y parvenir, les architectes d&rsquo;int\u00e9rieur doivent relever quatre d\u00e9fis fondamentaux dans chaque projet de bureaux. <\/p>\n\n\n\n<p class=\"has-xx-large-font-size wp-block-paragraph\">Placer les personnes au centre<\/p>\n\n\n\n<p class=\"wp-block-paragraph\">La conception d&rsquo;un espace de travail adapt\u00e9 commence par une connaissance approfondie de ses utilisateurs. Il est essentiel d&rsquo;identifier leurs besoins et leurs habitudes pour cr\u00e9er un environnement qui favorise leur bien-\u00eatre et leurs performances. Pour ce faire, une \u00e9tude pr\u00e9alable portant sur le march\u00e9 et la culture d&rsquo;entreprise sera indispensable pour garantir une mise en uvre ad\u00e9quate.  <\/p>\n\n\n\n<figure class=\"wp-block-image size-large\"><img decoding=\"async\" src=\"data:image\/gif;base64,R0lGODlhAQABAIAAAAAAAP\/\/\/yH5BAEAAAAALAAAAAABAAEAAAIBRAA7\" data-src=\"https:\/\/www.mobellinea.com\/wp-content\/uploads\/2025\/11\/blog_f01-5-1000x469.jpg\" alt=\"\" class=\"wp-image-16658 lazyload\"\/><noscript><img decoding=\"async\" src=\"https:\/\/www.mobellinea.com\/wp-content\/uploads\/2025\/11\/blog_f01-5-1000x469.jpg\" alt=\"\" class=\"wp-image-16658 lazyload\"\/><\/noscript><\/figure>\n\n\n\n<p class=\"has-xx-large-font-size wp-block-paragraph\">Cr\u00e9er des zones fonctionnelles pour chaque moment<\/p>\n\n\n\n<p class=\"wp-block-paragraph\">Un bureau doit \u00eatre divis\u00e9 en plusieurs espaces pour promouvoir aussi bien la concentration et la productivit\u00e9, que l&rsquo;interaction et le repos. Des zones de r\u00e9union, de d\u00e9tente et de collaboration bien con\u00e7ues am\u00e9liorent l&rsquo;exp\u00e9rience professionnelle et renforcent la dynamique de l&rsquo;\u00e9quipe. <\/p>\n\n\n\n<figure class=\"wp-block-image size-large\"><img decoding=\"async\" src=\"data:image\/gif;base64,R0lGODlhAQABAIAAAAAAAP\/\/\/yH5BAEAAAAALAAAAAABAAEAAAIBRAA7\" data-src=\"https:\/\/www.mobellinea.com\/wp-content\/uploads\/2025\/11\/blog_f02-4-1000x469.jpg\" alt=\"\" class=\"wp-image-16659 lazyload\"\/><noscript><img decoding=\"async\" src=\"https:\/\/www.mobellinea.com\/wp-content\/uploads\/2025\/11\/blog_f02-4-1000x469.jpg\" alt=\"\" class=\"wp-image-16659 lazyload\"\/><\/noscript><\/figure>\n\n\n\n<p class=\"has-xx-large-font-size wp-block-paragraph\">Privil\u00e9gier des environnements sains<\/p>\n\n\n\n<p class=\"wp-block-paragraph\">Le mobilier est un facteur d\u00e9terminant dans la sant\u00e9 et le confort des travailleurs. Utiliser des chaises ergonomiques et des tables r\u00e9glables en hauteur pr\u00e9vient non seulement les troubles posturaux, mais contribue \u00e9galement \u00e0 cr\u00e9er un environnement de travail plus confortable et plus performant. <\/p>\n\n\n\n<figure class=\"wp-block-image size-large\"><img decoding=\"async\" src=\"data:image\/gif;base64,R0lGODlhAQABAIAAAAAAAP\/\/\/yH5BAEAAAAALAAAAAABAAEAAAIBRAA7\" data-src=\"https:\/\/www.mobellinea.com\/wp-content\/uploads\/2025\/11\/blog_f03-4-1000x469.jpg\" alt=\"\" class=\"wp-image-16660 lazyload\"\/><noscript><img decoding=\"async\" src=\"https:\/\/www.mobellinea.com\/wp-content\/uploads\/2025\/11\/blog_f03-4-1000x469.jpg\" alt=\"\" class=\"wp-image-16660 lazyload\"\/><\/noscript><\/figure>\n\n\n\n<p class=\"has-xx-large-font-size wp-block-paragraph\">Renforcer l&rsquo;adaptabilit\u00e9<\/p>\n\n\n\n<p class=\"wp-block-paragraph\">Le dynamisme des environnements de travail actuels exige des solutions flexibles et modulaires. Miser sur des meubles polyvalents permet d&rsquo;adapter rapidement l&rsquo;espace aux besoins changeants, en favorisant la collaboration et en optimisant l&rsquo;utilisation de l&rsquo;environnement de travail. <\/p>\n\n\n\n<figure class=\"wp-block-image size-large\"><img decoding=\"async\" src=\"data:image\/gif;base64,R0lGODlhAQABAIAAAAAAAP\/\/\/yH5BAEAAAAALAAAAAABAAEAAAIBRAA7\" data-src=\"https:\/\/www.mobellinea.com\/wp-content\/uploads\/2025\/11\/blog_f04.jpg\" alt=\"\" class=\"wp-image-5156 lazyload\"\/><noscript><img decoding=\"async\" width=\"1920\" height=\"900\" src=\"https:\/\/www.mobellinea.com\/wp-content\/uploads\/2025\/11\/blog_f04.jpg\" alt=\"\" class=\"wp-image-5156 lazyload\" srcset=\"https:\/\/www.mobellinea.com\/wp-content\/uploads\/2025\/11\/blog_f04.jpg 1920w, https:\/\/www.mobellinea.com\/wp-content\/uploads\/2025\/11\/blog_f04-320x150.jpg 320w, https:\/\/www.mobellinea.com\/wp-content\/uploads\/2025\/11\/blog_f04-1000x469.jpg 1000w, https:\/\/www.mobellinea.com\/wp-content\/uploads\/2025\/11\/blog_f04-680x319.jpg 680w\" sizes=\"(max-width: 1920px) 100vw, 1920px\" \/><\/noscript><\/figure>\n","protected":false},"excerpt":{"rendered":"<p>Cr\u00e9er des environnements de travail qui privil\u00e9gient le bien-\u00eatre des individus est plus qu&rsquo;une simple tendance ; il s&rsquo;agit d&rsquo;un engagement cl\u00e9 des entreprises pour am\u00e9liorer la productivit\u00e9 et la satisfaction des \u00e9quipes. Pour y parvenir, les architectes d&rsquo;int\u00e9rieur doivent relever quatre d\u00e9fis fondamentaux dans chaque projet de bureaux. Placer les personnes au centre La [&hellip;]<\/p>\n","protected":false},"author":8,"featured_media":17181,"comment_status":"closed","ping_status":"closed","sticky":false,"template":"","format":"standard","meta":{"_acf_changed":false,"_uag_custom_page_level_css":"","footnotes":""},"categories":[347],"tags":[],"class_list":["post-5847","post","type-post","status-publish","format-standard","has-post-thumbnail","hentry","category-bien-etre"],"acf":[],"yoast_head":"<!-- This site is optimized with the Yoast SEO Premium plugin v26.6 (Yoast SEO v27.6) - https:\/\/yoast.com\/product\/yoast-seo-premium-wordpress\/ -->\n<title>Des espaces de tavail con\u00e7us pour les personnes - Mobellinea<\/title>\n<meta name=\"description\" content=\"Cr\u00e9er des environnements de travail qui privil\u00e9gient le bien-\u00eatre des individus est plus qu&#039;une simple tendance ; il s&#039;agit d&#039;un engagement cl\u00e9 des\" \/>\n<meta name=\"robots\" content=\"index, follow, max-snippet:-1, max-image-preview:large, max-video-preview:-1\" \/>\n<link rel=\"canonical\" href=\"https:\/\/www.mobellinea.com\/fr\/des-espaces-de-tavail-concus-pour-les-personnes\/\" \/>\n<meta property=\"og:locale\" content=\"fr_FR\" \/>\n<meta property=\"og:type\" content=\"article\" \/>\n<meta property=\"og:title\" content=\"Des espaces de tavail con\u00e7us pour les personnes\" \/>\n<meta property=\"og:description\" content=\"Cr\u00e9er des environnements de travail qui privil\u00e9gient le bien-\u00eatre des individus est plus qu&#039;une simple tendance ; il s&#039;agit d&#039;un engagement cl\u00e9 des\" \/>\n<meta property=\"og:url\" content=\"https:\/\/www.mobellinea.com\/fr\/des-espaces-de-tavail-concus-pour-les-personnes\/\" \/>\n<meta property=\"og:site_name\" content=\"Mobellinea\" \/>\n<meta property=\"article:publisher\" content=\"https:\/\/www.facebook.com\/mobellineasl\" \/>\n<meta property=\"article:published_time\" content=\"2025-05-14T13:54:00+00:00\" \/>\n<meta property=\"article:modified_time\" content=\"2025-12-19T12:09:55+00:00\" \/>\n<meta property=\"og:image\" content=\"https:\/\/www.mobellinea.com\/wp-content\/uploads\/2025\/11\/blog_f04.jpg\" \/>\n\t<meta property=\"og:image:width\" content=\"1920\" \/>\n\t<meta property=\"og:image:height\" content=\"900\" \/>\n\t<meta property=\"og:image:type\" content=\"image\/jpeg\" \/>\n<meta name=\"author\" content=\"Anna\" \/>\n<meta name=\"twitter:card\" content=\"summary_large_image\" \/>\n<meta name=\"twitter:label1\" content=\"\u00c9crit par\" \/>\n\t<meta name=\"twitter:data1\" content=\"Anna\" \/>\n\t<meta name=\"twitter:label2\" content=\"Dur\u00e9e de lecture estim\u00e9e\" \/>\n\t<meta name=\"twitter:data2\" content=\"3 minutes\" \/>\n<script type=\"application\/ld+json\" class=\"yoast-schema-graph\">{\"@context\":\"https:\\\/\\\/schema.org\",\"@graph\":[{\"@type\":\"Article\",\"@id\":\"https:\\\/\\\/www.mobellinea.com\\\/fr\\\/des-espaces-de-tavail-concus-pour-les-personnes\\\/#article\",\"isPartOf\":{\"@id\":\"https:\\\/\\\/www.mobellinea.com\\\/fr\\\/des-espaces-de-tavail-concus-pour-les-personnes\\\/\"},\"author\":{\"name\":\"Anna\",\"@id\":\"https:\\\/\\\/mobellinea.com\\\/en\\\/#\\\/schema\\\/person\\\/518e40fa1dcd8c2ef7106c7561ae3ddb\"},\"headline\":\"Des espaces de tavail con\u00e7us pour les personnes\",\"datePublished\":\"2025-05-14T13:54:00+00:00\",\"dateModified\":\"2025-12-19T12:09:55+00:00\",\"mainEntityOfPage\":{\"@id\":\"https:\\\/\\\/www.mobellinea.com\\\/fr\\\/des-espaces-de-tavail-concus-pour-les-personnes\\\/\"},\"wordCount\":291,\"image\":{\"@id\":\"https:\\\/\\\/www.mobellinea.com\\\/fr\\\/des-espaces-de-tavail-concus-pour-les-personnes\\\/#primaryimage\"},\"thumbnailUrl\":\"https:\\\/\\\/www.mobellinea.com\\\/wp-content\\\/uploads\\\/2025\\\/11\\\/blog_f04.jpg\",\"articleSection\":[\"Bien-\u00eatre\"],\"inLanguage\":\"fr-FR\"},{\"@type\":\"WebPage\",\"@id\":\"https:\\\/\\\/www.mobellinea.com\\\/fr\\\/des-espaces-de-tavail-concus-pour-les-personnes\\\/\",\"url\":\"https:\\\/\\\/www.mobellinea.com\\\/fr\\\/des-espaces-de-tavail-concus-pour-les-personnes\\\/\",\"name\":\"Des espaces de tavail con\u00e7us pour les personnes - Mobellinea\",\"isPartOf\":{\"@id\":\"https:\\\/\\\/mobellinea.com\\\/en\\\/#website\"},\"primaryImageOfPage\":{\"@id\":\"https:\\\/\\\/www.mobellinea.com\\\/fr\\\/des-espaces-de-tavail-concus-pour-les-personnes\\\/#primaryimage\"},\"image\":{\"@id\":\"https:\\\/\\\/www.mobellinea.com\\\/fr\\\/des-espaces-de-tavail-concus-pour-les-personnes\\\/#primaryimage\"},\"thumbnailUrl\":\"https:\\\/\\\/www.mobellinea.com\\\/wp-content\\\/uploads\\\/2025\\\/11\\\/blog_f04.jpg\",\"datePublished\":\"2025-05-14T13:54:00+00:00\",\"dateModified\":\"2025-12-19T12:09:55+00:00\",\"author\":{\"@id\":\"https:\\\/\\\/mobellinea.com\\\/en\\\/#\\\/schema\\\/person\\\/518e40fa1dcd8c2ef7106c7561ae3ddb\"},\"description\":\"Cr\u00e9er des environnements de travail qui privil\u00e9gient le bien-\u00eatre des individus est plus qu'une simple tendance ; il s'agit d'un engagement cl\u00e9 des\",\"breadcrumb\":{\"@id\":\"https:\\\/\\\/www.mobellinea.com\\\/fr\\\/des-espaces-de-tavail-concus-pour-les-personnes\\\/#breadcrumb\"},\"inLanguage\":\"fr-FR\",\"potentialAction\":[{\"@type\":\"ReadAction\",\"target\":[\"https:\\\/\\\/www.mobellinea.com\\\/fr\\\/des-espaces-de-tavail-concus-pour-les-personnes\\\/\"]}]},{\"@type\":\"ImageObject\",\"inLanguage\":\"fr-FR\",\"@id\":\"https:\\\/\\\/www.mobellinea.com\\\/fr\\\/des-espaces-de-tavail-concus-pour-les-personnes\\\/#primaryimage\",\"url\":\"https:\\\/\\\/www.mobellinea.com\\\/wp-content\\\/uploads\\\/2025\\\/11\\\/blog_f04.jpg\",\"contentUrl\":\"https:\\\/\\\/www.mobellinea.com\\\/wp-content\\\/uploads\\\/2025\\\/11\\\/blog_f04.jpg\",\"width\":1920,\"height\":900},{\"@type\":\"BreadcrumbList\",\"@id\":\"https:\\\/\\\/www.mobellinea.com\\\/fr\\\/des-espaces-de-tavail-concus-pour-les-personnes\\\/#breadcrumb\",\"itemListElement\":[{\"@type\":\"ListItem\",\"position\":1,\"name\":\"Home\",\"item\":\"https:\\\/\\\/www.mobellinea.com\\\/fr\\\/accueil\\\/\"},{\"@type\":\"ListItem\",\"position\":2,\"name\":\"Bien-\u00eatre\",\"item\":\"https:\\\/\\\/www.mobellinea.com\\\/fr\\\/category\\\/bien-etre\\\/\"},{\"@type\":\"ListItem\",\"position\":3,\"name\":\"Des espaces de tavail con\u00e7us pour les personnes\"}]},{\"@type\":\"WebSite\",\"@id\":\"https:\\\/\\\/mobellinea.com\\\/en\\\/#website\",\"url\":\"https:\\\/\\\/mobellinea.com\\\/en\\\/\",\"name\":\"MobelLinea\",\"description\":\"Dise\u00f1amos y fabricamos soluciones de mobiliario para oficinas y espacios colectivos. Creamos entornos honestos, funcionales y humanos, pensados para mejorar la vida de las personas\",\"alternateName\":\"Mobel Linea\",\"potentialAction\":[{\"@type\":\"SearchAction\",\"target\":{\"@type\":\"EntryPoint\",\"urlTemplate\":\"https:\\\/\\\/mobellinea.com\\\/en\\\/?s={search_term_string}\"},\"query-input\":{\"@type\":\"PropertyValueSpecification\",\"valueRequired\":true,\"valueName\":\"search_term_string\"}}],\"inLanguage\":\"fr-FR\"},{\"@type\":\"Person\",\"@id\":\"https:\\\/\\\/mobellinea.com\\\/en\\\/#\\\/schema\\\/person\\\/518e40fa1dcd8c2ef7106c7561ae3ddb\",\"name\":\"Anna\",\"image\":{\"@type\":\"ImageObject\",\"inLanguage\":\"fr-FR\",\"@id\":\"https:\\\/\\\/secure.gravatar.com\\\/avatar\\\/8adc17f1354e8252029a3205a793c695de1d4150636fd00a689f76f96e8a4c98?s=96&d=mm&r=g\",\"url\":\"https:\\\/\\\/secure.gravatar.com\\\/avatar\\\/8adc17f1354e8252029a3205a793c695de1d4150636fd00a689f76f96e8a4c98?s=96&d=mm&r=g\",\"contentUrl\":\"https:\\\/\\\/secure.gravatar.com\\\/avatar\\\/8adc17f1354e8252029a3205a793c695de1d4150636fd00a689f76f96e8a4c98?s=96&d=mm&r=g\",\"caption\":\"Anna\"}}]}<\/script>\n<!-- \/ Yoast SEO Premium plugin. -->","yoast_head_json":{"title":"Des espaces de tavail con\u00e7us pour les personnes - Mobellinea","description":"Cr\u00e9er des environnements de travail qui privil\u00e9gient le bien-\u00eatre des individus est plus qu'une simple tendance ; il s'agit d'un engagement cl\u00e9 des","robots":{"index":"index","follow":"follow","max-snippet":"max-snippet:-1","max-image-preview":"max-image-preview:large","max-video-preview":"max-video-preview:-1"},"canonical":"https:\/\/www.mobellinea.com\/fr\/des-espaces-de-tavail-concus-pour-les-personnes\/","og_locale":"fr_FR","og_type":"article","og_title":"Des espaces de tavail con\u00e7us pour les personnes","og_description":"Cr\u00e9er des environnements de travail qui privil\u00e9gient le bien-\u00eatre des individus est plus qu'une simple tendance ; il s'agit d'un engagement cl\u00e9 des","og_url":"https:\/\/www.mobellinea.com\/fr\/des-espaces-de-tavail-concus-pour-les-personnes\/","og_site_name":"Mobellinea","article_publisher":"https:\/\/www.facebook.com\/mobellineasl","article_published_time":"2025-05-14T13:54:00+00:00","article_modified_time":"2025-12-19T12:09:55+00:00","og_image":[{"width":1920,"height":900,"url":"https:\/\/www.mobellinea.com\/wp-content\/uploads\/2025\/11\/blog_f04.jpg","type":"image\/jpeg"}],"author":"Anna","twitter_card":"summary_large_image","twitter_misc":{"\u00c9crit par":"Anna","Dur\u00e9e de lecture estim\u00e9e":"3 minutes"},"schema":{"@context":"https:\/\/schema.org","@graph":[{"@type":"Article","@id":"https:\/\/www.mobellinea.com\/fr\/des-espaces-de-tavail-concus-pour-les-personnes\/#article","isPartOf":{"@id":"https:\/\/www.mobellinea.com\/fr\/des-espaces-de-tavail-concus-pour-les-personnes\/"},"author":{"name":"Anna","@id":"https:\/\/mobellinea.com\/en\/#\/schema\/person\/518e40fa1dcd8c2ef7106c7561ae3ddb"},"headline":"Des espaces de tavail con\u00e7us pour les personnes","datePublished":"2025-05-14T13:54:00+00:00","dateModified":"2025-12-19T12:09:55+00:00","mainEntityOfPage":{"@id":"https:\/\/www.mobellinea.com\/fr\/des-espaces-de-tavail-concus-pour-les-personnes\/"},"wordCount":291,"image":{"@id":"https:\/\/www.mobellinea.com\/fr\/des-espaces-de-tavail-concus-pour-les-personnes\/#primaryimage"},"thumbnailUrl":"https:\/\/www.mobellinea.com\/wp-content\/uploads\/2025\/11\/blog_f04.jpg","articleSection":["Bien-\u00eatre"],"inLanguage":"fr-FR"},{"@type":"WebPage","@id":"https:\/\/www.mobellinea.com\/fr\/des-espaces-de-tavail-concus-pour-les-personnes\/","url":"https:\/\/www.mobellinea.com\/fr\/des-espaces-de-tavail-concus-pour-les-personnes\/","name":"Des espaces de tavail con\u00e7us pour les personnes - Mobellinea","isPartOf":{"@id":"https:\/\/mobellinea.com\/en\/#website"},"primaryImageOfPage":{"@id":"https:\/\/www.mobellinea.com\/fr\/des-espaces-de-tavail-concus-pour-les-personnes\/#primaryimage"},"image":{"@id":"https:\/\/www.mobellinea.com\/fr\/des-espaces-de-tavail-concus-pour-les-personnes\/#primaryimage"},"thumbnailUrl":"https:\/\/www.mobellinea.com\/wp-content\/uploads\/2025\/11\/blog_f04.jpg","datePublished":"2025-05-14T13:54:00+00:00","dateModified":"2025-12-19T12:09:55+00:00","author":{"@id":"https:\/\/mobellinea.com\/en\/#\/schema\/person\/518e40fa1dcd8c2ef7106c7561ae3ddb"},"description":"Cr\u00e9er des environnements de travail qui privil\u00e9gient le bien-\u00eatre des individus est plus qu'une simple tendance ; il s'agit d'un engagement cl\u00e9 des","breadcrumb":{"@id":"https:\/\/www.mobellinea.com\/fr\/des-espaces-de-tavail-concus-pour-les-personnes\/#breadcrumb"},"inLanguage":"fr-FR","potentialAction":[{"@type":"ReadAction","target":["https:\/\/www.mobellinea.com\/fr\/des-espaces-de-tavail-concus-pour-les-personnes\/"]}]},{"@type":"ImageObject","inLanguage":"fr-FR","@id":"https:\/\/www.mobellinea.com\/fr\/des-espaces-de-tavail-concus-pour-les-personnes\/#primaryimage","url":"https:\/\/www.mobellinea.com\/wp-content\/uploads\/2025\/11\/blog_f04.jpg","contentUrl":"https:\/\/www.mobellinea.com\/wp-content\/uploads\/2025\/11\/blog_f04.jpg","width":1920,"height":900},{"@type":"BreadcrumbList","@id":"https:\/\/www.mobellinea.com\/fr\/des-espaces-de-tavail-concus-pour-les-personnes\/#breadcrumb","itemListElement":[{"@type":"ListItem","position":1,"name":"Home","item":"https:\/\/www.mobellinea.com\/fr\/accueil\/"},{"@type":"ListItem","position":2,"name":"Bien-\u00eatre","item":"https:\/\/www.mobellinea.com\/fr\/category\/bien-etre\/"},{"@type":"ListItem","position":3,"name":"Des espaces de tavail con\u00e7us pour les personnes"}]},{"@type":"WebSite","@id":"https:\/\/mobellinea.com\/en\/#website","url":"https:\/\/mobellinea.com\/en\/","name":"MobelLinea","description":"Dise\u00f1amos y fabricamos soluciones de mobiliario para oficinas y espacios colectivos. Creamos entornos honestos, funcionales y humanos, pensados para mejorar la vida de las personas","alternateName":"Mobel Linea","potentialAction":[{"@type":"SearchAction","target":{"@type":"EntryPoint","urlTemplate":"https:\/\/mobellinea.com\/en\/?s={search_term_string}"},"query-input":{"@type":"PropertyValueSpecification","valueRequired":true,"valueName":"search_term_string"}}],"inLanguage":"fr-FR"},{"@type":"Person","@id":"https:\/\/mobellinea.com\/en\/#\/schema\/person\/518e40fa1dcd8c2ef7106c7561ae3ddb","name":"Anna","image":{"@type":"ImageObject","inLanguage":"fr-FR","@id":"https:\/\/secure.gravatar.com\/avatar\/8adc17f1354e8252029a3205a793c695de1d4150636fd00a689f76f96e8a4c98?s=96&d=mm&r=g","url":"https:\/\/secure.gravatar.com\/avatar\/8adc17f1354e8252029a3205a793c695de1d4150636fd00a689f76f96e8a4c98?s=96&d=mm&r=g","contentUrl":"https:\/\/secure.gravatar.com\/avatar\/8adc17f1354e8252029a3205a793c695de1d4150636fd00a689f76f96e8a4c98?s=96&d=mm&r=g","caption":"Anna"}}]}},"uagb_featured_image_src":{"full":["https:\/\/www.mobellinea.com\/wp-content\/uploads\/2025\/11\/blog_f04.jpg",1920,900,false],"thumbnail":["https:\/\/www.mobellinea.com\/wp-content\/uploads\/2025\/11\/blog_f04-150x150.jpg",150,150,true],"medium":["https:\/\/www.mobellinea.com\/wp-content\/uploads\/2025\/11\/blog_f04-320x150.jpg",320,150,true],"medium_large":["https:\/\/www.mobellinea.com\/wp-content\/uploads\/2025\/11\/blog_f04-680x319.jpg",680,319,true],"large":["https:\/\/www.mobellinea.com\/wp-content\/uploads\/2025\/11\/blog_f04-1000x469.jpg",1000,469,true],"pieces_card":["https:\/\/www.mobellinea.com\/wp-content\/uploads\/2025\/11\/blog_f04-140x173.jpg",140,173,true],"gform-image-choice-sm":["https:\/\/www.mobellinea.com\/wp-content\/uploads\/2025\/11\/blog_f04.jpg",300,141,false],"gform-image-choice-md":["https:\/\/www.mobellinea.com\/wp-content\/uploads\/2025\/11\/blog_f04.jpg",400,188,false],"gform-image-choice-lg":["https:\/\/www.mobellinea.com\/wp-content\/uploads\/2025\/11\/blog_f04.jpg",600,281,false]},"uagb_author_info":{"display_name":"Anna","author_link":"https:\/\/www.mobellinea.com\/fr\/author\/annareigmobellinea-es\/"},"uagb_comment_info":0,"uagb_excerpt":"Cr\u00e9er des environnements de travail qui privil\u00e9gient le bien-\u00eatre des individus est plus qu&rsquo;une simple tendance ; il s&rsquo;agit d&rsquo;un engagement cl\u00e9 des entreprises pour am\u00e9liorer la productivit\u00e9 et la satisfaction des \u00e9quipes. Pour y parvenir, les architectes d&rsquo;int\u00e9rieur doivent relever quatre d\u00e9fis fondamentaux dans chaque projet de bureaux. Placer les personnes au centre La\u2026","_links":{"self":[{"href":"https:\/\/www.mobellinea.com\/fr\/wp-json\/wp\/v2\/posts\/5847","targetHints":{"allow":["GET"]}}],"collection":[{"href":"https:\/\/www.mobellinea.com\/fr\/wp-json\/wp\/v2\/posts"}],"about":[{"href":"https:\/\/www.mobellinea.com\/fr\/wp-json\/wp\/v2\/types\/post"}],"author":[{"embeddable":true,"href":"https:\/\/www.mobellinea.com\/fr\/wp-json\/wp\/v2\/users\/8"}],"replies":[{"embeddable":true,"href":"https:\/\/www.mobellinea.com\/fr\/wp-json\/wp\/v2\/comments?post=5847"}],"version-history":[{"count":2,"href":"https:\/\/www.mobellinea.com\/fr\/wp-json\/wp\/v2\/posts\/5847\/revisions"}],"predecessor-version":[{"id":16661,"href":"https:\/\/www.mobellinea.com\/fr\/wp-json\/wp\/v2\/posts\/5847\/revisions\/16661"}],"wp:featuredmedia":[{"embeddable":true,"href":"https:\/\/www.mobellinea.com\/fr\/wp-json\/wp\/v2\/media\/17181"}],"wp:attachment":[{"href":"https:\/\/www.mobellinea.com\/fr\/wp-json\/wp\/v2\/media?parent=5847"}],"wp:term":[{"taxonomy":"category","embeddable":true,"href":"https:\/\/www.mobellinea.com\/fr\/wp-json\/wp\/v2\/categories?post=5847"},{"taxonomy":"post_tag","embeddable":true,"href":"https:\/\/www.mobellinea.com\/fr\/wp-json\/wp\/v2\/tags?post=5847"}],"curies":[{"name":"wp","href":"https:\/\/api.w.org\/{rel}","templated":true}]}}