{"id":5777,"date":"2025-01-30T10:43:00","date_gmt":"2025-01-30T09:43:00","guid":{"rendered":"https:\/\/www.mobellinea.com\/decor-and-design-trends-seen-at-maison-objet-2025\/"},"modified":"2025-12-23T12:55:34","modified_gmt":"2025-12-23T11:55:34","slug":"decor-and-design-trends-seen-at-maison-objet-2025","status":"publish","type":"post","link":"https:\/\/www.mobellinea.com\/fr\/decor-and-design-trends-seen-at-maison-objet-2025\/","title":{"rendered":"D\u00e9cor and design trends seen at Maison &amp; Objet 2025."},"content":{"rendered":"\n<p class=\"wp-block-paragraph\">From 16 to 20 January, the Maison &amp; Objet Fair took place in Paris, once again establishing itself as the must-attend event for discovering the latest innovations and trends in interior decoration and design. This event brings together the best in design, decoration and lifestyle, offering a glimpse of the proposals that will shape this year. Below is a summary of the main trends observed:  <\/p>\n\n<figure class=\"wp-block-image size-large\"><img decoding=\"async\" src=\"data:image\/gif;base64,R0lGODlhAQABAIAAAAAAAP\/\/\/yH5BAEAAAAALAAAAAABAAEAAAIBRAA7\" data-src=\"https:\/\/www.mobellinea.com\/wp-content\/uploads\/2025\/11\/blog_f01-9-1000x469.jpg\" alt=\"\" class=\"wp-image-5253 lazyload\"\/><noscript><img decoding=\"async\" width=\"1000\" height=\"469\" src=\"https:\/\/www.mobellinea.com\/wp-content\/uploads\/2025\/11\/blog_f01-9-1000x469.jpg\" alt=\"\" class=\"wp-image-5253 lazyload\" srcset=\"https:\/\/www.mobellinea.com\/wp-content\/uploads\/2025\/11\/blog_f01-9-1000x469.jpg 1000w, https:\/\/www.mobellinea.com\/wp-content\/uploads\/2025\/11\/blog_f01-9-320x150.jpg 320w, https:\/\/www.mobellinea.com\/wp-content\/uploads\/2025\/11\/blog_f01-9-680x319.jpg 680w, https:\/\/www.mobellinea.com\/wp-content\/uploads\/2025\/11\/blog_f01-9.jpg 1920w\" sizes=\"(max-width: 1000px) 100vw, 1000px\" \/><\/noscript><\/figure>\n\n<p class=\"has-xx-large-font-size wp-block-paragraph\">Sophisticated bold trend<\/p>\n\n<p class=\"wp-block-paragraph\">The bold trend remains a key feature this season, standing out in furniture and decorative elements. This style, characterised by rounded shapes and attention-grabbing designs, creates spaces that convey softness, comfort and relaxation. However, this edition has revealed an evolution towards more subtle and refined lines in furniture, while bold and pronounced curves persist in decorative pieces such as lamps, vases and candles, striking a balance between elegance and dynamism.  <\/p>\n\n<p class=\"has-xx-large-font-size wp-block-paragraph\">Earth tones that evoke nature<\/p>\n\n<p class=\"wp-block-paragraph\">Earthy tones, such as terracotta and chocolate hues, combined with neutral palettes, take hold as a key trend for 2025. We see interiors are that evoke a connection with nature, exuding warmth and comfort. This trend, inspired by natural landscapes, brings a welcoming and timeless feel to spaces.  <\/p>\n\n<p class=\"has-xx-large-font-size wp-block-paragraph\">Rise of pastel neon tones<\/p>\n\n<p class=\"wp-block-paragraph\">Pastel neon colours are making a strong comeback.svibrant and modern touch to spaces. This trend has the potential to gain even more traction throughout the year.  <\/p>\n\n<p class=\"has-xx-large-font-size wp-block-paragraph\">Deep and sophisticated finishes<\/p>\n\n<p class=\"wp-block-paragraph\">Among the standout materials in furniture, finishes in rich, deep tones are taking centre stage, such as dark-toned woods, marble surfaces with pronounced veining, and metals with warm, brushed, or aged finishes. These elements, full of character and elegance, are making a strong mark on contemporary interior design. <\/p>\n\n<p class=\"has-xx-large-font-size wp-block-paragraph\">\u00ab\u00a0Memphis\u00a0\u00bb influence<\/p>\n\n<p class=\"wp-block-paragraph\">The Memphis movement continues to gain prominence, celebrating the use of colour, bold shapes and playful designs. This iconic style, born in the 80s and renowned for its bold geometries, vibrant patterns and striking colour palettes, had a clear impact at the 2025 edition of Maison &amp; Objet, reaffirming its irreverent and dynamic character. <\/p>\n","protected":false},"excerpt":{"rendered":"<p>From 16 to 20 January, the Maison &amp; Objet Fair took place in Paris, once again establishing itself as the must-attend event for discovering the latest innovations and trends in interior decoration and design. This event brings together the best in design, decoration and lifestyle, offering a glimpse of the proposals that will shape this [&hellip;]<\/p>\n","protected":false},"author":8,"featured_media":5766,"comment_status":"closed","ping_status":"closed","sticky":false,"template":"","format":"standard","meta":{"_acf_changed":false,"_uag_custom_page_level_css":"","footnotes":""},"categories":[372,367],"tags":[],"class_list":["post-5777","post","type-post","status-publish","format-standard","has-post-thumbnail","hentry","category-evenements","category-tendances"],"acf":[],"yoast_head":"<!-- This site is optimized with the Yoast SEO Premium plugin v26.6 (Yoast SEO v27.6) - https:\/\/yoast.com\/product\/yoast-seo-premium-wordpress\/ -->\n<title>D\u00e9cor and design trends seen at Maison &amp; Objet 2025. - Mobellinea<\/title>\n<meta name=\"description\" content=\"From 16 to 20 January, the Maison &amp; Objet Fair took place in Paris, once again establishing itself as the must-attend event for discovering the latest\" \/>\n<meta name=\"robots\" content=\"index, follow, max-snippet:-1, max-image-preview:large, max-video-preview:-1\" \/>\n<link rel=\"canonical\" href=\"https:\/\/www.mobellinea.com\/fr\/decor-and-design-trends-seen-at-maison-objet-2025\/\" \/>\n<meta property=\"og:locale\" content=\"fr_FR\" \/>\n<meta property=\"og:type\" content=\"article\" \/>\n<meta property=\"og:title\" content=\"D\u00e9cor and design trends seen at Maison &amp; Objet 2025.\" \/>\n<meta property=\"og:description\" content=\"From 16 to 20 January, the Maison &amp; Objet Fair took place in Paris, once again establishing itself as the must-attend event for discovering the latest\" \/>\n<meta property=\"og:url\" content=\"https:\/\/www.mobellinea.com\/fr\/decor-and-design-trends-seen-at-maison-objet-2025\/\" \/>\n<meta property=\"og:site_name\" content=\"Mobellinea\" \/>\n<meta property=\"article:publisher\" content=\"https:\/\/www.facebook.com\/mobellineasl\" \/>\n<meta property=\"article:published_time\" content=\"2025-01-30T09:43:00+00:00\" \/>\n<meta property=\"article:modified_time\" content=\"2025-12-23T11:55:34+00:00\" \/>\n<meta property=\"og:image\" content=\"https:\/\/www.mobellinea.com\/wp-content\/uploads\/2025\/11\/blog_f01-10.jpg\" \/>\n\t<meta property=\"og:image:width\" content=\"1920\" \/>\n\t<meta property=\"og:image:height\" content=\"900\" \/>\n\t<meta property=\"og:image:type\" content=\"image\/jpeg\" \/>\n<meta name=\"author\" content=\"Anna\" \/>\n<meta name=\"twitter:card\" content=\"summary_large_image\" \/>\n<meta name=\"twitter:label1\" content=\"\u00c9crit par\" \/>\n\t<meta name=\"twitter:data1\" content=\"Anna\" \/>\n\t<meta name=\"twitter:label2\" content=\"Dur\u00e9e de lecture estim\u00e9e\" \/>\n\t<meta name=\"twitter:data2\" content=\"2 minutes\" \/>\n<script type=\"application\/ld+json\" class=\"yoast-schema-graph\">{\"@context\":\"https:\\\/\\\/schema.org\",\"@graph\":[{\"@type\":\"Article\",\"@id\":\"https:\\\/\\\/www.mobellinea.com\\\/fr\\\/decor-and-design-trends-seen-at-maison-objet-2025\\\/#article\",\"isPartOf\":{\"@id\":\"https:\\\/\\\/www.mobellinea.com\\\/fr\\\/decor-and-design-trends-seen-at-maison-objet-2025\\\/\"},\"author\":{\"name\":\"Anna\",\"@id\":\"https:\\\/\\\/mobellinea.com\\\/en\\\/#\\\/schema\\\/person\\\/518e40fa1dcd8c2ef7106c7561ae3ddb\"},\"headline\":\"D\u00e9cor and design trends seen at Maison &amp; Objet 2025.\",\"datePublished\":\"2025-01-30T09:43:00+00:00\",\"dateModified\":\"2025-12-23T11:55:34+00:00\",\"mainEntityOfPage\":{\"@id\":\"https:\\\/\\\/www.mobellinea.com\\\/fr\\\/decor-and-design-trends-seen-at-maison-objet-2025\\\/\"},\"wordCount\":337,\"image\":{\"@id\":\"https:\\\/\\\/www.mobellinea.com\\\/fr\\\/decor-and-design-trends-seen-at-maison-objet-2025\\\/#primaryimage\"},\"thumbnailUrl\":\"https:\\\/\\\/www.mobellinea.com\\\/wp-content\\\/uploads\\\/2025\\\/11\\\/blog_f01-10.jpg\",\"articleSection\":[\"\u00c9v\u00e9nements\",\"tendances\"],\"inLanguage\":\"fr-FR\"},{\"@type\":\"WebPage\",\"@id\":\"https:\\\/\\\/www.mobellinea.com\\\/fr\\\/decor-and-design-trends-seen-at-maison-objet-2025\\\/\",\"url\":\"https:\\\/\\\/www.mobellinea.com\\\/fr\\\/decor-and-design-trends-seen-at-maison-objet-2025\\\/\",\"name\":\"D\u00e9cor and design trends seen at Maison &amp; Objet 2025. - Mobellinea\",\"isPartOf\":{\"@id\":\"https:\\\/\\\/mobellinea.com\\\/en\\\/#website\"},\"primaryImageOfPage\":{\"@id\":\"https:\\\/\\\/www.mobellinea.com\\\/fr\\\/decor-and-design-trends-seen-at-maison-objet-2025\\\/#primaryimage\"},\"image\":{\"@id\":\"https:\\\/\\\/www.mobellinea.com\\\/fr\\\/decor-and-design-trends-seen-at-maison-objet-2025\\\/#primaryimage\"},\"thumbnailUrl\":\"https:\\\/\\\/www.mobellinea.com\\\/wp-content\\\/uploads\\\/2025\\\/11\\\/blog_f01-10.jpg\",\"datePublished\":\"2025-01-30T09:43:00+00:00\",\"dateModified\":\"2025-12-23T11:55:34+00:00\",\"author\":{\"@id\":\"https:\\\/\\\/mobellinea.com\\\/en\\\/#\\\/schema\\\/person\\\/518e40fa1dcd8c2ef7106c7561ae3ddb\"},\"description\":\"From 16 to 20 January, the Maison &amp; Objet Fair took place in Paris, once again establishing itself as the must-attend event for discovering the latest\",\"breadcrumb\":{\"@id\":\"https:\\\/\\\/www.mobellinea.com\\\/fr\\\/decor-and-design-trends-seen-at-maison-objet-2025\\\/#breadcrumb\"},\"inLanguage\":\"fr-FR\",\"potentialAction\":[{\"@type\":\"ReadAction\",\"target\":[\"https:\\\/\\\/www.mobellinea.com\\\/fr\\\/decor-and-design-trends-seen-at-maison-objet-2025\\\/\"]}]},{\"@type\":\"ImageObject\",\"inLanguage\":\"fr-FR\",\"@id\":\"https:\\\/\\\/www.mobellinea.com\\\/fr\\\/decor-and-design-trends-seen-at-maison-objet-2025\\\/#primaryimage\",\"url\":\"https:\\\/\\\/www.mobellinea.com\\\/wp-content\\\/uploads\\\/2025\\\/11\\\/blog_f01-10.jpg\",\"contentUrl\":\"https:\\\/\\\/www.mobellinea.com\\\/wp-content\\\/uploads\\\/2025\\\/11\\\/blog_f01-10.jpg\",\"width\":1920,\"height\":900},{\"@type\":\"BreadcrumbList\",\"@id\":\"https:\\\/\\\/www.mobellinea.com\\\/fr\\\/decor-and-design-trends-seen-at-maison-objet-2025\\\/#breadcrumb\",\"itemListElement\":[{\"@type\":\"ListItem\",\"position\":1,\"name\":\"Home\",\"item\":\"https:\\\/\\\/www.mobellinea.com\\\/fr\\\/accueil\\\/\"},{\"@type\":\"ListItem\",\"position\":2,\"name\":\"\u00c9v\u00e9nements\",\"item\":\"https:\\\/\\\/www.mobellinea.com\\\/fr\\\/category\\\/evenements\\\/\"},{\"@type\":\"ListItem\",\"position\":3,\"name\":\"D\u00e9cor and design trends seen at Maison &amp; Objet 2025.\"}]},{\"@type\":\"WebSite\",\"@id\":\"https:\\\/\\\/mobellinea.com\\\/en\\\/#website\",\"url\":\"https:\\\/\\\/mobellinea.com\\\/en\\\/\",\"name\":\"MobelLinea\",\"description\":\"Dise\u00f1amos y fabricamos soluciones de mobiliario para oficinas y espacios colectivos. Creamos entornos honestos, funcionales y humanos, pensados para mejorar la vida de las personas\",\"alternateName\":\"Mobel Linea\",\"potentialAction\":[{\"@type\":\"SearchAction\",\"target\":{\"@type\":\"EntryPoint\",\"urlTemplate\":\"https:\\\/\\\/mobellinea.com\\\/en\\\/?s={search_term_string}\"},\"query-input\":{\"@type\":\"PropertyValueSpecification\",\"valueRequired\":true,\"valueName\":\"search_term_string\"}}],\"inLanguage\":\"fr-FR\"},{\"@type\":\"Person\",\"@id\":\"https:\\\/\\\/mobellinea.com\\\/en\\\/#\\\/schema\\\/person\\\/518e40fa1dcd8c2ef7106c7561ae3ddb\",\"name\":\"Anna\",\"image\":{\"@type\":\"ImageObject\",\"inLanguage\":\"fr-FR\",\"@id\":\"https:\\\/\\\/secure.gravatar.com\\\/avatar\\\/8adc17f1354e8252029a3205a793c695de1d4150636fd00a689f76f96e8a4c98?s=96&d=mm&r=g\",\"url\":\"https:\\\/\\\/secure.gravatar.com\\\/avatar\\\/8adc17f1354e8252029a3205a793c695de1d4150636fd00a689f76f96e8a4c98?s=96&d=mm&r=g\",\"contentUrl\":\"https:\\\/\\\/secure.gravatar.com\\\/avatar\\\/8adc17f1354e8252029a3205a793c695de1d4150636fd00a689f76f96e8a4c98?s=96&d=mm&r=g\",\"caption\":\"Anna\"}}]}<\/script>\n<!-- \/ Yoast SEO Premium plugin. -->","yoast_head_json":{"title":"D\u00e9cor and design trends seen at Maison &amp; Objet 2025. - Mobellinea","description":"From 16 to 20 January, the Maison &amp; Objet Fair took place in Paris, once again establishing itself as the must-attend event for discovering the latest","robots":{"index":"index","follow":"follow","max-snippet":"max-snippet:-1","max-image-preview":"max-image-preview:large","max-video-preview":"max-video-preview:-1"},"canonical":"https:\/\/www.mobellinea.com\/fr\/decor-and-design-trends-seen-at-maison-objet-2025\/","og_locale":"fr_FR","og_type":"article","og_title":"D\u00e9cor and design trends seen at Maison &amp; Objet 2025.","og_description":"From 16 to 20 January, the Maison &amp; Objet Fair took place in Paris, once again establishing itself as the must-attend event for discovering the latest","og_url":"https:\/\/www.mobellinea.com\/fr\/decor-and-design-trends-seen-at-maison-objet-2025\/","og_site_name":"Mobellinea","article_publisher":"https:\/\/www.facebook.com\/mobellineasl","article_published_time":"2025-01-30T09:43:00+00:00","article_modified_time":"2025-12-23T11:55:34+00:00","og_image":[{"width":1920,"height":900,"url":"https:\/\/www.mobellinea.com\/wp-content\/uploads\/2025\/11\/blog_f01-10.jpg","type":"image\/jpeg"}],"author":"Anna","twitter_card":"summary_large_image","twitter_misc":{"\u00c9crit par":"Anna","Dur\u00e9e de lecture estim\u00e9e":"2 minutes"},"schema":{"@context":"https:\/\/schema.org","@graph":[{"@type":"Article","@id":"https:\/\/www.mobellinea.com\/fr\/decor-and-design-trends-seen-at-maison-objet-2025\/#article","isPartOf":{"@id":"https:\/\/www.mobellinea.com\/fr\/decor-and-design-trends-seen-at-maison-objet-2025\/"},"author":{"name":"Anna","@id":"https:\/\/mobellinea.com\/en\/#\/schema\/person\/518e40fa1dcd8c2ef7106c7561ae3ddb"},"headline":"D\u00e9cor and design trends seen at Maison &amp; Objet 2025.","datePublished":"2025-01-30T09:43:00+00:00","dateModified":"2025-12-23T11:55:34+00:00","mainEntityOfPage":{"@id":"https:\/\/www.mobellinea.com\/fr\/decor-and-design-trends-seen-at-maison-objet-2025\/"},"wordCount":337,"image":{"@id":"https:\/\/www.mobellinea.com\/fr\/decor-and-design-trends-seen-at-maison-objet-2025\/#primaryimage"},"thumbnailUrl":"https:\/\/www.mobellinea.com\/wp-content\/uploads\/2025\/11\/blog_f01-10.jpg","articleSection":["\u00c9v\u00e9nements","tendances"],"inLanguage":"fr-FR"},{"@type":"WebPage","@id":"https:\/\/www.mobellinea.com\/fr\/decor-and-design-trends-seen-at-maison-objet-2025\/","url":"https:\/\/www.mobellinea.com\/fr\/decor-and-design-trends-seen-at-maison-objet-2025\/","name":"D\u00e9cor and design trends seen at Maison &amp; Objet 2025. - Mobellinea","isPartOf":{"@id":"https:\/\/mobellinea.com\/en\/#website"},"primaryImageOfPage":{"@id":"https:\/\/www.mobellinea.com\/fr\/decor-and-design-trends-seen-at-maison-objet-2025\/#primaryimage"},"image":{"@id":"https:\/\/www.mobellinea.com\/fr\/decor-and-design-trends-seen-at-maison-objet-2025\/#primaryimage"},"thumbnailUrl":"https:\/\/www.mobellinea.com\/wp-content\/uploads\/2025\/11\/blog_f01-10.jpg","datePublished":"2025-01-30T09:43:00+00:00","dateModified":"2025-12-23T11:55:34+00:00","author":{"@id":"https:\/\/mobellinea.com\/en\/#\/schema\/person\/518e40fa1dcd8c2ef7106c7561ae3ddb"},"description":"From 16 to 20 January, the Maison &amp; Objet Fair took place in Paris, once again establishing itself as the must-attend event for discovering the latest","breadcrumb":{"@id":"https:\/\/www.mobellinea.com\/fr\/decor-and-design-trends-seen-at-maison-objet-2025\/#breadcrumb"},"inLanguage":"fr-FR","potentialAction":[{"@type":"ReadAction","target":["https:\/\/www.mobellinea.com\/fr\/decor-and-design-trends-seen-at-maison-objet-2025\/"]}]},{"@type":"ImageObject","inLanguage":"fr-FR","@id":"https:\/\/www.mobellinea.com\/fr\/decor-and-design-trends-seen-at-maison-objet-2025\/#primaryimage","url":"https:\/\/www.mobellinea.com\/wp-content\/uploads\/2025\/11\/blog_f01-10.jpg","contentUrl":"https:\/\/www.mobellinea.com\/wp-content\/uploads\/2025\/11\/blog_f01-10.jpg","width":1920,"height":900},{"@type":"BreadcrumbList","@id":"https:\/\/www.mobellinea.com\/fr\/decor-and-design-trends-seen-at-maison-objet-2025\/#breadcrumb","itemListElement":[{"@type":"ListItem","position":1,"name":"Home","item":"https:\/\/www.mobellinea.com\/fr\/accueil\/"},{"@type":"ListItem","position":2,"name":"\u00c9v\u00e9nements","item":"https:\/\/www.mobellinea.com\/fr\/category\/evenements\/"},{"@type":"ListItem","position":3,"name":"D\u00e9cor and design trends seen at Maison &amp; Objet 2025."}]},{"@type":"WebSite","@id":"https:\/\/mobellinea.com\/en\/#website","url":"https:\/\/mobellinea.com\/en\/","name":"MobelLinea","description":"Dise\u00f1amos y fabricamos soluciones de mobiliario para oficinas y espacios colectivos. Creamos entornos honestos, funcionales y humanos, pensados para mejorar la vida de las personas","alternateName":"Mobel Linea","potentialAction":[{"@type":"SearchAction","target":{"@type":"EntryPoint","urlTemplate":"https:\/\/mobellinea.com\/en\/?s={search_term_string}"},"query-input":{"@type":"PropertyValueSpecification","valueRequired":true,"valueName":"search_term_string"}}],"inLanguage":"fr-FR"},{"@type":"Person","@id":"https:\/\/mobellinea.com\/en\/#\/schema\/person\/518e40fa1dcd8c2ef7106c7561ae3ddb","name":"Anna","image":{"@type":"ImageObject","inLanguage":"fr-FR","@id":"https:\/\/secure.gravatar.com\/avatar\/8adc17f1354e8252029a3205a793c695de1d4150636fd00a689f76f96e8a4c98?s=96&d=mm&r=g","url":"https:\/\/secure.gravatar.com\/avatar\/8adc17f1354e8252029a3205a793c695de1d4150636fd00a689f76f96e8a4c98?s=96&d=mm&r=g","contentUrl":"https:\/\/secure.gravatar.com\/avatar\/8adc17f1354e8252029a3205a793c695de1d4150636fd00a689f76f96e8a4c98?s=96&d=mm&r=g","caption":"Anna"}}]}},"uagb_featured_image_src":{"full":["https:\/\/www.mobellinea.com\/wp-content\/uploads\/2025\/11\/blog_f01-10.jpg",1920,900,false],"thumbnail":["https:\/\/www.mobellinea.com\/wp-content\/uploads\/2025\/11\/blog_f01-10-150x150.jpg",150,150,true],"medium":["https:\/\/www.mobellinea.com\/wp-content\/uploads\/2025\/11\/blog_f01-10-320x150.jpg",320,150,true],"medium_large":["https:\/\/www.mobellinea.com\/wp-content\/uploads\/2025\/11\/blog_f01-10-680x319.jpg",680,319,true],"large":["https:\/\/www.mobellinea.com\/wp-content\/uploads\/2025\/11\/blog_f01-10-1000x469.jpg",1000,469,true],"pieces_card":["https:\/\/www.mobellinea.com\/wp-content\/uploads\/2025\/11\/blog_f01-10-140x173.jpg",140,173,true],"gform-image-choice-sm":["https:\/\/www.mobellinea.com\/wp-content\/uploads\/2025\/11\/blog_f01-10.jpg",300,141,false],"gform-image-choice-md":["https:\/\/www.mobellinea.com\/wp-content\/uploads\/2025\/11\/blog_f01-10.jpg",400,188,false],"gform-image-choice-lg":["https:\/\/www.mobellinea.com\/wp-content\/uploads\/2025\/11\/blog_f01-10.jpg",600,281,false]},"uagb_author_info":{"display_name":"Anna","author_link":"https:\/\/www.mobellinea.com\/fr\/author\/annareigmobellinea-es\/"},"uagb_comment_info":0,"uagb_excerpt":"From 16 to 20 January, the Maison &amp; Objet Fair took place in Paris, once again establishing itself as the must-attend event for discovering the latest innovations and trends in interior decoration and design. This event brings together the best in design, decoration and lifestyle, offering a glimpse of the proposals that will shape this\u2026","_links":{"self":[{"href":"https:\/\/www.mobellinea.com\/fr\/wp-json\/wp\/v2\/posts\/5777","targetHints":{"allow":["GET"]}}],"collection":[{"href":"https:\/\/www.mobellinea.com\/fr\/wp-json\/wp\/v2\/posts"}],"about":[{"href":"https:\/\/www.mobellinea.com\/fr\/wp-json\/wp\/v2\/types\/post"}],"author":[{"embeddable":true,"href":"https:\/\/www.mobellinea.com\/fr\/wp-json\/wp\/v2\/users\/8"}],"replies":[{"embeddable":true,"href":"https:\/\/www.mobellinea.com\/fr\/wp-json\/wp\/v2\/comments?post=5777"}],"version-history":[{"count":5,"href":"https:\/\/www.mobellinea.com\/fr\/wp-json\/wp\/v2\/posts\/5777\/revisions"}],"predecessor-version":[{"id":16780,"href":"https:\/\/www.mobellinea.com\/fr\/wp-json\/wp\/v2\/posts\/5777\/revisions\/16780"}],"wp:featuredmedia":[{"embeddable":true,"href":"https:\/\/www.mobellinea.com\/fr\/wp-json\/wp\/v2\/media\/5766"}],"wp:attachment":[{"href":"https:\/\/www.mobellinea.com\/fr\/wp-json\/wp\/v2\/media?parent=5777"}],"wp:term":[{"taxonomy":"category","embeddable":true,"href":"https:\/\/www.mobellinea.com\/fr\/wp-json\/wp\/v2\/categories?post=5777"},{"taxonomy":"post_tag","embeddable":true,"href":"https:\/\/www.mobellinea.com\/fr\/wp-json\/wp\/v2\/tags?post=5777"}],"curies":[{"name":"wp","href":"https:\/\/api.w.org\/{rel}","templated":true}]}}