{"id":5752,"date":"2025-02-10T10:36:00","date_gmt":"2025-02-10T09:36:00","guid":{"rendered":"https:\/\/www.mobellinea.com\/quatre-nouveaux-fauteuils-viennent-enrichir-la-collection-mobel-sit-by-mobel-linea\/"},"modified":"2025-12-23T12:55:31","modified_gmt":"2025-12-23T11:55:31","slug":"quatre-nouveaux-fauteuils-viennent-enrichir-la-collection-mobel-sit-by-mobel-linea","status":"publish","type":"post","link":"https:\/\/www.mobellinea.com\/fr\/quatre-nouveaux-fauteuils-viennent-enrichir-la-collection-mobel-sit-by-mobel-linea\/","title":{"rendered":"Quatre nouveaux fauteuils viennent enrichir la collection \u00ab\u00a0mobel sit\u00a0\u00bb by Mobel Linea"},"content":{"rendered":"\n<p class=\"wp-block-paragraph\">L&rsquo;espace Work accueille de nouveaux fauteuils op\u00e9rationnels encore plus performants.<\/p>\n\n<p class=\"has-xx-large-font-size wp-block-paragraph\">Levita<\/p>\n\n<p class=\"wp-block-paragraph\">Levita, con\u00e7u par Trevor Hollard, se distingue par ses formes l\u00e9g\u00e8res et \u00e9l\u00e9gantes Un fauteuil design qui s&rsquo;adapte aux espaces ex\u00e9cutifs avec trois options de hauteur de dossier. Les versions basse et moyenne sont id\u00e9ales pour les espaces de r\u00e9union, tandis que la version haute compl\u00e8te parfaitement le bureau de direction, en apportant style et fonctionnalit\u00e9.  <\/p>\n\n<figure class=\"wp-block-image size-large\"><img decoding=\"async\" src=\"data:image\/gif;base64,R0lGODlhAQABAIAAAAAAAP\/\/\/yH5BAEAAAAALAAAAAABAAEAAAIBRAA7\" data-src=\"https:\/\/www.mobellinea.com\/wp-content\/uploads\/2025\/11\/blog_f01-8-1000x469.jpg\" alt=\"\" class=\"wp-image-5245 lazyload\"\/><noscript><img decoding=\"async\" width=\"1000\" height=\"469\" src=\"https:\/\/www.mobellinea.com\/wp-content\/uploads\/2025\/11\/blog_f01-8-1000x469.jpg\" alt=\"\" class=\"wp-image-5245 lazyload\" srcset=\"https:\/\/www.mobellinea.com\/wp-content\/uploads\/2025\/11\/blog_f01-8-1000x469.jpg 1000w, https:\/\/www.mobellinea.com\/wp-content\/uploads\/2025\/11\/blog_f01-8-320x150.jpg 320w, https:\/\/www.mobellinea.com\/wp-content\/uploads\/2025\/11\/blog_f01-8-680x319.jpg 680w, https:\/\/www.mobellinea.com\/wp-content\/uploads\/2025\/11\/blog_f01-8.jpg 1920w\" sizes=\"(max-width: 1000px) 100vw, 1000px\" \/><\/noscript><\/figure>\n\n<p class=\"has-xx-large-font-size wp-block-paragraph\">Halo<\/p>\n\n<p class=\"wp-block-paragraph\">Halo, un mod\u00e8le premium con\u00e7u pour les dirigeants, se distingue par ses accoudoirs int\u00e9gr\u00e9s au dossier. Une int\u00e9gration parfaite des lignes qui \u00e9l\u00e8ve lesth\u00e9tique \u00e0 un niveau sup\u00e9rieur. <\/p>\n\n<figure class=\"wp-block-image size-large\"><img decoding=\"async\" src=\"data:image\/gif;base64,R0lGODlhAQABAIAAAAAAAP\/\/\/yH5BAEAAAAALAAAAAABAAEAAAIBRAA7\" data-src=\"https:\/\/www.mobellinea.com\/wp-content\/uploads\/2025\/11\/blog_f02-7-1000x469.jpg\" alt=\"\" class=\"wp-image-5246 lazyload\"\/><noscript><img decoding=\"async\" width=\"1000\" height=\"469\" src=\"https:\/\/www.mobellinea.com\/wp-content\/uploads\/2025\/11\/blog_f02-7-1000x469.jpg\" alt=\"\" class=\"wp-image-5246 lazyload\" srcset=\"https:\/\/www.mobellinea.com\/wp-content\/uploads\/2025\/11\/blog_f02-7-1000x469.jpg 1000w, https:\/\/www.mobellinea.com\/wp-content\/uploads\/2025\/11\/blog_f02-7-320x150.jpg 320w, https:\/\/www.mobellinea.com\/wp-content\/uploads\/2025\/11\/blog_f02-7-680x319.jpg 680w, https:\/\/www.mobellinea.com\/wp-content\/uploads\/2025\/11\/blog_f02-7.jpg 1920w\" sizes=\"(max-width: 1000px) 100vw, 1000px\" \/><\/noscript><\/figure>\n\n<p class=\"has-xx-large-font-size wp-block-paragraph\">Olive<\/p>\n\n<p class=\"wp-block-paragraph\">Olive, con\u00e7u par Baldanzi &amp; Novelli Design, se distingue par son design personnalisable avec un dossier en maille, un appui-t\u00eate et une structure assortie, disponibles en cinq couleurs.<\/p>\n\n<figure class=\"wp-block-image size-large\"><img decoding=\"async\" src=\"data:image\/gif;base64,R0lGODlhAQABAIAAAAAAAP\/\/\/yH5BAEAAAAALAAAAAABAAEAAAIBRAA7\" data-src=\"https:\/\/www.mobellinea.com\/wp-content\/uploads\/2025\/11\/blog_f03-6-1000x469.jpg\" alt=\"\" class=\"wp-image-5247 lazyload\"\/><noscript><img decoding=\"async\" width=\"1000\" height=\"469\" src=\"https:\/\/www.mobellinea.com\/wp-content\/uploads\/2025\/11\/blog_f03-6-1000x469.jpg\" alt=\"\" class=\"wp-image-5247 lazyload\" srcset=\"https:\/\/www.mobellinea.com\/wp-content\/uploads\/2025\/11\/blog_f03-6-1000x469.jpg 1000w, https:\/\/www.mobellinea.com\/wp-content\/uploads\/2025\/11\/blog_f03-6-320x150.jpg 320w, https:\/\/www.mobellinea.com\/wp-content\/uploads\/2025\/11\/blog_f03-6-680x319.jpg 680w, https:\/\/www.mobellinea.com\/wp-content\/uploads\/2025\/11\/blog_f03-6.jpg 1920w\" sizes=\"(max-width: 1000px) 100vw, 1000px\" \/><\/noscript><\/figure>\n\n<p class=\"has-xx-large-font-size wp-block-paragraph\">Un nouveau tabouret \u00e0 patins, id\u00e9al pour am\u00e9nager les espaces sociaux: Weekly Tall<\/p>\n\n<p class=\"wp-block-paragraph\">Weekly Tall, le nouveau tabouret de la s\u00e9rie \u00ab Weekly \u00bb, se distingue par ses lignes douces et enveloppantes, offrant un confort optimal gr\u00e2ce \u00e0 son option de coque enti\u00e8rement rembourr\u00e9e.<\/p>\n\n<figure class=\"wp-block-image size-large\"><img decoding=\"async\" src=\"data:image\/gif;base64,R0lGODlhAQABAIAAAAAAAP\/\/\/yH5BAEAAAAALAAAAAABAAEAAAIBRAA7\" data-src=\"https:\/\/www.mobellinea.com\/wp-content\/uploads\/2025\/11\/blog_f04-1-1000x469.jpg\" alt=\"\" class=\"wp-image-5248 lazyload\"\/><noscript><img decoding=\"async\" width=\"1000\" height=\"469\" src=\"https:\/\/www.mobellinea.com\/wp-content\/uploads\/2025\/11\/blog_f04-1-1000x469.jpg\" alt=\"\" class=\"wp-image-5248 lazyload\" srcset=\"https:\/\/www.mobellinea.com\/wp-content\/uploads\/2025\/11\/blog_f04-1-1000x469.jpg 1000w, https:\/\/www.mobellinea.com\/wp-content\/uploads\/2025\/11\/blog_f04-1-320x150.jpg 320w, https:\/\/www.mobellinea.com\/wp-content\/uploads\/2025\/11\/blog_f04-1-680x319.jpg 680w, https:\/\/www.mobellinea.com\/wp-content\/uploads\/2025\/11\/blog_f04-1.jpg 1920w\" sizes=\"(max-width: 1000px) 100vw, 1000px\" \/><\/noscript><\/figure>\n","protected":false},"excerpt":{"rendered":"<p>L&rsquo;espace Work accueille de nouveaux fauteuils op\u00e9rationnels encore plus performants. Levita Levita, con\u00e7u par Trevor Hollard, se distingue par ses formes l\u00e9g\u00e8res et \u00e9l\u00e9gantes Un fauteuil design qui s&rsquo;adapte aux espaces ex\u00e9cutifs avec trois options de hauteur de dossier. Les versions basse et moyenne sont id\u00e9ales pour les espaces de r\u00e9union, tandis que la version [&hellip;]<\/p>\n","protected":false},"author":8,"featured_media":17189,"comment_status":"closed","ping_status":"closed","sticky":false,"template":"","format":"standard","meta":{"_acf_changed":false,"_uag_custom_page_level_css":"","footnotes":""},"categories":[360,357,358],"tags":[],"class_list":["post-5752","post","type-post","status-publish","format-standard","has-post-thumbnail","hentry","category-collections","category-nouvelles","category-productos"],"acf":[],"yoast_head":"<!-- This site is optimized with the Yoast SEO Premium plugin v26.6 (Yoast SEO v27.6) - https:\/\/yoast.com\/product\/yoast-seo-premium-wordpress\/ -->\n<title>Quatre nouveaux fauteuils viennent enrichir la collection &quot;mobel sit&quot; by Mobel Linea - Mobellinea<\/title>\n<meta name=\"description\" content=\"L&#039;espace Work accueille de nouveaux fauteuils op\u00e9rationnels encore plus performants. Levita Levita, con\u00e7u par Trevor Hollard, se distingue par ses formes\" \/>\n<meta name=\"robots\" content=\"index, follow, max-snippet:-1, max-image-preview:large, max-video-preview:-1\" \/>\n<link rel=\"canonical\" href=\"https:\/\/www.mobellinea.com\/fr\/quatre-nouveaux-fauteuils-viennent-enrichir-la-collection-mobel-sit-by-mobel-linea\/\" \/>\n<meta property=\"og:locale\" content=\"fr_FR\" \/>\n<meta property=\"og:type\" content=\"article\" \/>\n<meta property=\"og:title\" content=\"Quatre nouveaux fauteuils viennent enrichir la collection &quot;mobel sit&quot; by Mobel Linea\" \/>\n<meta property=\"og:description\" content=\"L&#039;espace Work accueille de nouveaux fauteuils op\u00e9rationnels encore plus performants. Levita Levita, con\u00e7u par Trevor Hollard, se distingue par ses formes\" \/>\n<meta property=\"og:url\" content=\"https:\/\/www.mobellinea.com\/fr\/quatre-nouveaux-fauteuils-viennent-enrichir-la-collection-mobel-sit-by-mobel-linea\/\" \/>\n<meta property=\"og:site_name\" content=\"Mobellinea\" \/>\n<meta property=\"article:publisher\" content=\"https:\/\/www.facebook.com\/mobellineasl\" \/>\n<meta property=\"article:published_time\" content=\"2025-02-10T09:36:00+00:00\" \/>\n<meta property=\"article:modified_time\" content=\"2025-12-23T11:55:31+00:00\" \/>\n<meta property=\"og:image\" content=\"https:\/\/www.mobellinea.com\/wp-content\/uploads\/2025\/11\/blog_f04-1.jpg\" \/>\n\t<meta property=\"og:image:width\" content=\"1920\" \/>\n\t<meta property=\"og:image:height\" content=\"900\" \/>\n\t<meta property=\"og:image:type\" content=\"image\/jpeg\" \/>\n<meta name=\"author\" content=\"Anna\" \/>\n<meta name=\"twitter:card\" content=\"summary_large_image\" \/>\n<meta name=\"twitter:label1\" content=\"\u00c9crit par\" \/>\n\t<meta name=\"twitter:data1\" content=\"Anna\" \/>\n\t<meta name=\"twitter:label2\" content=\"Dur\u00e9e de lecture estim\u00e9e\" \/>\n\t<meta name=\"twitter:data2\" content=\"1 minute\" \/>\n<script type=\"application\/ld+json\" class=\"yoast-schema-graph\">{\"@context\":\"https:\\\/\\\/schema.org\",\"@graph\":[{\"@type\":\"Article\",\"@id\":\"https:\\\/\\\/www.mobellinea.com\\\/fr\\\/quatre-nouveaux-fauteuils-viennent-enrichir-la-collection-mobel-sit-by-mobel-linea\\\/#article\",\"isPartOf\":{\"@id\":\"https:\\\/\\\/www.mobellinea.com\\\/fr\\\/quatre-nouveaux-fauteuils-viennent-enrichir-la-collection-mobel-sit-by-mobel-linea\\\/\"},\"author\":{\"name\":\"Anna\",\"@id\":\"https:\\\/\\\/mobellinea.com\\\/en\\\/#\\\/schema\\\/person\\\/518e40fa1dcd8c2ef7106c7561ae3ddb\"},\"headline\":\"Quatre nouveaux fauteuils viennent enrichir la collection \u00ab\u00a0mobel sit\u00a0\u00bb by Mobel Linea\",\"datePublished\":\"2025-02-10T09:36:00+00:00\",\"dateModified\":\"2025-12-23T11:55:31+00:00\",\"mainEntityOfPage\":{\"@id\":\"https:\\\/\\\/www.mobellinea.com\\\/fr\\\/quatre-nouveaux-fauteuils-viennent-enrichir-la-collection-mobel-sit-by-mobel-linea\\\/\"},\"wordCount\":203,\"image\":{\"@id\":\"https:\\\/\\\/www.mobellinea.com\\\/fr\\\/quatre-nouveaux-fauteuils-viennent-enrichir-la-collection-mobel-sit-by-mobel-linea\\\/#primaryimage\"},\"thumbnailUrl\":\"https:\\\/\\\/www.mobellinea.com\\\/wp-content\\\/uploads\\\/2025\\\/11\\\/blog_f04-1.jpg\",\"articleSection\":[\"Collections\",\"Nouvelles\",\"Productos\"],\"inLanguage\":\"fr-FR\"},{\"@type\":\"WebPage\",\"@id\":\"https:\\\/\\\/www.mobellinea.com\\\/fr\\\/quatre-nouveaux-fauteuils-viennent-enrichir-la-collection-mobel-sit-by-mobel-linea\\\/\",\"url\":\"https:\\\/\\\/www.mobellinea.com\\\/fr\\\/quatre-nouveaux-fauteuils-viennent-enrichir-la-collection-mobel-sit-by-mobel-linea\\\/\",\"name\":\"Quatre nouveaux fauteuils viennent enrichir la collection \\\"mobel sit\\\" by Mobel Linea - Mobellinea\",\"isPartOf\":{\"@id\":\"https:\\\/\\\/mobellinea.com\\\/en\\\/#website\"},\"primaryImageOfPage\":{\"@id\":\"https:\\\/\\\/www.mobellinea.com\\\/fr\\\/quatre-nouveaux-fauteuils-viennent-enrichir-la-collection-mobel-sit-by-mobel-linea\\\/#primaryimage\"},\"image\":{\"@id\":\"https:\\\/\\\/www.mobellinea.com\\\/fr\\\/quatre-nouveaux-fauteuils-viennent-enrichir-la-collection-mobel-sit-by-mobel-linea\\\/#primaryimage\"},\"thumbnailUrl\":\"https:\\\/\\\/www.mobellinea.com\\\/wp-content\\\/uploads\\\/2025\\\/11\\\/blog_f04-1.jpg\",\"datePublished\":\"2025-02-10T09:36:00+00:00\",\"dateModified\":\"2025-12-23T11:55:31+00:00\",\"author\":{\"@id\":\"https:\\\/\\\/mobellinea.com\\\/en\\\/#\\\/schema\\\/person\\\/518e40fa1dcd8c2ef7106c7561ae3ddb\"},\"description\":\"L'espace Work accueille de nouveaux fauteuils op\u00e9rationnels encore plus performants. Levita Levita, con\u00e7u par Trevor Hollard, se distingue par ses formes\",\"breadcrumb\":{\"@id\":\"https:\\\/\\\/www.mobellinea.com\\\/fr\\\/quatre-nouveaux-fauteuils-viennent-enrichir-la-collection-mobel-sit-by-mobel-linea\\\/#breadcrumb\"},\"inLanguage\":\"fr-FR\",\"potentialAction\":[{\"@type\":\"ReadAction\",\"target\":[\"https:\\\/\\\/www.mobellinea.com\\\/fr\\\/quatre-nouveaux-fauteuils-viennent-enrichir-la-collection-mobel-sit-by-mobel-linea\\\/\"]}]},{\"@type\":\"ImageObject\",\"inLanguage\":\"fr-FR\",\"@id\":\"https:\\\/\\\/www.mobellinea.com\\\/fr\\\/quatre-nouveaux-fauteuils-viennent-enrichir-la-collection-mobel-sit-by-mobel-linea\\\/#primaryimage\",\"url\":\"https:\\\/\\\/www.mobellinea.com\\\/wp-content\\\/uploads\\\/2025\\\/11\\\/blog_f04-1.jpg\",\"contentUrl\":\"https:\\\/\\\/www.mobellinea.com\\\/wp-content\\\/uploads\\\/2025\\\/11\\\/blog_f04-1.jpg\",\"width\":1920,\"height\":900},{\"@type\":\"BreadcrumbList\",\"@id\":\"https:\\\/\\\/www.mobellinea.com\\\/fr\\\/quatre-nouveaux-fauteuils-viennent-enrichir-la-collection-mobel-sit-by-mobel-linea\\\/#breadcrumb\",\"itemListElement\":[{\"@type\":\"ListItem\",\"position\":1,\"name\":\"Home\",\"item\":\"https:\\\/\\\/www.mobellinea.com\\\/fr\\\/accueil\\\/\"},{\"@type\":\"ListItem\",\"position\":2,\"name\":\"Collections\",\"item\":\"https:\\\/\\\/www.mobellinea.com\\\/fr\\\/category\\\/collections\\\/\"},{\"@type\":\"ListItem\",\"position\":3,\"name\":\"Quatre nouveaux fauteuils viennent enrichir la collection \u00ab\u00a0mobel sit\u00a0\u00bb by Mobel Linea\"}]},{\"@type\":\"WebSite\",\"@id\":\"https:\\\/\\\/mobellinea.com\\\/en\\\/#website\",\"url\":\"https:\\\/\\\/mobellinea.com\\\/en\\\/\",\"name\":\"MobelLinea\",\"description\":\"Dise\u00f1amos y fabricamos soluciones de mobiliario para oficinas y espacios colectivos. Creamos entornos honestos, funcionales y humanos, pensados para mejorar la vida de las personas\",\"alternateName\":\"Mobel Linea\",\"potentialAction\":[{\"@type\":\"SearchAction\",\"target\":{\"@type\":\"EntryPoint\",\"urlTemplate\":\"https:\\\/\\\/mobellinea.com\\\/en\\\/?s={search_term_string}\"},\"query-input\":{\"@type\":\"PropertyValueSpecification\",\"valueRequired\":true,\"valueName\":\"search_term_string\"}}],\"inLanguage\":\"fr-FR\"},{\"@type\":\"Person\",\"@id\":\"https:\\\/\\\/mobellinea.com\\\/en\\\/#\\\/schema\\\/person\\\/518e40fa1dcd8c2ef7106c7561ae3ddb\",\"name\":\"Anna\",\"image\":{\"@type\":\"ImageObject\",\"inLanguage\":\"fr-FR\",\"@id\":\"https:\\\/\\\/secure.gravatar.com\\\/avatar\\\/8adc17f1354e8252029a3205a793c695de1d4150636fd00a689f76f96e8a4c98?s=96&d=mm&r=g\",\"url\":\"https:\\\/\\\/secure.gravatar.com\\\/avatar\\\/8adc17f1354e8252029a3205a793c695de1d4150636fd00a689f76f96e8a4c98?s=96&d=mm&r=g\",\"contentUrl\":\"https:\\\/\\\/secure.gravatar.com\\\/avatar\\\/8adc17f1354e8252029a3205a793c695de1d4150636fd00a689f76f96e8a4c98?s=96&d=mm&r=g\",\"caption\":\"Anna\"}}]}<\/script>\n<!-- \/ Yoast SEO Premium plugin. -->","yoast_head_json":{"title":"Quatre nouveaux fauteuils viennent enrichir la collection \"mobel sit\" by Mobel Linea - Mobellinea","description":"L'espace Work accueille de nouveaux fauteuils op\u00e9rationnels encore plus performants. Levita Levita, con\u00e7u par Trevor Hollard, se distingue par ses formes","robots":{"index":"index","follow":"follow","max-snippet":"max-snippet:-1","max-image-preview":"max-image-preview:large","max-video-preview":"max-video-preview:-1"},"canonical":"https:\/\/www.mobellinea.com\/fr\/quatre-nouveaux-fauteuils-viennent-enrichir-la-collection-mobel-sit-by-mobel-linea\/","og_locale":"fr_FR","og_type":"article","og_title":"Quatre nouveaux fauteuils viennent enrichir la collection \"mobel sit\" by Mobel Linea","og_description":"L'espace Work accueille de nouveaux fauteuils op\u00e9rationnels encore plus performants. Levita Levita, con\u00e7u par Trevor Hollard, se distingue par ses formes","og_url":"https:\/\/www.mobellinea.com\/fr\/quatre-nouveaux-fauteuils-viennent-enrichir-la-collection-mobel-sit-by-mobel-linea\/","og_site_name":"Mobellinea","article_publisher":"https:\/\/www.facebook.com\/mobellineasl","article_published_time":"2025-02-10T09:36:00+00:00","article_modified_time":"2025-12-23T11:55:31+00:00","og_image":[{"width":1920,"height":900,"url":"https:\/\/www.mobellinea.com\/wp-content\/uploads\/2025\/11\/blog_f04-1.jpg","type":"image\/jpeg"}],"author":"Anna","twitter_card":"summary_large_image","twitter_misc":{"\u00c9crit par":"Anna","Dur\u00e9e de lecture estim\u00e9e":"1 minute"},"schema":{"@context":"https:\/\/schema.org","@graph":[{"@type":"Article","@id":"https:\/\/www.mobellinea.com\/fr\/quatre-nouveaux-fauteuils-viennent-enrichir-la-collection-mobel-sit-by-mobel-linea\/#article","isPartOf":{"@id":"https:\/\/www.mobellinea.com\/fr\/quatre-nouveaux-fauteuils-viennent-enrichir-la-collection-mobel-sit-by-mobel-linea\/"},"author":{"name":"Anna","@id":"https:\/\/mobellinea.com\/en\/#\/schema\/person\/518e40fa1dcd8c2ef7106c7561ae3ddb"},"headline":"Quatre nouveaux fauteuils viennent enrichir la collection \u00ab\u00a0mobel sit\u00a0\u00bb by Mobel Linea","datePublished":"2025-02-10T09:36:00+00:00","dateModified":"2025-12-23T11:55:31+00:00","mainEntityOfPage":{"@id":"https:\/\/www.mobellinea.com\/fr\/quatre-nouveaux-fauteuils-viennent-enrichir-la-collection-mobel-sit-by-mobel-linea\/"},"wordCount":203,"image":{"@id":"https:\/\/www.mobellinea.com\/fr\/quatre-nouveaux-fauteuils-viennent-enrichir-la-collection-mobel-sit-by-mobel-linea\/#primaryimage"},"thumbnailUrl":"https:\/\/www.mobellinea.com\/wp-content\/uploads\/2025\/11\/blog_f04-1.jpg","articleSection":["Collections","Nouvelles","Productos"],"inLanguage":"fr-FR"},{"@type":"WebPage","@id":"https:\/\/www.mobellinea.com\/fr\/quatre-nouveaux-fauteuils-viennent-enrichir-la-collection-mobel-sit-by-mobel-linea\/","url":"https:\/\/www.mobellinea.com\/fr\/quatre-nouveaux-fauteuils-viennent-enrichir-la-collection-mobel-sit-by-mobel-linea\/","name":"Quatre nouveaux fauteuils viennent enrichir la collection \"mobel sit\" by Mobel Linea - Mobellinea","isPartOf":{"@id":"https:\/\/mobellinea.com\/en\/#website"},"primaryImageOfPage":{"@id":"https:\/\/www.mobellinea.com\/fr\/quatre-nouveaux-fauteuils-viennent-enrichir-la-collection-mobel-sit-by-mobel-linea\/#primaryimage"},"image":{"@id":"https:\/\/www.mobellinea.com\/fr\/quatre-nouveaux-fauteuils-viennent-enrichir-la-collection-mobel-sit-by-mobel-linea\/#primaryimage"},"thumbnailUrl":"https:\/\/www.mobellinea.com\/wp-content\/uploads\/2025\/11\/blog_f04-1.jpg","datePublished":"2025-02-10T09:36:00+00:00","dateModified":"2025-12-23T11:55:31+00:00","author":{"@id":"https:\/\/mobellinea.com\/en\/#\/schema\/person\/518e40fa1dcd8c2ef7106c7561ae3ddb"},"description":"L'espace Work accueille de nouveaux fauteuils op\u00e9rationnels encore plus performants. Levita Levita, con\u00e7u par Trevor Hollard, se distingue par ses formes","breadcrumb":{"@id":"https:\/\/www.mobellinea.com\/fr\/quatre-nouveaux-fauteuils-viennent-enrichir-la-collection-mobel-sit-by-mobel-linea\/#breadcrumb"},"inLanguage":"fr-FR","potentialAction":[{"@type":"ReadAction","target":["https:\/\/www.mobellinea.com\/fr\/quatre-nouveaux-fauteuils-viennent-enrichir-la-collection-mobel-sit-by-mobel-linea\/"]}]},{"@type":"ImageObject","inLanguage":"fr-FR","@id":"https:\/\/www.mobellinea.com\/fr\/quatre-nouveaux-fauteuils-viennent-enrichir-la-collection-mobel-sit-by-mobel-linea\/#primaryimage","url":"https:\/\/www.mobellinea.com\/wp-content\/uploads\/2025\/11\/blog_f04-1.jpg","contentUrl":"https:\/\/www.mobellinea.com\/wp-content\/uploads\/2025\/11\/blog_f04-1.jpg","width":1920,"height":900},{"@type":"BreadcrumbList","@id":"https:\/\/www.mobellinea.com\/fr\/quatre-nouveaux-fauteuils-viennent-enrichir-la-collection-mobel-sit-by-mobel-linea\/#breadcrumb","itemListElement":[{"@type":"ListItem","position":1,"name":"Home","item":"https:\/\/www.mobellinea.com\/fr\/accueil\/"},{"@type":"ListItem","position":2,"name":"Collections","item":"https:\/\/www.mobellinea.com\/fr\/category\/collections\/"},{"@type":"ListItem","position":3,"name":"Quatre nouveaux fauteuils viennent enrichir la collection \u00ab\u00a0mobel sit\u00a0\u00bb by Mobel Linea"}]},{"@type":"WebSite","@id":"https:\/\/mobellinea.com\/en\/#website","url":"https:\/\/mobellinea.com\/en\/","name":"MobelLinea","description":"Dise\u00f1amos y fabricamos soluciones de mobiliario para oficinas y espacios colectivos. Creamos entornos honestos, funcionales y humanos, pensados para mejorar la vida de las personas","alternateName":"Mobel Linea","potentialAction":[{"@type":"SearchAction","target":{"@type":"EntryPoint","urlTemplate":"https:\/\/mobellinea.com\/en\/?s={search_term_string}"},"query-input":{"@type":"PropertyValueSpecification","valueRequired":true,"valueName":"search_term_string"}}],"inLanguage":"fr-FR"},{"@type":"Person","@id":"https:\/\/mobellinea.com\/en\/#\/schema\/person\/518e40fa1dcd8c2ef7106c7561ae3ddb","name":"Anna","image":{"@type":"ImageObject","inLanguage":"fr-FR","@id":"https:\/\/secure.gravatar.com\/avatar\/8adc17f1354e8252029a3205a793c695de1d4150636fd00a689f76f96e8a4c98?s=96&d=mm&r=g","url":"https:\/\/secure.gravatar.com\/avatar\/8adc17f1354e8252029a3205a793c695de1d4150636fd00a689f76f96e8a4c98?s=96&d=mm&r=g","contentUrl":"https:\/\/secure.gravatar.com\/avatar\/8adc17f1354e8252029a3205a793c695de1d4150636fd00a689f76f96e8a4c98?s=96&d=mm&r=g","caption":"Anna"}}]}},"uagb_featured_image_src":{"full":["https:\/\/www.mobellinea.com\/wp-content\/uploads\/2025\/11\/blog_f04-1.jpg",1920,900,false],"thumbnail":["https:\/\/www.mobellinea.com\/wp-content\/uploads\/2025\/11\/blog_f04-1-150x150.jpg",150,150,true],"medium":["https:\/\/www.mobellinea.com\/wp-content\/uploads\/2025\/11\/blog_f04-1-320x150.jpg",320,150,true],"medium_large":["https:\/\/www.mobellinea.com\/wp-content\/uploads\/2025\/11\/blog_f04-1-680x319.jpg",680,319,true],"large":["https:\/\/www.mobellinea.com\/wp-content\/uploads\/2025\/11\/blog_f04-1-1000x469.jpg",1000,469,true],"pieces_card":["https:\/\/www.mobellinea.com\/wp-content\/uploads\/2025\/11\/blog_f04-1-140x173.jpg",140,173,true],"gform-image-choice-sm":["https:\/\/www.mobellinea.com\/wp-content\/uploads\/2025\/11\/blog_f04-1.jpg",300,141,false],"gform-image-choice-md":["https:\/\/www.mobellinea.com\/wp-content\/uploads\/2025\/11\/blog_f04-1.jpg",400,188,false],"gform-image-choice-lg":["https:\/\/www.mobellinea.com\/wp-content\/uploads\/2025\/11\/blog_f04-1.jpg",600,281,false]},"uagb_author_info":{"display_name":"Anna","author_link":"https:\/\/www.mobellinea.com\/fr\/author\/annareigmobellinea-es\/"},"uagb_comment_info":0,"uagb_excerpt":"L&rsquo;espace Work accueille de nouveaux fauteuils op\u00e9rationnels encore plus performants. Levita Levita, con\u00e7u par Trevor Hollard, se distingue par ses formes l\u00e9g\u00e8res et \u00e9l\u00e9gantes Un fauteuil design qui s&rsquo;adapte aux espaces ex\u00e9cutifs avec trois options de hauteur de dossier. Les versions basse et moyenne sont id\u00e9ales pour les espaces de r\u00e9union, tandis que la version\u2026","_links":{"self":[{"href":"https:\/\/www.mobellinea.com\/fr\/wp-json\/wp\/v2\/posts\/5752","targetHints":{"allow":["GET"]}}],"collection":[{"href":"https:\/\/www.mobellinea.com\/fr\/wp-json\/wp\/v2\/posts"}],"about":[{"href":"https:\/\/www.mobellinea.com\/fr\/wp-json\/wp\/v2\/types\/post"}],"author":[{"embeddable":true,"href":"https:\/\/www.mobellinea.com\/fr\/wp-json\/wp\/v2\/users\/8"}],"replies":[{"embeddable":true,"href":"https:\/\/www.mobellinea.com\/fr\/wp-json\/wp\/v2\/comments?post=5752"}],"version-history":[{"count":3,"href":"https:\/\/www.mobellinea.com\/fr\/wp-json\/wp\/v2\/posts\/5752\/revisions"}],"predecessor-version":[{"id":16766,"href":"https:\/\/www.mobellinea.com\/fr\/wp-json\/wp\/v2\/posts\/5752\/revisions\/16766"}],"wp:featuredmedia":[{"embeddable":true,"href":"https:\/\/www.mobellinea.com\/fr\/wp-json\/wp\/v2\/media\/17189"}],"wp:attachment":[{"href":"https:\/\/www.mobellinea.com\/fr\/wp-json\/wp\/v2\/media?parent=5752"}],"wp:term":[{"taxonomy":"category","embeddable":true,"href":"https:\/\/www.mobellinea.com\/fr\/wp-json\/wp\/v2\/categories?post=5752"},{"taxonomy":"post_tag","embeddable":true,"href":"https:\/\/www.mobellinea.com\/fr\/wp-json\/wp\/v2\/tags?post=5752"}],"curies":[{"name":"wp","href":"https:\/\/api.w.org\/{rel}","templated":true}]}}