{"id":5586,"date":"2024-05-13T11:42:00","date_gmt":"2024-05-13T09:42:00","guid":{"rendered":"https:\/\/www.mobellinea.com\/comment-ameliorer-le-bien-etre-au-travail\/"},"modified":"2025-12-19T13:13:26","modified_gmt":"2025-12-19T12:13:26","slug":"comment-ameliorer-le-bien-etre-au-travail","status":"publish","type":"post","link":"https:\/\/www.mobellinea.com\/fr\/comment-ameliorer-le-bien-etre-au-travail\/","title":{"rendered":"Comment am\u00e9liorer le bien-\u00eatre au travail?"},"content":{"rendered":"\n<p class=\"wp-block-paragraph\">Lors du choix du mobilier, le bien-\u00eatre physique et mental des futurs utilisateurs doit \u00eatre au cur des pr\u00e9occupations. Les fauteuils, les bureaux et tous les autres meubles doivent contribuer \u00e0 la productivit\u00e9 et au confort dans les espaces de travail ou les bureaux. <\/p>\n\n<p class=\"wp-block-paragraph\">Voici 3 solutions pour am\u00e9liorer le bien-\u00eatre professionnel dans les espaces de travail<\/p>\n\n<p class=\"has-xx-large-font-size wp-block-paragraph\">Fauteuil fonctionnel<\/p>\n\n<p class=\"wp-block-paragraph\">Trouvez des fauteuils de travail ergonomiques, modernes et r\u00e9glables qui offrent un support certifi\u00e9 pendant les longues heures de travail au bureau. Les fauteuils de bureau r\u00e9glables en hauteur, avec un soutien lombaire, un appui-t\u00eate et des accoudoirs favorisent une posture correcte, pour augmenter la productivit\u00e9 et la concentration. <\/p>\n\n<figure class=\"wp-block-image size-large\"><img decoding=\"async\" src=\"data:image\/gif;base64,R0lGODlhAQABAIAAAAAAAP\/\/\/yH5BAEAAAAALAAAAAABAAEAAAIBRAA7\" data-src=\"https:\/\/www.mobellinea.com\/wp-content\/uploads\/2025\/11\/Blog_f01-17-1000x469.jpg\" alt=\"\" class=\"wp-image-5304 lazyload\"\/><noscript><img decoding=\"async\" width=\"1000\" height=\"469\" src=\"https:\/\/www.mobellinea.com\/wp-content\/uploads\/2025\/11\/Blog_f01-17-1000x469.jpg\" alt=\"\" class=\"wp-image-5304 lazyload\" srcset=\"https:\/\/www.mobellinea.com\/wp-content\/uploads\/2025\/11\/Blog_f01-17-1000x469.jpg 1000w, https:\/\/www.mobellinea.com\/wp-content\/uploads\/2025\/11\/Blog_f01-17-320x150.jpg 320w, https:\/\/www.mobellinea.com\/wp-content\/uploads\/2025\/11\/Blog_f01-17-680x319.jpg 680w, https:\/\/www.mobellinea.com\/wp-content\/uploads\/2025\/11\/Blog_f01-17.jpg 1920w\" sizes=\"(max-width: 1000px) 100vw, 1000px\" \/><\/noscript><\/figure>\n\n<p class=\"has-xx-large-font-size wp-block-paragraph\">Bureau r\u00e9glable<\/p>\n\n<p class=\"wp-block-paragraph\">Le choix d&rsquo;une table de travail ou d&rsquo;un bureau adapt\u00e9s \u00e0 l&rsquo;espace de travail devra tenir compte des besoins ergonomiques de l&rsquo;utilisateur. Il est donc recommand\u00e9 d&rsquo;opter pour des tables r\u00e9glables en hauteur pour optimiser l&rsquo;adaptabilit\u00e9 et favoriser ainsi une posture confortable et saine tout au long de la journ\u00e9e. <\/p>\n\n<figure class=\"wp-block-image size-large\"><img decoding=\"async\" src=\"data:image\/gif;base64,R0lGODlhAQABAIAAAAAAAP\/\/\/yH5BAEAAAAALAAAAAABAAEAAAIBRAA7\" data-src=\"https:\/\/www.mobellinea.com\/wp-content\/uploads\/2025\/11\/Blog_f03-12-1000x469.jpg\" alt=\"\" class=\"wp-image-5306 lazyload\"\/><noscript><img decoding=\"async\" width=\"1000\" height=\"469\" src=\"https:\/\/www.mobellinea.com\/wp-content\/uploads\/2025\/11\/Blog_f03-12-1000x469.jpg\" alt=\"\" class=\"wp-image-5306 lazyload\" srcset=\"https:\/\/www.mobellinea.com\/wp-content\/uploads\/2025\/11\/Blog_f03-12-1000x469.jpg 1000w, https:\/\/www.mobellinea.com\/wp-content\/uploads\/2025\/11\/Blog_f03-12-320x150.jpg 320w, https:\/\/www.mobellinea.com\/wp-content\/uploads\/2025\/11\/Blog_f03-12-680x319.jpg 680w, https:\/\/www.mobellinea.com\/wp-content\/uploads\/2025\/11\/Blog_f03-12.jpg 1920w\" sizes=\"(max-width: 1000px) 100vw, 1000px\" \/><\/noscript><\/figure>\n\n<p class=\"has-xx-large-font-size wp-block-paragraph\">Espaces Soft Seating<\/p>\n\n<p class=\"wp-block-paragraph\">Les espaces accueillants, comme le Soft Seating, permettent de se reposer ou d&rsquo;organiser des r\u00e9unions informelles, ce qui contribue \u00e0 r\u00e9duire le stress et \u00e0 am\u00e9liorer l&rsquo;ambiance de travail. Son design ergonomique, qu&rsquo;il s&rsquo;agisse de poufs, de fauteuils, de canap\u00e9s et d&rsquo;autres meubles, doit int\u00e9grer des finitions et des mat\u00e9riaux de qualit\u00e9 optimale pour offrir une exp\u00e9rience de d\u00e9connexion satisfaisante. <\/p>\n\n<figure class=\"wp-block-image size-large\"><img decoding=\"async\" src=\"data:image\/gif;base64,R0lGODlhAQABAIAAAAAAAP\/\/\/yH5BAEAAAAALAAAAAABAAEAAAIBRAA7\" data-src=\"https:\/\/www.mobellinea.com\/wp-content\/uploads\/2025\/11\/Blog_f02-14-1000x469.jpg\" alt=\"\" class=\"wp-image-5305 lazyload\"\/><noscript><img decoding=\"async\" width=\"1000\" height=\"469\" src=\"https:\/\/www.mobellinea.com\/wp-content\/uploads\/2025\/11\/Blog_f02-14-1000x469.jpg\" alt=\"\" class=\"wp-image-5305 lazyload\" srcset=\"https:\/\/www.mobellinea.com\/wp-content\/uploads\/2025\/11\/Blog_f02-14-1000x469.jpg 1000w, https:\/\/www.mobellinea.com\/wp-content\/uploads\/2025\/11\/Blog_f02-14-320x150.jpg 320w, https:\/\/www.mobellinea.com\/wp-content\/uploads\/2025\/11\/Blog_f02-14-680x319.jpg 680w, https:\/\/www.mobellinea.com\/wp-content\/uploads\/2025\/11\/Blog_f02-14.jpg 1920w\" sizes=\"(max-width: 1000px) 100vw, 1000px\" \/><\/noscript><\/figure>\n\n<p class=\"wp-block-paragraph\">Mobel Linea fabrique des meubles et con\u00e7oit des espaces de travail en tenant compte du bien-\u00eatre personnel et professionnel de chaque utilisateur, que ce soit au domicile ou au bureau.<\/p>\n\n<p class=\"wp-block-paragraph\">Nous disposons d&rsquo;un vaste r\u00e9seau de distributeurs, contactez-nous et d\u00e9couvrez comment nous pouvons am\u00e9liorer votre environnement !<\/p>\n","protected":false},"excerpt":{"rendered":"<p>Lors du choix du mobilier, le bien-\u00eatre physique et mental des futurs utilisateurs doit \u00eatre au cur des pr\u00e9occupations. Les fauteuils, les bureaux et tous les autres meubles doivent contribuer \u00e0 la productivit\u00e9 et au confort dans les espaces de travail ou les bureaux. Voici 3 solutions pour am\u00e9liorer le bien-\u00eatre professionnel dans les espaces [&hellip;]<\/p>\n","protected":false},"author":8,"featured_media":17213,"comment_status":"closed","ping_status":"closed","sticky":false,"template":"","format":"standard","meta":{"_acf_changed":false,"_uag_custom_page_level_css":"","footnotes":""},"categories":[347,367],"tags":[],"class_list":["post-5586","post","type-post","status-publish","format-standard","has-post-thumbnail","hentry","category-bien-etre","category-tendances"],"acf":[],"yoast_head":"<!-- This site is optimized with the Yoast SEO Premium plugin v26.6 (Yoast SEO v27.6) - https:\/\/yoast.com\/product\/yoast-seo-premium-wordpress\/ -->\n<title>Comment am\u00e9liorer le bien-\u00eatre au travail? - Mobellinea<\/title>\n<meta name=\"description\" content=\"Lors du choix du mobilier, le bien-\u00eatre physique et mental des futurs utilisateurs doit \u00eatre au cur des pr\u00e9occupations. Les fauteuils, les bureaux et tous\" \/>\n<meta name=\"robots\" content=\"index, follow, max-snippet:-1, max-image-preview:large, max-video-preview:-1\" \/>\n<link rel=\"canonical\" href=\"https:\/\/www.mobellinea.com\/fr\/comment-ameliorer-le-bien-etre-au-travail\/\" \/>\n<meta property=\"og:locale\" content=\"fr_FR\" \/>\n<meta property=\"og:type\" content=\"article\" \/>\n<meta property=\"og:title\" content=\"Comment am\u00e9liorer le bien-\u00eatre au travail?\" \/>\n<meta property=\"og:description\" content=\"Lors du choix du mobilier, le bien-\u00eatre physique et mental des futurs utilisateurs doit \u00eatre au cur des pr\u00e9occupations. Les fauteuils, les bureaux et tous\" \/>\n<meta property=\"og:url\" content=\"https:\/\/www.mobellinea.com\/fr\/comment-ameliorer-le-bien-etre-au-travail\/\" \/>\n<meta property=\"og:site_name\" content=\"Mobellinea\" \/>\n<meta property=\"article:publisher\" content=\"https:\/\/www.facebook.com\/mobellineasl\" \/>\n<meta property=\"article:published_time\" content=\"2024-05-13T09:42:00+00:00\" \/>\n<meta property=\"article:modified_time\" content=\"2025-12-19T12:13:26+00:00\" \/>\n<meta property=\"og:image\" content=\"https:\/\/www.mobellinea.com\/wp-content\/uploads\/2025\/11\/Blog_f01-17.jpg\" \/>\n\t<meta property=\"og:image:width\" content=\"1920\" \/>\n\t<meta property=\"og:image:height\" content=\"900\" \/>\n\t<meta property=\"og:image:type\" content=\"image\/jpeg\" \/>\n<meta name=\"author\" content=\"Anna\" \/>\n<meta name=\"twitter:card\" content=\"summary_large_image\" \/>\n<meta name=\"twitter:label1\" content=\"\u00c9crit par\" \/>\n\t<meta name=\"twitter:data1\" content=\"Anna\" \/>\n\t<meta name=\"twitter:label2\" content=\"Dur\u00e9e de lecture estim\u00e9e\" \/>\n\t<meta name=\"twitter:data2\" content=\"2 minutes\" \/>\n<script type=\"application\/ld+json\" class=\"yoast-schema-graph\">{\"@context\":\"https:\\\/\\\/schema.org\",\"@graph\":[{\"@type\":\"Article\",\"@id\":\"https:\\\/\\\/www.mobellinea.com\\\/fr\\\/comment-ameliorer-le-bien-etre-au-travail\\\/#article\",\"isPartOf\":{\"@id\":\"https:\\\/\\\/www.mobellinea.com\\\/fr\\\/comment-ameliorer-le-bien-etre-au-travail\\\/\"},\"author\":{\"name\":\"Anna\",\"@id\":\"https:\\\/\\\/mobellinea.com\\\/en\\\/#\\\/schema\\\/person\\\/518e40fa1dcd8c2ef7106c7561ae3ddb\"},\"headline\":\"Comment am\u00e9liorer le bien-\u00eatre au travail?\",\"datePublished\":\"2024-05-13T09:42:00+00:00\",\"dateModified\":\"2025-12-19T12:13:26+00:00\",\"mainEntityOfPage\":{\"@id\":\"https:\\\/\\\/www.mobellinea.com\\\/fr\\\/comment-ameliorer-le-bien-etre-au-travail\\\/\"},\"wordCount\":308,\"image\":{\"@id\":\"https:\\\/\\\/www.mobellinea.com\\\/fr\\\/comment-ameliorer-le-bien-etre-au-travail\\\/#primaryimage\"},\"thumbnailUrl\":\"https:\\\/\\\/www.mobellinea.com\\\/wp-content\\\/uploads\\\/2025\\\/11\\\/Blog_f01-17.jpg\",\"articleSection\":[\"Bien-\u00eatre\",\"tendances\"],\"inLanguage\":\"fr-FR\"},{\"@type\":\"WebPage\",\"@id\":\"https:\\\/\\\/www.mobellinea.com\\\/fr\\\/comment-ameliorer-le-bien-etre-au-travail\\\/\",\"url\":\"https:\\\/\\\/www.mobellinea.com\\\/fr\\\/comment-ameliorer-le-bien-etre-au-travail\\\/\",\"name\":\"Comment am\u00e9liorer le bien-\u00eatre au travail? - Mobellinea\",\"isPartOf\":{\"@id\":\"https:\\\/\\\/mobellinea.com\\\/en\\\/#website\"},\"primaryImageOfPage\":{\"@id\":\"https:\\\/\\\/www.mobellinea.com\\\/fr\\\/comment-ameliorer-le-bien-etre-au-travail\\\/#primaryimage\"},\"image\":{\"@id\":\"https:\\\/\\\/www.mobellinea.com\\\/fr\\\/comment-ameliorer-le-bien-etre-au-travail\\\/#primaryimage\"},\"thumbnailUrl\":\"https:\\\/\\\/www.mobellinea.com\\\/wp-content\\\/uploads\\\/2025\\\/11\\\/Blog_f01-17.jpg\",\"datePublished\":\"2024-05-13T09:42:00+00:00\",\"dateModified\":\"2025-12-19T12:13:26+00:00\",\"author\":{\"@id\":\"https:\\\/\\\/mobellinea.com\\\/en\\\/#\\\/schema\\\/person\\\/518e40fa1dcd8c2ef7106c7561ae3ddb\"},\"description\":\"Lors du choix du mobilier, le bien-\u00eatre physique et mental des futurs utilisateurs doit \u00eatre au cur des pr\u00e9occupations. Les fauteuils, les bureaux et tous\",\"breadcrumb\":{\"@id\":\"https:\\\/\\\/www.mobellinea.com\\\/fr\\\/comment-ameliorer-le-bien-etre-au-travail\\\/#breadcrumb\"},\"inLanguage\":\"fr-FR\",\"potentialAction\":[{\"@type\":\"ReadAction\",\"target\":[\"https:\\\/\\\/www.mobellinea.com\\\/fr\\\/comment-ameliorer-le-bien-etre-au-travail\\\/\"]}]},{\"@type\":\"ImageObject\",\"inLanguage\":\"fr-FR\",\"@id\":\"https:\\\/\\\/www.mobellinea.com\\\/fr\\\/comment-ameliorer-le-bien-etre-au-travail\\\/#primaryimage\",\"url\":\"https:\\\/\\\/www.mobellinea.com\\\/wp-content\\\/uploads\\\/2025\\\/11\\\/Blog_f01-17.jpg\",\"contentUrl\":\"https:\\\/\\\/www.mobellinea.com\\\/wp-content\\\/uploads\\\/2025\\\/11\\\/Blog_f01-17.jpg\",\"width\":1920,\"height\":900},{\"@type\":\"BreadcrumbList\",\"@id\":\"https:\\\/\\\/www.mobellinea.com\\\/fr\\\/comment-ameliorer-le-bien-etre-au-travail\\\/#breadcrumb\",\"itemListElement\":[{\"@type\":\"ListItem\",\"position\":1,\"name\":\"Home\",\"item\":\"https:\\\/\\\/www.mobellinea.com\\\/fr\\\/accueil\\\/\"},{\"@type\":\"ListItem\",\"position\":2,\"name\":\"Bien-\u00eatre\",\"item\":\"https:\\\/\\\/www.mobellinea.com\\\/fr\\\/category\\\/bien-etre\\\/\"},{\"@type\":\"ListItem\",\"position\":3,\"name\":\"Comment am\u00e9liorer le bien-\u00eatre au travail?\"}]},{\"@type\":\"WebSite\",\"@id\":\"https:\\\/\\\/mobellinea.com\\\/en\\\/#website\",\"url\":\"https:\\\/\\\/mobellinea.com\\\/en\\\/\",\"name\":\"MobelLinea\",\"description\":\"Dise\u00f1amos y fabricamos soluciones de mobiliario para oficinas y espacios colectivos. Creamos entornos honestos, funcionales y humanos, pensados para mejorar la vida de las personas\",\"alternateName\":\"Mobel Linea\",\"potentialAction\":[{\"@type\":\"SearchAction\",\"target\":{\"@type\":\"EntryPoint\",\"urlTemplate\":\"https:\\\/\\\/mobellinea.com\\\/en\\\/?s={search_term_string}\"},\"query-input\":{\"@type\":\"PropertyValueSpecification\",\"valueRequired\":true,\"valueName\":\"search_term_string\"}}],\"inLanguage\":\"fr-FR\"},{\"@type\":\"Person\",\"@id\":\"https:\\\/\\\/mobellinea.com\\\/en\\\/#\\\/schema\\\/person\\\/518e40fa1dcd8c2ef7106c7561ae3ddb\",\"name\":\"Anna\",\"image\":{\"@type\":\"ImageObject\",\"inLanguage\":\"fr-FR\",\"@id\":\"https:\\\/\\\/secure.gravatar.com\\\/avatar\\\/8adc17f1354e8252029a3205a793c695de1d4150636fd00a689f76f96e8a4c98?s=96&d=mm&r=g\",\"url\":\"https:\\\/\\\/secure.gravatar.com\\\/avatar\\\/8adc17f1354e8252029a3205a793c695de1d4150636fd00a689f76f96e8a4c98?s=96&d=mm&r=g\",\"contentUrl\":\"https:\\\/\\\/secure.gravatar.com\\\/avatar\\\/8adc17f1354e8252029a3205a793c695de1d4150636fd00a689f76f96e8a4c98?s=96&d=mm&r=g\",\"caption\":\"Anna\"}}]}<\/script>\n<!-- \/ Yoast SEO Premium plugin. -->","yoast_head_json":{"title":"Comment am\u00e9liorer le bien-\u00eatre au travail? - Mobellinea","description":"Lors du choix du mobilier, le bien-\u00eatre physique et mental des futurs utilisateurs doit \u00eatre au cur des pr\u00e9occupations. Les fauteuils, les bureaux et tous","robots":{"index":"index","follow":"follow","max-snippet":"max-snippet:-1","max-image-preview":"max-image-preview:large","max-video-preview":"max-video-preview:-1"},"canonical":"https:\/\/www.mobellinea.com\/fr\/comment-ameliorer-le-bien-etre-au-travail\/","og_locale":"fr_FR","og_type":"article","og_title":"Comment am\u00e9liorer le bien-\u00eatre au travail?","og_description":"Lors du choix du mobilier, le bien-\u00eatre physique et mental des futurs utilisateurs doit \u00eatre au cur des pr\u00e9occupations. Les fauteuils, les bureaux et tous","og_url":"https:\/\/www.mobellinea.com\/fr\/comment-ameliorer-le-bien-etre-au-travail\/","og_site_name":"Mobellinea","article_publisher":"https:\/\/www.facebook.com\/mobellineasl","article_published_time":"2024-05-13T09:42:00+00:00","article_modified_time":"2025-12-19T12:13:26+00:00","og_image":[{"width":1920,"height":900,"url":"https:\/\/www.mobellinea.com\/wp-content\/uploads\/2025\/11\/Blog_f01-17.jpg","type":"image\/jpeg"}],"author":"Anna","twitter_card":"summary_large_image","twitter_misc":{"\u00c9crit par":"Anna","Dur\u00e9e de lecture estim\u00e9e":"2 minutes"},"schema":{"@context":"https:\/\/schema.org","@graph":[{"@type":"Article","@id":"https:\/\/www.mobellinea.com\/fr\/comment-ameliorer-le-bien-etre-au-travail\/#article","isPartOf":{"@id":"https:\/\/www.mobellinea.com\/fr\/comment-ameliorer-le-bien-etre-au-travail\/"},"author":{"name":"Anna","@id":"https:\/\/mobellinea.com\/en\/#\/schema\/person\/518e40fa1dcd8c2ef7106c7561ae3ddb"},"headline":"Comment am\u00e9liorer le bien-\u00eatre au travail?","datePublished":"2024-05-13T09:42:00+00:00","dateModified":"2025-12-19T12:13:26+00:00","mainEntityOfPage":{"@id":"https:\/\/www.mobellinea.com\/fr\/comment-ameliorer-le-bien-etre-au-travail\/"},"wordCount":308,"image":{"@id":"https:\/\/www.mobellinea.com\/fr\/comment-ameliorer-le-bien-etre-au-travail\/#primaryimage"},"thumbnailUrl":"https:\/\/www.mobellinea.com\/wp-content\/uploads\/2025\/11\/Blog_f01-17.jpg","articleSection":["Bien-\u00eatre","tendances"],"inLanguage":"fr-FR"},{"@type":"WebPage","@id":"https:\/\/www.mobellinea.com\/fr\/comment-ameliorer-le-bien-etre-au-travail\/","url":"https:\/\/www.mobellinea.com\/fr\/comment-ameliorer-le-bien-etre-au-travail\/","name":"Comment am\u00e9liorer le bien-\u00eatre au travail? - Mobellinea","isPartOf":{"@id":"https:\/\/mobellinea.com\/en\/#website"},"primaryImageOfPage":{"@id":"https:\/\/www.mobellinea.com\/fr\/comment-ameliorer-le-bien-etre-au-travail\/#primaryimage"},"image":{"@id":"https:\/\/www.mobellinea.com\/fr\/comment-ameliorer-le-bien-etre-au-travail\/#primaryimage"},"thumbnailUrl":"https:\/\/www.mobellinea.com\/wp-content\/uploads\/2025\/11\/Blog_f01-17.jpg","datePublished":"2024-05-13T09:42:00+00:00","dateModified":"2025-12-19T12:13:26+00:00","author":{"@id":"https:\/\/mobellinea.com\/en\/#\/schema\/person\/518e40fa1dcd8c2ef7106c7561ae3ddb"},"description":"Lors du choix du mobilier, le bien-\u00eatre physique et mental des futurs utilisateurs doit \u00eatre au cur des pr\u00e9occupations. Les fauteuils, les bureaux et tous","breadcrumb":{"@id":"https:\/\/www.mobellinea.com\/fr\/comment-ameliorer-le-bien-etre-au-travail\/#breadcrumb"},"inLanguage":"fr-FR","potentialAction":[{"@type":"ReadAction","target":["https:\/\/www.mobellinea.com\/fr\/comment-ameliorer-le-bien-etre-au-travail\/"]}]},{"@type":"ImageObject","inLanguage":"fr-FR","@id":"https:\/\/www.mobellinea.com\/fr\/comment-ameliorer-le-bien-etre-au-travail\/#primaryimage","url":"https:\/\/www.mobellinea.com\/wp-content\/uploads\/2025\/11\/Blog_f01-17.jpg","contentUrl":"https:\/\/www.mobellinea.com\/wp-content\/uploads\/2025\/11\/Blog_f01-17.jpg","width":1920,"height":900},{"@type":"BreadcrumbList","@id":"https:\/\/www.mobellinea.com\/fr\/comment-ameliorer-le-bien-etre-au-travail\/#breadcrumb","itemListElement":[{"@type":"ListItem","position":1,"name":"Home","item":"https:\/\/www.mobellinea.com\/fr\/accueil\/"},{"@type":"ListItem","position":2,"name":"Bien-\u00eatre","item":"https:\/\/www.mobellinea.com\/fr\/category\/bien-etre\/"},{"@type":"ListItem","position":3,"name":"Comment am\u00e9liorer le bien-\u00eatre au travail?"}]},{"@type":"WebSite","@id":"https:\/\/mobellinea.com\/en\/#website","url":"https:\/\/mobellinea.com\/en\/","name":"MobelLinea","description":"Dise\u00f1amos y fabricamos soluciones de mobiliario para oficinas y espacios colectivos. Creamos entornos honestos, funcionales y humanos, pensados para mejorar la vida de las personas","alternateName":"Mobel Linea","potentialAction":[{"@type":"SearchAction","target":{"@type":"EntryPoint","urlTemplate":"https:\/\/mobellinea.com\/en\/?s={search_term_string}"},"query-input":{"@type":"PropertyValueSpecification","valueRequired":true,"valueName":"search_term_string"}}],"inLanguage":"fr-FR"},{"@type":"Person","@id":"https:\/\/mobellinea.com\/en\/#\/schema\/person\/518e40fa1dcd8c2ef7106c7561ae3ddb","name":"Anna","image":{"@type":"ImageObject","inLanguage":"fr-FR","@id":"https:\/\/secure.gravatar.com\/avatar\/8adc17f1354e8252029a3205a793c695de1d4150636fd00a689f76f96e8a4c98?s=96&d=mm&r=g","url":"https:\/\/secure.gravatar.com\/avatar\/8adc17f1354e8252029a3205a793c695de1d4150636fd00a689f76f96e8a4c98?s=96&d=mm&r=g","contentUrl":"https:\/\/secure.gravatar.com\/avatar\/8adc17f1354e8252029a3205a793c695de1d4150636fd00a689f76f96e8a4c98?s=96&d=mm&r=g","caption":"Anna"}}]}},"uagb_featured_image_src":{"full":["https:\/\/www.mobellinea.com\/wp-content\/uploads\/2025\/11\/Blog_f01-17.jpg",1920,900,false],"thumbnail":["https:\/\/www.mobellinea.com\/wp-content\/uploads\/2025\/11\/Blog_f01-17-150x150.jpg",150,150,true],"medium":["https:\/\/www.mobellinea.com\/wp-content\/uploads\/2025\/11\/Blog_f01-17-320x150.jpg",320,150,true],"medium_large":["https:\/\/www.mobellinea.com\/wp-content\/uploads\/2025\/11\/Blog_f01-17-680x319.jpg",680,319,true],"large":["https:\/\/www.mobellinea.com\/wp-content\/uploads\/2025\/11\/Blog_f01-17-1000x469.jpg",1000,469,true],"pieces_card":["https:\/\/www.mobellinea.com\/wp-content\/uploads\/2025\/11\/Blog_f01-17-140x173.jpg",140,173,true],"gform-image-choice-sm":["https:\/\/www.mobellinea.com\/wp-content\/uploads\/2025\/11\/Blog_f01-17.jpg",300,141,false],"gform-image-choice-md":["https:\/\/www.mobellinea.com\/wp-content\/uploads\/2025\/11\/Blog_f01-17.jpg",400,188,false],"gform-image-choice-lg":["https:\/\/www.mobellinea.com\/wp-content\/uploads\/2025\/11\/Blog_f01-17.jpg",600,281,false]},"uagb_author_info":{"display_name":"Anna","author_link":"https:\/\/www.mobellinea.com\/fr\/author\/annareigmobellinea-es\/"},"uagb_comment_info":0,"uagb_excerpt":"Lors du choix du mobilier, le bien-\u00eatre physique et mental des futurs utilisateurs doit \u00eatre au cur des pr\u00e9occupations. Les fauteuils, les bureaux et tous les autres meubles doivent contribuer \u00e0 la productivit\u00e9 et au confort dans les espaces de travail ou les bureaux. Voici 3 solutions pour am\u00e9liorer le bien-\u00eatre professionnel dans les espaces\u2026","_links":{"self":[{"href":"https:\/\/www.mobellinea.com\/fr\/wp-json\/wp\/v2\/posts\/5586","targetHints":{"allow":["GET"]}}],"collection":[{"href":"https:\/\/www.mobellinea.com\/fr\/wp-json\/wp\/v2\/posts"}],"about":[{"href":"https:\/\/www.mobellinea.com\/fr\/wp-json\/wp\/v2\/types\/post"}],"author":[{"embeddable":true,"href":"https:\/\/www.mobellinea.com\/fr\/wp-json\/wp\/v2\/users\/8"}],"replies":[{"embeddable":true,"href":"https:\/\/www.mobellinea.com\/fr\/wp-json\/wp\/v2\/comments?post=5586"}],"version-history":[{"count":3,"href":"https:\/\/www.mobellinea.com\/fr\/wp-json\/wp\/v2\/posts\/5586\/revisions"}],"predecessor-version":[{"id":13808,"href":"https:\/\/www.mobellinea.com\/fr\/wp-json\/wp\/v2\/posts\/5586\/revisions\/13808"}],"wp:featuredmedia":[{"embeddable":true,"href":"https:\/\/www.mobellinea.com\/fr\/wp-json\/wp\/v2\/media\/17213"}],"wp:attachment":[{"href":"https:\/\/www.mobellinea.com\/fr\/wp-json\/wp\/v2\/media?parent=5586"}],"wp:term":[{"taxonomy":"category","embeddable":true,"href":"https:\/\/www.mobellinea.com\/fr\/wp-json\/wp\/v2\/categories?post=5586"},{"taxonomy":"post_tag","embeddable":true,"href":"https:\/\/www.mobellinea.com\/fr\/wp-json\/wp\/v2\/tags?post=5586"}],"curies":[{"name":"wp","href":"https:\/\/api.w.org\/{rel}","templated":true}]}}