{"id":5572,"date":"2024-03-18T11:48:00","date_gmt":"2024-03-18T10:48:00","guid":{"rendered":"https:\/\/www.mobellinea.com\/4-couleurs-pour-donner-de-la-personnalite-aux-espaces-de-travail-1re-partie\/"},"modified":"2026-04-13T09:34:56","modified_gmt":"2026-04-13T07:34:56","slug":"4-couleurs-pour-donner-de-la-personnalite-aux-espaces-de-travail-1re-partie","status":"publish","type":"post","link":"https:\/\/www.mobellinea.com\/fr\/4-couleurs-pour-donner-de-la-personnalite-aux-espaces-de-travail-1re-partie\/","title":{"rendered":"4 couleurs pour donner de la personnalit\u00e9 aux espaces de travail (1re partie)"},"content":{"rendered":"\n<p class=\"wp-block-paragraph\">Le design des bureaux a \u00e9volu\u00e9 au fil du temps, mais il est toujours aussi important de savoir jouer avec le mobilier ou la d\u00e9coration d&rsquo;int\u00e9rieur selon la couleur de ce que l&rsquo;on souhaite transmettre. Par cons\u00e9quent, avant de choisir les couleurs du studio ou de l&rsquo;espace de travail, il est essentiel de consid\u00e9rer un certain nombre d&rsquo;aspects qui vous aideront \u00e0 cr\u00e9er une ambiance parfaite. <\/p>\n\n<p class=\"wp-block-paragraph\">Voici 4 couleurs dynamiques pour donner plus de personnalit\u00e9 aux espaces de travail.<\/p>\n\n<p class=\"has-xx-large-font-size wp-block-paragraph\">1. Jaune<\/p>\n\n<p class=\"wp-block-paragraph\">Ajouter des touches de jaune produira une sensation de luminosit\u00e9, de vitalit\u00e9 et d&rsquo;\u00e9nergie. Qu&rsquo;il s&rsquo;agisse de meubles ou d&rsquo;accessoires de d\u00e9coration, il est recommand\u00e9 de les combiner et de les utiliser avec mod\u00e9ration dans les espaces o\u00f9 l&rsquo;on souhaite stimuler la cr\u00e9ativit\u00e9 et la joie, comme les salles de r\u00e9union ou les espaces de travail. <\/p>\n\n<figure class=\"wp-block-image\"><img decoding=\"async\" class=\"lazyload\" src=\"data:image\/gif;base64,R0lGODlhAQABAIAAAAAAAP\/\/\/yH5BAEAAAAALAAAAAABAAEAAAIBRAA7\" data-src=\"https:\/\/www.mobellinea.com\/recursos\/archivos\/ubicacionForzada\/blogs\/POST_003\/Blog_f01.jpg\" alt=\"Imagen auxiliar\"\/><noscript><img decoding=\"async\" class=\"lazyload\" src=\"https:\/\/www.mobellinea.com\/recursos\/archivos\/ubicacionForzada\/blogs\/POST_003\/Blog_f01.jpg\" alt=\"Imagen auxiliar\"\/><\/noscript><\/figure>\n\n<p class=\"has-xx-large-font-size wp-block-paragraph\">2. Noir<\/p>\n\n<p class=\"wp-block-paragraph\">Le noir, associ\u00e9 \u00e0 l&rsquo;\u00e9l\u00e9gance et au professionnalisme, est une couleur des plus pris\u00e9es dans le mobilier et qui ne passe jamais de mode. Elle est utilis\u00e9e dans des bureaux de direction, des salles de r\u00e9union et d&rsquo;autres espaces de travail, car elle permet de cr\u00e9er des environnements plus modernes et minimalistes lorsquelle est combin\u00e9e \u00e0 dautres couleurs. <\/p>\n\n<figure class=\"wp-block-image\"><img decoding=\"async\" class=\"lazyload\" src=\"data:image\/gif;base64,R0lGODlhAQABAIAAAAAAAP\/\/\/yH5BAEAAAAALAAAAAABAAEAAAIBRAA7\" data-src=\"https:\/\/www.mobellinea.com\/recursos\/archivos\/ubicacionForzada\/blogs\/POST_003\/Blog_f02.jpg\" alt=\"Imagen auxiliar\"\/><noscript><img decoding=\"async\" class=\"lazyload\" src=\"https:\/\/www.mobellinea.com\/recursos\/archivos\/ubicacionForzada\/blogs\/POST_003\/Blog_f02.jpg\" alt=\"Imagen auxiliar\"\/><\/noscript><\/figure>\n\n<p class=\"has-xx-large-font-size wp-block-paragraph\">3. Rose<\/p>\n\n<p class=\"wp-block-paragraph\">Avec ses tons clairs, le rose est synonyme de chaleur et donne une sensation d&rsquo;amplitude aux espaces r\u00e9duits. Cette couleur polyvalente s&rsquo;int\u00e8gre facilement \u00e0 tous les styles de meubles ou de d\u00e9coration d&rsquo;int\u00e9rieur et peut \u00eatre associ\u00e9e au blanc, au noir ou au gris pour favoriser la concentration dans l&rsquo;espace de travail. <\/p>\n\n<figure class=\"wp-block-image\"><img decoding=\"async\" class=\"lazyload\" src=\"data:image\/gif;base64,R0lGODlhAQABAIAAAAAAAP\/\/\/yH5BAEAAAAALAAAAAABAAEAAAIBRAA7\" data-src=\"https:\/\/www.mobellinea.com\/recursos\/archivos\/ubicacionForzada\/blogs\/POST_003\/Blog_f03.jpg\" alt=\"Imagen auxiliar\"\/><noscript><img decoding=\"async\" class=\"lazyload\" src=\"https:\/\/www.mobellinea.com\/recursos\/archivos\/ubicacionForzada\/blogs\/POST_003\/Blog_f03.jpg\" alt=\"Imagen auxiliar\"\/><\/noscript><\/figure>\n\n<p class=\"has-xx-large-font-size wp-block-paragraph\">4. Orange<\/p>\n\n<p class=\"wp-block-paragraph\">L&rsquo;orange est une couleur qui refl\u00e8te l&rsquo;enthousiasme, la joie et l&rsquo;exaltation, tout en stimulant visuellement l&rsquo;action et l&rsquo;attention. Il s&rsquo;associe \u00e0 des couleurs neutres ou compl\u00e9mentaires pour cr\u00e9er un \u00e9quilibre harmonieux dans la d\u00e9coration et doit \u00eatre utilis\u00e9 avec parcimonie dans vos bureaux, salles de s\u00e9jour, espaces de d\u00e9tente ou de repos. <\/p>\n\n<figure class=\"wp-block-image\"><img decoding=\"async\" class=\"lazyload\" src=\"data:image\/gif;base64,R0lGODlhAQABAIAAAAAAAP\/\/\/yH5BAEAAAAALAAAAAABAAEAAAIBRAA7\" data-src=\"https:\/\/www.mobellinea.com\/recursos\/archivos\/ubicacionForzada\/blogs\/POST_003\/Blog_f04.jpg\" alt=\"Imagen auxiliar\"\/><noscript><img decoding=\"async\" class=\"lazyload\" src=\"https:\/\/www.mobellinea.com\/recursos\/archivos\/ubicacionForzada\/blogs\/POST_003\/Blog_f04.jpg\" alt=\"Imagen auxiliar\"\/><\/noscript><\/figure>\n\n<p class=\"wp-block-paragraph\">En r\u00e9sum\u00e9, les couleurs utilis\u00e9es pour le mobilier ou dans la d\u00e9coration d&rsquo;int\u00e9rieur auront le pouvoir de transformer les espaces de travail et de les doter d&rsquo;une personnalit\u00e9 unique. Qu&rsquo;il s&rsquo;agisse de la luminosit\u00e9 du jaune, de l&rsquo;\u00e9l\u00e9gance du noir, de la chaleur du rose ou de l&rsquo;\u00e9nergie de l&rsquo;orange. <\/p>\n\n<p class=\"wp-block-paragraph\">N&rsquo;oubliez pas que les couleurs permettront toujours de transformer et de cr\u00e9er diff\u00e9rentes atmosph\u00e8res.<\/p>\n","protected":false},"excerpt":{"rendered":"<p>Le design des bureaux a \u00e9volu\u00e9 au fil du temps, mais il est toujours aussi important de savoir jouer avec le mobilier ou la d\u00e9coration d&rsquo;int\u00e9rieur selon la couleur de ce que l&rsquo;on souhaite transmettre. Par cons\u00e9quent, avant de choisir les couleurs du studio ou de l&rsquo;espace de travail, il est essentiel de consid\u00e9rer un [&hellip;]<\/p>\n","protected":false},"author":8,"featured_media":5569,"comment_status":"closed","ping_status":"closed","sticky":false,"template":"","format":"standard","meta":{"_acf_changed":false,"_uag_custom_page_level_css":"","footnotes":""},"categories":[367],"tags":[],"class_list":["post-5572","post","type-post","status-publish","format-standard","has-post-thumbnail","hentry","category-tendances"],"acf":[],"yoast_head":"<!-- This site is optimized with the Yoast SEO Premium plugin v26.6 (Yoast SEO v27.6) - https:\/\/yoast.com\/product\/yoast-seo-premium-wordpress\/ -->\n<title>4 couleurs pour donner de la personnalit\u00e9 aux espaces de travail (1re partie) - Mobellinea<\/title>\n<meta name=\"description\" content=\"Le design des bureaux a \u00e9volu\u00e9 au fil du temps, mais il est toujours aussi important de savoir jouer avec le mobilier ou la d\u00e9coration d&#039;int\u00e9rieur selon\" \/>\n<meta name=\"robots\" content=\"index, follow, max-snippet:-1, max-image-preview:large, max-video-preview:-1\" \/>\n<link rel=\"canonical\" href=\"https:\/\/www.mobellinea.com\/fr\/4-couleurs-pour-donner-de-la-personnalite-aux-espaces-de-travail-1re-partie\/\" \/>\n<meta property=\"og:locale\" content=\"fr_FR\" \/>\n<meta property=\"og:type\" content=\"article\" \/>\n<meta property=\"og:title\" content=\"4 couleurs pour donner de la personnalit\u00e9 aux espaces de travail (1re partie)\" \/>\n<meta property=\"og:description\" content=\"Le design des bureaux a \u00e9volu\u00e9 au fil du temps, mais il est toujours aussi important de savoir jouer avec le mobilier ou la d\u00e9coration d&#039;int\u00e9rieur selon\" \/>\n<meta property=\"og:url\" content=\"https:\/\/www.mobellinea.com\/fr\/4-couleurs-pour-donner-de-la-personnalite-aux-espaces-de-travail-1re-partie\/\" \/>\n<meta property=\"og:site_name\" content=\"Mobellinea\" \/>\n<meta property=\"article:publisher\" content=\"https:\/\/www.facebook.com\/mobellineasl\" \/>\n<meta property=\"article:published_time\" content=\"2024-03-18T10:48:00+00:00\" \/>\n<meta property=\"article:modified_time\" content=\"2026-04-13T07:34:56+00:00\" \/>\n<meta property=\"og:image\" content=\"https:\/\/www.mobellinea.com\/wp-content\/uploads\/2025\/11\/Blog_f01-19.jpg\" \/>\n\t<meta property=\"og:image:width\" content=\"1920\" \/>\n\t<meta property=\"og:image:height\" content=\"900\" \/>\n\t<meta property=\"og:image:type\" content=\"image\/jpeg\" \/>\n<meta name=\"author\" content=\"Anna\" \/>\n<meta name=\"twitter:card\" content=\"summary_large_image\" \/>\n<meta name=\"twitter:label1\" content=\"\u00c9crit par\" \/>\n\t<meta name=\"twitter:data1\" content=\"Anna\" \/>\n\t<meta name=\"twitter:label2\" content=\"Dur\u00e9e de lecture estim\u00e9e\" \/>\n\t<meta name=\"twitter:data2\" content=\"2 minutes\" \/>\n<script type=\"application\/ld+json\" class=\"yoast-schema-graph\">{\"@context\":\"https:\\\/\\\/schema.org\",\"@graph\":[{\"@type\":\"Article\",\"@id\":\"https:\\\/\\\/www.mobellinea.com\\\/fr\\\/4-couleurs-pour-donner-de-la-personnalite-aux-espaces-de-travail-1re-partie\\\/#article\",\"isPartOf\":{\"@id\":\"https:\\\/\\\/www.mobellinea.com\\\/fr\\\/4-couleurs-pour-donner-de-la-personnalite-aux-espaces-de-travail-1re-partie\\\/\"},\"author\":{\"name\":\"Anna\",\"@id\":\"https:\\\/\\\/mobellinea.com\\\/en\\\/#\\\/schema\\\/person\\\/518e40fa1dcd8c2ef7106c7561ae3ddb\"},\"headline\":\"4 couleurs pour donner de la personnalit\u00e9 aux espaces de travail (1re partie)\",\"datePublished\":\"2024-03-18T10:48:00+00:00\",\"dateModified\":\"2026-04-13T07:34:56+00:00\",\"mainEntityOfPage\":{\"@id\":\"https:\\\/\\\/www.mobellinea.com\\\/fr\\\/4-couleurs-pour-donner-de-la-personnalite-aux-espaces-de-travail-1re-partie\\\/\"},\"wordCount\":434,\"image\":{\"@id\":\"https:\\\/\\\/www.mobellinea.com\\\/fr\\\/4-couleurs-pour-donner-de-la-personnalite-aux-espaces-de-travail-1re-partie\\\/#primaryimage\"},\"thumbnailUrl\":\"https:\\\/\\\/www.mobellinea.com\\\/wp-content\\\/uploads\\\/2025\\\/11\\\/Blog_f01-19.jpg\",\"articleSection\":[\"tendances\"],\"inLanguage\":\"fr-FR\"},{\"@type\":\"WebPage\",\"@id\":\"https:\\\/\\\/www.mobellinea.com\\\/fr\\\/4-couleurs-pour-donner-de-la-personnalite-aux-espaces-de-travail-1re-partie\\\/\",\"url\":\"https:\\\/\\\/www.mobellinea.com\\\/fr\\\/4-couleurs-pour-donner-de-la-personnalite-aux-espaces-de-travail-1re-partie\\\/\",\"name\":\"4 couleurs pour donner de la personnalit\u00e9 aux espaces de travail (1re partie) - Mobellinea\",\"isPartOf\":{\"@id\":\"https:\\\/\\\/mobellinea.com\\\/en\\\/#website\"},\"primaryImageOfPage\":{\"@id\":\"https:\\\/\\\/www.mobellinea.com\\\/fr\\\/4-couleurs-pour-donner-de-la-personnalite-aux-espaces-de-travail-1re-partie\\\/#primaryimage\"},\"image\":{\"@id\":\"https:\\\/\\\/www.mobellinea.com\\\/fr\\\/4-couleurs-pour-donner-de-la-personnalite-aux-espaces-de-travail-1re-partie\\\/#primaryimage\"},\"thumbnailUrl\":\"https:\\\/\\\/www.mobellinea.com\\\/wp-content\\\/uploads\\\/2025\\\/11\\\/Blog_f01-19.jpg\",\"datePublished\":\"2024-03-18T10:48:00+00:00\",\"dateModified\":\"2026-04-13T07:34:56+00:00\",\"author\":{\"@id\":\"https:\\\/\\\/mobellinea.com\\\/en\\\/#\\\/schema\\\/person\\\/518e40fa1dcd8c2ef7106c7561ae3ddb\"},\"description\":\"Le design des bureaux a \u00e9volu\u00e9 au fil du temps, mais il est toujours aussi important de savoir jouer avec le mobilier ou la d\u00e9coration d'int\u00e9rieur selon\",\"breadcrumb\":{\"@id\":\"https:\\\/\\\/www.mobellinea.com\\\/fr\\\/4-couleurs-pour-donner-de-la-personnalite-aux-espaces-de-travail-1re-partie\\\/#breadcrumb\"},\"inLanguage\":\"fr-FR\",\"potentialAction\":[{\"@type\":\"ReadAction\",\"target\":[\"https:\\\/\\\/www.mobellinea.com\\\/fr\\\/4-couleurs-pour-donner-de-la-personnalite-aux-espaces-de-travail-1re-partie\\\/\"]}]},{\"@type\":\"ImageObject\",\"inLanguage\":\"fr-FR\",\"@id\":\"https:\\\/\\\/www.mobellinea.com\\\/fr\\\/4-couleurs-pour-donner-de-la-personnalite-aux-espaces-de-travail-1re-partie\\\/#primaryimage\",\"url\":\"https:\\\/\\\/www.mobellinea.com\\\/wp-content\\\/uploads\\\/2025\\\/11\\\/Blog_f01-19.jpg\",\"contentUrl\":\"https:\\\/\\\/www.mobellinea.com\\\/wp-content\\\/uploads\\\/2025\\\/11\\\/Blog_f01-19.jpg\",\"width\":1920,\"height\":900},{\"@type\":\"BreadcrumbList\",\"@id\":\"https:\\\/\\\/www.mobellinea.com\\\/fr\\\/4-couleurs-pour-donner-de-la-personnalite-aux-espaces-de-travail-1re-partie\\\/#breadcrumb\",\"itemListElement\":[{\"@type\":\"ListItem\",\"position\":1,\"name\":\"Home\",\"item\":\"https:\\\/\\\/www.mobellinea.com\\\/fr\\\/accueil\\\/\"},{\"@type\":\"ListItem\",\"position\":2,\"name\":\"tendances\",\"item\":\"https:\\\/\\\/www.mobellinea.com\\\/fr\\\/category\\\/tendances\\\/\"},{\"@type\":\"ListItem\",\"position\":3,\"name\":\"4 couleurs pour donner de la personnalit\u00e9 aux espaces de travail (1re partie)\"}]},{\"@type\":\"WebSite\",\"@id\":\"https:\\\/\\\/mobellinea.com\\\/en\\\/#website\",\"url\":\"https:\\\/\\\/mobellinea.com\\\/en\\\/\",\"name\":\"MobelLinea\",\"description\":\"Dise\u00f1amos y fabricamos soluciones de mobiliario para oficinas y espacios colectivos. Creamos entornos honestos, funcionales y humanos, pensados para mejorar la vida de las personas\",\"alternateName\":\"Mobel Linea\",\"potentialAction\":[{\"@type\":\"SearchAction\",\"target\":{\"@type\":\"EntryPoint\",\"urlTemplate\":\"https:\\\/\\\/mobellinea.com\\\/en\\\/?s={search_term_string}\"},\"query-input\":{\"@type\":\"PropertyValueSpecification\",\"valueRequired\":true,\"valueName\":\"search_term_string\"}}],\"inLanguage\":\"fr-FR\"},{\"@type\":\"Person\",\"@id\":\"https:\\\/\\\/mobellinea.com\\\/en\\\/#\\\/schema\\\/person\\\/518e40fa1dcd8c2ef7106c7561ae3ddb\",\"name\":\"Anna\",\"image\":{\"@type\":\"ImageObject\",\"inLanguage\":\"fr-FR\",\"@id\":\"https:\\\/\\\/secure.gravatar.com\\\/avatar\\\/8adc17f1354e8252029a3205a793c695de1d4150636fd00a689f76f96e8a4c98?s=96&d=mm&r=g\",\"url\":\"https:\\\/\\\/secure.gravatar.com\\\/avatar\\\/8adc17f1354e8252029a3205a793c695de1d4150636fd00a689f76f96e8a4c98?s=96&d=mm&r=g\",\"contentUrl\":\"https:\\\/\\\/secure.gravatar.com\\\/avatar\\\/8adc17f1354e8252029a3205a793c695de1d4150636fd00a689f76f96e8a4c98?s=96&d=mm&r=g\",\"caption\":\"Anna\"}}]}<\/script>\n<!-- \/ Yoast SEO Premium plugin. -->","yoast_head_json":{"title":"4 couleurs pour donner de la personnalit\u00e9 aux espaces de travail (1re partie) - Mobellinea","description":"Le design des bureaux a \u00e9volu\u00e9 au fil du temps, mais il est toujours aussi important de savoir jouer avec le mobilier ou la d\u00e9coration d'int\u00e9rieur selon","robots":{"index":"index","follow":"follow","max-snippet":"max-snippet:-1","max-image-preview":"max-image-preview:large","max-video-preview":"max-video-preview:-1"},"canonical":"https:\/\/www.mobellinea.com\/fr\/4-couleurs-pour-donner-de-la-personnalite-aux-espaces-de-travail-1re-partie\/","og_locale":"fr_FR","og_type":"article","og_title":"4 couleurs pour donner de la personnalit\u00e9 aux espaces de travail (1re partie)","og_description":"Le design des bureaux a \u00e9volu\u00e9 au fil du temps, mais il est toujours aussi important de savoir jouer avec le mobilier ou la d\u00e9coration d'int\u00e9rieur selon","og_url":"https:\/\/www.mobellinea.com\/fr\/4-couleurs-pour-donner-de-la-personnalite-aux-espaces-de-travail-1re-partie\/","og_site_name":"Mobellinea","article_publisher":"https:\/\/www.facebook.com\/mobellineasl","article_published_time":"2024-03-18T10:48:00+00:00","article_modified_time":"2026-04-13T07:34:56+00:00","og_image":[{"width":1920,"height":900,"url":"https:\/\/www.mobellinea.com\/wp-content\/uploads\/2025\/11\/Blog_f01-19.jpg","type":"image\/jpeg"}],"author":"Anna","twitter_card":"summary_large_image","twitter_misc":{"\u00c9crit par":"Anna","Dur\u00e9e de lecture estim\u00e9e":"2 minutes"},"schema":{"@context":"https:\/\/schema.org","@graph":[{"@type":"Article","@id":"https:\/\/www.mobellinea.com\/fr\/4-couleurs-pour-donner-de-la-personnalite-aux-espaces-de-travail-1re-partie\/#article","isPartOf":{"@id":"https:\/\/www.mobellinea.com\/fr\/4-couleurs-pour-donner-de-la-personnalite-aux-espaces-de-travail-1re-partie\/"},"author":{"name":"Anna","@id":"https:\/\/mobellinea.com\/en\/#\/schema\/person\/518e40fa1dcd8c2ef7106c7561ae3ddb"},"headline":"4 couleurs pour donner de la personnalit\u00e9 aux espaces de travail (1re partie)","datePublished":"2024-03-18T10:48:00+00:00","dateModified":"2026-04-13T07:34:56+00:00","mainEntityOfPage":{"@id":"https:\/\/www.mobellinea.com\/fr\/4-couleurs-pour-donner-de-la-personnalite-aux-espaces-de-travail-1re-partie\/"},"wordCount":434,"image":{"@id":"https:\/\/www.mobellinea.com\/fr\/4-couleurs-pour-donner-de-la-personnalite-aux-espaces-de-travail-1re-partie\/#primaryimage"},"thumbnailUrl":"https:\/\/www.mobellinea.com\/wp-content\/uploads\/2025\/11\/Blog_f01-19.jpg","articleSection":["tendances"],"inLanguage":"fr-FR"},{"@type":"WebPage","@id":"https:\/\/www.mobellinea.com\/fr\/4-couleurs-pour-donner-de-la-personnalite-aux-espaces-de-travail-1re-partie\/","url":"https:\/\/www.mobellinea.com\/fr\/4-couleurs-pour-donner-de-la-personnalite-aux-espaces-de-travail-1re-partie\/","name":"4 couleurs pour donner de la personnalit\u00e9 aux espaces de travail (1re partie) - Mobellinea","isPartOf":{"@id":"https:\/\/mobellinea.com\/en\/#website"},"primaryImageOfPage":{"@id":"https:\/\/www.mobellinea.com\/fr\/4-couleurs-pour-donner-de-la-personnalite-aux-espaces-de-travail-1re-partie\/#primaryimage"},"image":{"@id":"https:\/\/www.mobellinea.com\/fr\/4-couleurs-pour-donner-de-la-personnalite-aux-espaces-de-travail-1re-partie\/#primaryimage"},"thumbnailUrl":"https:\/\/www.mobellinea.com\/wp-content\/uploads\/2025\/11\/Blog_f01-19.jpg","datePublished":"2024-03-18T10:48:00+00:00","dateModified":"2026-04-13T07:34:56+00:00","author":{"@id":"https:\/\/mobellinea.com\/en\/#\/schema\/person\/518e40fa1dcd8c2ef7106c7561ae3ddb"},"description":"Le design des bureaux a \u00e9volu\u00e9 au fil du temps, mais il est toujours aussi important de savoir jouer avec le mobilier ou la d\u00e9coration d'int\u00e9rieur selon","breadcrumb":{"@id":"https:\/\/www.mobellinea.com\/fr\/4-couleurs-pour-donner-de-la-personnalite-aux-espaces-de-travail-1re-partie\/#breadcrumb"},"inLanguage":"fr-FR","potentialAction":[{"@type":"ReadAction","target":["https:\/\/www.mobellinea.com\/fr\/4-couleurs-pour-donner-de-la-personnalite-aux-espaces-de-travail-1re-partie\/"]}]},{"@type":"ImageObject","inLanguage":"fr-FR","@id":"https:\/\/www.mobellinea.com\/fr\/4-couleurs-pour-donner-de-la-personnalite-aux-espaces-de-travail-1re-partie\/#primaryimage","url":"https:\/\/www.mobellinea.com\/wp-content\/uploads\/2025\/11\/Blog_f01-19.jpg","contentUrl":"https:\/\/www.mobellinea.com\/wp-content\/uploads\/2025\/11\/Blog_f01-19.jpg","width":1920,"height":900},{"@type":"BreadcrumbList","@id":"https:\/\/www.mobellinea.com\/fr\/4-couleurs-pour-donner-de-la-personnalite-aux-espaces-de-travail-1re-partie\/#breadcrumb","itemListElement":[{"@type":"ListItem","position":1,"name":"Home","item":"https:\/\/www.mobellinea.com\/fr\/accueil\/"},{"@type":"ListItem","position":2,"name":"tendances","item":"https:\/\/www.mobellinea.com\/fr\/category\/tendances\/"},{"@type":"ListItem","position":3,"name":"4 couleurs pour donner de la personnalit\u00e9 aux espaces de travail (1re partie)"}]},{"@type":"WebSite","@id":"https:\/\/mobellinea.com\/en\/#website","url":"https:\/\/mobellinea.com\/en\/","name":"MobelLinea","description":"Dise\u00f1amos y fabricamos soluciones de mobiliario para oficinas y espacios colectivos. Creamos entornos honestos, funcionales y humanos, pensados para mejorar la vida de las personas","alternateName":"Mobel Linea","potentialAction":[{"@type":"SearchAction","target":{"@type":"EntryPoint","urlTemplate":"https:\/\/mobellinea.com\/en\/?s={search_term_string}"},"query-input":{"@type":"PropertyValueSpecification","valueRequired":true,"valueName":"search_term_string"}}],"inLanguage":"fr-FR"},{"@type":"Person","@id":"https:\/\/mobellinea.com\/en\/#\/schema\/person\/518e40fa1dcd8c2ef7106c7561ae3ddb","name":"Anna","image":{"@type":"ImageObject","inLanguage":"fr-FR","@id":"https:\/\/secure.gravatar.com\/avatar\/8adc17f1354e8252029a3205a793c695de1d4150636fd00a689f76f96e8a4c98?s=96&d=mm&r=g","url":"https:\/\/secure.gravatar.com\/avatar\/8adc17f1354e8252029a3205a793c695de1d4150636fd00a689f76f96e8a4c98?s=96&d=mm&r=g","contentUrl":"https:\/\/secure.gravatar.com\/avatar\/8adc17f1354e8252029a3205a793c695de1d4150636fd00a689f76f96e8a4c98?s=96&d=mm&r=g","caption":"Anna"}}]}},"uagb_featured_image_src":{"full":["https:\/\/www.mobellinea.com\/wp-content\/uploads\/2025\/11\/Blog_f01-19.jpg",1920,900,false],"thumbnail":["https:\/\/www.mobellinea.com\/wp-content\/uploads\/2025\/11\/Blog_f01-19-150x150.jpg",150,150,true],"medium":["https:\/\/www.mobellinea.com\/wp-content\/uploads\/2025\/11\/Blog_f01-19-320x150.jpg",320,150,true],"medium_large":["https:\/\/www.mobellinea.com\/wp-content\/uploads\/2025\/11\/Blog_f01-19-680x319.jpg",680,319,true],"large":["https:\/\/www.mobellinea.com\/wp-content\/uploads\/2025\/11\/Blog_f01-19-1000x469.jpg",1000,469,true],"pieces_card":["https:\/\/www.mobellinea.com\/wp-content\/uploads\/2025\/11\/Blog_f01-19-140x173.jpg",140,173,true],"gform-image-choice-sm":["https:\/\/www.mobellinea.com\/wp-content\/uploads\/2025\/11\/Blog_f01-19.jpg",300,141,false],"gform-image-choice-md":["https:\/\/www.mobellinea.com\/wp-content\/uploads\/2025\/11\/Blog_f01-19.jpg",400,188,false],"gform-image-choice-lg":["https:\/\/www.mobellinea.com\/wp-content\/uploads\/2025\/11\/Blog_f01-19.jpg",600,281,false]},"uagb_author_info":{"display_name":"Anna","author_link":"https:\/\/www.mobellinea.com\/fr\/author\/annareigmobellinea-es\/"},"uagb_comment_info":0,"uagb_excerpt":"Le design des bureaux a \u00e9volu\u00e9 au fil du temps, mais il est toujours aussi important de savoir jouer avec le mobilier ou la d\u00e9coration d&rsquo;int\u00e9rieur selon la couleur de ce que l&rsquo;on souhaite transmettre. Par cons\u00e9quent, avant de choisir les couleurs du studio ou de l&rsquo;espace de travail, il est essentiel de consid\u00e9rer un\u2026","_links":{"self":[{"href":"https:\/\/www.mobellinea.com\/fr\/wp-json\/wp\/v2\/posts\/5572","targetHints":{"allow":["GET"]}}],"collection":[{"href":"https:\/\/www.mobellinea.com\/fr\/wp-json\/wp\/v2\/posts"}],"about":[{"href":"https:\/\/www.mobellinea.com\/fr\/wp-json\/wp\/v2\/types\/post"}],"author":[{"embeddable":true,"href":"https:\/\/www.mobellinea.com\/fr\/wp-json\/wp\/v2\/users\/8"}],"replies":[{"embeddable":true,"href":"https:\/\/www.mobellinea.com\/fr\/wp-json\/wp\/v2\/comments?post=5572"}],"version-history":[{"count":4,"href":"https:\/\/www.mobellinea.com\/fr\/wp-json\/wp\/v2\/posts\/5572\/revisions"}],"predecessor-version":[{"id":5599,"href":"https:\/\/www.mobellinea.com\/fr\/wp-json\/wp\/v2\/posts\/5572\/revisions\/5599"}],"wp:featuredmedia":[{"embeddable":true,"href":"https:\/\/www.mobellinea.com\/fr\/wp-json\/wp\/v2\/media\/5569"}],"wp:attachment":[{"href":"https:\/\/www.mobellinea.com\/fr\/wp-json\/wp\/v2\/media?parent=5572"}],"wp:term":[{"taxonomy":"category","embeddable":true,"href":"https:\/\/www.mobellinea.com\/fr\/wp-json\/wp\/v2\/categories?post=5572"},{"taxonomy":"post_tag","embeddable":true,"href":"https:\/\/www.mobellinea.com\/fr\/wp-json\/wp\/v2\/tags?post=5572"}],"curies":[{"name":"wp","href":"https:\/\/api.w.org\/{rel}","templated":true}]}}