{"id":18705,"date":"2026-03-25T15:51:12","date_gmt":"2026-03-25T14:51:12","guid":{"rendered":"https:\/\/www.mobellinea.com\/?p=18705"},"modified":"2026-03-27T10:33:36","modified_gmt":"2026-03-27T09:33:36","slug":"mobel-linea-a-workspace-expo-paris-2026-nous-creons-des-environnements","status":"publish","type":"post","link":"https:\/\/www.mobellinea.com\/fr\/mobel-linea-a-workspace-expo-paris-2026-nous-creons-des-environnements\/","title":{"rendered":"Mobel Linea \u00e0 Workspace Expo Paris 2026 &#8211; Nous concevons vos environnements"},"content":{"rendered":"\n<p class=\"wp-block-paragraph\">Du <strong>24 au 26 mars 2026, Mobel Linea revient \u00e0 Paris pour participer \u00e0 Workspace Expo<\/strong>, le salon international de r\u00e9f\u00e9rence pour le mobilier de bureau et la conception d&rsquo;espaces de travail. Un \u00e9v\u00e9nement qui rassemble chaque ann\u00e9e plus de 20 000 visiteurs professionnels et plus de 300 exposants, s\u2019imposant comme une opportunit\u00e9 majeure pour pr\u00e9senter des solutions innovantes ax\u00e9es sur le design, l\u2019ergonomie et les performances des environnements de travail. <\/p>\n\n<p class=\"wp-block-paragraph\"><br\/>Lors de cette \u00e9dition, Mobel Linea pr\u00e9sente un <strong>stand de 112 m\u00b2 <\/strong>qui refl\u00e8te sa nouvelle image et son positionnement en tant que marque, lanc\u00e9s en janvier 2026. La proposition est con\u00e7ue comme un environnement complet, o\u00f9 le visiteur parcourt diff\u00e9rentes sc\u00e8nes et exp\u00e9rimente en personne la mani\u00e8re dont la marque envisage les espaces professionnels. <\/p>\n\n<p class=\"wp-block-paragraph\"><br\/>La structure du stand int\u00e8gre des panneaux translucides l\u00e9gers dans des tons neutres, qui filtrent la lumi\u00e8re et d\u00e9limitent subtilement les diff\u00e9rents environnements, permettant une lecture fluide de l&rsquo;ensemble et renfor\u00e7ant une identit\u00e9 contemporaine et de proximit\u00e9. L&rsquo;architecture de l&rsquo;espace accompagne le parcours et permet \u00e0 chaque collection de dialoguer avec la suivante, construisant ainsi une exp\u00e9rience coh\u00e9rente et immersive. <\/p>\n\n<p class=\"wp-block-paragraph\"><\/p>\n\n<figure class=\"wp-block-gallery has-nested-images columns-default is-cropped wp-block-gallery-1 is-layout-flex wp-block-gallery-is-layout-flex\">\n<figure class=\"wp-block-image size-large\"><img decoding=\"async\" data-id=\"18966\" src=\"data:image\/gif;base64,R0lGODlhAQABAIAAAAAAAP\/\/\/yH5BAEAAAAALAAAAAABAAEAAAIBRAA7\" data-src=\"https:\/\/www.mobellinea.com\/wp-content\/uploads\/2026\/03\/0241471_ret-1000x631.jpg\" alt=\"\" class=\"wp-image-18966 lazyload\"\/><noscript><img decoding=\"async\" width=\"1000\" height=\"631\" data-id=\"18966\" src=\"https:\/\/www.mobellinea.com\/wp-content\/uploads\/2026\/03\/0241471_ret-1000x631.jpg\" alt=\"\" class=\"wp-image-18966 lazyload\" srcset=\"https:\/\/www.mobellinea.com\/wp-content\/uploads\/2026\/03\/0241471_ret-1000x631.jpg 1000w, https:\/\/www.mobellinea.com\/wp-content\/uploads\/2026\/03\/0241471_ret-320x202.jpg 320w, https:\/\/www.mobellinea.com\/wp-content\/uploads\/2026\/03\/0241471_ret-680x429.jpg 680w\" sizes=\"(max-width: 1000px) 100vw, 1000px\" \/><\/noscript><\/figure>\n<\/figure>\n\n<div style=\"height:26px\" aria-hidden=\"true\" class=\"wp-block-spacer\"><\/div>\n\n<figure class=\"wp-block-image size-large\"><img decoding=\"async\" src=\"data:image\/gif;base64,R0lGODlhAQABAIAAAAAAAP\/\/\/yH5BAEAAAAALAAAAAABAAEAAAIBRAA7\" data-src=\"https:\/\/www.mobellinea.com\/wp-content\/uploads\/2026\/03\/0241491_ret-1000x687.jpg\" alt=\"\" class=\"wp-image-18967 lazyload\"\/><noscript><img decoding=\"async\" width=\"1000\" height=\"687\" src=\"https:\/\/www.mobellinea.com\/wp-content\/uploads\/2026\/03\/0241491_ret-1000x687.jpg\" alt=\"\" class=\"wp-image-18967 lazyload\" srcset=\"https:\/\/www.mobellinea.com\/wp-content\/uploads\/2026\/03\/0241491_ret-1000x687.jpg 1000w, https:\/\/www.mobellinea.com\/wp-content\/uploads\/2026\/03\/0241491_ret-320x220.jpg 320w, https:\/\/www.mobellinea.com\/wp-content\/uploads\/2026\/03\/0241491_ret-680x467.jpg 680w\" sizes=\"(max-width: 1000px) 100vw, 1000px\" \/><\/noscript><\/figure>\n\n<p class=\"has-tiny-font-size wp-block-paragraph\">Photographie: Jordi Anguera<\/p>\n\n<p class=\"wp-block-paragraph\"><br\/>L&rsquo;itin\u00e9raire est organis\u00e9 autour de <strong>trois grands domaines : un environnement d&rsquo;accueil et de r\u00e9ception, un environnement op\u00e9rationnel et de direction, et une zone lounge, soft-seating et caf\u00e9.<\/strong><\/p>\n\n<p class=\"wp-block-paragraph\"><br\/>Dans la <strong>zone d\u2019accueil<\/strong>, Mobel Linea pr\u00e9sente la nouvelle s\u00e9rie de comptoirs <strong>Eira<\/strong>, con\u00e7ue pour cr\u00e9er une premi\u00e8re impression chaleureuse et soign\u00e9e. Eira se caract\u00e9rise par des volumes \u00e9quilibr\u00e9s, des lignes courbes et un syst\u00e8me modulaire qui permet d\u2019adapter chaque comptoir aux besoins du projet, en int\u00e9grant des compl\u00e9ments qui optimisent sa fonctionnalit\u00e9. \u00c0 ses c\u00f4t\u00e9s, le syst\u00e8me de casiers <strong>Lok <\/strong>apporte des solutions d\u2019organisation aux espaces partag\u00e9s, renfor\u00e7ant la fonctionnalit\u00e9 de l\u2019entr\u00e9e gr\u00e2ce \u00e0 une proposition polyvalente et coh\u00e9rente avec l\u2019architecture de l\u2019environnement.  <\/p>\n\n<p class=\"wp-block-paragraph\"><\/p>\n\n<figure class=\"wp-block-image size-large\"><img decoding=\"async\" src=\"data:image\/gif;base64,R0lGODlhAQABAIAAAAAAAP\/\/\/yH5BAEAAAAALAAAAAABAAEAAAIBRAA7\" data-src=\"https:\/\/www.mobellinea.com\/wp-content\/uploads\/2026\/03\/0241663-1000x667.jpg\" alt=\"\" class=\"wp-image-18968 lazyload\"\/><noscript><img decoding=\"async\" width=\"1000\" height=\"667\" src=\"https:\/\/www.mobellinea.com\/wp-content\/uploads\/2026\/03\/0241663-1000x667.jpg\" alt=\"\" class=\"wp-image-18968 lazyload\" srcset=\"https:\/\/www.mobellinea.com\/wp-content\/uploads\/2026\/03\/0241663-1000x667.jpg 1000w, https:\/\/www.mobellinea.com\/wp-content\/uploads\/2026\/03\/0241663-320x213.jpg 320w, https:\/\/www.mobellinea.com\/wp-content\/uploads\/2026\/03\/0241663-680x453.jpg 680w\" sizes=\"(max-width: 1000px) 100vw, 1000px\" \/><\/noscript><\/figure>\n\n<div style=\"height:26px\" aria-hidden=\"true\" class=\"wp-block-spacer\"><\/div>\n\n<figure class=\"wp-block-gallery has-nested-images columns-default is-cropped wp-block-gallery-2 is-layout-flex wp-block-gallery-is-layout-flex\">\n<figure class=\"wp-block-image size-large\"><img decoding=\"async\" data-id=\"18970\" src=\"data:image\/gif;base64,R0lGODlhAQABAIAAAAAAAP\/\/\/yH5BAEAAAAALAAAAAABAAEAAAIBRAA7\" data-src=\"https:\/\/www.mobellinea.com\/wp-content\/uploads\/2026\/03\/0241865_1-1000x1500.jpg\" alt=\"\" class=\"wp-image-18970 lazyload\"\/><noscript><img decoding=\"async\" width=\"1000\" height=\"1500\" data-id=\"18970\" src=\"https:\/\/www.mobellinea.com\/wp-content\/uploads\/2026\/03\/0241865_1-1000x1500.jpg\" alt=\"\" class=\"wp-image-18970 lazyload\" srcset=\"https:\/\/www.mobellinea.com\/wp-content\/uploads\/2026\/03\/0241865_1-1000x1500.jpg 1000w, https:\/\/www.mobellinea.com\/wp-content\/uploads\/2026\/03\/0241865_1-320x480.jpg 320w, https:\/\/www.mobellinea.com\/wp-content\/uploads\/2026\/03\/0241865_1-680x1020.jpg 680w, https:\/\/www.mobellinea.com\/wp-content\/uploads\/2026\/03\/0241865_1-scaled.jpg 1707w\" sizes=\"(max-width: 1000px) 100vw, 1000px\" \/><\/noscript><\/figure>\n\n\n\n<figure class=\"wp-block-image size-large\"><img decoding=\"async\" data-id=\"18969\" src=\"data:image\/gif;base64,R0lGODlhAQABAIAAAAAAAP\/\/\/yH5BAEAAAAALAAAAAABAAEAAAIBRAA7\" data-src=\"https:\/\/www.mobellinea.com\/wp-content\/uploads\/2026\/03\/0242379-1000x1500.jpg\" alt=\"\" class=\"wp-image-18969 lazyload\"\/><noscript><img decoding=\"async\" width=\"1000\" height=\"1500\" data-id=\"18969\" src=\"https:\/\/www.mobellinea.com\/wp-content\/uploads\/2026\/03\/0242379-1000x1500.jpg\" alt=\"\" class=\"wp-image-18969 lazyload\" srcset=\"https:\/\/www.mobellinea.com\/wp-content\/uploads\/2026\/03\/0242379-1000x1500.jpg 1000w, https:\/\/www.mobellinea.com\/wp-content\/uploads\/2026\/03\/0242379-320x480.jpg 320w, https:\/\/www.mobellinea.com\/wp-content\/uploads\/2026\/03\/0242379-680x1020.jpg 680w, https:\/\/www.mobellinea.com\/wp-content\/uploads\/2026\/03\/0242379-scaled.jpg 1707w\" sizes=\"(max-width: 1000px) 100vw, 1000px\" \/><\/noscript><\/figure>\n<\/figure>\n\n<p class=\"has-tiny-font-size wp-block-paragraph\">Photographie: Jordi Anguera<\/p>\n\n<p class=\"wp-block-paragraph\"><br\/>Dans la <strong>zone de direction<\/strong>, la nouvelle s\u00e9rie Mestral occupe l\u2019espace central. Con\u00e7ue pour les environnements de direction, Mestral transmet clart\u00e9, \u00e9quilibre et discernement \u00e0 travers un langage formel \u00e9pur\u00e9 et des volumes doux. La collection propose des configurations comprenant des bureaux individuels, des tables de r\u00e9union et des tables de conseil, afin de s\u2019adapter \u00e0 diff\u00e9rentes dynamiques de travail. Cet environnement est compl\u00e9t\u00e9 par les chaises de r\u00e9union <strong>Weekly Meet<\/strong>, au design organique et enveloppant, et par le mod\u00e8le op\u00e9rationnel <strong>Levita,<\/strong> de conception italienne sign\u00e9e <strong>par Trevor Hollard<\/strong>, qui transforme bureaux, salles de r\u00e9union et espaces op\u00e9rationnels en environnements inspirants gr\u00e2ce \u00e0 son \u00e9l\u00e9gance et \u00e0 sa sophistication.   <\/p>\n\n<figure class=\"wp-block-gallery has-nested-images columns-default is-cropped wp-block-gallery-3 is-layout-flex wp-block-gallery-is-layout-flex\">\n<figure class=\"wp-block-image size-large\"><img decoding=\"async\" data-id=\"18971\" src=\"data:image\/gif;base64,R0lGODlhAQABAIAAAAAAAP\/\/\/yH5BAEAAAAALAAAAAABAAEAAAIBRAA7\" data-src=\"https:\/\/www.mobellinea.com\/wp-content\/uploads\/2026\/03\/0241640_1-1000x1500.jpg\" alt=\"\" class=\"wp-image-18971 lazyload\"\/><noscript><img decoding=\"async\" width=\"1000\" height=\"1500\" data-id=\"18971\" src=\"https:\/\/www.mobellinea.com\/wp-content\/uploads\/2026\/03\/0241640_1-1000x1500.jpg\" alt=\"\" class=\"wp-image-18971 lazyload\" srcset=\"https:\/\/www.mobellinea.com\/wp-content\/uploads\/2026\/03\/0241640_1-1000x1500.jpg 1000w, https:\/\/www.mobellinea.com\/wp-content\/uploads\/2026\/03\/0241640_1-320x480.jpg 320w, https:\/\/www.mobellinea.com\/wp-content\/uploads\/2026\/03\/0241640_1-680x1020.jpg 680w, https:\/\/www.mobellinea.com\/wp-content\/uploads\/2026\/03\/0241640_1-scaled.jpg 1707w\" sizes=\"(max-width: 1000px) 100vw, 1000px\" \/><\/noscript><\/figure>\n\n\n\n<figure class=\"wp-block-image size-large\"><img decoding=\"async\" data-id=\"18976\" src=\"data:image\/gif;base64,R0lGODlhAQABAIAAAAAAAP\/\/\/yH5BAEAAAAALAAAAAABAAEAAAIBRAA7\" data-src=\"https:\/\/www.mobellinea.com\/wp-content\/uploads\/2026\/03\/0242187_1-1000x1500.jpg\" alt=\"\" class=\"wp-image-18976 lazyload\"\/><noscript><img decoding=\"async\" width=\"1000\" height=\"1500\" data-id=\"18976\" src=\"https:\/\/www.mobellinea.com\/wp-content\/uploads\/2026\/03\/0242187_1-1000x1500.jpg\" alt=\"\" class=\"wp-image-18976 lazyload\" srcset=\"https:\/\/www.mobellinea.com\/wp-content\/uploads\/2026\/03\/0242187_1-1000x1500.jpg 1000w, https:\/\/www.mobellinea.com\/wp-content\/uploads\/2026\/03\/0242187_1-320x480.jpg 320w, https:\/\/www.mobellinea.com\/wp-content\/uploads\/2026\/03\/0242187_1-680x1020.jpg 680w, https:\/\/www.mobellinea.com\/wp-content\/uploads\/2026\/03\/0242187_1-scaled.jpg 1707w\" sizes=\"(max-width: 1000px) 100vw, 1000px\" \/><\/noscript><\/figure>\n\n\n\n<figure class=\"wp-block-image size-large\"><img decoding=\"async\" data-id=\"18973\" src=\"data:image\/gif;base64,R0lGODlhAQABAIAAAAAAAP\/\/\/yH5BAEAAAAALAAAAAABAAEAAAIBRAA7\" data-src=\"https:\/\/www.mobellinea.com\/wp-content\/uploads\/2026\/03\/0241944-1000x1500.jpg\" alt=\"\" class=\"wp-image-18973 lazyload\"\/><noscript><img decoding=\"async\" width=\"1000\" height=\"1500\" data-id=\"18973\" src=\"https:\/\/www.mobellinea.com\/wp-content\/uploads\/2026\/03\/0241944-1000x1500.jpg\" alt=\"\" class=\"wp-image-18973 lazyload\" srcset=\"https:\/\/www.mobellinea.com\/wp-content\/uploads\/2026\/03\/0241944-1000x1500.jpg 1000w, https:\/\/www.mobellinea.com\/wp-content\/uploads\/2026\/03\/0241944-320x480.jpg 320w, https:\/\/www.mobellinea.com\/wp-content\/uploads\/2026\/03\/0241944-680x1020.jpg 680w, https:\/\/www.mobellinea.com\/wp-content\/uploads\/2026\/03\/0241944-scaled.jpg 1707w\" sizes=\"(max-width: 1000px) 100vw, 1000px\" \/><\/noscript><\/figure>\n\n\n\n<figure class=\"wp-block-image size-large\"><img decoding=\"async\" data-id=\"18977\" src=\"data:image\/gif;base64,R0lGODlhAQABAIAAAAAAAP\/\/\/yH5BAEAAAAALAAAAAABAAEAAAIBRAA7\" data-src=\"https:\/\/www.mobellinea.com\/wp-content\/uploads\/2026\/03\/0241926_1-1000x1500.jpg\" alt=\"\" class=\"wp-image-18977 lazyload\"\/><noscript><img decoding=\"async\" width=\"1000\" height=\"1500\" data-id=\"18977\" src=\"https:\/\/www.mobellinea.com\/wp-content\/uploads\/2026\/03\/0241926_1-1000x1500.jpg\" alt=\"\" class=\"wp-image-18977 lazyload\" srcset=\"https:\/\/www.mobellinea.com\/wp-content\/uploads\/2026\/03\/0241926_1-1000x1500.jpg 1000w, https:\/\/www.mobellinea.com\/wp-content\/uploads\/2026\/03\/0241926_1-320x480.jpg 320w, https:\/\/www.mobellinea.com\/wp-content\/uploads\/2026\/03\/0241926_1-680x1020.jpg 680w, https:\/\/www.mobellinea.com\/wp-content\/uploads\/2026\/03\/0241926_1-scaled.jpg 1707w\" sizes=\"(max-width: 1000px) 100vw, 1000px\" \/><\/noscript><\/figure>\n<\/figure>\n\n<div style=\"height:26px\" aria-hidden=\"true\" class=\"wp-block-spacer\"><\/div>\n\n<figure class=\"wp-block-gallery has-nested-images columns-default is-cropped wp-block-gallery-4 is-layout-flex wp-block-gallery-is-layout-flex\">\n<figure class=\"wp-block-image size-large\"><img decoding=\"async\" data-id=\"19080\" src=\"data:image\/gif;base64,R0lGODlhAQABAIAAAAAAAP\/\/\/yH5BAEAAAAALAAAAAABAAEAAAIBRAA7\" data-src=\"https:\/\/www.mobellinea.com\/wp-content\/uploads\/2026\/03\/0241706_1-1-1000x1500.jpg\" alt=\"\" class=\"wp-image-19080 lazyload\"\/><noscript><img decoding=\"async\" width=\"1000\" height=\"1500\" data-id=\"19080\" src=\"https:\/\/www.mobellinea.com\/wp-content\/uploads\/2026\/03\/0241706_1-1-1000x1500.jpg\" alt=\"\" class=\"wp-image-19080 lazyload\" srcset=\"https:\/\/www.mobellinea.com\/wp-content\/uploads\/2026\/03\/0241706_1-1-1000x1500.jpg 1000w, https:\/\/www.mobellinea.com\/wp-content\/uploads\/2026\/03\/0241706_1-1-320x480.jpg 320w, https:\/\/www.mobellinea.com\/wp-content\/uploads\/2026\/03\/0241706_1-1-680x1020.jpg 680w, https:\/\/www.mobellinea.com\/wp-content\/uploads\/2026\/03\/0241706_1-1-scaled.jpg 1707w\" sizes=\"(max-width: 1000px) 100vw, 1000px\" \/><\/noscript><\/figure>\n\n\n\n<figure class=\"wp-block-image size-large\"><img decoding=\"async\" data-id=\"18975\" src=\"data:image\/gif;base64,R0lGODlhAQABAIAAAAAAAP\/\/\/yH5BAEAAAAALAAAAAABAAEAAAIBRAA7\" data-src=\"https:\/\/www.mobellinea.com\/wp-content\/uploads\/2026\/03\/0241814-1000x1500.jpg\" alt=\"\" class=\"wp-image-18975 lazyload\"\/><noscript><img decoding=\"async\" width=\"1000\" height=\"1500\" data-id=\"18975\" src=\"https:\/\/www.mobellinea.com\/wp-content\/uploads\/2026\/03\/0241814-1000x1500.jpg\" alt=\"\" class=\"wp-image-18975 lazyload\" srcset=\"https:\/\/www.mobellinea.com\/wp-content\/uploads\/2026\/03\/0241814-1000x1500.jpg 1000w, https:\/\/www.mobellinea.com\/wp-content\/uploads\/2026\/03\/0241814-320x480.jpg 320w, https:\/\/www.mobellinea.com\/wp-content\/uploads\/2026\/03\/0241814-680x1020.jpg 680w, https:\/\/www.mobellinea.com\/wp-content\/uploads\/2026\/03\/0241814-scaled.jpg 1707w\" sizes=\"(max-width: 1000px) 100vw, 1000px\" \/><\/noscript><\/figure>\n<\/figure>\n\n<p class=\"has-tiny-font-size wp-block-paragraph\">Photographie: Jordi Anguera<\/p>\n\n<p class=\"wp-block-paragraph\"><br\/>La<strong> zone lounge et soft-seating <\/strong>est pens\u00e9e comme un espace de pause et de rencontre. Un environnement con\u00e7u dans une palette de tons terracotta avec des mati\u00e8res chaleureuses, compos\u00e9 des canap\u00e9s <strong>Push<\/strong>, des tables d&rsquo;appoint <strong>Domus<\/strong> et <strong>Bros <\/strong>et de la table haute <strong>Rol<\/strong> accompagn\u00e9e des tabourets <strong>Mokka tal<\/strong>l, afin d&rsquo;am\u00e9nager un espace pens\u00e9 pour discuter, se reposer et d\u00e9couvrir les nouvelles finitions et coloris pr\u00e9sent\u00e9s par la marque. Dans ce m\u00eame environnement s&rsquo;int\u00e8gre la cabine acoustique <strong>Domus L<\/strong>, con\u00e7ue comme un refuge au sein de l&rsquo;espace ouvert, qui offre intimit\u00e9 et concentration gr\u00e2ce \u00e0 ses performances acoustiques \u00e9lev\u00e9es de classe A.  <\/p>\n\n<figure class=\"wp-block-gallery has-nested-images columns-default is-cropped wp-block-gallery-5 is-layout-flex wp-block-gallery-is-layout-flex\">\n<figure class=\"wp-block-image size-large\"><img decoding=\"async\" data-id=\"18981\" src=\"data:image\/gif;base64,R0lGODlhAQABAIAAAAAAAP\/\/\/yH5BAEAAAAALAAAAAABAAEAAAIBRAA7\" data-src=\"https:\/\/www.mobellinea.com\/wp-content\/uploads\/2026\/03\/0241802-2-1000x1500.jpg\" alt=\"\" class=\"wp-image-18981 lazyload\"\/><noscript><img decoding=\"async\" width=\"1000\" height=\"1500\" data-id=\"18981\" src=\"https:\/\/www.mobellinea.com\/wp-content\/uploads\/2026\/03\/0241802-2-1000x1500.jpg\" alt=\"\" class=\"wp-image-18981 lazyload\" srcset=\"https:\/\/www.mobellinea.com\/wp-content\/uploads\/2026\/03\/0241802-2-1000x1500.jpg 1000w, https:\/\/www.mobellinea.com\/wp-content\/uploads\/2026\/03\/0241802-2-320x480.jpg 320w, https:\/\/www.mobellinea.com\/wp-content\/uploads\/2026\/03\/0241802-2-680x1020.jpg 680w, https:\/\/www.mobellinea.com\/wp-content\/uploads\/2026\/03\/0241802-2-scaled.jpg 1707w\" sizes=\"(max-width: 1000px) 100vw, 1000px\" \/><\/noscript><\/figure>\n\n\n\n<figure class=\"wp-block-image size-large\"><img decoding=\"async\" data-id=\"19082\" src=\"data:image\/gif;base64,R0lGODlhAQABAIAAAAAAAP\/\/\/yH5BAEAAAAALAAAAAABAAEAAAIBRAA7\" data-src=\"https:\/\/www.mobellinea.com\/wp-content\/uploads\/2026\/03\/0242200-1-1000x1500.jpg\" alt=\"\" class=\"wp-image-19082 lazyload\"\/><noscript><img decoding=\"async\" width=\"1000\" height=\"1500\" data-id=\"19082\" src=\"https:\/\/www.mobellinea.com\/wp-content\/uploads\/2026\/03\/0242200-1-1000x1500.jpg\" alt=\"\" class=\"wp-image-19082 lazyload\" srcset=\"https:\/\/www.mobellinea.com\/wp-content\/uploads\/2026\/03\/0242200-1-1000x1500.jpg 1000w, https:\/\/www.mobellinea.com\/wp-content\/uploads\/2026\/03\/0242200-1-320x480.jpg 320w, https:\/\/www.mobellinea.com\/wp-content\/uploads\/2026\/03\/0242200-1-680x1020.jpg 680w, https:\/\/www.mobellinea.com\/wp-content\/uploads\/2026\/03\/0242200-1-scaled.jpg 1707w\" sizes=\"(max-width: 1000px) 100vw, 1000px\" \/><\/noscript><\/figure>\n<\/figure>\n\n<div style=\"height:26px\" aria-hidden=\"true\" class=\"wp-block-spacer\"><\/div>\n\n<figure class=\"wp-block-gallery has-nested-images columns-default is-cropped wp-block-gallery-6 is-layout-flex wp-block-gallery-is-layout-flex\">\n<figure class=\"wp-block-image size-large\"><img decoding=\"async\" data-id=\"18978\" src=\"data:image\/gif;base64,R0lGODlhAQABAIAAAAAAAP\/\/\/yH5BAEAAAAALAAAAAABAAEAAAIBRAA7\" data-src=\"https:\/\/www.mobellinea.com\/wp-content\/uploads\/2026\/03\/0241538-1000x1500.jpg\" alt=\"\" class=\"wp-image-18978 lazyload\"\/><noscript><img decoding=\"async\" width=\"1000\" height=\"1500\" data-id=\"18978\" src=\"https:\/\/www.mobellinea.com\/wp-content\/uploads\/2026\/03\/0241538-1000x1500.jpg\" alt=\"\" class=\"wp-image-18978 lazyload\" srcset=\"https:\/\/www.mobellinea.com\/wp-content\/uploads\/2026\/03\/0241538-1000x1500.jpg 1000w, https:\/\/www.mobellinea.com\/wp-content\/uploads\/2026\/03\/0241538-320x480.jpg 320w, https:\/\/www.mobellinea.com\/wp-content\/uploads\/2026\/03\/0241538-680x1020.jpg 680w, https:\/\/www.mobellinea.com\/wp-content\/uploads\/2026\/03\/0241538-scaled.jpg 1707w\" sizes=\"(max-width: 1000px) 100vw, 1000px\" \/><\/noscript><\/figure>\n\n\n\n<figure class=\"wp-block-image size-large\"><img decoding=\"async\" data-id=\"18980\" src=\"data:image\/gif;base64,R0lGODlhAQABAIAAAAAAAP\/\/\/yH5BAEAAAAALAAAAAABAAEAAAIBRAA7\" data-src=\"https:\/\/www.mobellinea.com\/wp-content\/uploads\/2026\/03\/0241579-1000x1500.jpg\" alt=\"\" class=\"wp-image-18980 lazyload\"\/><noscript><img decoding=\"async\" width=\"1000\" height=\"1500\" data-id=\"18980\" src=\"https:\/\/www.mobellinea.com\/wp-content\/uploads\/2026\/03\/0241579-1000x1500.jpg\" alt=\"\" class=\"wp-image-18980 lazyload\" srcset=\"https:\/\/www.mobellinea.com\/wp-content\/uploads\/2026\/03\/0241579-1000x1500.jpg 1000w, https:\/\/www.mobellinea.com\/wp-content\/uploads\/2026\/03\/0241579-320x480.jpg 320w, https:\/\/www.mobellinea.com\/wp-content\/uploads\/2026\/03\/0241579-680x1020.jpg 680w, https:\/\/www.mobellinea.com\/wp-content\/uploads\/2026\/03\/0241579-scaled.jpg 1707w\" sizes=\"(max-width: 1000px) 100vw, 1000px\" \/><\/noscript><\/figure>\n<\/figure>\n\n<p class=\"has-tiny-font-size wp-block-paragraph\">Photographie: Jordi Anguera<\/p>\n\n<p class=\"wp-block-paragraph\"><br\/>Avec cette proposition, <strong>Mobel Linea nous invite \u00e0 fl\u00e2ner, \u00e0 nous asseoir, \u00e0 toucher les mat\u00e9riaux et \u00e0 comprendre comment le design, la fonctionnalit\u00e9 et l&rsquo;identit\u00e9 se combinent pour cr\u00e9er des environnements qui am\u00e9liorent la fa\u00e7on de travailler et de vivre ensemble.<\/strong><\/p>\n\n<p class=\"wp-block-paragraph\"><br\/>Workspace Expo Paris 2026 devient ainsi le lieu o\u00f9 la marque r\u00e9affirme son engagement : cr\u00e9er des environnements qui inspirent, connectent et perdurent.<\/p>\n\n<p class=\"wp-block-paragraph\"><\/p>\n\n<hr class=\"wp-block-separator has-alpha-channel-opacity\"\/>\n\n<p class=\"wp-block-paragraph\"><strong>Produits expos\u00e9s sur le stand <\/strong><\/p>\n\n<div class=\"wp-block-uagb-container uagb-block-c74c2be7 alignfull uagb-is-root-container\"><div class=\"uagb-container-inner-blocks-wrap\">\n<div class=\"wp-block-uagb-container uagb-block-72dbb054\">\n<div class=\"wp-block-uagb-image uagb-block-19aed28d wp-block-uagb-image--layout-default wp-block-uagb-image--effect-static wp-block-uagb-image--align-none\"><figure class=\"wp-block-uagb-image__figure\"><img decoding=\"async\" data-srcset=\"https:\/\/www.mobellinea.com\/wp-content\/uploads\/2025\/11\/lok_d_1.jpg ,https:\/\/www.mobellinea.com\/wp-content\/uploads\/2025\/11\/lok_d_1.jpg 780w, https:\/\/www.mobellinea.com\/wp-content\/uploads\/2025\/11\/lok_d_1.jpg 360w\" sizes=\"auto, (max-width: 480px) 150px\" src=\"data:image\/gif;base64,R0lGODlhAQABAIAAAAAAAP\/\/\/yH5BAEAAAAALAAAAAABAAEAAAIBRAA7\" data-src=\"https:\/\/www.mobellinea.com\/wp-content\/uploads\/2025\/11\/lok_d_1.jpg\" alt=\"\" class=\"uag-image-2666 lazyload\" width=\"563\" height=\"697\" title=\"lok_d_1\" loading=\"lazy\" role=\"img\"><noscript><img decoding=\"async\" srcset=\"https:\/\/www.mobellinea.com\/wp-content\/uploads\/2025\/11\/lok_d_1.jpg ,https:\/\/www.mobellinea.com\/wp-content\/uploads\/2025\/11\/lok_d_1.jpg 780w, https:\/\/www.mobellinea.com\/wp-content\/uploads\/2025\/11\/lok_d_1.jpg 360w\" sizes=\"auto, (max-width: 480px) 150px\" src=\"https:\/\/www.mobellinea.com\/wp-content\/uploads\/2025\/11\/lok_d_1.jpg\" alt=\"\" class=\"uag-image-2666 lazyload\" width=\"563\" height=\"697\" title=\"lok_d_1\" loading=\"lazy\" role=\"img\"><\/noscript><\/figure><\/div>\n\n\n\n<div class=\"wp-block-buttons is-content-justification-center is-layout-flex wp-container-core-buttons-is-layout-1ee1f49e wp-block-buttons-is-layout-flex\">\n<div class=\"wp-block-button\"><a class=\"wp-block-button__link wp-element-button\" href=\"https:\/\/www.mobellinea.com\/fr\/produit\/rangement\/casiers\/lok\/\">lok<\/a><\/div>\n<\/div>\n<\/div>\n\n\n\n<div class=\"wp-block-uagb-container uagb-block-1cfc0d22\">\n<div class=\"wp-block-uagb-image uagb-block-0e0809ca wp-block-uagb-image--layout-default wp-block-uagb-image--effect-static wp-block-uagb-image--align-none\"><figure class=\"wp-block-uagb-image__figure\"><img decoding=\"async\" data-srcset=\"https:\/\/www.mobellinea.com\/wp-content\/uploads\/2025\/11\/olive_d_1-1.jpg ,https:\/\/www.mobellinea.com\/wp-content\/uploads\/2025\/11\/olive_d_1-1.jpg 780w, https:\/\/www.mobellinea.com\/wp-content\/uploads\/2025\/11\/olive_d_1-1.jpg 360w\" sizes=\"auto, (max-width: 480px) 150px\" src=\"data:image\/gif;base64,R0lGODlhAQABAIAAAAAAAP\/\/\/yH5BAEAAAAALAAAAAABAAEAAAIBRAA7\" data-src=\"https:\/\/www.mobellinea.com\/wp-content\/uploads\/2025\/11\/olive_d_1-1.jpg\" alt=\"\" class=\"uag-image-1571 lazyload\" width=\"563\" height=\"697\" title=\"olive_d_1\" loading=\"lazy\" role=\"img\"><noscript><img decoding=\"async\" srcset=\"https:\/\/www.mobellinea.com\/wp-content\/uploads\/2025\/11\/olive_d_1-1.jpg ,https:\/\/www.mobellinea.com\/wp-content\/uploads\/2025\/11\/olive_d_1-1.jpg 780w, https:\/\/www.mobellinea.com\/wp-content\/uploads\/2025\/11\/olive_d_1-1.jpg 360w\" sizes=\"auto, (max-width: 480px) 150px\" src=\"https:\/\/www.mobellinea.com\/wp-content\/uploads\/2025\/11\/olive_d_1-1.jpg\" alt=\"\" class=\"uag-image-1571 lazyload\" width=\"563\" height=\"697\" title=\"olive_d_1\" loading=\"lazy\" role=\"img\"><\/noscript><\/figure><\/div>\n\n\n\n<div class=\"wp-block-buttons is-content-justification-center is-layout-flex wp-container-core-buttons-is-layout-1ee1f49e wp-block-buttons-is-layout-flex\">\n<div class=\"wp-block-button\"><a class=\"wp-block-button__link wp-element-button\" href=\"https:\/\/www.mobellinea.com\/fr\/produit\/collections\/mobel-sit\/olive\/\">olive<\/a><\/div>\n<\/div>\n<\/div>\n\n\n\n<div class=\"wp-block-uagb-container uagb-block-05876981\">\n<div class=\"wp-block-uagb-image uagb-block-c3917d84 wp-block-uagb-image--layout-default wp-block-uagb-image--effect-static wp-block-uagb-image--align-none\"><figure class=\"wp-block-uagb-image__figure\"><img decoding=\"async\" data-srcset=\"https:\/\/www.mobellinea.com\/wp-content\/uploads\/2025\/11\/levita_d_coleccion-ms.jpg ,https:\/\/www.mobellinea.com\/wp-content\/uploads\/2025\/11\/levita_d_coleccion-ms.jpg 780w, https:\/\/www.mobellinea.com\/wp-content\/uploads\/2025\/11\/levita_d_coleccion-ms.jpg 360w\" sizes=\"auto, (max-width: 480px) 150px\" src=\"data:image\/gif;base64,R0lGODlhAQABAIAAAAAAAP\/\/\/yH5BAEAAAAALAAAAAABAAEAAAIBRAA7\" data-src=\"https:\/\/www.mobellinea.com\/wp-content\/uploads\/2025\/11\/levita_d_coleccion-ms.jpg\" alt=\"\" class=\"uag-image-13437 lazyload\" width=\"563\" height=\"697\" title=\"levita_d_coleccion ms\" loading=\"lazy\" role=\"img\"><noscript><img decoding=\"async\" srcset=\"https:\/\/www.mobellinea.com\/wp-content\/uploads\/2025\/11\/levita_d_coleccion-ms.jpg ,https:\/\/www.mobellinea.com\/wp-content\/uploads\/2025\/11\/levita_d_coleccion-ms.jpg 780w, https:\/\/www.mobellinea.com\/wp-content\/uploads\/2025\/11\/levita_d_coleccion-ms.jpg 360w\" sizes=\"auto, (max-width: 480px) 150px\" src=\"https:\/\/www.mobellinea.com\/wp-content\/uploads\/2025\/11\/levita_d_coleccion-ms.jpg\" alt=\"\" class=\"uag-image-13437 lazyload\" width=\"563\" height=\"697\" title=\"levita_d_coleccion ms\" loading=\"lazy\" role=\"img\"><\/noscript><\/figure><\/div>\n\n\n\n<div class=\"wp-block-buttons is-content-justification-center is-layout-flex wp-container-core-buttons-is-layout-1ee1f49e wp-block-buttons-is-layout-flex\">\n<div class=\"wp-block-button\"><a class=\"wp-block-button__link wp-element-button\" href=\"https:\/\/www.mobellinea.com\/fr\/produit\/sieges\/collection-mobel-sit\/levita\/\">levita<\/a><\/div>\n<\/div>\n<\/div>\n\n\n\n<div class=\"wp-block-uagb-container uagb-block-04e604a8\">\n<div class=\"wp-block-uagb-image uagb-block-38cfc74a wp-block-uagb-image--layout-default wp-block-uagb-image--effect-static wp-block-uagb-image--align-none\"><figure class=\"wp-block-uagb-image__figure\"><img decoding=\"async\" data-srcset=\"https:\/\/www.mobellinea.com\/wp-content\/uploads\/2025\/11\/weekly_meet_d_1.jpg ,https:\/\/www.mobellinea.com\/wp-content\/uploads\/2025\/11\/weekly_meet_d_1.jpg 780w, https:\/\/www.mobellinea.com\/wp-content\/uploads\/2025\/11\/weekly_meet_d_1.jpg 360w\" sizes=\"auto, (max-width: 480px) 150px\" src=\"data:image\/gif;base64,R0lGODlhAQABAIAAAAAAAP\/\/\/yH5BAEAAAAALAAAAAABAAEAAAIBRAA7\" data-src=\"https:\/\/www.mobellinea.com\/wp-content\/uploads\/2025\/11\/weekly_meet_d_1.jpg\" alt=\"\" class=\"uag-image-1628 lazyload\" width=\"563\" height=\"697\" title=\"weekly_meet_d_1\" loading=\"lazy\" role=\"img\"><noscript><img decoding=\"async\" srcset=\"https:\/\/www.mobellinea.com\/wp-content\/uploads\/2025\/11\/weekly_meet_d_1.jpg ,https:\/\/www.mobellinea.com\/wp-content\/uploads\/2025\/11\/weekly_meet_d_1.jpg 780w, https:\/\/www.mobellinea.com\/wp-content\/uploads\/2025\/11\/weekly_meet_d_1.jpg 360w\" sizes=\"auto, (max-width: 480px) 150px\" src=\"https:\/\/www.mobellinea.com\/wp-content\/uploads\/2025\/11\/weekly_meet_d_1.jpg\" alt=\"\" class=\"uag-image-1628 lazyload\" width=\"563\" height=\"697\" title=\"weekly_meet_d_1\" loading=\"lazy\" role=\"img\"><\/noscript><\/figure><\/div>\n\n\n\n<div class=\"wp-block-buttons is-content-justification-center is-layout-flex wp-container-core-buttons-is-layout-1ee1f49e wp-block-buttons-is-layout-flex\">\n<div class=\"wp-block-button\"><a class=\"wp-block-button__link wp-element-button\" href=\"https:\/\/www.mobellinea.com\/fr\/produit\/collections\/weekly-meet\/\">weekly meet<\/a><\/div>\n<\/div>\n<\/div>\n<\/div><\/div>\n\n<div class=\"wp-block-uagb-container uagb-block-8491c2e2 alignfull uagb-is-root-container\"><div class=\"uagb-container-inner-blocks-wrap\">\n<div class=\"wp-block-uagb-container uagb-block-9d7d93a5\">\n<div class=\"wp-block-uagb-image uagb-block-d091e7e7 wp-block-uagb-image--layout-default wp-block-uagb-image--effect-static wp-block-uagb-image--align-none\"><figure class=\"wp-block-uagb-image__figure\"><img decoding=\"async\" data-srcset=\"https:\/\/www.mobellinea.com\/wp-content\/uploads\/2025\/11\/push_sofa_d_1.jpg ,https:\/\/www.mobellinea.com\/wp-content\/uploads\/2025\/11\/push_sofa_d_1.jpg 780w, https:\/\/www.mobellinea.com\/wp-content\/uploads\/2025\/11\/push_sofa_d_1.jpg 360w\" sizes=\"auto, (max-width: 480px) 150px\" src=\"data:image\/gif;base64,R0lGODlhAQABAIAAAAAAAP\/\/\/yH5BAEAAAAALAAAAAABAAEAAAIBRAA7\" data-src=\"https:\/\/www.mobellinea.com\/wp-content\/uploads\/2025\/11\/push_sofa_d_1.jpg\" alt=\"\" class=\"uag-image-667 lazyload\" width=\"563\" height=\"697\" title=\"push_sofa_d_1\" loading=\"lazy\" role=\"img\"><noscript><img decoding=\"async\" srcset=\"https:\/\/www.mobellinea.com\/wp-content\/uploads\/2025\/11\/push_sofa_d_1.jpg ,https:\/\/www.mobellinea.com\/wp-content\/uploads\/2025\/11\/push_sofa_d_1.jpg 780w, https:\/\/www.mobellinea.com\/wp-content\/uploads\/2025\/11\/push_sofa_d_1.jpg 360w\" sizes=\"auto, (max-width: 480px) 150px\" src=\"https:\/\/www.mobellinea.com\/wp-content\/uploads\/2025\/11\/push_sofa_d_1.jpg\" alt=\"\" class=\"uag-image-667 lazyload\" width=\"563\" height=\"697\" title=\"push_sofa_d_1\" loading=\"lazy\" role=\"img\"><\/noscript><\/figure><\/div>\n\n\n\n<div class=\"wp-block-buttons is-content-justification-center is-layout-flex wp-container-core-buttons-is-layout-1ee1f49e wp-block-buttons-is-layout-flex\">\n<div class=\"wp-block-button\"><a class=\"wp-block-button__link wp-element-button\" href=\"https:\/\/www.mobellinea.com\/fr\/produit\/soft-seating\/canapes\/push-2\/\">push<\/a><\/div>\n<\/div>\n<\/div>\n\n\n\n<div class=\"wp-block-uagb-container uagb-block-3fd8d655\">\n<div class=\"wp-block-uagb-image uagb-block-665db7dd wp-block-uagb-image--layout-default wp-block-uagb-image--effect-static wp-block-uagb-image--align-none\"><figure class=\"wp-block-uagb-image__figure\"><img decoding=\"async\" data-srcset=\"https:\/\/www.mobellinea.com\/wp-content\/uploads\/2025\/11\/bros_d_1.jpg ,https:\/\/www.mobellinea.com\/wp-content\/uploads\/2025\/11\/bros_d_1.jpg 780w, https:\/\/www.mobellinea.com\/wp-content\/uploads\/2025\/11\/bros_d_1.jpg 360w\" sizes=\"auto, (max-width: 480px) 150px\" src=\"data:image\/gif;base64,R0lGODlhAQABAIAAAAAAAP\/\/\/yH5BAEAAAAALAAAAAABAAEAAAIBRAA7\" data-src=\"https:\/\/www.mobellinea.com\/wp-content\/uploads\/2025\/11\/bros_d_1.jpg\" alt=\"\" class=\"uag-image-1920 lazyload\" width=\"563\" height=\"697\" title=\"bros_d_1\" loading=\"lazy\" role=\"img\"><noscript><img decoding=\"async\" srcset=\"https:\/\/www.mobellinea.com\/wp-content\/uploads\/2025\/11\/bros_d_1.jpg ,https:\/\/www.mobellinea.com\/wp-content\/uploads\/2025\/11\/bros_d_1.jpg 780w, https:\/\/www.mobellinea.com\/wp-content\/uploads\/2025\/11\/bros_d_1.jpg 360w\" sizes=\"auto, (max-width: 480px) 150px\" src=\"https:\/\/www.mobellinea.com\/wp-content\/uploads\/2025\/11\/bros_d_1.jpg\" alt=\"\" class=\"uag-image-1920 lazyload\" width=\"563\" height=\"697\" title=\"bros_d_1\" loading=\"lazy\" role=\"img\"><\/noscript><\/figure><\/div>\n\n\n\n<div class=\"wp-block-buttons is-content-justification-center is-layout-flex wp-container-core-buttons-is-layout-1ee1f49e wp-block-buttons-is-layout-flex\">\n<div class=\"wp-block-button\"><a class=\"wp-block-button__link wp-element-button\" href=\"https:\/\/www.mobellinea.com\/fr\/produit\/tables\/tables-dappoint-et-basses\/bros-4\/\">bros<\/a><\/div>\n<\/div>\n<\/div>\n\n\n\n<div class=\"wp-block-uagb-container uagb-block-e90b3ceb\">\n<div class=\"wp-block-uagb-image uagb-block-0f0ace0b wp-block-uagb-image--layout-default wp-block-uagb-image--effect-static wp-block-uagb-image--align-none\"><figure class=\"wp-block-uagb-image__figure\"><img decoding=\"async\" data-srcset=\"https:\/\/www.mobellinea.com\/wp-content\/uploads\/2025\/11\/domus_mesa_d.jpg ,https:\/\/www.mobellinea.com\/wp-content\/uploads\/2025\/11\/domus_mesa_d.jpg 780w, https:\/\/www.mobellinea.com\/wp-content\/uploads\/2025\/11\/domus_mesa_d.jpg 360w\" sizes=\"auto, (max-width: 480px) 150px\" src=\"data:image\/gif;base64,R0lGODlhAQABAIAAAAAAAP\/\/\/yH5BAEAAAAALAAAAAABAAEAAAIBRAA7\" data-src=\"https:\/\/www.mobellinea.com\/wp-content\/uploads\/2025\/11\/domus_mesa_d.jpg\" alt=\"\" class=\"uag-image-4378 lazyload\" width=\"563\" height=\"697\" title=\"domus_mesa_d\" loading=\"lazy\" role=\"img\"><noscript><img decoding=\"async\" srcset=\"https:\/\/www.mobellinea.com\/wp-content\/uploads\/2025\/11\/domus_mesa_d.jpg ,https:\/\/www.mobellinea.com\/wp-content\/uploads\/2025\/11\/domus_mesa_d.jpg 780w, https:\/\/www.mobellinea.com\/wp-content\/uploads\/2025\/11\/domus_mesa_d.jpg 360w\" sizes=\"auto, (max-width: 480px) 150px\" src=\"https:\/\/www.mobellinea.com\/wp-content\/uploads\/2025\/11\/domus_mesa_d.jpg\" alt=\"\" class=\"uag-image-4378 lazyload\" width=\"563\" height=\"697\" title=\"domus_mesa_d\" loading=\"lazy\" role=\"img\"><\/noscript><\/figure><\/div>\n\n\n\n<div class=\"wp-block-buttons is-content-justification-center is-layout-flex wp-container-core-buttons-is-layout-1ee1f49e wp-block-buttons-is-layout-flex\">\n<div class=\"wp-block-button\"><a class=\"wp-block-button__link wp-element-button\" href=\"https:\/\/www.mobellinea.com\/fr\/produit\/tables\/tables-dappoint-et-basses\/domus\/\">domus<\/a><\/div>\n<\/div>\n<\/div>\n\n\n\n<div class=\"wp-block-uagb-container uagb-block-8ab8cee7\">\n<div class=\"wp-block-uagb-image uagb-block-1466e14a wp-block-uagb-image--layout-default wp-block-uagb-image--effect-static wp-block-uagb-image--align-none\"><figure class=\"wp-block-uagb-image__figure\"><img decoding=\"async\" data-srcset=\"https:\/\/www.mobellinea.com\/wp-content\/uploads\/2025\/11\/esmou_trolley_d_1.jpg ,https:\/\/www.mobellinea.com\/wp-content\/uploads\/2025\/11\/esmou_trolley_d_1.jpg 780w, https:\/\/www.mobellinea.com\/wp-content\/uploads\/2025\/11\/esmou_trolley_d_1.jpg 360w\" sizes=\"auto, (max-width: 480px) 150px\" src=\"data:image\/gif;base64,R0lGODlhAQABAIAAAAAAAP\/\/\/yH5BAEAAAAALAAAAAABAAEAAAIBRAA7\" data-src=\"https:\/\/www.mobellinea.com\/wp-content\/uploads\/2025\/11\/esmou_trolley_d_1.jpg\" alt=\"\" class=\"uag-image-2050 lazyload\" width=\"563\" height=\"697\" title=\"esmou_trolley_d_1\" loading=\"lazy\" role=\"img\"><noscript><img decoding=\"async\" srcset=\"https:\/\/www.mobellinea.com\/wp-content\/uploads\/2025\/11\/esmou_trolley_d_1.jpg ,https:\/\/www.mobellinea.com\/wp-content\/uploads\/2025\/11\/esmou_trolley_d_1.jpg 780w, https:\/\/www.mobellinea.com\/wp-content\/uploads\/2025\/11\/esmou_trolley_d_1.jpg 360w\" sizes=\"auto, (max-width: 480px) 150px\" src=\"https:\/\/www.mobellinea.com\/wp-content\/uploads\/2025\/11\/esmou_trolley_d_1.jpg\" alt=\"\" class=\"uag-image-2050 lazyload\" width=\"563\" height=\"697\" title=\"esmou_trolley_d_1\" loading=\"lazy\" role=\"img\"><\/noscript><\/figure><\/div>\n\n\n\n<div class=\"wp-block-buttons is-content-justification-center is-layout-flex wp-container-core-buttons-is-layout-1ee1f49e wp-block-buttons-is-layout-flex\">\n<div class=\"wp-block-button\"><a class=\"wp-block-button__link wp-element-button\" href=\"https:\/\/www.mobellinea.com\/fr\/produit\/rangement\/chariots\/esmou-trolley\/\">esmou trolley M<\/a><\/div>\n<\/div>\n<\/div>\n<\/div><\/div>\n\n<div class=\"wp-block-uagb-container uagb-block-ed170d3e alignfull uagb-is-root-container\"><div class=\"uagb-container-inner-blocks-wrap\">\n<div class=\"wp-block-uagb-container uagb-block-99f14334\">\n<div class=\"wp-block-uagb-image uagb-block-f9a19bf6 wp-block-uagb-image--layout-default wp-block-uagb-image--effect-static wp-block-uagb-image--align-none\"><figure class=\"wp-block-uagb-image__figure\"><img decoding=\"async\" data-srcset=\"https:\/\/www.mobellinea.com\/wp-content\/uploads\/2025\/11\/rol_alta_d_1.jpg ,https:\/\/www.mobellinea.com\/wp-content\/uploads\/2025\/11\/rol_alta_d_1.jpg 780w, https:\/\/www.mobellinea.com\/wp-content\/uploads\/2025\/11\/rol_alta_d_1.jpg 360w\" sizes=\"auto, (max-width: 480px) 150px\" src=\"data:image\/gif;base64,R0lGODlhAQABAIAAAAAAAP\/\/\/yH5BAEAAAAALAAAAAABAAEAAAIBRAA7\" data-src=\"https:\/\/www.mobellinea.com\/wp-content\/uploads\/2025\/11\/rol_alta_d_1.jpg\" alt=\"\" class=\"uag-image-2130 lazyload\" width=\"563\" height=\"697\" title=\"rol_alta_d_1\" loading=\"lazy\" role=\"img\"><noscript><img decoding=\"async\" srcset=\"https:\/\/www.mobellinea.com\/wp-content\/uploads\/2025\/11\/rol_alta_d_1.jpg ,https:\/\/www.mobellinea.com\/wp-content\/uploads\/2025\/11\/rol_alta_d_1.jpg 780w, https:\/\/www.mobellinea.com\/wp-content\/uploads\/2025\/11\/rol_alta_d_1.jpg 360w\" sizes=\"auto, (max-width: 480px) 150px\" src=\"https:\/\/www.mobellinea.com\/wp-content\/uploads\/2025\/11\/rol_alta_d_1.jpg\" alt=\"\" class=\"uag-image-2130 lazyload\" width=\"563\" height=\"697\" title=\"rol_alta_d_1\" loading=\"lazy\" role=\"img\"><\/noscript><\/figure><\/div>\n\n\n\n<div class=\"wp-block-buttons is-content-justification-center is-layout-flex wp-container-core-buttons-is-layout-1ee1f49e wp-block-buttons-is-layout-flex\">\n<div class=\"wp-block-button\"><a class=\"wp-block-button__link wp-element-button\" href=\"https:\/\/www.mobellinea.com\/fr\/produit\/tables\/hautes\/rol-3\/\">rol<\/a><\/div>\n<\/div>\n<\/div>\n\n\n\n<div class=\"wp-block-uagb-container uagb-block-9e7873f3\">\n<div class=\"wp-block-uagb-image uagb-block-41319ba5 wp-block-uagb-image--layout-default wp-block-uagb-image--effect-static wp-block-uagb-image--align-none\"><figure class=\"wp-block-uagb-image__figure\"><img decoding=\"async\" data-srcset=\"https:\/\/www.mobellinea.com\/wp-content\/uploads\/2025\/11\/mokka_tall_d_1.jpg ,https:\/\/www.mobellinea.com\/wp-content\/uploads\/2025\/11\/mokka_tall_d_1.jpg 780w, https:\/\/www.mobellinea.com\/wp-content\/uploads\/2025\/11\/mokka_tall_d_1.jpg 360w\" sizes=\"auto, (max-width: 480px) 150px\" src=\"data:image\/gif;base64,R0lGODlhAQABAIAAAAAAAP\/\/\/yH5BAEAAAAALAAAAAABAAEAAAIBRAA7\" data-src=\"https:\/\/www.mobellinea.com\/wp-content\/uploads\/2025\/11\/mokka_tall_d_1.jpg\" alt=\"\" class=\"uag-image-904 lazyload\" width=\"563\" height=\"697\" title=\"\" loading=\"lazy\" role=\"img\"><noscript><img decoding=\"async\" srcset=\"https:\/\/www.mobellinea.com\/wp-content\/uploads\/2025\/11\/mokka_tall_d_1.jpg ,https:\/\/www.mobellinea.com\/wp-content\/uploads\/2025\/11\/mokka_tall_d_1.jpg 780w, https:\/\/www.mobellinea.com\/wp-content\/uploads\/2025\/11\/mokka_tall_d_1.jpg 360w\" sizes=\"auto, (max-width: 480px) 150px\" src=\"https:\/\/www.mobellinea.com\/wp-content\/uploads\/2025\/11\/mokka_tall_d_1.jpg\" alt=\"\" class=\"uag-image-904 lazyload\" width=\"563\" height=\"697\" title=\"\" loading=\"lazy\" role=\"img\"><\/noscript><\/figure><\/div>\n\n\n\n<div class=\"wp-block-buttons is-content-justification-center is-layout-flex wp-container-core-buttons-is-layout-1ee1f49e wp-block-buttons-is-layout-flex\">\n<div class=\"wp-block-button\"><a class=\"wp-block-button__link wp-element-button\" href=\"https:\/\/www.mobellinea.com\/fr\/produit\/sieges\/auxiliaires-et-cafeteria\/mokka-tall\/\">mokka tall<\/a><\/div>\n<\/div>\n<\/div>\n\n\n\n<div class=\"wp-block-uagb-container uagb-block-9edf60cb\">\n<div class=\"wp-block-uagb-image uagb-block-07b6dcfa wp-block-uagb-image--layout-default wp-block-uagb-image--effect-static wp-block-uagb-image--align-none\"><figure class=\"wp-block-uagb-image__figure\"><img decoding=\"async\" data-srcset=\"https:\/\/www.mobellinea.com\/wp-content\/uploads\/2025\/11\/domus_l_d_1-1.jpg ,https:\/\/www.mobellinea.com\/wp-content\/uploads\/2025\/11\/domus_l_d_1-1.jpg 780w, https:\/\/www.mobellinea.com\/wp-content\/uploads\/2025\/11\/domus_l_d_1-1.jpg 360w\" sizes=\"auto, (max-width: 480px) 150px\" src=\"data:image\/gif;base64,R0lGODlhAQABAIAAAAAAAP\/\/\/yH5BAEAAAAALAAAAAABAAEAAAIBRAA7\" data-src=\"https:\/\/www.mobellinea.com\/wp-content\/uploads\/2025\/11\/domus_l_d_1-1.jpg\" alt=\"\" class=\"uag-image-1415 lazyload\" width=\"563\" height=\"697\" title=\"domus_l_d_1\" loading=\"lazy\" role=\"img\"><noscript><img decoding=\"async\" srcset=\"https:\/\/www.mobellinea.com\/wp-content\/uploads\/2025\/11\/domus_l_d_1-1.jpg ,https:\/\/www.mobellinea.com\/wp-content\/uploads\/2025\/11\/domus_l_d_1-1.jpg 780w, https:\/\/www.mobellinea.com\/wp-content\/uploads\/2025\/11\/domus_l_d_1-1.jpg 360w\" sizes=\"auto, (max-width: 480px) 150px\" src=\"https:\/\/www.mobellinea.com\/wp-content\/uploads\/2025\/11\/domus_l_d_1-1.jpg\" alt=\"\" class=\"uag-image-1415 lazyload\" width=\"563\" height=\"697\" title=\"domus_l_d_1\" loading=\"lazy\" role=\"img\"><\/noscript><\/figure><\/div>\n\n\n\n<div class=\"wp-block-buttons is-content-justification-center is-layout-flex wp-container-core-buttons-is-layout-1ee1f49e wp-block-buttons-is-layout-flex\">\n<div class=\"wp-block-button\"><a class=\"wp-block-button__link wp-element-button\" href=\"https:\/\/www.mobellinea.com\/fr\/produit\/solutions-acoustiques\/cabines-acoustiques\/domus-l\/\">domus L<\/a><\/div>\n<\/div>\n<\/div>\n\n\n\n<div class=\"wp-block-uagb-container uagb-block-10e1eb91\"><\/div>\n<\/div><\/div>\n\n<p class=\"wp-block-paragraph\"><\/p>\n","protected":false},"excerpt":{"rendered":"<p>Du 24 au 26 mars 2026, Mobel Linea revient \u00e0 Paris pour participer \u00e0 Workspace Expo, le salon international de r\u00e9f\u00e9rence pour le mobilier de bureau et la conception d&rsquo;espaces de travail. Un \u00e9v\u00e9nement qui rassemble chaque ann\u00e9e plus de 20 000 visiteurs professionnels et plus de 300 exposants, s\u2019imposant comme une opportunit\u00e9 majeure pour [&hellip;]<\/p>\n","protected":false},"author":8,"featured_media":19025,"comment_status":"closed","ping_status":"closed","sticky":false,"template":"","format":"standard","meta":{"_acf_changed":false,"_uag_custom_page_level_css":"","footnotes":""},"categories":[372,357],"tags":[],"class_list":["post-18705","post","type-post","status-publish","format-standard","has-post-thumbnail","hentry","category-evenements","category-nouvelles"],"acf":[],"yoast_head":"<!-- This site is optimized with the Yoast SEO Premium plugin v26.6 (Yoast SEO v27.6) - https:\/\/yoast.com\/product\/yoast-seo-premium-wordpress\/ -->\n<title>Mobel Linea \u00e0 Workspace Expo Paris 2026 - Nous concevons vos environnements - Mobellinea<\/title>\n<meta name=\"description\" content=\"Du 24 au 26 mars 2026, Mobel Linea revient \u00e0 Paris pour participer \u00e0 Workspace Expo, le salon international de r\u00e9f\u00e9rence pour le mobilier de bureau et la\" \/>\n<meta name=\"robots\" content=\"index, follow, max-snippet:-1, max-image-preview:large, max-video-preview:-1\" \/>\n<link rel=\"canonical\" href=\"https:\/\/www.mobellinea.com\/fr\/mobel-linea-a-workspace-expo-paris-2026-nous-creons-des-environnements\/\" \/>\n<meta property=\"og:locale\" content=\"fr_FR\" \/>\n<meta property=\"og:type\" content=\"article\" \/>\n<meta property=\"og:title\" content=\"Mobel Linea \u00e0 Workspace Expo Paris 2026 - Nous concevons vos environnements\" \/>\n<meta property=\"og:description\" content=\"Du 24 au 26 mars 2026, Mobel Linea revient \u00e0 Paris pour participer \u00e0 Workspace Expo, le salon international de r\u00e9f\u00e9rence pour le mobilier de bureau et la\" \/>\n<meta property=\"og:url\" content=\"https:\/\/www.mobellinea.com\/fr\/mobel-linea-a-workspace-expo-paris-2026-nous-creons-des-environnements\/\" \/>\n<meta property=\"og:site_name\" content=\"Mobellinea\" \/>\n<meta property=\"article:publisher\" content=\"https:\/\/www.facebook.com\/mobellineasl\" \/>\n<meta property=\"article:published_time\" content=\"2026-03-25T14:51:12+00:00\" \/>\n<meta property=\"article:modified_time\" content=\"2026-03-27T09:33:36+00:00\" \/>\n<meta property=\"og:image\" content=\"https:\/\/www.mobellinea.com\/wp-content\/uploads\/2026\/03\/0241855-scaled.jpg\" \/>\n\t<meta property=\"og:image:width\" content=\"1707\" \/>\n\t<meta property=\"og:image:height\" content=\"2560\" \/>\n\t<meta property=\"og:image:type\" content=\"image\/jpeg\" \/>\n<meta name=\"author\" content=\"Anna\" \/>\n<meta name=\"twitter:card\" content=\"summary_large_image\" \/>\n<meta name=\"twitter:label1\" content=\"\u00c9crit par\" \/>\n\t<meta name=\"twitter:data1\" content=\"Anna\" \/>\n\t<meta name=\"twitter:label2\" content=\"Dur\u00e9e de lecture estim\u00e9e\" \/>\n\t<meta name=\"twitter:data2\" content=\"3 minutes\" \/>\n<script type=\"application\/ld+json\" class=\"yoast-schema-graph\">{\"@context\":\"https:\\\/\\\/schema.org\",\"@graph\":[{\"@type\":\"Article\",\"@id\":\"https:\\\/\\\/www.mobellinea.com\\\/fr\\\/mobel-linea-a-workspace-expo-paris-2026-nous-creons-des-environnements\\\/#article\",\"isPartOf\":{\"@id\":\"https:\\\/\\\/www.mobellinea.com\\\/fr\\\/mobel-linea-a-workspace-expo-paris-2026-nous-creons-des-environnements\\\/\"},\"author\":{\"name\":\"Anna\",\"@id\":\"https:\\\/\\\/mobellinea.com\\\/en\\\/#\\\/schema\\\/person\\\/518e40fa1dcd8c2ef7106c7561ae3ddb\"},\"headline\":\"Mobel Linea \u00e0 Workspace Expo Paris 2026 &#8211; Nous concevons vos environnements\",\"datePublished\":\"2026-03-25T14:51:12+00:00\",\"dateModified\":\"2026-03-27T09:33:36+00:00\",\"mainEntityOfPage\":{\"@id\":\"https:\\\/\\\/www.mobellinea.com\\\/fr\\\/mobel-linea-a-workspace-expo-paris-2026-nous-creons-des-environnements\\\/\"},\"wordCount\":692,\"image\":{\"@id\":\"https:\\\/\\\/www.mobellinea.com\\\/fr\\\/mobel-linea-a-workspace-expo-paris-2026-nous-creons-des-environnements\\\/#primaryimage\"},\"thumbnailUrl\":\"https:\\\/\\\/www.mobellinea.com\\\/wp-content\\\/uploads\\\/2026\\\/03\\\/0241855-scaled.jpg\",\"articleSection\":[\"\u00c9v\u00e9nements\",\"Nouvelles\"],\"inLanguage\":\"fr-FR\"},{\"@type\":\"WebPage\",\"@id\":\"https:\\\/\\\/www.mobellinea.com\\\/fr\\\/mobel-linea-a-workspace-expo-paris-2026-nous-creons-des-environnements\\\/\",\"url\":\"https:\\\/\\\/www.mobellinea.com\\\/fr\\\/mobel-linea-a-workspace-expo-paris-2026-nous-creons-des-environnements\\\/\",\"name\":\"Mobel Linea \u00e0 Workspace Expo Paris 2026 - Nous concevons vos environnements - Mobellinea\",\"isPartOf\":{\"@id\":\"https:\\\/\\\/mobellinea.com\\\/en\\\/#website\"},\"primaryImageOfPage\":{\"@id\":\"https:\\\/\\\/www.mobellinea.com\\\/fr\\\/mobel-linea-a-workspace-expo-paris-2026-nous-creons-des-environnements\\\/#primaryimage\"},\"image\":{\"@id\":\"https:\\\/\\\/www.mobellinea.com\\\/fr\\\/mobel-linea-a-workspace-expo-paris-2026-nous-creons-des-environnements\\\/#primaryimage\"},\"thumbnailUrl\":\"https:\\\/\\\/www.mobellinea.com\\\/wp-content\\\/uploads\\\/2026\\\/03\\\/0241855-scaled.jpg\",\"datePublished\":\"2026-03-25T14:51:12+00:00\",\"dateModified\":\"2026-03-27T09:33:36+00:00\",\"author\":{\"@id\":\"https:\\\/\\\/mobellinea.com\\\/en\\\/#\\\/schema\\\/person\\\/518e40fa1dcd8c2ef7106c7561ae3ddb\"},\"description\":\"Du 24 au 26 mars 2026, Mobel Linea revient \u00e0 Paris pour participer \u00e0 Workspace Expo, le salon international de r\u00e9f\u00e9rence pour le mobilier de bureau et la\",\"breadcrumb\":{\"@id\":\"https:\\\/\\\/www.mobellinea.com\\\/fr\\\/mobel-linea-a-workspace-expo-paris-2026-nous-creons-des-environnements\\\/#breadcrumb\"},\"inLanguage\":\"fr-FR\",\"potentialAction\":[{\"@type\":\"ReadAction\",\"target\":[\"https:\\\/\\\/www.mobellinea.com\\\/fr\\\/mobel-linea-a-workspace-expo-paris-2026-nous-creons-des-environnements\\\/\"]}]},{\"@type\":\"ImageObject\",\"inLanguage\":\"fr-FR\",\"@id\":\"https:\\\/\\\/www.mobellinea.com\\\/fr\\\/mobel-linea-a-workspace-expo-paris-2026-nous-creons-des-environnements\\\/#primaryimage\",\"url\":\"https:\\\/\\\/www.mobellinea.com\\\/wp-content\\\/uploads\\\/2026\\\/03\\\/0241855-scaled.jpg\",\"contentUrl\":\"https:\\\/\\\/www.mobellinea.com\\\/wp-content\\\/uploads\\\/2026\\\/03\\\/0241855-scaled.jpg\",\"width\":1707,\"height\":2560},{\"@type\":\"BreadcrumbList\",\"@id\":\"https:\\\/\\\/www.mobellinea.com\\\/fr\\\/mobel-linea-a-workspace-expo-paris-2026-nous-creons-des-environnements\\\/#breadcrumb\",\"itemListElement\":[{\"@type\":\"ListItem\",\"position\":1,\"name\":\"Home\",\"item\":\"https:\\\/\\\/www.mobellinea.com\\\/fr\\\/accueil\\\/\"},{\"@type\":\"ListItem\",\"position\":2,\"name\":\"Nouvelles\",\"item\":\"https:\\\/\\\/www.mobellinea.com\\\/fr\\\/category\\\/nouvelles\\\/\"},{\"@type\":\"ListItem\",\"position\":3,\"name\":\"Mobel Linea \u00e0 Workspace Expo Paris 2026 &#8211; Nous concevons vos environnements\"}]},{\"@type\":\"WebSite\",\"@id\":\"https:\\\/\\\/mobellinea.com\\\/en\\\/#website\",\"url\":\"https:\\\/\\\/mobellinea.com\\\/en\\\/\",\"name\":\"MobelLinea\",\"description\":\"Dise\u00f1amos y fabricamos soluciones de mobiliario para oficinas y espacios colectivos. Creamos entornos honestos, funcionales y humanos, pensados para mejorar la vida de las personas\",\"alternateName\":\"Mobel Linea\",\"potentialAction\":[{\"@type\":\"SearchAction\",\"target\":{\"@type\":\"EntryPoint\",\"urlTemplate\":\"https:\\\/\\\/mobellinea.com\\\/en\\\/?s={search_term_string}\"},\"query-input\":{\"@type\":\"PropertyValueSpecification\",\"valueRequired\":true,\"valueName\":\"search_term_string\"}}],\"inLanguage\":\"fr-FR\"},{\"@type\":\"Person\",\"@id\":\"https:\\\/\\\/mobellinea.com\\\/en\\\/#\\\/schema\\\/person\\\/518e40fa1dcd8c2ef7106c7561ae3ddb\",\"name\":\"Anna\",\"image\":{\"@type\":\"ImageObject\",\"inLanguage\":\"fr-FR\",\"@id\":\"https:\\\/\\\/secure.gravatar.com\\\/avatar\\\/8adc17f1354e8252029a3205a793c695de1d4150636fd00a689f76f96e8a4c98?s=96&d=mm&r=g\",\"url\":\"https:\\\/\\\/secure.gravatar.com\\\/avatar\\\/8adc17f1354e8252029a3205a793c695de1d4150636fd00a689f76f96e8a4c98?s=96&d=mm&r=g\",\"contentUrl\":\"https:\\\/\\\/secure.gravatar.com\\\/avatar\\\/8adc17f1354e8252029a3205a793c695de1d4150636fd00a689f76f96e8a4c98?s=96&d=mm&r=g\",\"caption\":\"Anna\"}}]}<\/script>\n<!-- \/ Yoast SEO Premium plugin. -->","yoast_head_json":{"title":"Mobel Linea \u00e0 Workspace Expo Paris 2026 - Nous concevons vos environnements - Mobellinea","description":"Du 24 au 26 mars 2026, Mobel Linea revient \u00e0 Paris pour participer \u00e0 Workspace Expo, le salon international de r\u00e9f\u00e9rence pour le mobilier de bureau et la","robots":{"index":"index","follow":"follow","max-snippet":"max-snippet:-1","max-image-preview":"max-image-preview:large","max-video-preview":"max-video-preview:-1"},"canonical":"https:\/\/www.mobellinea.com\/fr\/mobel-linea-a-workspace-expo-paris-2026-nous-creons-des-environnements\/","og_locale":"fr_FR","og_type":"article","og_title":"Mobel Linea \u00e0 Workspace Expo Paris 2026 - Nous concevons vos environnements","og_description":"Du 24 au 26 mars 2026, Mobel Linea revient \u00e0 Paris pour participer \u00e0 Workspace Expo, le salon international de r\u00e9f\u00e9rence pour le mobilier de bureau et la","og_url":"https:\/\/www.mobellinea.com\/fr\/mobel-linea-a-workspace-expo-paris-2026-nous-creons-des-environnements\/","og_site_name":"Mobellinea","article_publisher":"https:\/\/www.facebook.com\/mobellineasl","article_published_time":"2026-03-25T14:51:12+00:00","article_modified_time":"2026-03-27T09:33:36+00:00","og_image":[{"width":1707,"height":2560,"url":"https:\/\/www.mobellinea.com\/wp-content\/uploads\/2026\/03\/0241855-scaled.jpg","type":"image\/jpeg"}],"author":"Anna","twitter_card":"summary_large_image","twitter_misc":{"\u00c9crit par":"Anna","Dur\u00e9e de lecture estim\u00e9e":"3 minutes"},"schema":{"@context":"https:\/\/schema.org","@graph":[{"@type":"Article","@id":"https:\/\/www.mobellinea.com\/fr\/mobel-linea-a-workspace-expo-paris-2026-nous-creons-des-environnements\/#article","isPartOf":{"@id":"https:\/\/www.mobellinea.com\/fr\/mobel-linea-a-workspace-expo-paris-2026-nous-creons-des-environnements\/"},"author":{"name":"Anna","@id":"https:\/\/mobellinea.com\/en\/#\/schema\/person\/518e40fa1dcd8c2ef7106c7561ae3ddb"},"headline":"Mobel Linea \u00e0 Workspace Expo Paris 2026 &#8211; Nous concevons vos environnements","datePublished":"2026-03-25T14:51:12+00:00","dateModified":"2026-03-27T09:33:36+00:00","mainEntityOfPage":{"@id":"https:\/\/www.mobellinea.com\/fr\/mobel-linea-a-workspace-expo-paris-2026-nous-creons-des-environnements\/"},"wordCount":692,"image":{"@id":"https:\/\/www.mobellinea.com\/fr\/mobel-linea-a-workspace-expo-paris-2026-nous-creons-des-environnements\/#primaryimage"},"thumbnailUrl":"https:\/\/www.mobellinea.com\/wp-content\/uploads\/2026\/03\/0241855-scaled.jpg","articleSection":["\u00c9v\u00e9nements","Nouvelles"],"inLanguage":"fr-FR"},{"@type":"WebPage","@id":"https:\/\/www.mobellinea.com\/fr\/mobel-linea-a-workspace-expo-paris-2026-nous-creons-des-environnements\/","url":"https:\/\/www.mobellinea.com\/fr\/mobel-linea-a-workspace-expo-paris-2026-nous-creons-des-environnements\/","name":"Mobel Linea \u00e0 Workspace Expo Paris 2026 - Nous concevons vos environnements - Mobellinea","isPartOf":{"@id":"https:\/\/mobellinea.com\/en\/#website"},"primaryImageOfPage":{"@id":"https:\/\/www.mobellinea.com\/fr\/mobel-linea-a-workspace-expo-paris-2026-nous-creons-des-environnements\/#primaryimage"},"image":{"@id":"https:\/\/www.mobellinea.com\/fr\/mobel-linea-a-workspace-expo-paris-2026-nous-creons-des-environnements\/#primaryimage"},"thumbnailUrl":"https:\/\/www.mobellinea.com\/wp-content\/uploads\/2026\/03\/0241855-scaled.jpg","datePublished":"2026-03-25T14:51:12+00:00","dateModified":"2026-03-27T09:33:36+00:00","author":{"@id":"https:\/\/mobellinea.com\/en\/#\/schema\/person\/518e40fa1dcd8c2ef7106c7561ae3ddb"},"description":"Du 24 au 26 mars 2026, Mobel Linea revient \u00e0 Paris pour participer \u00e0 Workspace Expo, le salon international de r\u00e9f\u00e9rence pour le mobilier de bureau et la","breadcrumb":{"@id":"https:\/\/www.mobellinea.com\/fr\/mobel-linea-a-workspace-expo-paris-2026-nous-creons-des-environnements\/#breadcrumb"},"inLanguage":"fr-FR","potentialAction":[{"@type":"ReadAction","target":["https:\/\/www.mobellinea.com\/fr\/mobel-linea-a-workspace-expo-paris-2026-nous-creons-des-environnements\/"]}]},{"@type":"ImageObject","inLanguage":"fr-FR","@id":"https:\/\/www.mobellinea.com\/fr\/mobel-linea-a-workspace-expo-paris-2026-nous-creons-des-environnements\/#primaryimage","url":"https:\/\/www.mobellinea.com\/wp-content\/uploads\/2026\/03\/0241855-scaled.jpg","contentUrl":"https:\/\/www.mobellinea.com\/wp-content\/uploads\/2026\/03\/0241855-scaled.jpg","width":1707,"height":2560},{"@type":"BreadcrumbList","@id":"https:\/\/www.mobellinea.com\/fr\/mobel-linea-a-workspace-expo-paris-2026-nous-creons-des-environnements\/#breadcrumb","itemListElement":[{"@type":"ListItem","position":1,"name":"Home","item":"https:\/\/www.mobellinea.com\/fr\/accueil\/"},{"@type":"ListItem","position":2,"name":"Nouvelles","item":"https:\/\/www.mobellinea.com\/fr\/category\/nouvelles\/"},{"@type":"ListItem","position":3,"name":"Mobel Linea \u00e0 Workspace Expo Paris 2026 &#8211; Nous concevons vos environnements"}]},{"@type":"WebSite","@id":"https:\/\/mobellinea.com\/en\/#website","url":"https:\/\/mobellinea.com\/en\/","name":"MobelLinea","description":"Dise\u00f1amos y fabricamos soluciones de mobiliario para oficinas y espacios colectivos. Creamos entornos honestos, funcionales y humanos, pensados para mejorar la vida de las personas","alternateName":"Mobel Linea","potentialAction":[{"@type":"SearchAction","target":{"@type":"EntryPoint","urlTemplate":"https:\/\/mobellinea.com\/en\/?s={search_term_string}"},"query-input":{"@type":"PropertyValueSpecification","valueRequired":true,"valueName":"search_term_string"}}],"inLanguage":"fr-FR"},{"@type":"Person","@id":"https:\/\/mobellinea.com\/en\/#\/schema\/person\/518e40fa1dcd8c2ef7106c7561ae3ddb","name":"Anna","image":{"@type":"ImageObject","inLanguage":"fr-FR","@id":"https:\/\/secure.gravatar.com\/avatar\/8adc17f1354e8252029a3205a793c695de1d4150636fd00a689f76f96e8a4c98?s=96&d=mm&r=g","url":"https:\/\/secure.gravatar.com\/avatar\/8adc17f1354e8252029a3205a793c695de1d4150636fd00a689f76f96e8a4c98?s=96&d=mm&r=g","contentUrl":"https:\/\/secure.gravatar.com\/avatar\/8adc17f1354e8252029a3205a793c695de1d4150636fd00a689f76f96e8a4c98?s=96&d=mm&r=g","caption":"Anna"}}]}},"uagb_featured_image_src":{"full":["https:\/\/www.mobellinea.com\/wp-content\/uploads\/2026\/03\/0241855-scaled.jpg",1707,2560,false],"thumbnail":["https:\/\/www.mobellinea.com\/wp-content\/uploads\/2026\/03\/0241855-150x150.jpg",150,150,true],"medium":["https:\/\/www.mobellinea.com\/wp-content\/uploads\/2026\/03\/0241855-320x480.jpg",320,480,true],"medium_large":["https:\/\/www.mobellinea.com\/wp-content\/uploads\/2026\/03\/0241855-680x1020.jpg",680,1020,true],"large":["https:\/\/www.mobellinea.com\/wp-content\/uploads\/2026\/03\/0241855-1000x1500.jpg",1000,1500,true],"pieces_card":["https:\/\/www.mobellinea.com\/wp-content\/uploads\/2026\/03\/0241855-140x173.jpg",140,173,true],"gform-image-choice-sm":["https:\/\/www.mobellinea.com\/wp-content\/uploads\/2026\/03\/0241855-scaled.jpg",200,300,false],"gform-image-choice-md":["https:\/\/www.mobellinea.com\/wp-content\/uploads\/2026\/03\/0241855-scaled.jpg",267,400,false],"gform-image-choice-lg":["https:\/\/www.mobellinea.com\/wp-content\/uploads\/2026\/03\/0241855-scaled.jpg",400,600,false]},"uagb_author_info":{"display_name":"Anna","author_link":"https:\/\/www.mobellinea.com\/fr\/author\/annareigmobellinea-es\/"},"uagb_comment_info":0,"uagb_excerpt":"Du 24 au 26 mars 2026, Mobel Linea revient \u00e0 Paris pour participer \u00e0 Workspace Expo, le salon international de r\u00e9f\u00e9rence pour le mobilier de bureau et la conception d&rsquo;espaces de travail. Un \u00e9v\u00e9nement qui rassemble chaque ann\u00e9e plus de 20 000 visiteurs professionnels et plus de 300 exposants, s\u2019imposant comme une opportunit\u00e9 majeure pour\u2026","_links":{"self":[{"href":"https:\/\/www.mobellinea.com\/fr\/wp-json\/wp\/v2\/posts\/18705","targetHints":{"allow":["GET"]}}],"collection":[{"href":"https:\/\/www.mobellinea.com\/fr\/wp-json\/wp\/v2\/posts"}],"about":[{"href":"https:\/\/www.mobellinea.com\/fr\/wp-json\/wp\/v2\/types\/post"}],"author":[{"embeddable":true,"href":"https:\/\/www.mobellinea.com\/fr\/wp-json\/wp\/v2\/users\/8"}],"replies":[{"embeddable":true,"href":"https:\/\/www.mobellinea.com\/fr\/wp-json\/wp\/v2\/comments?post=18705"}],"version-history":[{"count":8,"href":"https:\/\/www.mobellinea.com\/fr\/wp-json\/wp\/v2\/posts\/18705\/revisions"}],"predecessor-version":[{"id":19149,"href":"https:\/\/www.mobellinea.com\/fr\/wp-json\/wp\/v2\/posts\/18705\/revisions\/19149"}],"wp:featuredmedia":[{"embeddable":true,"href":"https:\/\/www.mobellinea.com\/fr\/wp-json\/wp\/v2\/media\/19025"}],"wp:attachment":[{"href":"https:\/\/www.mobellinea.com\/fr\/wp-json\/wp\/v2\/media?parent=18705"}],"wp:term":[{"taxonomy":"category","embeddable":true,"href":"https:\/\/www.mobellinea.com\/fr\/wp-json\/wp\/v2\/categories?post=18705"},{"taxonomy":"post_tag","embeddable":true,"href":"https:\/\/www.mobellinea.com\/fr\/wp-json\/wp\/v2\/tags?post=18705"}],"curies":[{"name":"wp","href":"https:\/\/api.w.org\/{rel}","templated":true}]}}