{"id":18180,"date":"2026-02-11T09:46:19","date_gmt":"2026-02-11T08:46:19","guid":{"rendered":"https:\/\/www.mobellinea.com\/?p=18180"},"modified":"2026-02-11T09:46:29","modified_gmt":"2026-02-11T08:46:29","slug":"couleurs-tendance-2026-en-decoration-dinterieur","status":"publish","type":"post","link":"https:\/\/www.mobellinea.com\/fr\/couleurs-tendance-2026-en-decoration-dinterieur\/","title":{"rendered":"Couleurs tendance 2026 en d\u00e9coration d&rsquo;int\u00e9rieur"},"content":{"rendered":"\n<p class=\"wp-block-paragraph\">En 2026, la couleur retrouve un r\u00f4le central dans le design d\u2019int\u00e9rieur. Apr\u00e8s plusieurs ann\u00e9es domin\u00e9es par des neutres froids et des solutions uniformes, les nouvelles palettes misent sur des teintes plus profondes, chaleureuses et charg\u00e9es de sens \u00e9motionnel. Des couleurs qui cr\u00e9ent des atmosph\u00e8res, favorisent le bien-\u00eatre et affirment l\u2019identit\u00e9 des espaces.  <\/p>\n\n<p class=\"wp-block-paragraph\">Voici les grandes tendances chromatiques qui vont marquer l\u2019ann\u00e9e.<\/p>\n\n<div style=\"height:50px\" aria-hidden=\"true\" class=\"wp-block-spacer\"><\/div>\n\n<div class=\"wp-block-uagb-advanced-heading uagb-block-997a0649\"><h4 class=\"uagb-heading-text\">Neutres chauds, la nouvelle base du design d&rsquo;int\u00e9rieur<\/h4><\/div>\n\n<p class=\"wp-block-paragraph\">Les blancs purs et les gris froids laissent place \u00e0 des neutres enrichis, plus doux et plus naturels. Les tons sable, beige chaud, taupe et camel s\u2019imposent comme la nouvelle base chromatique. <\/p>\n\n<p class=\"wp-block-paragraph\">Ils apportent un confort visuel, adoucissent la lumi\u00e8re artificielle et cr\u00e9ent des espaces plus accueillants. Polyvalents, ils permettent d\u2019int\u00e9grer des mat\u00e9riaux naturels et des touches de couleur sans surcharger l\u2019espace. <\/p>\n\t\t<div \t\t\tclass=\"banner wp-block-tms-banner layout-cover-start theme-light is-content-empty\">\n\n\t\t\t\n\t\t\t\t\t\t\t<div class=\"banner-media\">\n\n\t\t\t\t\t\t\t\t\t\t\t<img decoding=\"async\" width=\"1920\" height=\"900\" src=\"data:image\/gif;base64,R0lGODlhAQABAIAAAAAAAP\/\/\/yH5BAEAAAAALAAAAAABAAEAAAIBRAA7\" data-src=\"https:\/\/www.mobellinea.com\/wp-content\/uploads\/2026\/02\/blog_tendencies-2026_01.jpg\" class=\"attachment-full size-full lazyload\" alt=\"\" data-srcset=\"https:\/\/www.mobellinea.com\/wp-content\/uploads\/2026\/02\/blog_tendencies-2026_01.jpg 1920w, https:\/\/www.mobellinea.com\/wp-content\/uploads\/2026\/02\/blog_tendencies-2026_01-320x150.jpg 320w, https:\/\/www.mobellinea.com\/wp-content\/uploads\/2026\/02\/blog_tendencies-2026_01-1000x469.jpg 1000w, https:\/\/www.mobellinea.com\/wp-content\/uploads\/2026\/02\/blog_tendencies-2026_01-680x319.jpg 680w\" sizes=\"(max-width: 1920px) 100vw, 1920px\" \/><noscript><img decoding=\"async\" width=\"1920\" height=\"900\" src=\"https:\/\/www.mobellinea.com\/wp-content\/uploads\/2026\/02\/blog_tendencies-2026_01.jpg\" class=\"attachment-full size-full lazyload\" alt=\"\" srcset=\"https:\/\/www.mobellinea.com\/wp-content\/uploads\/2026\/02\/blog_tendencies-2026_01.jpg 1920w, https:\/\/www.mobellinea.com\/wp-content\/uploads\/2026\/02\/blog_tendencies-2026_01-320x150.jpg 320w, https:\/\/www.mobellinea.com\/wp-content\/uploads\/2026\/02\/blog_tendencies-2026_01-1000x469.jpg 1000w, https:\/\/www.mobellinea.com\/wp-content\/uploads\/2026\/02\/blog_tendencies-2026_01-680x319.jpg 680w\" sizes=\"(max-width: 1920px) 100vw, 1920px\" \/><\/noscript>\t\t\t\t\t\n\t\t\t\t\t\n\t\t\t\t\t\n\t\t\t\t<\/div>\n\t\t\t\n\t\t<\/div>\n\t\t\n<div style=\"height:50px\" aria-hidden=\"true\" class=\"wp-block-spacer\"><\/div>\n\n<div class=\"wp-block-uagb-advanced-heading uagb-block-c4fe6db6\"><h4 class=\"uagb-heading-text\">Marron chocolat ou expresso, profondeur et luxe discret<\/h4><\/div>\n\n<p class=\"wp-block-paragraph\">Les bruns fonc\u00e9s renforcent la tendance du \u00ab quiet luxury \u00bb. Les marrons chocolat et expresso apparaissent comme une \u00e9volution des tons terracotta, apportant densit\u00e9 visuelle, \u00e9l\u00e9gance et sensation de qualit\u00e9 durable.<\/p>\n\n<p class=\"wp-block-paragraph\">Associ\u00e9s au bois, \u00e0 des textiles riches ou \u00e0 des m\u00e9taux mats, ils composent des espaces sobres, intemporels et \u00e0 forte pr\u00e9sence mat\u00e9rielle.<\/p>\n\n<p class=\"wp-block-paragraph\"><\/p>\n\n<div class=\"wp-block-uagb-advanced-heading uagb-block-5db6185f\"><h4 class=\"uagb-heading-text\">Rouge profond, un accent \u00e9motionnel<\/h4><\/div>\n\n<p class=\"wp-block-paragraph\">Les rouges rubis et bordeaux font leur retour, toujours utilis\u00e9s avec parcimonie. En touches, sur des assises ou des d\u00e9tails, ils apportent caract\u00e8re, \u00e9nergie et sophistication. <\/p>\n\n<p class=\"wp-block-paragraph\">Des couleurs qui affirment la personnalit\u00e9 d\u2019un espace sans rompre l\u2019\u00e9quilibre g\u00e9n\u00e9ral de la palette.<\/p>\n\t\t<div \t\t\tclass=\"banner wp-block-tms-banner layout-cover-start theme-light is-content-empty\">\n\n\t\t\t\n\t\t\t\t\t\t\t<div class=\"banner-media\">\n\n\t\t\t\t\t\t\t\t\t\t\t<img decoding=\"async\" width=\"1920\" height=\"900\" src=\"data:image\/gif;base64,R0lGODlhAQABAIAAAAAAAP\/\/\/yH5BAEAAAAALAAAAAABAAEAAAIBRAA7\" data-src=\"https:\/\/www.mobellinea.com\/wp-content\/uploads\/2026\/02\/blog_tendencies-2026_02.jpg\" class=\"attachment-full size-full lazyload\" alt=\"\" data-srcset=\"https:\/\/www.mobellinea.com\/wp-content\/uploads\/2026\/02\/blog_tendencies-2026_02.jpg 1920w, https:\/\/www.mobellinea.com\/wp-content\/uploads\/2026\/02\/blog_tendencies-2026_02-320x150.jpg 320w, https:\/\/www.mobellinea.com\/wp-content\/uploads\/2026\/02\/blog_tendencies-2026_02-1000x469.jpg 1000w, https:\/\/www.mobellinea.com\/wp-content\/uploads\/2026\/02\/blog_tendencies-2026_02-680x319.jpg 680w\" sizes=\"(max-width: 1920px) 100vw, 1920px\" \/><noscript><img decoding=\"async\" width=\"1920\" height=\"900\" src=\"https:\/\/www.mobellinea.com\/wp-content\/uploads\/2026\/02\/blog_tendencies-2026_02.jpg\" class=\"attachment-full size-full lazyload\" alt=\"\" srcset=\"https:\/\/www.mobellinea.com\/wp-content\/uploads\/2026\/02\/blog_tendencies-2026_02.jpg 1920w, https:\/\/www.mobellinea.com\/wp-content\/uploads\/2026\/02\/blog_tendencies-2026_02-320x150.jpg 320w, https:\/\/www.mobellinea.com\/wp-content\/uploads\/2026\/02\/blog_tendencies-2026_02-1000x469.jpg 1000w, https:\/\/www.mobellinea.com\/wp-content\/uploads\/2026\/02\/blog_tendencies-2026_02-680x319.jpg 680w\" sizes=\"(max-width: 1920px) 100vw, 1920px\" \/><\/noscript>\t\t\t\t\t\n\t\t\t\t\t\n\t\t\t\t\t\n\t\t\t\t<\/div>\n\t\t\t\n\t\t<\/div>\n\t\t\n<div style=\"height:50px\" aria-hidden=\"true\" class=\"wp-block-spacer\"><\/div>\n\n<div class=\"wp-block-uagb-advanced-heading uagb-block-b6840400\"><h4 class=\"uagb-heading-text\">Verts biophiliques, se reconnecter \u00e0 la nature<\/h4><\/div>\n\n<p class=\"wp-block-paragraph\">L\u2019influence du design biophilique se refl\u00e8te clairement dans la palette 2026. Les verts sauge \u00e9voquent le calme, l\u2019\u00e9quilibre et le lien avec l\u2019ext\u00e9rieur.<\/p>\n\n<p class=\"wp-block-paragraph\">Le vert olive profond, aux nuances l\u00e9g\u00e8rement terreuses, renforce cette connexion \u00e0 la nature.<\/p>\n\n<p class=\"wp-block-paragraph\">Appliqu\u00e9s sur les murs, les textiles ou le mobilier, ces tons contribuent \u00e0 cr\u00e9er des espaces plus sains, notamment dans les environnements de travail, o\u00f9 ils favorisent la concentration et r\u00e9duisent le stress.<\/p>\n\t\t<div \t\t\tclass=\"banner wp-block-tms-banner layout-cover-start theme-light is-content-empty\">\n\n\t\t\t\n\t\t\t\t\t\t\t<div class=\"banner-media\">\n\n\t\t\t\t\t\t\t\t\t\t\t<img decoding=\"async\" width=\"1920\" height=\"900\" src=\"data:image\/gif;base64,R0lGODlhAQABAIAAAAAAAP\/\/\/yH5BAEAAAAALAAAAAABAAEAAAIBRAA7\" data-src=\"https:\/\/www.mobellinea.com\/wp-content\/uploads\/2026\/02\/blog_tendencies-2026_03.jpg\" class=\"attachment-full size-full lazyload\" alt=\"\" data-srcset=\"https:\/\/www.mobellinea.com\/wp-content\/uploads\/2026\/02\/blog_tendencies-2026_03.jpg 1920w, https:\/\/www.mobellinea.com\/wp-content\/uploads\/2026\/02\/blog_tendencies-2026_03-320x150.jpg 320w, https:\/\/www.mobellinea.com\/wp-content\/uploads\/2026\/02\/blog_tendencies-2026_03-1000x469.jpg 1000w, https:\/\/www.mobellinea.com\/wp-content\/uploads\/2026\/02\/blog_tendencies-2026_03-680x319.jpg 680w\" sizes=\"(max-width: 1920px) 100vw, 1920px\" \/><noscript><img decoding=\"async\" width=\"1920\" height=\"900\" src=\"https:\/\/www.mobellinea.com\/wp-content\/uploads\/2026\/02\/blog_tendencies-2026_03.jpg\" class=\"attachment-full size-full lazyload\" alt=\"\" srcset=\"https:\/\/www.mobellinea.com\/wp-content\/uploads\/2026\/02\/blog_tendencies-2026_03.jpg 1920w, https:\/\/www.mobellinea.com\/wp-content\/uploads\/2026\/02\/blog_tendencies-2026_03-320x150.jpg 320w, https:\/\/www.mobellinea.com\/wp-content\/uploads\/2026\/02\/blog_tendencies-2026_03-1000x469.jpg 1000w, https:\/\/www.mobellinea.com\/wp-content\/uploads\/2026\/02\/blog_tendencies-2026_03-680x319.jpg 680w\" sizes=\"(max-width: 1920px) 100vw, 1920px\" \/><\/noscript>\t\t\t\t\t\n\t\t\t\t\t\n\t\t\t\t\t\n\t\t\t\t<\/div>\n\t\t\t\n\t\t<\/div>\n\t\t\n<div style=\"height:50px\" aria-hidden=\"true\" class=\"wp-block-spacer\"><\/div>\n\n<div class=\"wp-block-uagb-advanced-heading uagb-block-0bcd2cea\"><h4 class=\"uagb-heading-text\">\u00ab Calming blue \u00bb, le bleu le plus humain<\/h4><\/div>\n\n<p class=\"wp-block-paragraph\">Un bleu doux, poudr\u00e9 et \u00e9quilibr\u00e9, aux nuances grises ou l\u00e9g\u00e8rement chaudes, pens\u00e9 pour accompagner les espaces et g\u00e9n\u00e9rer calme, stabilit\u00e9 et clart\u00e9 mentale.<\/p>\n\n<p class=\"wp-block-paragraph\">On le retrouve sur les murs, les rev\u00eatements ou comme fond chromatique, associ\u00e9 \u00e0 des bois naturels clairs ou fonc\u00e9s et \u00e0 des mat\u00e9riaux aux textures douces.<\/p>\n\n<p class=\"wp-block-paragraph\"><\/p>\n\n<div class=\"wp-block-uagb-advanced-heading uagb-block-3de3ea6d\"><h4 class=\"uagb-heading-text\">Bleu \u00e9lectrique, pour les plus audacieux<\/h4><\/div>\n\n<p class=\"wp-block-paragraph\">Un bleu cobalt vibrant et puissant, id\u00e9al pour des accents contemporains forts.<br\/><br\/><\/p>\n\t\t<div \t\t\tclass=\"banner wp-block-tms-banner layout-cover-start theme-light is-content-empty\">\n\n\t\t\t\n\t\t\t\t\t\t\t<div class=\"banner-media\">\n\n\t\t\t\t\t\t\t\t\t\t\t<img decoding=\"async\" width=\"1920\" height=\"900\" src=\"data:image\/gif;base64,R0lGODlhAQABAIAAAAAAAP\/\/\/yH5BAEAAAAALAAAAAABAAEAAAIBRAA7\" data-src=\"https:\/\/www.mobellinea.com\/wp-content\/uploads\/2026\/02\/blog_tendencies-2026_04.jpg\" class=\"attachment-full size-full lazyload\" alt=\"\" data-srcset=\"https:\/\/www.mobellinea.com\/wp-content\/uploads\/2026\/02\/blog_tendencies-2026_04.jpg 1920w, https:\/\/www.mobellinea.com\/wp-content\/uploads\/2026\/02\/blog_tendencies-2026_04-320x150.jpg 320w, https:\/\/www.mobellinea.com\/wp-content\/uploads\/2026\/02\/blog_tendencies-2026_04-1000x469.jpg 1000w, https:\/\/www.mobellinea.com\/wp-content\/uploads\/2026\/02\/blog_tendencies-2026_04-680x319.jpg 680w\" sizes=\"(max-width: 1920px) 100vw, 1920px\" \/><noscript><img decoding=\"async\" width=\"1920\" height=\"900\" src=\"https:\/\/www.mobellinea.com\/wp-content\/uploads\/2026\/02\/blog_tendencies-2026_04.jpg\" class=\"attachment-full size-full lazyload\" alt=\"\" srcset=\"https:\/\/www.mobellinea.com\/wp-content\/uploads\/2026\/02\/blog_tendencies-2026_04.jpg 1920w, https:\/\/www.mobellinea.com\/wp-content\/uploads\/2026\/02\/blog_tendencies-2026_04-320x150.jpg 320w, https:\/\/www.mobellinea.com\/wp-content\/uploads\/2026\/02\/blog_tendencies-2026_04-1000x469.jpg 1000w, https:\/\/www.mobellinea.com\/wp-content\/uploads\/2026\/02\/blog_tendencies-2026_04-680x319.jpg 680w\" sizes=\"(max-width: 1920px) 100vw, 1920px\" \/><\/noscript>\t\t\t\t\t\n\t\t\t\t\t\n\t\t\t\t\t\n\t\t\t\t<\/div>\n\t\t\t\n\t\t<\/div>\n\t\t\n<div style=\"height:50px\" aria-hidden=\"true\" class=\"wp-block-spacer\"><\/div>\n\n<div class=\"wp-block-uagb-advanced-heading uagb-block-982d85fc\"><h4 class=\"uagb-heading-text\">Jaune, le compl\u00e9ment lumineux de la palette<\/h4><\/div>\n\n<p class=\"wp-block-paragraph\">Le jaune appara\u00eet comme une touche d\u2019\u00e9nergie et de lumi\u00e8re, dans des versions beurre ou citron doux. Il renforce le sentiment d\u2019optimisme et de bien-\u00eatre, tout en \u00e9quilibrant les palettes domin\u00e9es par des neutres chauds. <\/p>\n\n<p class=\"wp-block-paragraph\">Utilis\u00e9 avec mesure, il apporte du dynamisme sans devenir envahissant.<\/p>\n\t\t<div \t\t\tclass=\"banner wp-block-tms-banner layout-cover-start theme-light is-content-empty\">\n\n\t\t\t\n\t\t\t\t\t\t\t<div class=\"banner-media\">\n\n\t\t\t\t\t\t\t\t\t\t\t<img decoding=\"async\" width=\"1920\" height=\"900\" src=\"data:image\/gif;base64,R0lGODlhAQABAIAAAAAAAP\/\/\/yH5BAEAAAAALAAAAAABAAEAAAIBRAA7\" data-src=\"https:\/\/www.mobellinea.com\/wp-content\/uploads\/2026\/02\/blog_tendencies-2026_05.jpg\" class=\"attachment-full size-full lazyload\" alt=\"\" data-srcset=\"https:\/\/www.mobellinea.com\/wp-content\/uploads\/2026\/02\/blog_tendencies-2026_05.jpg 1920w, https:\/\/www.mobellinea.com\/wp-content\/uploads\/2026\/02\/blog_tendencies-2026_05-320x150.jpg 320w, https:\/\/www.mobellinea.com\/wp-content\/uploads\/2026\/02\/blog_tendencies-2026_05-1000x469.jpg 1000w, https:\/\/www.mobellinea.com\/wp-content\/uploads\/2026\/02\/blog_tendencies-2026_05-680x319.jpg 680w\" sizes=\"(max-width: 1920px) 100vw, 1920px\" \/><noscript><img decoding=\"async\" width=\"1920\" height=\"900\" src=\"https:\/\/www.mobellinea.com\/wp-content\/uploads\/2026\/02\/blog_tendencies-2026_05.jpg\" class=\"attachment-full size-full lazyload\" alt=\"\" srcset=\"https:\/\/www.mobellinea.com\/wp-content\/uploads\/2026\/02\/blog_tendencies-2026_05.jpg 1920w, https:\/\/www.mobellinea.com\/wp-content\/uploads\/2026\/02\/blog_tendencies-2026_05-320x150.jpg 320w, https:\/\/www.mobellinea.com\/wp-content\/uploads\/2026\/02\/blog_tendencies-2026_05-1000x469.jpg 1000w, https:\/\/www.mobellinea.com\/wp-content\/uploads\/2026\/02\/blog_tendencies-2026_05-680x319.jpg 680w\" sizes=\"(max-width: 1920px) 100vw, 1920px\" \/><\/noscript>\t\t\t\t\t\n\t\t\t\t\t\n\t\t\t\t\t\n\t\t\t\t<\/div>\n\t\t\t\n\t\t<\/div>\n\t\t\n<div style=\"height:50px\" aria-hidden=\"true\" class=\"wp-block-spacer\"><\/div>\n\n<div class=\"wp-block-uagb-advanced-heading uagb-block-2d2faf89\"><h4 class=\"uagb-heading-text\">Cloud Dancer, Pantone 2026<\/h4><\/div>\n\n<p class=\"wp-block-paragraph\">Le blanc ne dispara\u00eet pas, mais \u00e9volue vers une version plus chaude, voil\u00e9e et humaine. Cloud Dancer, le ton propos\u00e9 par Pantone, conserve la luminosit\u00e9 sans froideur, \u00e9quilibre les couleurs profondes et diffuse une sensation de calme intemporel.<\/p>\n\n<p class=\"wp-block-paragraph\">Un blanc contemporain qui constitue une base parfaite pour les palettes de 2026.<\/p>\n\t\t<div \t\t\tclass=\"banner wp-block-tms-banner layout-cover-start theme-light is-content-empty\">\n\n\t\t\t\n\t\t\t\t\t\t\t<div class=\"banner-media\">\n\n\t\t\t\t\t\t\t\t\t\t\t<img decoding=\"async\" width=\"1920\" height=\"900\" src=\"data:image\/gif;base64,R0lGODlhAQABAIAAAAAAAP\/\/\/yH5BAEAAAAALAAAAAABAAEAAAIBRAA7\" data-src=\"https:\/\/www.mobellinea.com\/wp-content\/uploads\/2026\/02\/blog_tendencies-2026_06.jpg\" class=\"attachment-full size-full lazyload\" alt=\"\" data-srcset=\"https:\/\/www.mobellinea.com\/wp-content\/uploads\/2026\/02\/blog_tendencies-2026_06.jpg 1920w, https:\/\/www.mobellinea.com\/wp-content\/uploads\/2026\/02\/blog_tendencies-2026_06-320x150.jpg 320w, https:\/\/www.mobellinea.com\/wp-content\/uploads\/2026\/02\/blog_tendencies-2026_06-1000x469.jpg 1000w, https:\/\/www.mobellinea.com\/wp-content\/uploads\/2026\/02\/blog_tendencies-2026_06-680x319.jpg 680w\" sizes=\"(max-width: 1920px) 100vw, 1920px\" \/><noscript><img decoding=\"async\" width=\"1920\" height=\"900\" src=\"https:\/\/www.mobellinea.com\/wp-content\/uploads\/2026\/02\/blog_tendencies-2026_06.jpg\" class=\"attachment-full size-full lazyload\" alt=\"\" srcset=\"https:\/\/www.mobellinea.com\/wp-content\/uploads\/2026\/02\/blog_tendencies-2026_06.jpg 1920w, https:\/\/www.mobellinea.com\/wp-content\/uploads\/2026\/02\/blog_tendencies-2026_06-320x150.jpg 320w, https:\/\/www.mobellinea.com\/wp-content\/uploads\/2026\/02\/blog_tendencies-2026_06-1000x469.jpg 1000w, https:\/\/www.mobellinea.com\/wp-content\/uploads\/2026\/02\/blog_tendencies-2026_06-680x319.jpg 680w\" sizes=\"(max-width: 1920px) 100vw, 1920px\" \/><\/noscript>\t\t\t\t\t\n\t\t\t\t\t\n\t\t\t\t\t\n\t\t\t\t<\/div>\n\t\t\t\n\t\t<\/div>\n\t\t","protected":false},"excerpt":{"rendered":"<p>En 2026, la couleur retrouve un r\u00f4le central dans le design d\u2019int\u00e9rieur. Apr\u00e8s plusieurs ann\u00e9es domin\u00e9es par des neutres froids et des solutions uniformes, les nouvelles palettes misent sur des teintes plus profondes, chaleureuses et charg\u00e9es de sens \u00e9motionnel. Des couleurs qui cr\u00e9ent des atmosph\u00e8res, favorisent le bien-\u00eatre et affirment l\u2019identit\u00e9 des espaces. Voici les [&hellip;]<\/p>\n","protected":false},"author":9,"featured_media":18155,"comment_status":"closed","ping_status":"closed","sticky":false,"template":"","format":"standard","meta":{"_acf_changed":false,"_uag_custom_page_level_css":"","footnotes":""},"categories":[367],"tags":[],"class_list":["post-18180","post","type-post","status-publish","format-standard","has-post-thumbnail","hentry","category-tendances"],"acf":[],"yoast_head":"<!-- This site is optimized with the Yoast SEO Premium plugin v26.6 (Yoast SEO v27.6) - https:\/\/yoast.com\/product\/yoast-seo-premium-wordpress\/ -->\n<title>Couleurs tendance 2026 en d\u00e9coration d&#039;int\u00e9rieur - Mobellinea<\/title>\n<meta name=\"description\" content=\"En 2026, la couleur retrouve un r\u00f4le central dans le design d\u2019int\u00e9rieur. Apr\u00e8s plusieurs ann\u00e9es domin\u00e9es par des neutres froids et des solutions\" \/>\n<meta name=\"robots\" content=\"index, follow, max-snippet:-1, max-image-preview:large, max-video-preview:-1\" \/>\n<link rel=\"canonical\" href=\"https:\/\/www.mobellinea.com\/fr\/couleurs-tendance-2026-en-decoration-dinterieur\/\" \/>\n<meta property=\"og:locale\" content=\"fr_FR\" \/>\n<meta property=\"og:type\" content=\"article\" \/>\n<meta property=\"og:title\" content=\"Couleurs tendance 2026 en d\u00e9coration d&#039;int\u00e9rieur\" \/>\n<meta property=\"og:description\" content=\"En 2026, la couleur retrouve un r\u00f4le central dans le design d\u2019int\u00e9rieur. Apr\u00e8s plusieurs ann\u00e9es domin\u00e9es par des neutres froids et des solutions\" \/>\n<meta property=\"og:url\" content=\"https:\/\/www.mobellinea.com\/fr\/couleurs-tendance-2026-en-decoration-dinterieur\/\" \/>\n<meta property=\"og:site_name\" content=\"Mobellinea\" \/>\n<meta property=\"article:publisher\" content=\"https:\/\/www.facebook.com\/mobellineasl\" \/>\n<meta property=\"article:published_time\" content=\"2026-02-11T08:46:19+00:00\" \/>\n<meta property=\"article:modified_time\" content=\"2026-02-11T08:46:29+00:00\" \/>\n<meta property=\"og:image\" content=\"https:\/\/www.mobellinea.com\/wp-content\/uploads\/2026\/02\/blog_tendencies-2026_portada.jpg\" \/>\n\t<meta property=\"og:image:width\" content=\"1920\" \/>\n\t<meta property=\"og:image:height\" content=\"1080\" \/>\n\t<meta property=\"og:image:type\" content=\"image\/jpeg\" \/>\n<meta name=\"author\" content=\"Berta\" \/>\n<meta name=\"twitter:card\" content=\"summary_large_image\" \/>\n<meta name=\"twitter:label1\" content=\"\u00c9crit par\" \/>\n\t<meta name=\"twitter:data1\" content=\"Berta\" \/>\n\t<meta name=\"twitter:label2\" content=\"Dur\u00e9e de lecture estim\u00e9e\" \/>\n\t<meta name=\"twitter:data2\" content=\"3 minutes\" \/>\n<script type=\"application\/ld+json\" class=\"yoast-schema-graph\">{\"@context\":\"https:\\\/\\\/schema.org\",\"@graph\":[{\"@type\":\"Article\",\"@id\":\"https:\\\/\\\/www.mobellinea.com\\\/fr\\\/couleurs-tendance-2026-en-decoration-dinterieur\\\/#article\",\"isPartOf\":{\"@id\":\"https:\\\/\\\/www.mobellinea.com\\\/fr\\\/couleurs-tendance-2026-en-decoration-dinterieur\\\/\"},\"author\":{\"name\":\"Berta\",\"@id\":\"https:\\\/\\\/mobellinea.com\\\/en\\\/#\\\/schema\\\/person\\\/4686c545617d8400cb370b9e402ee5fd\"},\"headline\":\"Couleurs tendance 2026 en d\u00e9coration d&rsquo;int\u00e9rieur\",\"datePublished\":\"2026-02-11T08:46:19+00:00\",\"dateModified\":\"2026-02-11T08:46:29+00:00\",\"mainEntityOfPage\":{\"@id\":\"https:\\\/\\\/www.mobellinea.com\\\/fr\\\/couleurs-tendance-2026-en-decoration-dinterieur\\\/\"},\"wordCount\":556,\"image\":{\"@id\":\"https:\\\/\\\/www.mobellinea.com\\\/fr\\\/couleurs-tendance-2026-en-decoration-dinterieur\\\/#primaryimage\"},\"thumbnailUrl\":\"https:\\\/\\\/www.mobellinea.com\\\/wp-content\\\/uploads\\\/2026\\\/02\\\/blog_tendencies-2026_portada.jpg\",\"articleSection\":[\"tendances\"],\"inLanguage\":\"fr-FR\"},{\"@type\":\"WebPage\",\"@id\":\"https:\\\/\\\/www.mobellinea.com\\\/fr\\\/couleurs-tendance-2026-en-decoration-dinterieur\\\/\",\"url\":\"https:\\\/\\\/www.mobellinea.com\\\/fr\\\/couleurs-tendance-2026-en-decoration-dinterieur\\\/\",\"name\":\"Couleurs tendance 2026 en d\u00e9coration d'int\u00e9rieur - Mobellinea\",\"isPartOf\":{\"@id\":\"https:\\\/\\\/mobellinea.com\\\/en\\\/#website\"},\"primaryImageOfPage\":{\"@id\":\"https:\\\/\\\/www.mobellinea.com\\\/fr\\\/couleurs-tendance-2026-en-decoration-dinterieur\\\/#primaryimage\"},\"image\":{\"@id\":\"https:\\\/\\\/www.mobellinea.com\\\/fr\\\/couleurs-tendance-2026-en-decoration-dinterieur\\\/#primaryimage\"},\"thumbnailUrl\":\"https:\\\/\\\/www.mobellinea.com\\\/wp-content\\\/uploads\\\/2026\\\/02\\\/blog_tendencies-2026_portada.jpg\",\"datePublished\":\"2026-02-11T08:46:19+00:00\",\"dateModified\":\"2026-02-11T08:46:29+00:00\",\"author\":{\"@id\":\"https:\\\/\\\/mobellinea.com\\\/en\\\/#\\\/schema\\\/person\\\/4686c545617d8400cb370b9e402ee5fd\"},\"description\":\"En 2026, la couleur retrouve un r\u00f4le central dans le design d\u2019int\u00e9rieur. Apr\u00e8s plusieurs ann\u00e9es domin\u00e9es par des neutres froids et des solutions\",\"breadcrumb\":{\"@id\":\"https:\\\/\\\/www.mobellinea.com\\\/fr\\\/couleurs-tendance-2026-en-decoration-dinterieur\\\/#breadcrumb\"},\"inLanguage\":\"fr-FR\",\"potentialAction\":[{\"@type\":\"ReadAction\",\"target\":[\"https:\\\/\\\/www.mobellinea.com\\\/fr\\\/couleurs-tendance-2026-en-decoration-dinterieur\\\/\"]}]},{\"@type\":\"ImageObject\",\"inLanguage\":\"fr-FR\",\"@id\":\"https:\\\/\\\/www.mobellinea.com\\\/fr\\\/couleurs-tendance-2026-en-decoration-dinterieur\\\/#primaryimage\",\"url\":\"https:\\\/\\\/www.mobellinea.com\\\/wp-content\\\/uploads\\\/2026\\\/02\\\/blog_tendencies-2026_portada.jpg\",\"contentUrl\":\"https:\\\/\\\/www.mobellinea.com\\\/wp-content\\\/uploads\\\/2026\\\/02\\\/blog_tendencies-2026_portada.jpg\",\"width\":1920,\"height\":1080},{\"@type\":\"BreadcrumbList\",\"@id\":\"https:\\\/\\\/www.mobellinea.com\\\/fr\\\/couleurs-tendance-2026-en-decoration-dinterieur\\\/#breadcrumb\",\"itemListElement\":[{\"@type\":\"ListItem\",\"position\":1,\"name\":\"Home\",\"item\":\"https:\\\/\\\/www.mobellinea.com\\\/fr\\\/accueil\\\/\"},{\"@type\":\"ListItem\",\"position\":2,\"name\":\"tendances\",\"item\":\"https:\\\/\\\/www.mobellinea.com\\\/fr\\\/category\\\/tendances\\\/\"},{\"@type\":\"ListItem\",\"position\":3,\"name\":\"Couleurs tendance 2026 en d\u00e9coration d&rsquo;int\u00e9rieur\"}]},{\"@type\":\"WebSite\",\"@id\":\"https:\\\/\\\/mobellinea.com\\\/en\\\/#website\",\"url\":\"https:\\\/\\\/mobellinea.com\\\/en\\\/\",\"name\":\"MobelLinea\",\"description\":\"Dise\u00f1amos y fabricamos soluciones de mobiliario para oficinas y espacios colectivos. Creamos entornos honestos, funcionales y humanos, pensados para mejorar la vida de las personas\",\"alternateName\":\"Mobel Linea\",\"potentialAction\":[{\"@type\":\"SearchAction\",\"target\":{\"@type\":\"EntryPoint\",\"urlTemplate\":\"https:\\\/\\\/mobellinea.com\\\/en\\\/?s={search_term_string}\"},\"query-input\":{\"@type\":\"PropertyValueSpecification\",\"valueRequired\":true,\"valueName\":\"search_term_string\"}}],\"inLanguage\":\"fr-FR\"},{\"@type\":\"Person\",\"@id\":\"https:\\\/\\\/mobellinea.com\\\/en\\\/#\\\/schema\\\/person\\\/4686c545617d8400cb370b9e402ee5fd\",\"name\":\"Berta\",\"image\":{\"@type\":\"ImageObject\",\"inLanguage\":\"fr-FR\",\"@id\":\"https:\\\/\\\/secure.gravatar.com\\\/avatar\\\/6c5496239b67ae8e88e23e30e3422abf21b98b3a66bda5818b42b06678a996ee?s=96&d=mm&r=g\",\"url\":\"https:\\\/\\\/secure.gravatar.com\\\/avatar\\\/6c5496239b67ae8e88e23e30e3422abf21b98b3a66bda5818b42b06678a996ee?s=96&d=mm&r=g\",\"contentUrl\":\"https:\\\/\\\/secure.gravatar.com\\\/avatar\\\/6c5496239b67ae8e88e23e30e3422abf21b98b3a66bda5818b42b06678a996ee?s=96&d=mm&r=g\",\"caption\":\"Berta\"}}]}<\/script>\n<!-- \/ Yoast SEO Premium plugin. -->","yoast_head_json":{"title":"Couleurs tendance 2026 en d\u00e9coration d'int\u00e9rieur - Mobellinea","description":"En 2026, la couleur retrouve un r\u00f4le central dans le design d\u2019int\u00e9rieur. Apr\u00e8s plusieurs ann\u00e9es domin\u00e9es par des neutres froids et des solutions","robots":{"index":"index","follow":"follow","max-snippet":"max-snippet:-1","max-image-preview":"max-image-preview:large","max-video-preview":"max-video-preview:-1"},"canonical":"https:\/\/www.mobellinea.com\/fr\/couleurs-tendance-2026-en-decoration-dinterieur\/","og_locale":"fr_FR","og_type":"article","og_title":"Couleurs tendance 2026 en d\u00e9coration d'int\u00e9rieur","og_description":"En 2026, la couleur retrouve un r\u00f4le central dans le design d\u2019int\u00e9rieur. Apr\u00e8s plusieurs ann\u00e9es domin\u00e9es par des neutres froids et des solutions","og_url":"https:\/\/www.mobellinea.com\/fr\/couleurs-tendance-2026-en-decoration-dinterieur\/","og_site_name":"Mobellinea","article_publisher":"https:\/\/www.facebook.com\/mobellineasl","article_published_time":"2026-02-11T08:46:19+00:00","article_modified_time":"2026-02-11T08:46:29+00:00","og_image":[{"width":1920,"height":1080,"url":"https:\/\/www.mobellinea.com\/wp-content\/uploads\/2026\/02\/blog_tendencies-2026_portada.jpg","type":"image\/jpeg"}],"author":"Berta","twitter_card":"summary_large_image","twitter_misc":{"\u00c9crit par":"Berta","Dur\u00e9e de lecture estim\u00e9e":"3 minutes"},"schema":{"@context":"https:\/\/schema.org","@graph":[{"@type":"Article","@id":"https:\/\/www.mobellinea.com\/fr\/couleurs-tendance-2026-en-decoration-dinterieur\/#article","isPartOf":{"@id":"https:\/\/www.mobellinea.com\/fr\/couleurs-tendance-2026-en-decoration-dinterieur\/"},"author":{"name":"Berta","@id":"https:\/\/mobellinea.com\/en\/#\/schema\/person\/4686c545617d8400cb370b9e402ee5fd"},"headline":"Couleurs tendance 2026 en d\u00e9coration d&rsquo;int\u00e9rieur","datePublished":"2026-02-11T08:46:19+00:00","dateModified":"2026-02-11T08:46:29+00:00","mainEntityOfPage":{"@id":"https:\/\/www.mobellinea.com\/fr\/couleurs-tendance-2026-en-decoration-dinterieur\/"},"wordCount":556,"image":{"@id":"https:\/\/www.mobellinea.com\/fr\/couleurs-tendance-2026-en-decoration-dinterieur\/#primaryimage"},"thumbnailUrl":"https:\/\/www.mobellinea.com\/wp-content\/uploads\/2026\/02\/blog_tendencies-2026_portada.jpg","articleSection":["tendances"],"inLanguage":"fr-FR"},{"@type":"WebPage","@id":"https:\/\/www.mobellinea.com\/fr\/couleurs-tendance-2026-en-decoration-dinterieur\/","url":"https:\/\/www.mobellinea.com\/fr\/couleurs-tendance-2026-en-decoration-dinterieur\/","name":"Couleurs tendance 2026 en d\u00e9coration d'int\u00e9rieur - Mobellinea","isPartOf":{"@id":"https:\/\/mobellinea.com\/en\/#website"},"primaryImageOfPage":{"@id":"https:\/\/www.mobellinea.com\/fr\/couleurs-tendance-2026-en-decoration-dinterieur\/#primaryimage"},"image":{"@id":"https:\/\/www.mobellinea.com\/fr\/couleurs-tendance-2026-en-decoration-dinterieur\/#primaryimage"},"thumbnailUrl":"https:\/\/www.mobellinea.com\/wp-content\/uploads\/2026\/02\/blog_tendencies-2026_portada.jpg","datePublished":"2026-02-11T08:46:19+00:00","dateModified":"2026-02-11T08:46:29+00:00","author":{"@id":"https:\/\/mobellinea.com\/en\/#\/schema\/person\/4686c545617d8400cb370b9e402ee5fd"},"description":"En 2026, la couleur retrouve un r\u00f4le central dans le design d\u2019int\u00e9rieur. Apr\u00e8s plusieurs ann\u00e9es domin\u00e9es par des neutres froids et des solutions","breadcrumb":{"@id":"https:\/\/www.mobellinea.com\/fr\/couleurs-tendance-2026-en-decoration-dinterieur\/#breadcrumb"},"inLanguage":"fr-FR","potentialAction":[{"@type":"ReadAction","target":["https:\/\/www.mobellinea.com\/fr\/couleurs-tendance-2026-en-decoration-dinterieur\/"]}]},{"@type":"ImageObject","inLanguage":"fr-FR","@id":"https:\/\/www.mobellinea.com\/fr\/couleurs-tendance-2026-en-decoration-dinterieur\/#primaryimage","url":"https:\/\/www.mobellinea.com\/wp-content\/uploads\/2026\/02\/blog_tendencies-2026_portada.jpg","contentUrl":"https:\/\/www.mobellinea.com\/wp-content\/uploads\/2026\/02\/blog_tendencies-2026_portada.jpg","width":1920,"height":1080},{"@type":"BreadcrumbList","@id":"https:\/\/www.mobellinea.com\/fr\/couleurs-tendance-2026-en-decoration-dinterieur\/#breadcrumb","itemListElement":[{"@type":"ListItem","position":1,"name":"Home","item":"https:\/\/www.mobellinea.com\/fr\/accueil\/"},{"@type":"ListItem","position":2,"name":"tendances","item":"https:\/\/www.mobellinea.com\/fr\/category\/tendances\/"},{"@type":"ListItem","position":3,"name":"Couleurs tendance 2026 en d\u00e9coration d&rsquo;int\u00e9rieur"}]},{"@type":"WebSite","@id":"https:\/\/mobellinea.com\/en\/#website","url":"https:\/\/mobellinea.com\/en\/","name":"MobelLinea","description":"Dise\u00f1amos y fabricamos soluciones de mobiliario para oficinas y espacios colectivos. Creamos entornos honestos, funcionales y humanos, pensados para mejorar la vida de las personas","alternateName":"Mobel Linea","potentialAction":[{"@type":"SearchAction","target":{"@type":"EntryPoint","urlTemplate":"https:\/\/mobellinea.com\/en\/?s={search_term_string}"},"query-input":{"@type":"PropertyValueSpecification","valueRequired":true,"valueName":"search_term_string"}}],"inLanguage":"fr-FR"},{"@type":"Person","@id":"https:\/\/mobellinea.com\/en\/#\/schema\/person\/4686c545617d8400cb370b9e402ee5fd","name":"Berta","image":{"@type":"ImageObject","inLanguage":"fr-FR","@id":"https:\/\/secure.gravatar.com\/avatar\/6c5496239b67ae8e88e23e30e3422abf21b98b3a66bda5818b42b06678a996ee?s=96&d=mm&r=g","url":"https:\/\/secure.gravatar.com\/avatar\/6c5496239b67ae8e88e23e30e3422abf21b98b3a66bda5818b42b06678a996ee?s=96&d=mm&r=g","contentUrl":"https:\/\/secure.gravatar.com\/avatar\/6c5496239b67ae8e88e23e30e3422abf21b98b3a66bda5818b42b06678a996ee?s=96&d=mm&r=g","caption":"Berta"}}]}},"uagb_featured_image_src":{"full":["https:\/\/www.mobellinea.com\/wp-content\/uploads\/2026\/02\/blog_tendencies-2026_portada.jpg",1920,1080,false],"thumbnail":["https:\/\/www.mobellinea.com\/wp-content\/uploads\/2026\/02\/blog_tendencies-2026_portada-150x150.jpg",150,150,true],"medium":["https:\/\/www.mobellinea.com\/wp-content\/uploads\/2026\/02\/blog_tendencies-2026_portada-320x180.jpg",320,180,true],"medium_large":["https:\/\/www.mobellinea.com\/wp-content\/uploads\/2026\/02\/blog_tendencies-2026_portada-680x383.jpg",680,383,true],"large":["https:\/\/www.mobellinea.com\/wp-content\/uploads\/2026\/02\/blog_tendencies-2026_portada-1000x563.jpg",1000,563,true],"pieces_card":["https:\/\/www.mobellinea.com\/wp-content\/uploads\/2026\/02\/blog_tendencies-2026_portada-140x173.jpg",140,173,true],"gform-image-choice-sm":["https:\/\/www.mobellinea.com\/wp-content\/uploads\/2026\/02\/blog_tendencies-2026_portada.jpg",300,169,false],"gform-image-choice-md":["https:\/\/www.mobellinea.com\/wp-content\/uploads\/2026\/02\/blog_tendencies-2026_portada.jpg",400,225,false],"gform-image-choice-lg":["https:\/\/www.mobellinea.com\/wp-content\/uploads\/2026\/02\/blog_tendencies-2026_portada.jpg",600,338,false]},"uagb_author_info":{"display_name":"Berta","author_link":"https:\/\/www.mobellinea.com\/fr\/author\/bertamobellinea-es\/"},"uagb_comment_info":0,"uagb_excerpt":"En 2026, la couleur retrouve un r\u00f4le central dans le design d\u2019int\u00e9rieur. Apr\u00e8s plusieurs ann\u00e9es domin\u00e9es par des neutres froids et des solutions uniformes, les nouvelles palettes misent sur des teintes plus profondes, chaleureuses et charg\u00e9es de sens \u00e9motionnel. Des couleurs qui cr\u00e9ent des atmosph\u00e8res, favorisent le bien-\u00eatre et affirment l\u2019identit\u00e9 des espaces. Voici les\u2026","_links":{"self":[{"href":"https:\/\/www.mobellinea.com\/fr\/wp-json\/wp\/v2\/posts\/18180","targetHints":{"allow":["GET"]}}],"collection":[{"href":"https:\/\/www.mobellinea.com\/fr\/wp-json\/wp\/v2\/posts"}],"about":[{"href":"https:\/\/www.mobellinea.com\/fr\/wp-json\/wp\/v2\/types\/post"}],"author":[{"embeddable":true,"href":"https:\/\/www.mobellinea.com\/fr\/wp-json\/wp\/v2\/users\/9"}],"replies":[{"embeddable":true,"href":"https:\/\/www.mobellinea.com\/fr\/wp-json\/wp\/v2\/comments?post=18180"}],"version-history":[{"count":1,"href":"https:\/\/www.mobellinea.com\/fr\/wp-json\/wp\/v2\/posts\/18180\/revisions"}],"predecessor-version":[{"id":18187,"href":"https:\/\/www.mobellinea.com\/fr\/wp-json\/wp\/v2\/posts\/18180\/revisions\/18187"}],"wp:featuredmedia":[{"embeddable":true,"href":"https:\/\/www.mobellinea.com\/fr\/wp-json\/wp\/v2\/media\/18155"}],"wp:attachment":[{"href":"https:\/\/www.mobellinea.com\/fr\/wp-json\/wp\/v2\/media?parent=18180"}],"wp:term":[{"taxonomy":"category","embeddable":true,"href":"https:\/\/www.mobellinea.com\/fr\/wp-json\/wp\/v2\/categories?post=18180"},{"taxonomy":"post_tag","embeddable":true,"href":"https:\/\/www.mobellinea.com\/fr\/wp-json\/wp\/v2\/tags?post=18180"}],"curies":[{"name":"wp","href":"https:\/\/api.w.org\/{rel}","templated":true}]}}