{"id":17571,"date":"2026-01-22T11:10:56","date_gmt":"2026-01-22T10:10:56","guid":{"rendered":"https:\/\/www.mobellinea.com\/?p=17571"},"modified":"2026-01-29T12:15:24","modified_gmt":"2026-01-29T11:15:24","slug":"la-transformation-des-reunions-commence-par-la-conception-de-lenvironnement","status":"publish","type":"post","link":"https:\/\/www.mobellinea.com\/fr\/la-transformation-des-reunions-commence-par-la-conception-de-lenvironnement\/","title":{"rendered":"La transformation des r\u00e9unions commence par la conception de l&rsquo;environnement."},"content":{"rendered":"\n<p class=\"wp-block-paragraph\">Le travail \u00e9volue. Et avec lui, les environnements qui le soutiennent. Les bureaux cessent d&rsquo;\u00eatre des lieux de passage pour devenir des communaut\u00e9s qui favorisent la collaboration, le bien-\u00eatre et la productivit\u00e9.  <\/p>\n\n<p class=\"wp-block-paragraph\"><\/p>\n\n<p class=\"wp-block-paragraph\"><strong><em>Lorsque l&rsquo;environnement s&rsquo;y pr\u00eate, les relations s&rsquo;\u00e9tablissent naturellement et les talents travaillent mieux.<\/em><\/strong><\/p>\n\n<p class=\"wp-block-paragraph\"><\/p>\n\n<p class=\"wp-block-paragraph\">Dans cette premi\u00e8re partie, nous analysons comment repenser deux environnements cl\u00e9s pour les rendre plus utiles, plus humains et plus actifs.<\/p>\n\n<p class=\"wp-block-paragraph\"><\/p>\n\n<div style=\"height:42px\" aria-hidden=\"true\" class=\"wp-block-spacer\"><\/div>\n\n<p class=\"wp-block-paragraph\"><\/p>\n\n<p class=\"has-x-large-font-size wp-block-paragraph\"><strong>Salles de conf\u00e9rence<\/strong><\/p>\n\n<p class=\"wp-block-paragraph\">Les salles de conf\u00e9rence traditionnelles sont devenues obsol\u00e8tes. Jusqu&rsquo;\u00e0 pr\u00e9sent, elles \u00e9taient grandes, rigides et peu utilis\u00e9es. Aujourd&rsquo;hui, nous recherchons des environnements qui facilitent la participation, l&rsquo;\u00e9coute et la construction.  <\/p>\n\n<figure class=\"wp-block-image size-large\"><img decoding=\"async\" class=\"lazyload\" src=\"data:image\/gif;base64,R0lGODlhAQABAIAAAAAAAP\/\/\/yH5BAEAAAAALAAAAAABAAEAAAIBRAA7\" data-src=\"https:\/\/www.mobellinea.com\/wp-content\/uploads\/2026\/01\/01_TAK_X2026_001-1000x563.jpg\" alt=\"\"\/><noscript><img decoding=\"async\" class=\"lazyload\" src=\"https:\/\/www.mobellinea.com\/wp-content\/uploads\/2026\/01\/01_TAK_X2026_001-1000x563.jpg\" alt=\"\"\/><\/noscript><\/figure>\n\n<p class=\"wp-block-paragraph\">Les nouvelles configurations sont ax\u00e9es sur :<\/p>\n\n<ul class=\"wp-block-list\">\n<li>Des groupes r\u00e9duits, qui donnent lieu \u00e0 des conversations plus riches.<\/li>\n\n\n\n<li>Des tables courbes, qui \u00e9largissent la visibilit\u00e9 et favorisent les contacts entre les personnes.<\/li>\n\n\n\n<li>Des si\u00e8ges hauts, qui activent le corps et dynamisent la r\u00e9union.<\/li>\n<\/ul>\n\n<p class=\"wp-block-paragraph\">L&rsquo;objectif est simple et puissant : cr\u00e9er des r\u00e9unions plus vivantes, plus flexibles et plus utiles.<\/p>\n\n<p class=\"wp-block-paragraph\"><\/p>\n\n<div class=\"wp-block-uagb-image uagb-block-fcb35ce7 wp-block-uagb-image--layout-default wp-block-uagb-image--effect-static wp-block-uagb-image--align-none\"><figure class=\"wp-block-uagb-image__figure\"><img decoding=\"async\" data-srcset=\"https:\/\/www.mobellinea.com\/wp-content\/uploads\/2026\/01\/02_TAK_X2026_002-1000x563.jpg ,https:\/\/www.mobellinea.com\/wp-content\/uploads\/2026\/01\/02_TAK_X2026_002.jpg 780w, https:\/\/www.mobellinea.com\/wp-content\/uploads\/2026\/01\/02_TAK_X2026_002.jpg 360w\" sizes=\"auto, (max-width: 480px) 150px\" src=\"data:image\/gif;base64,R0lGODlhAQABAIAAAAAAAP\/\/\/yH5BAEAAAAALAAAAAABAAEAAAIBRAA7\" data-src=\"https:\/\/www.mobellinea.com\/wp-content\/uploads\/2026\/01\/02_TAK_X2026_002-1000x563.jpg\" alt=\"\" class=\"uag-image-17439 lazyload\" width=\"1000\" height=\"563\" title=\"02_TAK_X2026_002\" loading=\"lazy\" role=\"img\"><noscript><img decoding=\"async\" srcset=\"https:\/\/www.mobellinea.com\/wp-content\/uploads\/2026\/01\/02_TAK_X2026_002-1000x563.jpg ,https:\/\/www.mobellinea.com\/wp-content\/uploads\/2026\/01\/02_TAK_X2026_002.jpg 780w, https:\/\/www.mobellinea.com\/wp-content\/uploads\/2026\/01\/02_TAK_X2026_002.jpg 360w\" sizes=\"auto, (max-width: 480px) 150px\" src=\"https:\/\/www.mobellinea.com\/wp-content\/uploads\/2026\/01\/02_TAK_X2026_002-1000x563.jpg\" alt=\"\" class=\"uag-image-17439 lazyload\" width=\"1000\" height=\"563\" title=\"02_TAK_X2026_002\" loading=\"lazy\" role=\"img\"><\/noscript><\/figure><\/div>\n\n<div style=\"height:56px\" aria-hidden=\"true\" class=\"wp-block-spacer\"><\/div>\n\t\t<div \t\t\tclass=\"banner wp-block-tms-banner layout-cover-start theme-light is-media-empty is-content-empty\">\n\n\t\t\t\n\t\t\t\n\t\t<\/div>\n\t\t\t\t<div class=\"swiper banner-slider wp-block-tms-banner-slider\">\n\t\t\t<div class=\"swiper-wrapper\">\n\t\t\t\t\t\t\t\t\t\t\t\t\t\t<div class=\"swiper-slide\">\n\t\t\t\t\t\t\t\t<div \t\t\tclass=\"banner layout-cover-start theme-light is-content-empty\">\n\n\t\t\t\n\t\t\t\t\t\t\t<div class=\"banner-media\">\n\n\t\t\t\t\t\t\t\t\t\t\t<img decoding=\"async\" width=\"1920\" height=\"1080\" src=\"data:image\/gif;base64,R0lGODlhAQABAIAAAAAAAP\/\/\/yH5BAEAAAAALAAAAAABAAEAAAIBRAA7\" data-src=\"https:\/\/www.mobellinea.com\/wp-content\/uploads\/2026\/01\/04_TAK_X2026_002_V2.jpg\" class=\"attachment-full size-full lazyload\" alt=\"\" data-srcset=\"https:\/\/www.mobellinea.com\/wp-content\/uploads\/2026\/01\/04_TAK_X2026_002_V2.jpg 1920w, https:\/\/www.mobellinea.com\/wp-content\/uploads\/2026\/01\/04_TAK_X2026_002_V2-320x180.jpg 320w, https:\/\/www.mobellinea.com\/wp-content\/uploads\/2026\/01\/04_TAK_X2026_002_V2-1000x563.jpg 1000w, https:\/\/www.mobellinea.com\/wp-content\/uploads\/2026\/01\/04_TAK_X2026_002_V2-680x383.jpg 680w\" sizes=\"(max-width: 1920px) 100vw, 1920px\" \/><noscript><img decoding=\"async\" width=\"1920\" height=\"1080\" src=\"https:\/\/www.mobellinea.com\/wp-content\/uploads\/2026\/01\/04_TAK_X2026_002_V2.jpg\" class=\"attachment-full size-full lazyload\" alt=\"\" srcset=\"https:\/\/www.mobellinea.com\/wp-content\/uploads\/2026\/01\/04_TAK_X2026_002_V2.jpg 1920w, https:\/\/www.mobellinea.com\/wp-content\/uploads\/2026\/01\/04_TAK_X2026_002_V2-320x180.jpg 320w, https:\/\/www.mobellinea.com\/wp-content\/uploads\/2026\/01\/04_TAK_X2026_002_V2-1000x563.jpg 1000w, https:\/\/www.mobellinea.com\/wp-content\/uploads\/2026\/01\/04_TAK_X2026_002_V2-680x383.jpg 680w\" sizes=\"(max-width: 1920px) 100vw, 1920px\" \/><\/noscript>\t\t\t\t\t\n\t\t\t\t\t\n\t\t\t\t\t\n\t\t\t\t<\/div>\n\t\t\t\n\t\t<\/div>\n\t\t\t\t\t\t\t<\/div>\n\t\t\t\t\t\t\t\t\t\t\t\t\t\t<div class=\"swiper-slide\">\n\t\t\t\t\t\t\t\t<div \t\t\tclass=\"banner layout-cover-start theme-light is-content-empty\">\n\n\t\t\t\n\t\t\t\t\t\t\t<div class=\"banner-media\">\n\n\t\t\t\t\t\t\t\t\t\t\t<img decoding=\"async\" width=\"1920\" height=\"1080\" src=\"data:image\/gif;base64,R0lGODlhAQABAIAAAAAAAP\/\/\/yH5BAEAAAAALAAAAAABAAEAAAIBRAA7\" data-src=\"https:\/\/www.mobellinea.com\/wp-content\/uploads\/2026\/01\/03_TAK_X2026_002_V1.jpg\" class=\"attachment-full size-full lazyload\" alt=\"\" data-srcset=\"https:\/\/www.mobellinea.com\/wp-content\/uploads\/2026\/01\/03_TAK_X2026_002_V1.jpg 1920w, https:\/\/www.mobellinea.com\/wp-content\/uploads\/2026\/01\/03_TAK_X2026_002_V1-320x180.jpg 320w, https:\/\/www.mobellinea.com\/wp-content\/uploads\/2026\/01\/03_TAK_X2026_002_V1-1000x563.jpg 1000w, https:\/\/www.mobellinea.com\/wp-content\/uploads\/2026\/01\/03_TAK_X2026_002_V1-680x383.jpg 680w\" sizes=\"(max-width: 1920px) 100vw, 1920px\" \/><noscript><img decoding=\"async\" width=\"1920\" height=\"1080\" src=\"https:\/\/www.mobellinea.com\/wp-content\/uploads\/2026\/01\/03_TAK_X2026_002_V1.jpg\" class=\"attachment-full size-full lazyload\" alt=\"\" srcset=\"https:\/\/www.mobellinea.com\/wp-content\/uploads\/2026\/01\/03_TAK_X2026_002_V1.jpg 1920w, https:\/\/www.mobellinea.com\/wp-content\/uploads\/2026\/01\/03_TAK_X2026_002_V1-320x180.jpg 320w, https:\/\/www.mobellinea.com\/wp-content\/uploads\/2026\/01\/03_TAK_X2026_002_V1-1000x563.jpg 1000w, https:\/\/www.mobellinea.com\/wp-content\/uploads\/2026\/01\/03_TAK_X2026_002_V1-680x383.jpg 680w\" sizes=\"(max-width: 1920px) 100vw, 1920px\" \/><\/noscript>\t\t\t\t\t\n\t\t\t\t\t\n\t\t\t\t\t\n\t\t\t\t<\/div>\n\t\t\t\n\t\t<\/div>\n\t\t\t\t\t\t\t<\/div>\n\t\t\t\t\t\t\t\t\t\t\t\t\t\t<div class=\"swiper-slide\">\n\t\t\t\t\t\t\t\t<div \t\t\tclass=\"banner layout-cover-start theme-light is-content-empty\">\n\n\t\t\t\n\t\t\t\t\t\t\t<div class=\"banner-media\">\n\n\t\t\t\t\t\t\t\t\t\t\t<img decoding=\"async\" width=\"1920\" height=\"1080\" src=\"data:image\/gif;base64,R0lGODlhAQABAIAAAAAAAP\/\/\/yH5BAEAAAAALAAAAAABAAEAAAIBRAA7\" data-src=\"https:\/\/www.mobellinea.com\/wp-content\/uploads\/2026\/01\/05_TAK_X2026_002_V3.jpg\" class=\"attachment-full size-full lazyload\" alt=\"\" data-srcset=\"https:\/\/www.mobellinea.com\/wp-content\/uploads\/2026\/01\/05_TAK_X2026_002_V3.jpg 1920w, https:\/\/www.mobellinea.com\/wp-content\/uploads\/2026\/01\/05_TAK_X2026_002_V3-320x180.jpg 320w, https:\/\/www.mobellinea.com\/wp-content\/uploads\/2026\/01\/05_TAK_X2026_002_V3-1000x563.jpg 1000w, https:\/\/www.mobellinea.com\/wp-content\/uploads\/2026\/01\/05_TAK_X2026_002_V3-680x383.jpg 680w\" sizes=\"(max-width: 1920px) 100vw, 1920px\" \/><noscript><img decoding=\"async\" width=\"1920\" height=\"1080\" src=\"https:\/\/www.mobellinea.com\/wp-content\/uploads\/2026\/01\/05_TAK_X2026_002_V3.jpg\" class=\"attachment-full size-full lazyload\" alt=\"\" srcset=\"https:\/\/www.mobellinea.com\/wp-content\/uploads\/2026\/01\/05_TAK_X2026_002_V3.jpg 1920w, https:\/\/www.mobellinea.com\/wp-content\/uploads\/2026\/01\/05_TAK_X2026_002_V3-320x180.jpg 320w, https:\/\/www.mobellinea.com\/wp-content\/uploads\/2026\/01\/05_TAK_X2026_002_V3-1000x563.jpg 1000w, https:\/\/www.mobellinea.com\/wp-content\/uploads\/2026\/01\/05_TAK_X2026_002_V3-680x383.jpg 680w\" sizes=\"(max-width: 1920px) 100vw, 1920px\" \/><\/noscript>\t\t\t\t\t\n\t\t\t\t\t\n\t\t\t\t\t\n\t\t\t\t<\/div>\n\t\t\t\n\t\t<\/div>\n\t\t\t\t\t\t\t<\/div>\n\t\t\t\t\t\t\t<\/div>\n\t\t\t<div class=\"swiper-pagination\"><\/div>\n\t\t<\/div>\n\t\t\n<p class=\"wp-block-paragraph\"><\/p>\n\n<p class=\"wp-block-paragraph\"><\/p>\n\n<div style=\"height:42px\" aria-hidden=\"true\" class=\"wp-block-spacer\"><\/div>\n\n<p class=\"has-x-large-font-size wp-block-paragraph\"><strong>Salles de r\u00e9union<\/strong><\/p>\n\n<p class=\"wp-block-paragraph\">Pendant des ann\u00e9es, nous avons travaill\u00e9 dans des environnements statiques, configur\u00e9s pour offrir une seule mani\u00e8re de se r\u00e9unir. Mais les besoins actuels sont beaucoup plus diversifi\u00e9s. Aujourd&rsquo;hui, nous privil\u00e9gions les environnements qui s&rsquo;adaptent \u00e0 chaque \u00e9quipe et \u00e0 chaque dynamique, qui se d\u00e9placent facilement et permettent de changer le rythme d&rsquo;une r\u00e9union en quelques secondes.  <\/p>\n\n<p class=\"wp-block-paragraph\"><\/p>\n\n<div class=\"wp-block-uagb-image uagb-block-0d303040 wp-block-uagb-image--layout-default wp-block-uagb-image--effect-static wp-block-uagb-image--align-none\"><figure class=\"wp-block-uagb-image__figure\"><img decoding=\"async\" data-srcset=\"https:\/\/www.mobellinea.com\/wp-content\/uploads\/2026\/01\/WEEKLY_X2026_001-1000x563.jpg ,https:\/\/www.mobellinea.com\/wp-content\/uploads\/2026\/01\/WEEKLY_X2026_001.jpg 780w, https:\/\/www.mobellinea.com\/wp-content\/uploads\/2026\/01\/WEEKLY_X2026_001.jpg 360w\" sizes=\"auto, (max-width: 480px) 150px\" src=\"data:image\/gif;base64,R0lGODlhAQABAIAAAAAAAP\/\/\/yH5BAEAAAAALAAAAAABAAEAAAIBRAA7\" data-src=\"https:\/\/www.mobellinea.com\/wp-content\/uploads\/2026\/01\/WEEKLY_X2026_001-1000x563.jpg\" alt=\"\" class=\"uag-image-17651 lazyload\" width=\"1000\" height=\"557\" title=\"WEEKLY_X2026_001\" loading=\"lazy\" role=\"img\"><noscript><img decoding=\"async\" srcset=\"https:\/\/www.mobellinea.com\/wp-content\/uploads\/2026\/01\/WEEKLY_X2026_001-1000x563.jpg ,https:\/\/www.mobellinea.com\/wp-content\/uploads\/2026\/01\/WEEKLY_X2026_001.jpg 780w, https:\/\/www.mobellinea.com\/wp-content\/uploads\/2026\/01\/WEEKLY_X2026_001.jpg 360w\" sizes=\"auto, (max-width: 480px) 150px\" src=\"https:\/\/www.mobellinea.com\/wp-content\/uploads\/2026\/01\/WEEKLY_X2026_001-1000x563.jpg\" alt=\"\" class=\"uag-image-17651 lazyload\" width=\"1000\" height=\"557\" title=\"WEEKLY_X2026_001\" loading=\"lazy\" role=\"img\"><\/noscript><\/figure><\/div>\n\n<p class=\"wp-block-paragraph\">Des \u00e9l\u00e9ments tels que les tableaux mobiles, les tables individuelles d\u00e9pla\u00e7ables et les si\u00e8ges hauts, composent des salles hybrides et modulables, qui stimulent la r\u00e9flexion, la prise de d\u00e9cisions et la cocr\u00e9ation.<\/p>\n\n<p class=\"wp-block-paragraph\"><\/p>\n\n<div class=\"wp-block-uagb-image uagb-block-3b43b519 wp-block-uagb-image--layout-default wp-block-uagb-image--effect-static wp-block-uagb-image--align-none\"><figure class=\"wp-block-uagb-image__figure\"><img decoding=\"async\" data-srcset=\"https:\/\/www.mobellinea.com\/wp-content\/uploads\/2026\/01\/KREA_X2026_001_V1-1000x563.jpg ,https:\/\/www.mobellinea.com\/wp-content\/uploads\/2026\/01\/KREA_X2026_001_V1.jpg 780w, https:\/\/www.mobellinea.com\/wp-content\/uploads\/2026\/01\/KREA_X2026_001_V1.jpg 360w\" sizes=\"auto, (max-width: 480px) 150px\" src=\"data:image\/gif;base64,R0lGODlhAQABAIAAAAAAAP\/\/\/yH5BAEAAAAALAAAAAABAAEAAAIBRAA7\" data-src=\"https:\/\/www.mobellinea.com\/wp-content\/uploads\/2026\/01\/KREA_X2026_001_V1-1000x563.jpg\" alt=\"\" class=\"uag-image-17653 lazyload\" width=\"1558\" height=\"872\" title=\"KREA_X2026_001_V1\" loading=\"lazy\" role=\"img\"><noscript><img decoding=\"async\" srcset=\"https:\/\/www.mobellinea.com\/wp-content\/uploads\/2026\/01\/KREA_X2026_001_V1-1000x563.jpg ,https:\/\/www.mobellinea.com\/wp-content\/uploads\/2026\/01\/KREA_X2026_001_V1.jpg 780w, https:\/\/www.mobellinea.com\/wp-content\/uploads\/2026\/01\/KREA_X2026_001_V1.jpg 360w\" sizes=\"auto, (max-width: 480px) 150px\" src=\"https:\/\/www.mobellinea.com\/wp-content\/uploads\/2026\/01\/KREA_X2026_001_V1-1000x563.jpg\" alt=\"\" class=\"uag-image-17653 lazyload\" width=\"1558\" height=\"872\" title=\"KREA_X2026_001_V1\" loading=\"lazy\" role=\"img\"><\/noscript><\/figure><\/div>\n\n<p class=\"wp-block-paragraph\"><\/p>\n\t\t<div \t\t\tclass=\"banner wp-block-tms-banner layout-cover-start theme-light is-content-empty\">\n\n\t\t\t\n\t\t\t\t\t\t\t<div class=\"banner-media\">\n\n\t\t\t\t\t\t\t\t\t\t\t<img decoding=\"async\" width=\"1920\" height=\"1080\" src=\"data:image\/gif;base64,R0lGODlhAQABAIAAAAAAAP\/\/\/yH5BAEAAAAALAAAAAABAAEAAAIBRAA7\" data-src=\"https:\/\/www.mobellinea.com\/wp-content\/uploads\/2026\/01\/KREA_X2026_001.jpg\" class=\"attachment-full size-full lazyload\" alt=\"\" data-srcset=\"https:\/\/www.mobellinea.com\/wp-content\/uploads\/2026\/01\/KREA_X2026_001.jpg 1920w, https:\/\/www.mobellinea.com\/wp-content\/uploads\/2026\/01\/KREA_X2026_001-320x180.jpg 320w, https:\/\/www.mobellinea.com\/wp-content\/uploads\/2026\/01\/KREA_X2026_001-1000x563.jpg 1000w, https:\/\/www.mobellinea.com\/wp-content\/uploads\/2026\/01\/KREA_X2026_001-680x383.jpg 680w\" sizes=\"(max-width: 1920px) 100vw, 1920px\" \/><noscript><img decoding=\"async\" width=\"1920\" height=\"1080\" src=\"https:\/\/www.mobellinea.com\/wp-content\/uploads\/2026\/01\/KREA_X2026_001.jpg\" class=\"attachment-full size-full lazyload\" alt=\"\" srcset=\"https:\/\/www.mobellinea.com\/wp-content\/uploads\/2026\/01\/KREA_X2026_001.jpg 1920w, https:\/\/www.mobellinea.com\/wp-content\/uploads\/2026\/01\/KREA_X2026_001-320x180.jpg 320w, https:\/\/www.mobellinea.com\/wp-content\/uploads\/2026\/01\/KREA_X2026_001-1000x563.jpg 1000w, https:\/\/www.mobellinea.com\/wp-content\/uploads\/2026\/01\/KREA_X2026_001-680x383.jpg 680w\" sizes=\"(max-width: 1920px) 100vw, 1920px\" \/><\/noscript>\t\t\t\t\t\n\t\t\t\t\t\n\t\t\t\t\t\n\t\t\t\t<\/div>\n\t\t\t\n\t\t<\/div>\n\t\t\n<p class=\"wp-block-paragraph\"><\/p>\n\n<p class=\"wp-block-paragraph\">La conception des environnements va bien au-del\u00e0 de l&rsquo;esth\u00e9tique. C&rsquo;est un outil strat\u00e9gique qui transforme la mani\u00e8re dont nous travaillons, interagissons et nous sentons tout au long de la journ\u00e9e. C&rsquo;est pourquoi le bureau du futur sera flexible, modulaire, durable et con\u00e7u pour cr\u00e9er une communaut\u00e9.  <\/p>\n\n<p class=\"wp-block-paragraph\">Chez Mobel Linea, nous continuons \u00e0 concevoir du mobilier qui donne du sens et une forme \u00e0 ces environnements.<\/p>\n\n<p class=\"wp-block-paragraph\"><\/p>\n\n<hr class=\"wp-block-separator has-alpha-channel-opacity\"\/>\n\n<h5 class=\"wp-block-heading\" id=\"h-productos-que-aparecen-en-el-articulo\">Produits mentionn\u00e9s dans l&rsquo;article<\/h5>\n\n<div class=\"wp-block-uagb-container uagb-layout-grid uagb-block-e22e459f alignfull uagb-is-root-container\"><div class=\"uagb-container-inner-blocks-wrap\">\n<div class=\"wp-block-uagb-container uagb-block-ee354c55\">\n<figure class=\"wp-block-image aligncenter size-medium\"><img decoding=\"async\" src=\"data:image\/gif;base64,R0lGODlhAQABAIAAAAAAAP\/\/\/yH5BAEAAAAALAAAAAABAAEAAAIBRAA7\" data-src=\"https:\/\/www.mobellinea.com\/wp-content\/uploads\/2025\/11\/tak_d_reuniones-320x396.jpg\" alt=\"\" class=\"wp-image-794 lazyload\"\/><noscript><img decoding=\"async\" width=\"320\" height=\"396\" src=\"https:\/\/www.mobellinea.com\/wp-content\/uploads\/2025\/11\/tak_d_reuniones-320x396.jpg\" alt=\"\" class=\"wp-image-794 lazyload\" srcset=\"https:\/\/www.mobellinea.com\/wp-content\/uploads\/2025\/11\/tak_d_reuniones-320x396.jpg 320w, https:\/\/www.mobellinea.com\/wp-content\/uploads\/2025\/11\/tak_d_reuniones-140x173.jpg 140w, https:\/\/www.mobellinea.com\/wp-content\/uploads\/2025\/11\/tak_d_reuniones.jpg 563w\" sizes=\"(max-width: 320px) 100vw, 320px\" \/><\/noscript><\/figure>\n\n\n\n<div class=\"wp-block-buttons btn-pop is-content-justification-center is-layout-flex wp-container-core-buttons-is-layout-1ee1f49e wp-block-buttons-is-layout-flex\">\n<div class=\"wp-block-button\"><a class=\"wp-block-button__link wp-element-button\" href=\"https:\/\/www.mobellinea.com\/fr\/produit\/rangement\/armoires\/tak-3\/\">Tak<\/a><\/div>\n<\/div>\n<\/div>\n\n\n\n<div class=\"wp-block-uagb-container uagb-block-9cdeeff0\">\n<figure class=\"wp-block-image aligncenter size-medium\"><img decoding=\"async\" src=\"data:image\/gif;base64,R0lGODlhAQABAIAAAAAAAP\/\/\/yH5BAEAAAAALAAAAAABAAEAAAIBRAA7\" data-src=\"https:\/\/www.mobellinea.com\/wp-content\/uploads\/2025\/11\/weekly_meet_d_1-320x396.jpg\" alt=\"\" class=\"wp-image-1628 lazyload\"\/><noscript><img decoding=\"async\" width=\"320\" height=\"396\" src=\"https:\/\/www.mobellinea.com\/wp-content\/uploads\/2025\/11\/weekly_meet_d_1-320x396.jpg\" alt=\"\" class=\"wp-image-1628 lazyload\" srcset=\"https:\/\/www.mobellinea.com\/wp-content\/uploads\/2025\/11\/weekly_meet_d_1-320x396.jpg 320w, https:\/\/www.mobellinea.com\/wp-content\/uploads\/2025\/11\/weekly_meet_d_1-140x173.jpg 140w, https:\/\/www.mobellinea.com\/wp-content\/uploads\/2025\/11\/weekly_meet_d_1.jpg 563w\" sizes=\"(max-width: 320px) 100vw, 320px\" \/><\/noscript><\/figure>\n\n\n\n<div class=\"wp-block-buttons btn-pop is-content-justification-center is-layout-flex wp-container-core-buttons-is-layout-1ee1f49e wp-block-buttons-is-layout-flex\">\n<div class=\"wp-block-button\"><a class=\"wp-block-button__link wp-element-button\" href=\"https:\/\/www.mobellinea.com\/fr\/produit\/collections\/weekly-meet\/\">Weekly<\/a><\/div>\n<\/div>\n<\/div>\n\n\n\n<div class=\"wp-block-uagb-container uagb-block-8caafd29\">\n<figure class=\"wp-block-image aligncenter size-medium\"><img decoding=\"async\" src=\"data:image\/gif;base64,R0lGODlhAQABAIAAAAAAAP\/\/\/yH5BAEAAAAALAAAAAABAAEAAAIBRAA7\" data-src=\"https:\/\/www.mobellinea.com\/wp-content\/uploads\/2025\/11\/rol_alta_d_1-320x396.jpg\" alt=\"\" class=\"wp-image-2130 lazyload\"\/><noscript><img decoding=\"async\" width=\"320\" height=\"396\" src=\"https:\/\/www.mobellinea.com\/wp-content\/uploads\/2025\/11\/rol_alta_d_1-320x396.jpg\" alt=\"\" class=\"wp-image-2130 lazyload\" srcset=\"https:\/\/www.mobellinea.com\/wp-content\/uploads\/2025\/11\/rol_alta_d_1-320x396.jpg 320w, https:\/\/www.mobellinea.com\/wp-content\/uploads\/2025\/11\/rol_alta_d_1-140x173.jpg 140w, https:\/\/www.mobellinea.com\/wp-content\/uploads\/2025\/11\/rol_alta_d_1.jpg 563w\" sizes=\"(max-width: 320px) 100vw, 320px\" \/><\/noscript><\/figure>\n\n\n\n<div class=\"wp-block-buttons btn-pop is-content-justification-center is-layout-flex wp-container-core-buttons-is-layout-1ee1f49e wp-block-buttons-is-layout-flex\">\n<div class=\"wp-block-button\"><a class=\"wp-block-button__link wp-element-button\" href=\"https:\/\/www.mobellinea.com\/fr\/produit\/tables\/hautes\/rol-3\/\">Rol<\/a><\/div>\n<\/div>\n<\/div>\n\n\n\n<div class=\"wp-block-uagb-container uagb-block-c001d0d9\">\n<figure class=\"wp-block-image aligncenter size-medium\"><img decoding=\"async\" src=\"data:image\/gif;base64,R0lGODlhAQABAIAAAAAAAP\/\/\/yH5BAEAAAAALAAAAAABAAEAAAIBRAA7\" data-src=\"https:\/\/www.mobellinea.com\/wp-content\/uploads\/2025\/11\/nofrill-taburete_d_1-320x396.jpg\" alt=\"\" class=\"wp-image-2872 lazyload\"\/><noscript><img decoding=\"async\" width=\"320\" height=\"396\" src=\"https:\/\/www.mobellinea.com\/wp-content\/uploads\/2025\/11\/nofrill-taburete_d_1-320x396.jpg\" alt=\"\" class=\"wp-image-2872 lazyload\" srcset=\"https:\/\/www.mobellinea.com\/wp-content\/uploads\/2025\/11\/nofrill-taburete_d_1-320x396.jpg 320w, https:\/\/www.mobellinea.com\/wp-content\/uploads\/2025\/11\/nofrill-taburete_d_1-140x173.jpg 140w, https:\/\/www.mobellinea.com\/wp-content\/uploads\/2025\/11\/nofrill-taburete_d_1.jpg 563w\" sizes=\"(max-width: 320px) 100vw, 320px\" \/><\/noscript><\/figure>\n\n\n\n<div class=\"wp-block-buttons btn-pop is-content-justification-center is-layout-flex wp-container-core-buttons-is-layout-1ee1f49e wp-block-buttons-is-layout-flex\">\n<div class=\"wp-block-button\"><a class=\"wp-block-button__link wp-element-button\" href=\"https:\/\/www.mobellinea.com\/fr\/produit\/sieges\/auxiliaires-et-cafeteria\/no-frill-2\/\">No frill<\/a><\/div>\n<\/div>\n<\/div>\n\n\n\n<div class=\"wp-block-uagb-container uagb-block-eca0c1e9\">\n<figure class=\"wp-block-image aligncenter size-medium\"><img decoding=\"async\" src=\"data:image\/gif;base64,R0lGODlhAQABAIAAAAAAAP\/\/\/yH5BAEAAAAALAAAAAABAAEAAAIBRAA7\" data-src=\"https:\/\/www.mobellinea.com\/wp-content\/uploads\/2025\/11\/krea_d_1-320x396.jpg\" alt=\"\" class=\"wp-image-640 lazyload\"\/><noscript><img decoding=\"async\" width=\"320\" height=\"396\" src=\"https:\/\/www.mobellinea.com\/wp-content\/uploads\/2025\/11\/krea_d_1-320x396.jpg\" alt=\"\" class=\"wp-image-640 lazyload\" srcset=\"https:\/\/www.mobellinea.com\/wp-content\/uploads\/2025\/11\/krea_d_1-320x396.jpg 320w, https:\/\/www.mobellinea.com\/wp-content\/uploads\/2025\/11\/krea_d_1-140x173.jpg 140w, https:\/\/www.mobellinea.com\/wp-content\/uploads\/2025\/11\/krea_d_1.jpg 563w\" sizes=\"(max-width: 320px) 100vw, 320px\" \/><\/noscript><\/figure>\n\n\n\n<div class=\"wp-block-buttons btn-pop is-content-justification-center is-layout-flex wp-container-core-buttons-is-layout-1ee1f49e wp-block-buttons-is-layout-flex\">\n<div class=\"wp-block-button\"><a class=\"wp-block-button__link wp-element-button\" href=\"https:\/\/www.mobellinea.com\/fr\/produit\/tables\/avec-roulettes\/krea\/\">Krea<\/a><\/div>\n<\/div>\n<\/div>\n\n\n\n<div class=\"wp-block-uagb-container uagb-block-67686160\">\n<figure class=\"wp-block-image aligncenter size-medium\"><img decoding=\"async\" src=\"data:image\/gif;base64,R0lGODlhAQABAIAAAAAAAP\/\/\/yH5BAEAAAAALAAAAAABAAEAAAIBRAA7\" data-src=\"https:\/\/www.mobellinea.com\/wp-content\/uploads\/2025\/11\/esmou_wall_d_1-320x396.jpg\" alt=\"\" class=\"wp-image-2073 lazyload\"\/><noscript><img decoding=\"async\" width=\"320\" height=\"396\" src=\"https:\/\/www.mobellinea.com\/wp-content\/uploads\/2025\/11\/esmou_wall_d_1-320x396.jpg\" alt=\"\" class=\"wp-image-2073 lazyload\" srcset=\"https:\/\/www.mobellinea.com\/wp-content\/uploads\/2025\/11\/esmou_wall_d_1-320x396.jpg 320w, https:\/\/www.mobellinea.com\/wp-content\/uploads\/2025\/11\/esmou_wall_d_1-140x173.jpg 140w, https:\/\/www.mobellinea.com\/wp-content\/uploads\/2025\/11\/esmou_wall_d_1.jpg 563w\" sizes=\"(max-width: 320px) 100vw, 320px\" \/><\/noscript><\/figure>\n\n\n\n<div class=\"wp-block-buttons btn-pop is-content-justification-center is-layout-flex wp-container-core-buttons-is-layout-1ee1f49e wp-block-buttons-is-layout-flex\">\n<div class=\"wp-block-button\"><a class=\"wp-block-button__link wp-element-button\" href=\"https:\/\/www.mobellinea.com\/fr\/produit\/collections\/esmou\/esmou-wall\/\">esmou wall<\/a><\/div>\n<\/div>\n<\/div>\n<\/div><\/div>\n","protected":false},"excerpt":{"rendered":"<p>Le travail \u00e9volue. Et avec lui, les environnements qui le soutiennent. Les bureaux cessent d&rsquo;\u00eatre des lieux de passage pour devenir des communaut\u00e9s qui favorisent la collaboration, le bien-\u00eatre et la productivit\u00e9. Lorsque l&rsquo;environnement s&rsquo;y pr\u00eate, les relations s&rsquo;\u00e9tablissent naturellement et les talents travaillent mieux. Dans cette premi\u00e8re partie, nous analysons comment repenser deux environnements [&hellip;]<\/p>\n","protected":false},"author":8,"featured_media":18025,"comment_status":"closed","ping_status":"closed","sticky":false,"template":"","format":"standard","meta":{"_acf_changed":false,"_uag_custom_page_level_css":"","footnotes":""},"categories":[347,367],"tags":[],"class_list":["post-17571","post","type-post","status-publish","format-standard","has-post-thumbnail","hentry","category-bien-etre","category-tendances"],"acf":[],"yoast_head":"<!-- This site is optimized with the Yoast SEO Premium plugin v26.6 (Yoast SEO v27.6) - https:\/\/yoast.com\/product\/yoast-seo-premium-wordpress\/ -->\n<title>La transformation des r\u00e9unions commence par la conception de l&#039;environnement. - Mobellinea<\/title>\n<meta name=\"description\" content=\"Le travail \u00e9volue. Et avec lui, les environnements qui le soutiennent. Les bureaux cessent d&#039;\u00eatre des lieux de passage pour devenir des communaut\u00e9s qui\" \/>\n<meta name=\"robots\" content=\"index, follow, max-snippet:-1, max-image-preview:large, max-video-preview:-1\" \/>\n<link rel=\"canonical\" href=\"https:\/\/www.mobellinea.com\/fr\/la-transformation-des-reunions-commence-par-la-conception-de-lenvironnement\/\" \/>\n<meta property=\"og:locale\" content=\"fr_FR\" \/>\n<meta property=\"og:type\" content=\"article\" \/>\n<meta property=\"og:title\" content=\"La transformation des r\u00e9unions commence par la conception de l&#039;environnement.\" \/>\n<meta property=\"og:description\" content=\"Le travail \u00e9volue. Et avec lui, les environnements qui le soutiennent. Les bureaux cessent d&#039;\u00eatre des lieux de passage pour devenir des communaut\u00e9s qui\" \/>\n<meta property=\"og:url\" content=\"https:\/\/www.mobellinea.com\/fr\/la-transformation-des-reunions-commence-par-la-conception-de-lenvironnement\/\" \/>\n<meta property=\"og:site_name\" content=\"Mobellinea\" \/>\n<meta property=\"article:publisher\" content=\"https:\/\/www.facebook.com\/mobellineasl\" \/>\n<meta property=\"article:published_time\" content=\"2026-01-22T10:10:56+00:00\" \/>\n<meta property=\"article:modified_time\" content=\"2026-01-29T11:15:24+00:00\" \/>\n<meta property=\"og:image\" content=\"https:\/\/www.mobellinea.com\/wp-content\/uploads\/2026\/01\/02_TAK_X2026_002.jpg\" \/>\n\t<meta property=\"og:image:width\" content=\"1920\" \/>\n\t<meta property=\"og:image:height\" content=\"1080\" \/>\n\t<meta property=\"og:image:type\" content=\"image\/jpeg\" \/>\n<meta name=\"author\" content=\"Anna\" \/>\n<meta name=\"twitter:card\" content=\"summary_large_image\" \/>\n<meta name=\"twitter:label1\" content=\"\u00c9crit par\" \/>\n\t<meta name=\"twitter:data1\" content=\"Anna\" \/>\n\t<meta name=\"twitter:label2\" content=\"Dur\u00e9e de lecture estim\u00e9e\" \/>\n\t<meta name=\"twitter:data2\" content=\"2 minutes\" \/>\n<script type=\"application\/ld+json\" class=\"yoast-schema-graph\">{\"@context\":\"https:\\\/\\\/schema.org\",\"@graph\":[{\"@type\":\"Article\",\"@id\":\"https:\\\/\\\/www.mobellinea.com\\\/fr\\\/la-transformation-des-reunions-commence-par-la-conception-de-lenvironnement\\\/#article\",\"isPartOf\":{\"@id\":\"https:\\\/\\\/www.mobellinea.com\\\/fr\\\/la-transformation-des-reunions-commence-par-la-conception-de-lenvironnement\\\/\"},\"author\":{\"name\":\"Anna\",\"@id\":\"https:\\\/\\\/mobellinea.com\\\/en\\\/#\\\/schema\\\/person\\\/518e40fa1dcd8c2ef7106c7561ae3ddb\"},\"headline\":\"La transformation des r\u00e9unions commence par la conception de l&rsquo;environnement.\",\"datePublished\":\"2026-01-22T10:10:56+00:00\",\"dateModified\":\"2026-01-29T11:15:24+00:00\",\"mainEntityOfPage\":{\"@id\":\"https:\\\/\\\/www.mobellinea.com\\\/fr\\\/la-transformation-des-reunions-commence-par-la-conception-de-lenvironnement\\\/\"},\"wordCount\":384,\"image\":{\"@id\":\"https:\\\/\\\/www.mobellinea.com\\\/fr\\\/la-transformation-des-reunions-commence-par-la-conception-de-lenvironnement\\\/#primaryimage\"},\"thumbnailUrl\":\"https:\\\/\\\/www.mobellinea.com\\\/wp-content\\\/uploads\\\/2026\\\/01\\\/02_TAK_X2026_002.jpg\",\"articleSection\":[\"Bien-\u00eatre\",\"tendances\"],\"inLanguage\":\"fr-FR\"},{\"@type\":\"WebPage\",\"@id\":\"https:\\\/\\\/www.mobellinea.com\\\/fr\\\/la-transformation-des-reunions-commence-par-la-conception-de-lenvironnement\\\/\",\"url\":\"https:\\\/\\\/www.mobellinea.com\\\/fr\\\/la-transformation-des-reunions-commence-par-la-conception-de-lenvironnement\\\/\",\"name\":\"La transformation des r\u00e9unions commence par la conception de l'environnement. - Mobellinea\",\"isPartOf\":{\"@id\":\"https:\\\/\\\/mobellinea.com\\\/en\\\/#website\"},\"primaryImageOfPage\":{\"@id\":\"https:\\\/\\\/www.mobellinea.com\\\/fr\\\/la-transformation-des-reunions-commence-par-la-conception-de-lenvironnement\\\/#primaryimage\"},\"image\":{\"@id\":\"https:\\\/\\\/www.mobellinea.com\\\/fr\\\/la-transformation-des-reunions-commence-par-la-conception-de-lenvironnement\\\/#primaryimage\"},\"thumbnailUrl\":\"https:\\\/\\\/www.mobellinea.com\\\/wp-content\\\/uploads\\\/2026\\\/01\\\/02_TAK_X2026_002.jpg\",\"datePublished\":\"2026-01-22T10:10:56+00:00\",\"dateModified\":\"2026-01-29T11:15:24+00:00\",\"author\":{\"@id\":\"https:\\\/\\\/mobellinea.com\\\/en\\\/#\\\/schema\\\/person\\\/518e40fa1dcd8c2ef7106c7561ae3ddb\"},\"description\":\"Le travail \u00e9volue. Et avec lui, les environnements qui le soutiennent. Les bureaux cessent d'\u00eatre des lieux de passage pour devenir des communaut\u00e9s qui\",\"breadcrumb\":{\"@id\":\"https:\\\/\\\/www.mobellinea.com\\\/fr\\\/la-transformation-des-reunions-commence-par-la-conception-de-lenvironnement\\\/#breadcrumb\"},\"inLanguage\":\"fr-FR\",\"potentialAction\":[{\"@type\":\"ReadAction\",\"target\":[\"https:\\\/\\\/www.mobellinea.com\\\/fr\\\/la-transformation-des-reunions-commence-par-la-conception-de-lenvironnement\\\/\"]}]},{\"@type\":\"ImageObject\",\"inLanguage\":\"fr-FR\",\"@id\":\"https:\\\/\\\/www.mobellinea.com\\\/fr\\\/la-transformation-des-reunions-commence-par-la-conception-de-lenvironnement\\\/#primaryimage\",\"url\":\"https:\\\/\\\/www.mobellinea.com\\\/wp-content\\\/uploads\\\/2026\\\/01\\\/02_TAK_X2026_002.jpg\",\"contentUrl\":\"https:\\\/\\\/www.mobellinea.com\\\/wp-content\\\/uploads\\\/2026\\\/01\\\/02_TAK_X2026_002.jpg\",\"width\":1920,\"height\":1080},{\"@type\":\"BreadcrumbList\",\"@id\":\"https:\\\/\\\/www.mobellinea.com\\\/fr\\\/la-transformation-des-reunions-commence-par-la-conception-de-lenvironnement\\\/#breadcrumb\",\"itemListElement\":[{\"@type\":\"ListItem\",\"position\":1,\"name\":\"Home\",\"item\":\"https:\\\/\\\/www.mobellinea.com\\\/fr\\\/accueil\\\/\"},{\"@type\":\"ListItem\",\"position\":2,\"name\":\"Bien-\u00eatre\",\"item\":\"https:\\\/\\\/www.mobellinea.com\\\/fr\\\/category\\\/bien-etre\\\/\"},{\"@type\":\"ListItem\",\"position\":3,\"name\":\"La transformation des r\u00e9unions commence par la conception de l&#8217;environnement.\"}]},{\"@type\":\"WebSite\",\"@id\":\"https:\\\/\\\/mobellinea.com\\\/en\\\/#website\",\"url\":\"https:\\\/\\\/mobellinea.com\\\/en\\\/\",\"name\":\"MobelLinea\",\"description\":\"Dise\u00f1amos y fabricamos soluciones de mobiliario para oficinas y espacios colectivos. Creamos entornos honestos, funcionales y humanos, pensados para mejorar la vida de las personas\",\"alternateName\":\"Mobel Linea\",\"potentialAction\":[{\"@type\":\"SearchAction\",\"target\":{\"@type\":\"EntryPoint\",\"urlTemplate\":\"https:\\\/\\\/mobellinea.com\\\/en\\\/?s={search_term_string}\"},\"query-input\":{\"@type\":\"PropertyValueSpecification\",\"valueRequired\":true,\"valueName\":\"search_term_string\"}}],\"inLanguage\":\"fr-FR\"},{\"@type\":\"Person\",\"@id\":\"https:\\\/\\\/mobellinea.com\\\/en\\\/#\\\/schema\\\/person\\\/518e40fa1dcd8c2ef7106c7561ae3ddb\",\"name\":\"Anna\",\"image\":{\"@type\":\"ImageObject\",\"inLanguage\":\"fr-FR\",\"@id\":\"https:\\\/\\\/secure.gravatar.com\\\/avatar\\\/8adc17f1354e8252029a3205a793c695de1d4150636fd00a689f76f96e8a4c98?s=96&d=mm&r=g\",\"url\":\"https:\\\/\\\/secure.gravatar.com\\\/avatar\\\/8adc17f1354e8252029a3205a793c695de1d4150636fd00a689f76f96e8a4c98?s=96&d=mm&r=g\",\"contentUrl\":\"https:\\\/\\\/secure.gravatar.com\\\/avatar\\\/8adc17f1354e8252029a3205a793c695de1d4150636fd00a689f76f96e8a4c98?s=96&d=mm&r=g\",\"caption\":\"Anna\"}}]}<\/script>\n<!-- \/ Yoast SEO Premium plugin. -->","yoast_head_json":{"title":"La transformation des r\u00e9unions commence par la conception de l'environnement. - Mobellinea","description":"Le travail \u00e9volue. Et avec lui, les environnements qui le soutiennent. Les bureaux cessent d'\u00eatre des lieux de passage pour devenir des communaut\u00e9s qui","robots":{"index":"index","follow":"follow","max-snippet":"max-snippet:-1","max-image-preview":"max-image-preview:large","max-video-preview":"max-video-preview:-1"},"canonical":"https:\/\/www.mobellinea.com\/fr\/la-transformation-des-reunions-commence-par-la-conception-de-lenvironnement\/","og_locale":"fr_FR","og_type":"article","og_title":"La transformation des r\u00e9unions commence par la conception de l'environnement.","og_description":"Le travail \u00e9volue. Et avec lui, les environnements qui le soutiennent. Les bureaux cessent d'\u00eatre des lieux de passage pour devenir des communaut\u00e9s qui","og_url":"https:\/\/www.mobellinea.com\/fr\/la-transformation-des-reunions-commence-par-la-conception-de-lenvironnement\/","og_site_name":"Mobellinea","article_publisher":"https:\/\/www.facebook.com\/mobellineasl","article_published_time":"2026-01-22T10:10:56+00:00","article_modified_time":"2026-01-29T11:15:24+00:00","og_image":[{"width":1920,"height":1080,"url":"https:\/\/www.mobellinea.com\/wp-content\/uploads\/2026\/01\/02_TAK_X2026_002.jpg","type":"image\/jpeg"}],"author":"Anna","twitter_card":"summary_large_image","twitter_misc":{"\u00c9crit par":"Anna","Dur\u00e9e de lecture estim\u00e9e":"2 minutes"},"schema":{"@context":"https:\/\/schema.org","@graph":[{"@type":"Article","@id":"https:\/\/www.mobellinea.com\/fr\/la-transformation-des-reunions-commence-par-la-conception-de-lenvironnement\/#article","isPartOf":{"@id":"https:\/\/www.mobellinea.com\/fr\/la-transformation-des-reunions-commence-par-la-conception-de-lenvironnement\/"},"author":{"name":"Anna","@id":"https:\/\/mobellinea.com\/en\/#\/schema\/person\/518e40fa1dcd8c2ef7106c7561ae3ddb"},"headline":"La transformation des r\u00e9unions commence par la conception de l&rsquo;environnement.","datePublished":"2026-01-22T10:10:56+00:00","dateModified":"2026-01-29T11:15:24+00:00","mainEntityOfPage":{"@id":"https:\/\/www.mobellinea.com\/fr\/la-transformation-des-reunions-commence-par-la-conception-de-lenvironnement\/"},"wordCount":384,"image":{"@id":"https:\/\/www.mobellinea.com\/fr\/la-transformation-des-reunions-commence-par-la-conception-de-lenvironnement\/#primaryimage"},"thumbnailUrl":"https:\/\/www.mobellinea.com\/wp-content\/uploads\/2026\/01\/02_TAK_X2026_002.jpg","articleSection":["Bien-\u00eatre","tendances"],"inLanguage":"fr-FR"},{"@type":"WebPage","@id":"https:\/\/www.mobellinea.com\/fr\/la-transformation-des-reunions-commence-par-la-conception-de-lenvironnement\/","url":"https:\/\/www.mobellinea.com\/fr\/la-transformation-des-reunions-commence-par-la-conception-de-lenvironnement\/","name":"La transformation des r\u00e9unions commence par la conception de l'environnement. - Mobellinea","isPartOf":{"@id":"https:\/\/mobellinea.com\/en\/#website"},"primaryImageOfPage":{"@id":"https:\/\/www.mobellinea.com\/fr\/la-transformation-des-reunions-commence-par-la-conception-de-lenvironnement\/#primaryimage"},"image":{"@id":"https:\/\/www.mobellinea.com\/fr\/la-transformation-des-reunions-commence-par-la-conception-de-lenvironnement\/#primaryimage"},"thumbnailUrl":"https:\/\/www.mobellinea.com\/wp-content\/uploads\/2026\/01\/02_TAK_X2026_002.jpg","datePublished":"2026-01-22T10:10:56+00:00","dateModified":"2026-01-29T11:15:24+00:00","author":{"@id":"https:\/\/mobellinea.com\/en\/#\/schema\/person\/518e40fa1dcd8c2ef7106c7561ae3ddb"},"description":"Le travail \u00e9volue. Et avec lui, les environnements qui le soutiennent. Les bureaux cessent d'\u00eatre des lieux de passage pour devenir des communaut\u00e9s qui","breadcrumb":{"@id":"https:\/\/www.mobellinea.com\/fr\/la-transformation-des-reunions-commence-par-la-conception-de-lenvironnement\/#breadcrumb"},"inLanguage":"fr-FR","potentialAction":[{"@type":"ReadAction","target":["https:\/\/www.mobellinea.com\/fr\/la-transformation-des-reunions-commence-par-la-conception-de-lenvironnement\/"]}]},{"@type":"ImageObject","inLanguage":"fr-FR","@id":"https:\/\/www.mobellinea.com\/fr\/la-transformation-des-reunions-commence-par-la-conception-de-lenvironnement\/#primaryimage","url":"https:\/\/www.mobellinea.com\/wp-content\/uploads\/2026\/01\/02_TAK_X2026_002.jpg","contentUrl":"https:\/\/www.mobellinea.com\/wp-content\/uploads\/2026\/01\/02_TAK_X2026_002.jpg","width":1920,"height":1080},{"@type":"BreadcrumbList","@id":"https:\/\/www.mobellinea.com\/fr\/la-transformation-des-reunions-commence-par-la-conception-de-lenvironnement\/#breadcrumb","itemListElement":[{"@type":"ListItem","position":1,"name":"Home","item":"https:\/\/www.mobellinea.com\/fr\/accueil\/"},{"@type":"ListItem","position":2,"name":"Bien-\u00eatre","item":"https:\/\/www.mobellinea.com\/fr\/category\/bien-etre\/"},{"@type":"ListItem","position":3,"name":"La transformation des r\u00e9unions commence par la conception de l&#8217;environnement."}]},{"@type":"WebSite","@id":"https:\/\/mobellinea.com\/en\/#website","url":"https:\/\/mobellinea.com\/en\/","name":"MobelLinea","description":"Dise\u00f1amos y fabricamos soluciones de mobiliario para oficinas y espacios colectivos. Creamos entornos honestos, funcionales y humanos, pensados para mejorar la vida de las personas","alternateName":"Mobel Linea","potentialAction":[{"@type":"SearchAction","target":{"@type":"EntryPoint","urlTemplate":"https:\/\/mobellinea.com\/en\/?s={search_term_string}"},"query-input":{"@type":"PropertyValueSpecification","valueRequired":true,"valueName":"search_term_string"}}],"inLanguage":"fr-FR"},{"@type":"Person","@id":"https:\/\/mobellinea.com\/en\/#\/schema\/person\/518e40fa1dcd8c2ef7106c7561ae3ddb","name":"Anna","image":{"@type":"ImageObject","inLanguage":"fr-FR","@id":"https:\/\/secure.gravatar.com\/avatar\/8adc17f1354e8252029a3205a793c695de1d4150636fd00a689f76f96e8a4c98?s=96&d=mm&r=g","url":"https:\/\/secure.gravatar.com\/avatar\/8adc17f1354e8252029a3205a793c695de1d4150636fd00a689f76f96e8a4c98?s=96&d=mm&r=g","contentUrl":"https:\/\/secure.gravatar.com\/avatar\/8adc17f1354e8252029a3205a793c695de1d4150636fd00a689f76f96e8a4c98?s=96&d=mm&r=g","caption":"Anna"}}]}},"uagb_featured_image_src":{"full":["https:\/\/www.mobellinea.com\/wp-content\/uploads\/2026\/01\/02_TAK_X2026_002.jpg",1920,1080,false],"thumbnail":["https:\/\/www.mobellinea.com\/wp-content\/uploads\/2026\/01\/02_TAK_X2026_002-150x150.jpg",150,150,true],"medium":["https:\/\/www.mobellinea.com\/wp-content\/uploads\/2026\/01\/02_TAK_X2026_002-320x180.jpg",320,180,true],"medium_large":["https:\/\/www.mobellinea.com\/wp-content\/uploads\/2026\/01\/02_TAK_X2026_002-680x383.jpg",680,383,true],"large":["https:\/\/www.mobellinea.com\/wp-content\/uploads\/2026\/01\/02_TAK_X2026_002-1000x563.jpg",1000,563,true],"pieces_card":["https:\/\/www.mobellinea.com\/wp-content\/uploads\/2026\/01\/02_TAK_X2026_002-140x173.jpg",140,173,true],"gform-image-choice-sm":["https:\/\/www.mobellinea.com\/wp-content\/uploads\/2026\/01\/02_TAK_X2026_002.jpg",300,169,false],"gform-image-choice-md":["https:\/\/www.mobellinea.com\/wp-content\/uploads\/2026\/01\/02_TAK_X2026_002.jpg",400,225,false],"gform-image-choice-lg":["https:\/\/www.mobellinea.com\/wp-content\/uploads\/2026\/01\/02_TAK_X2026_002.jpg",600,338,false]},"uagb_author_info":{"display_name":"Anna","author_link":"https:\/\/www.mobellinea.com\/fr\/author\/annareigmobellinea-es\/"},"uagb_comment_info":0,"uagb_excerpt":"Le travail \u00e9volue. Et avec lui, les environnements qui le soutiennent. Les bureaux cessent d&rsquo;\u00eatre des lieux de passage pour devenir des communaut\u00e9s qui favorisent la collaboration, le bien-\u00eatre et la productivit\u00e9. Lorsque l&rsquo;environnement s&rsquo;y pr\u00eate, les relations s&rsquo;\u00e9tablissent naturellement et les talents travaillent mieux. Dans cette premi\u00e8re partie, nous analysons comment repenser deux environnements\u2026","_links":{"self":[{"href":"https:\/\/www.mobellinea.com\/fr\/wp-json\/wp\/v2\/posts\/17571","targetHints":{"allow":["GET"]}}],"collection":[{"href":"https:\/\/www.mobellinea.com\/fr\/wp-json\/wp\/v2\/posts"}],"about":[{"href":"https:\/\/www.mobellinea.com\/fr\/wp-json\/wp\/v2\/types\/post"}],"author":[{"embeddable":true,"href":"https:\/\/www.mobellinea.com\/fr\/wp-json\/wp\/v2\/users\/8"}],"replies":[{"embeddable":true,"href":"https:\/\/www.mobellinea.com\/fr\/wp-json\/wp\/v2\/comments?post=17571"}],"version-history":[{"count":5,"href":"https:\/\/www.mobellinea.com\/fr\/wp-json\/wp\/v2\/posts\/17571\/revisions"}],"predecessor-version":[{"id":18046,"href":"https:\/\/www.mobellinea.com\/fr\/wp-json\/wp\/v2\/posts\/17571\/revisions\/18046"}],"wp:featuredmedia":[{"embeddable":true,"href":"https:\/\/www.mobellinea.com\/fr\/wp-json\/wp\/v2\/media\/18025"}],"wp:attachment":[{"href":"https:\/\/www.mobellinea.com\/fr\/wp-json\/wp\/v2\/media?parent=17571"}],"wp:term":[{"taxonomy":"category","embeddable":true,"href":"https:\/\/www.mobellinea.com\/fr\/wp-json\/wp\/v2\/categories?post=17571"},{"taxonomy":"post_tag","embeddable":true,"href":"https:\/\/www.mobellinea.com\/fr\/wp-json\/wp\/v2\/tags?post=17571"}],"curies":[{"name":"wp","href":"https:\/\/api.w.org\/{rel}","templated":true}]}}