{"id":17336,"date":"2025-12-10T12:00:00","date_gmt":"2025-12-10T11:00:00","guid":{"rendered":"https:\/\/www.mobellinea.com\/mobel-linea-cloture-lannee-2024-sur-une-croissance-solide-devoile-sa-nouvelle-identite-de-marque-et-se-projette-vers-orgatec-2026\/"},"modified":"2026-01-08T09:23:59","modified_gmt":"2026-01-08T08:23:59","slug":"mobel-linea-cloture-lannee-2024-sur-une-croissance-solide-devoile-sa-nouvelle-identite-de-marque-et-se-projette-vers-orgatec-2026","status":"publish","type":"post","link":"https:\/\/www.mobellinea.com\/fr\/mobel-linea-cloture-lannee-2024-sur-une-croissance-solide-devoile-sa-nouvelle-identite-de-marque-et-se-projette-vers-orgatec-2026\/","title":{"rendered":"Mobel Linea cl\u00f4ture l&rsquo;ann\u00e9e 2024 sur une croissance solide, d\u00e9voile sa nouvelle identit\u00e9 de marque et se projette vers Orgatec 2026."},"content":{"rendered":"\n<h5 class=\"wp-block-heading\" id=\"h-mobel-linea-crece-un-6-54-en-ventas-nacionales-en-2024-y-un-7-81-en-lo-que-va-de-2025\">\u2022 En 2024, Mobel L\u00ednea enregistre une hausse de 6,54 % de ses ventes nationales et affiche d\u00e9j\u00e0 une progression de 7,81 % en 2025.<\/h5>\n\n<h5 class=\"wp-block-heading\" id=\"h-la-compania-presenta-en-la-convencion-de-ventas-anual-su-nueva-identidad-nuevas-colecciones-y-confirma-su-participacion-en-workspace-paris-2026-y-orgatec-2026\">\u2022 \u00c0 l\u2019occasion de sa Convention annuelle des ventes, l\u2019entreprise pr\u00e9sente sa nouvelle identit\u00e9, ses nouvelles collections et confirme sa participation \u00e0 Workspace Paris 2026 et \u00e0 Orgatec 2026.<\/h5>\n\n<div class=\"wp-block-uagb-image uagb-block-fcfc7a7c wp-block-uagb-image--layout-default wp-block-uagb-image--effect-static wp-block-uagb-image--align-none\"><figure class=\"wp-block-uagb-image__figure\"><img decoding=\"async\" data-srcset=\"https:\/\/www.mobellinea.com\/wp-content\/uploads\/2026\/01\/img_convencion_ventas_Mobellinea_2025-1000x800.jpg ,https:\/\/www.mobellinea.com\/wp-content\/uploads\/2026\/01\/img_convencion_ventas_Mobellinea_2025.jpg 780w, https:\/\/www.mobellinea.com\/wp-content\/uploads\/2026\/01\/img_convencion_ventas_Mobellinea_2025.jpg 360w\" sizes=\"auto, (max-width: 480px) 150px\" src=\"data:image\/gif;base64,R0lGODlhAQABAIAAAAAAAP\/\/\/yH5BAEAAAAALAAAAAABAAEAAAIBRAA7\" data-src=\"https:\/\/www.mobellinea.com\/wp-content\/uploads\/2026\/01\/img_convencion_ventas_Mobellinea_2025-1000x800.jpg\" alt=\"\" class=\"uag-image-17321 lazyload\" width=\"1350\" height=\"1080\" title=\"img_convencion_ventas_Mobellinea_2025\" loading=\"lazy\" role=\"img\"><noscript><img decoding=\"async\" srcset=\"https:\/\/www.mobellinea.com\/wp-content\/uploads\/2026\/01\/img_convencion_ventas_Mobellinea_2025-1000x800.jpg ,https:\/\/www.mobellinea.com\/wp-content\/uploads\/2026\/01\/img_convencion_ventas_Mobellinea_2025.jpg 780w, https:\/\/www.mobellinea.com\/wp-content\/uploads\/2026\/01\/img_convencion_ventas_Mobellinea_2025.jpg 360w\" sizes=\"auto, (max-width: 480px) 150px\" src=\"https:\/\/www.mobellinea.com\/wp-content\/uploads\/2026\/01\/img_convencion_ventas_Mobellinea_2025-1000x800.jpg\" alt=\"\" class=\"uag-image-17321 lazyload\" width=\"1350\" height=\"1080\" title=\"img_convencion_ventas_Mobellinea_2025\" loading=\"lazy\" role=\"img\"><\/noscript><\/figure><\/div>\n\n<p class=\"wp-block-paragraph\">Le 10 d\u00e9cembre dernier, Mobel L\u00ednea a tenu sa Convention annuelle des ventes dans son si\u00e8ge de Cervera (L\u00e9rida, Espagne). Ce rendez-vous strat\u00e9gique a r\u00e9uni l&rsquo;\u00e9quipe commerciale, la direction et les responsables de d\u00e9partement afin de faire le bilan de l&rsquo;ann\u00e9e \u00e9coul\u00e9e, de partager les r\u00e9sultats et de d\u00e9finir les grandes orientations strat\u00e9giques de l\u2019ann\u00e9e \u00e0 venir. Une dynamique clairement positive, puisque l\u2019entreprise cl\u00f4t 2024 avec une croissance de 6,54 % de ses ventes nationales et poursuit sur cette lanc\u00e9e en 2025, avec une hausse de 7,81 %. <\/p>\n\n<p class=\"wp-block-paragraph\"><br\/>L&rsquo;un des temps forts de la convention a \u00e9t\u00e9 la pr\u00e9sentation de la nouvelle identit\u00e9 et du nouveau positionnement de Mobel Linea, une \u00e9volution qui renforce l&rsquo;essence de la marque et sa mission : am\u00e9liorer le quotidien des personnes \u00e0 travers les environnements qu\u2019elles occupent, en proposant des solutions d&rsquo;ameublement honn\u00eates, con\u00e7ues avec rigueur et fabriqu\u00e9es de mani\u00e8re responsable, dans une d\u00e9marche de proximit\u00e9 et avec une approche r\u00e9solument humaine. Ce rebranding, d\u00e9ploy\u00e9 sur l\u2019ensemble des canaux et supports de communication, sera visible \u00e0 partir de janvier 2026. <\/p>\n\n<p class=\"wp-block-paragraph\"><br\/>La trentaine de participants a \u00e9galement d\u00e9couvert les nouvelles collections, qui renforcent le positionnement de l\u2019entreprise sur le march\u00e9 du mobilier, ainsi que les nouveaut\u00e9s qui seront pr\u00e9sent\u00e9es \u00e0 Orgatec 2026, le salon international de r\u00e9f\u00e9rence du design et du mobilier de bureau, organis\u00e9 \u00e0 Cologne (Allemagne).<\/p>\n\n<p class=\"wp-block-paragraph\"><br\/>La convention a \u00e9galement mis en lumi\u00e8re les investissements r\u00e9alis\u00e9s ces derniers mois, notamment la modernisation et l\u2019extension du parc machines. Ces \u00e9volutions traduisent l\u2019engagement constant de Mobel Linea en faveur de l\u2019efficacit\u00e9, de la tra\u00e7abilit\u00e9 et de la durabilit\u00e9, et s\u2019inscrivent pleinement dans le craft mindset qui guide la philosophie de l\u2019entreprise : la qualit\u00e9 ne s&rsquo;improvise pas. <\/p>\n\n<p class=\"wp-block-paragraph\"><br\/>Avec cette dynamique, Mobel L\u00ednea continue de consolider un mod\u00e8le de production plus responsable, optimis\u00e9 et pr\u00eat \u00e0 relever les d\u00e9fis d\u2019un march\u00e9 toujours plus exigeant.<\/p>\n","protected":false},"excerpt":{"rendered":"<p>\u2022 En 2024, Mobel L\u00ednea enregistre une hausse de 6,54 % de ses ventes nationales et affiche d\u00e9j\u00e0 une progression de 7,81 % en 2025. \u2022 \u00c0 l\u2019occasion de sa Convention annuelle des ventes, l\u2019entreprise pr\u00e9sente sa nouvelle identit\u00e9, ses nouvelles collections et confirme sa participation \u00e0 Workspace Paris 2026 et \u00e0 Orgatec 2026. Le [&hellip;]<\/p>\n","protected":false},"author":8,"featured_media":17335,"comment_status":"closed","ping_status":"closed","sticky":false,"template":"","format":"standard","meta":{"_acf_changed":false,"_uag_custom_page_level_css":"","footnotes":""},"categories":[372,357],"tags":[],"class_list":["post-17336","post","type-post","status-publish","format-standard","has-post-thumbnail","hentry","category-evenements","category-nouvelles"],"acf":[],"yoast_head":"<!-- This site is optimized with the Yoast SEO Premium plugin v26.6 (Yoast SEO v27.6) - https:\/\/yoast.com\/product\/yoast-seo-premium-wordpress\/ -->\n<title>Mobel Linea cl\u00f4ture l&#039;ann\u00e9e 2024 sur une croissance solide, d\u00e9voile sa nouvelle identit\u00e9 de marque et se projette vers Orgatec 2026. - Mobellinea<\/title>\n<meta name=\"description\" content=\"\u2022 En 2024, Mobel L\u00ednea enregistre une hausse de 6,54 % de ses ventes nationales et affiche d\u00e9j\u00e0 une progression de 7,81 % en 2025. \u2022 \u00c0 l\u2019occasion de sa\" \/>\n<meta name=\"robots\" content=\"index, follow, max-snippet:-1, max-image-preview:large, max-video-preview:-1\" \/>\n<link rel=\"canonical\" href=\"https:\/\/www.mobellinea.com\/fr\/mobel-linea-cloture-lannee-2024-sur-une-croissance-solide-devoile-sa-nouvelle-identite-de-marque-et-se-projette-vers-orgatec-2026\/\" \/>\n<meta property=\"og:locale\" content=\"fr_FR\" \/>\n<meta property=\"og:type\" content=\"article\" \/>\n<meta property=\"og:title\" content=\"Mobel Linea cl\u00f4ture l&#039;ann\u00e9e 2024 sur une croissance solide, d\u00e9voile sa nouvelle identit\u00e9 de marque et se projette vers Orgatec 2026.\" \/>\n<meta property=\"og:description\" content=\"\u2022 En 2024, Mobel L\u00ednea enregistre une hausse de 6,54 % de ses ventes nationales et affiche d\u00e9j\u00e0 une progression de 7,81 % en 2025. \u2022 \u00c0 l\u2019occasion de sa\" \/>\n<meta property=\"og:url\" content=\"https:\/\/www.mobellinea.com\/fr\/mobel-linea-cloture-lannee-2024-sur-une-croissance-solide-devoile-sa-nouvelle-identite-de-marque-et-se-projette-vers-orgatec-2026\/\" \/>\n<meta property=\"og:site_name\" content=\"Mobellinea\" \/>\n<meta property=\"article:publisher\" content=\"https:\/\/www.facebook.com\/mobellineasl\" \/>\n<meta property=\"article:published_time\" content=\"2025-12-10T11:00:00+00:00\" \/>\n<meta property=\"article:modified_time\" content=\"2026-01-08T08:23:59+00:00\" \/>\n<meta property=\"og:image\" content=\"https:\/\/www.mobellinea.com\/wp-content\/uploads\/2026\/01\/img_convencion_ventas_Mobellinea_2025.jpg\" \/>\n\t<meta property=\"og:image:width\" content=\"1350\" \/>\n\t<meta property=\"og:image:height\" content=\"1080\" \/>\n\t<meta property=\"og:image:type\" content=\"image\/jpeg\" \/>\n<meta name=\"author\" content=\"Anna\" \/>\n<meta name=\"twitter:card\" content=\"summary_large_image\" \/>\n<meta name=\"twitter:label1\" content=\"\u00c9crit par\" \/>\n\t<meta name=\"twitter:data1\" content=\"Anna\" \/>\n\t<meta name=\"twitter:label2\" content=\"Dur\u00e9e de lecture estim\u00e9e\" \/>\n\t<meta name=\"twitter:data2\" content=\"2 minutes\" \/>\n<script type=\"application\/ld+json\" class=\"yoast-schema-graph\">{\"@context\":\"https:\\\/\\\/schema.org\",\"@graph\":[{\"@type\":\"Article\",\"@id\":\"https:\\\/\\\/www.mobellinea.com\\\/fr\\\/mobel-linea-cloture-lannee-2024-sur-une-croissance-solide-devoile-sa-nouvelle-identite-de-marque-et-se-projette-vers-orgatec-2026\\\/#article\",\"isPartOf\":{\"@id\":\"https:\\\/\\\/www.mobellinea.com\\\/fr\\\/mobel-linea-cloture-lannee-2024-sur-une-croissance-solide-devoile-sa-nouvelle-identite-de-marque-et-se-projette-vers-orgatec-2026\\\/\"},\"author\":{\"name\":\"Anna\",\"@id\":\"https:\\\/\\\/mobellinea.com\\\/en\\\/#\\\/schema\\\/person\\\/518e40fa1dcd8c2ef7106c7561ae3ddb\"},\"headline\":\"Mobel Linea cl\u00f4ture l&rsquo;ann\u00e9e 2024 sur une croissance solide, d\u00e9voile sa nouvelle identit\u00e9 de marque et se projette vers Orgatec 2026.\",\"datePublished\":\"2025-12-10T11:00:00+00:00\",\"dateModified\":\"2026-01-08T08:23:59+00:00\",\"mainEntityOfPage\":{\"@id\":\"https:\\\/\\\/www.mobellinea.com\\\/fr\\\/mobel-linea-cloture-lannee-2024-sur-une-croissance-solide-devoile-sa-nouvelle-identite-de-marque-et-se-projette-vers-orgatec-2026\\\/\"},\"wordCount\":415,\"image\":{\"@id\":\"https:\\\/\\\/www.mobellinea.com\\\/fr\\\/mobel-linea-cloture-lannee-2024-sur-une-croissance-solide-devoile-sa-nouvelle-identite-de-marque-et-se-projette-vers-orgatec-2026\\\/#primaryimage\"},\"thumbnailUrl\":\"https:\\\/\\\/www.mobellinea.com\\\/wp-content\\\/uploads\\\/2026\\\/01\\\/img_convencion_ventas_Mobellinea_2025.jpg\",\"articleSection\":[\"\u00c9v\u00e9nements\",\"Nouvelles\"],\"inLanguage\":\"fr-FR\"},{\"@type\":\"WebPage\",\"@id\":\"https:\\\/\\\/www.mobellinea.com\\\/fr\\\/mobel-linea-cloture-lannee-2024-sur-une-croissance-solide-devoile-sa-nouvelle-identite-de-marque-et-se-projette-vers-orgatec-2026\\\/\",\"url\":\"https:\\\/\\\/www.mobellinea.com\\\/fr\\\/mobel-linea-cloture-lannee-2024-sur-une-croissance-solide-devoile-sa-nouvelle-identite-de-marque-et-se-projette-vers-orgatec-2026\\\/\",\"name\":\"Mobel Linea cl\u00f4ture l'ann\u00e9e 2024 sur une croissance solide, d\u00e9voile sa nouvelle identit\u00e9 de marque et se projette vers Orgatec 2026. - Mobellinea\",\"isPartOf\":{\"@id\":\"https:\\\/\\\/mobellinea.com\\\/en\\\/#website\"},\"primaryImageOfPage\":{\"@id\":\"https:\\\/\\\/www.mobellinea.com\\\/fr\\\/mobel-linea-cloture-lannee-2024-sur-une-croissance-solide-devoile-sa-nouvelle-identite-de-marque-et-se-projette-vers-orgatec-2026\\\/#primaryimage\"},\"image\":{\"@id\":\"https:\\\/\\\/www.mobellinea.com\\\/fr\\\/mobel-linea-cloture-lannee-2024-sur-une-croissance-solide-devoile-sa-nouvelle-identite-de-marque-et-se-projette-vers-orgatec-2026\\\/#primaryimage\"},\"thumbnailUrl\":\"https:\\\/\\\/www.mobellinea.com\\\/wp-content\\\/uploads\\\/2026\\\/01\\\/img_convencion_ventas_Mobellinea_2025.jpg\",\"datePublished\":\"2025-12-10T11:00:00+00:00\",\"dateModified\":\"2026-01-08T08:23:59+00:00\",\"author\":{\"@id\":\"https:\\\/\\\/mobellinea.com\\\/en\\\/#\\\/schema\\\/person\\\/518e40fa1dcd8c2ef7106c7561ae3ddb\"},\"description\":\"\u2022 En 2024, Mobel L\u00ednea enregistre une hausse de 6,54 % de ses ventes nationales et affiche d\u00e9j\u00e0 une progression de 7,81 % en 2025. \u2022 \u00c0 l\u2019occasion de sa\",\"breadcrumb\":{\"@id\":\"https:\\\/\\\/www.mobellinea.com\\\/fr\\\/mobel-linea-cloture-lannee-2024-sur-une-croissance-solide-devoile-sa-nouvelle-identite-de-marque-et-se-projette-vers-orgatec-2026\\\/#breadcrumb\"},\"inLanguage\":\"fr-FR\",\"potentialAction\":[{\"@type\":\"ReadAction\",\"target\":[\"https:\\\/\\\/www.mobellinea.com\\\/fr\\\/mobel-linea-cloture-lannee-2024-sur-une-croissance-solide-devoile-sa-nouvelle-identite-de-marque-et-se-projette-vers-orgatec-2026\\\/\"]}]},{\"@type\":\"ImageObject\",\"inLanguage\":\"fr-FR\",\"@id\":\"https:\\\/\\\/www.mobellinea.com\\\/fr\\\/mobel-linea-cloture-lannee-2024-sur-une-croissance-solide-devoile-sa-nouvelle-identite-de-marque-et-se-projette-vers-orgatec-2026\\\/#primaryimage\",\"url\":\"https:\\\/\\\/www.mobellinea.com\\\/wp-content\\\/uploads\\\/2026\\\/01\\\/img_convencion_ventas_Mobellinea_2025.jpg\",\"contentUrl\":\"https:\\\/\\\/www.mobellinea.com\\\/wp-content\\\/uploads\\\/2026\\\/01\\\/img_convencion_ventas_Mobellinea_2025.jpg\",\"width\":1350,\"height\":1080},{\"@type\":\"BreadcrumbList\",\"@id\":\"https:\\\/\\\/www.mobellinea.com\\\/fr\\\/mobel-linea-cloture-lannee-2024-sur-une-croissance-solide-devoile-sa-nouvelle-identite-de-marque-et-se-projette-vers-orgatec-2026\\\/#breadcrumb\",\"itemListElement\":[{\"@type\":\"ListItem\",\"position\":1,\"name\":\"Home\",\"item\":\"https:\\\/\\\/www.mobellinea.com\\\/fr\\\/accueil\\\/\"},{\"@type\":\"ListItem\",\"position\":2,\"name\":\"\u00c9v\u00e9nements\",\"item\":\"https:\\\/\\\/www.mobellinea.com\\\/fr\\\/category\\\/evenements\\\/\"},{\"@type\":\"ListItem\",\"position\":3,\"name\":\"Mobel Linea cl\u00f4ture l&rsquo;ann\u00e9e 2024 sur une croissance solide, d\u00e9voile sa nouvelle identit\u00e9 de marque et se projette vers Orgatec 2026.\"}]},{\"@type\":\"WebSite\",\"@id\":\"https:\\\/\\\/mobellinea.com\\\/en\\\/#website\",\"url\":\"https:\\\/\\\/mobellinea.com\\\/en\\\/\",\"name\":\"MobelLinea\",\"description\":\"Dise\u00f1amos y fabricamos soluciones de mobiliario para oficinas y espacios colectivos. Creamos entornos honestos, funcionales y humanos, pensados para mejorar la vida de las personas\",\"alternateName\":\"Mobel Linea\",\"potentialAction\":[{\"@type\":\"SearchAction\",\"target\":{\"@type\":\"EntryPoint\",\"urlTemplate\":\"https:\\\/\\\/mobellinea.com\\\/en\\\/?s={search_term_string}\"},\"query-input\":{\"@type\":\"PropertyValueSpecification\",\"valueRequired\":true,\"valueName\":\"search_term_string\"}}],\"inLanguage\":\"fr-FR\"},{\"@type\":\"Person\",\"@id\":\"https:\\\/\\\/mobellinea.com\\\/en\\\/#\\\/schema\\\/person\\\/518e40fa1dcd8c2ef7106c7561ae3ddb\",\"name\":\"Anna\",\"image\":{\"@type\":\"ImageObject\",\"inLanguage\":\"fr-FR\",\"@id\":\"https:\\\/\\\/secure.gravatar.com\\\/avatar\\\/8adc17f1354e8252029a3205a793c695de1d4150636fd00a689f76f96e8a4c98?s=96&d=mm&r=g\",\"url\":\"https:\\\/\\\/secure.gravatar.com\\\/avatar\\\/8adc17f1354e8252029a3205a793c695de1d4150636fd00a689f76f96e8a4c98?s=96&d=mm&r=g\",\"contentUrl\":\"https:\\\/\\\/secure.gravatar.com\\\/avatar\\\/8adc17f1354e8252029a3205a793c695de1d4150636fd00a689f76f96e8a4c98?s=96&d=mm&r=g\",\"caption\":\"Anna\"}}]}<\/script>\n<!-- \/ Yoast SEO Premium plugin. -->","yoast_head_json":{"title":"Mobel Linea cl\u00f4ture l'ann\u00e9e 2024 sur une croissance solide, d\u00e9voile sa nouvelle identit\u00e9 de marque et se projette vers Orgatec 2026. - Mobellinea","description":"\u2022 En 2024, Mobel L\u00ednea enregistre une hausse de 6,54 % de ses ventes nationales et affiche d\u00e9j\u00e0 une progression de 7,81 % en 2025. \u2022 \u00c0 l\u2019occasion de sa","robots":{"index":"index","follow":"follow","max-snippet":"max-snippet:-1","max-image-preview":"max-image-preview:large","max-video-preview":"max-video-preview:-1"},"canonical":"https:\/\/www.mobellinea.com\/fr\/mobel-linea-cloture-lannee-2024-sur-une-croissance-solide-devoile-sa-nouvelle-identite-de-marque-et-se-projette-vers-orgatec-2026\/","og_locale":"fr_FR","og_type":"article","og_title":"Mobel Linea cl\u00f4ture l'ann\u00e9e 2024 sur une croissance solide, d\u00e9voile sa nouvelle identit\u00e9 de marque et se projette vers Orgatec 2026.","og_description":"\u2022 En 2024, Mobel L\u00ednea enregistre une hausse de 6,54 % de ses ventes nationales et affiche d\u00e9j\u00e0 une progression de 7,81 % en 2025. \u2022 \u00c0 l\u2019occasion de sa","og_url":"https:\/\/www.mobellinea.com\/fr\/mobel-linea-cloture-lannee-2024-sur-une-croissance-solide-devoile-sa-nouvelle-identite-de-marque-et-se-projette-vers-orgatec-2026\/","og_site_name":"Mobellinea","article_publisher":"https:\/\/www.facebook.com\/mobellineasl","article_published_time":"2025-12-10T11:00:00+00:00","article_modified_time":"2026-01-08T08:23:59+00:00","og_image":[{"width":1350,"height":1080,"url":"https:\/\/www.mobellinea.com\/wp-content\/uploads\/2026\/01\/img_convencion_ventas_Mobellinea_2025.jpg","type":"image\/jpeg"}],"author":"Anna","twitter_card":"summary_large_image","twitter_misc":{"\u00c9crit par":"Anna","Dur\u00e9e de lecture estim\u00e9e":"2 minutes"},"schema":{"@context":"https:\/\/schema.org","@graph":[{"@type":"Article","@id":"https:\/\/www.mobellinea.com\/fr\/mobel-linea-cloture-lannee-2024-sur-une-croissance-solide-devoile-sa-nouvelle-identite-de-marque-et-se-projette-vers-orgatec-2026\/#article","isPartOf":{"@id":"https:\/\/www.mobellinea.com\/fr\/mobel-linea-cloture-lannee-2024-sur-une-croissance-solide-devoile-sa-nouvelle-identite-de-marque-et-se-projette-vers-orgatec-2026\/"},"author":{"name":"Anna","@id":"https:\/\/mobellinea.com\/en\/#\/schema\/person\/518e40fa1dcd8c2ef7106c7561ae3ddb"},"headline":"Mobel Linea cl\u00f4ture l&rsquo;ann\u00e9e 2024 sur une croissance solide, d\u00e9voile sa nouvelle identit\u00e9 de marque et se projette vers Orgatec 2026.","datePublished":"2025-12-10T11:00:00+00:00","dateModified":"2026-01-08T08:23:59+00:00","mainEntityOfPage":{"@id":"https:\/\/www.mobellinea.com\/fr\/mobel-linea-cloture-lannee-2024-sur-une-croissance-solide-devoile-sa-nouvelle-identite-de-marque-et-se-projette-vers-orgatec-2026\/"},"wordCount":415,"image":{"@id":"https:\/\/www.mobellinea.com\/fr\/mobel-linea-cloture-lannee-2024-sur-une-croissance-solide-devoile-sa-nouvelle-identite-de-marque-et-se-projette-vers-orgatec-2026\/#primaryimage"},"thumbnailUrl":"https:\/\/www.mobellinea.com\/wp-content\/uploads\/2026\/01\/img_convencion_ventas_Mobellinea_2025.jpg","articleSection":["\u00c9v\u00e9nements","Nouvelles"],"inLanguage":"fr-FR"},{"@type":"WebPage","@id":"https:\/\/www.mobellinea.com\/fr\/mobel-linea-cloture-lannee-2024-sur-une-croissance-solide-devoile-sa-nouvelle-identite-de-marque-et-se-projette-vers-orgatec-2026\/","url":"https:\/\/www.mobellinea.com\/fr\/mobel-linea-cloture-lannee-2024-sur-une-croissance-solide-devoile-sa-nouvelle-identite-de-marque-et-se-projette-vers-orgatec-2026\/","name":"Mobel Linea cl\u00f4ture l'ann\u00e9e 2024 sur une croissance solide, d\u00e9voile sa nouvelle identit\u00e9 de marque et se projette vers Orgatec 2026. - Mobellinea","isPartOf":{"@id":"https:\/\/mobellinea.com\/en\/#website"},"primaryImageOfPage":{"@id":"https:\/\/www.mobellinea.com\/fr\/mobel-linea-cloture-lannee-2024-sur-une-croissance-solide-devoile-sa-nouvelle-identite-de-marque-et-se-projette-vers-orgatec-2026\/#primaryimage"},"image":{"@id":"https:\/\/www.mobellinea.com\/fr\/mobel-linea-cloture-lannee-2024-sur-une-croissance-solide-devoile-sa-nouvelle-identite-de-marque-et-se-projette-vers-orgatec-2026\/#primaryimage"},"thumbnailUrl":"https:\/\/www.mobellinea.com\/wp-content\/uploads\/2026\/01\/img_convencion_ventas_Mobellinea_2025.jpg","datePublished":"2025-12-10T11:00:00+00:00","dateModified":"2026-01-08T08:23:59+00:00","author":{"@id":"https:\/\/mobellinea.com\/en\/#\/schema\/person\/518e40fa1dcd8c2ef7106c7561ae3ddb"},"description":"\u2022 En 2024, Mobel L\u00ednea enregistre une hausse de 6,54 % de ses ventes nationales et affiche d\u00e9j\u00e0 une progression de 7,81 % en 2025. \u2022 \u00c0 l\u2019occasion de sa","breadcrumb":{"@id":"https:\/\/www.mobellinea.com\/fr\/mobel-linea-cloture-lannee-2024-sur-une-croissance-solide-devoile-sa-nouvelle-identite-de-marque-et-se-projette-vers-orgatec-2026\/#breadcrumb"},"inLanguage":"fr-FR","potentialAction":[{"@type":"ReadAction","target":["https:\/\/www.mobellinea.com\/fr\/mobel-linea-cloture-lannee-2024-sur-une-croissance-solide-devoile-sa-nouvelle-identite-de-marque-et-se-projette-vers-orgatec-2026\/"]}]},{"@type":"ImageObject","inLanguage":"fr-FR","@id":"https:\/\/www.mobellinea.com\/fr\/mobel-linea-cloture-lannee-2024-sur-une-croissance-solide-devoile-sa-nouvelle-identite-de-marque-et-se-projette-vers-orgatec-2026\/#primaryimage","url":"https:\/\/www.mobellinea.com\/wp-content\/uploads\/2026\/01\/img_convencion_ventas_Mobellinea_2025.jpg","contentUrl":"https:\/\/www.mobellinea.com\/wp-content\/uploads\/2026\/01\/img_convencion_ventas_Mobellinea_2025.jpg","width":1350,"height":1080},{"@type":"BreadcrumbList","@id":"https:\/\/www.mobellinea.com\/fr\/mobel-linea-cloture-lannee-2024-sur-une-croissance-solide-devoile-sa-nouvelle-identite-de-marque-et-se-projette-vers-orgatec-2026\/#breadcrumb","itemListElement":[{"@type":"ListItem","position":1,"name":"Home","item":"https:\/\/www.mobellinea.com\/fr\/accueil\/"},{"@type":"ListItem","position":2,"name":"\u00c9v\u00e9nements","item":"https:\/\/www.mobellinea.com\/fr\/category\/evenements\/"},{"@type":"ListItem","position":3,"name":"Mobel Linea cl\u00f4ture l&rsquo;ann\u00e9e 2024 sur une croissance solide, d\u00e9voile sa nouvelle identit\u00e9 de marque et se projette vers Orgatec 2026."}]},{"@type":"WebSite","@id":"https:\/\/mobellinea.com\/en\/#website","url":"https:\/\/mobellinea.com\/en\/","name":"MobelLinea","description":"Dise\u00f1amos y fabricamos soluciones de mobiliario para oficinas y espacios colectivos. Creamos entornos honestos, funcionales y humanos, pensados para mejorar la vida de las personas","alternateName":"Mobel Linea","potentialAction":[{"@type":"SearchAction","target":{"@type":"EntryPoint","urlTemplate":"https:\/\/mobellinea.com\/en\/?s={search_term_string}"},"query-input":{"@type":"PropertyValueSpecification","valueRequired":true,"valueName":"search_term_string"}}],"inLanguage":"fr-FR"},{"@type":"Person","@id":"https:\/\/mobellinea.com\/en\/#\/schema\/person\/518e40fa1dcd8c2ef7106c7561ae3ddb","name":"Anna","image":{"@type":"ImageObject","inLanguage":"fr-FR","@id":"https:\/\/secure.gravatar.com\/avatar\/8adc17f1354e8252029a3205a793c695de1d4150636fd00a689f76f96e8a4c98?s=96&d=mm&r=g","url":"https:\/\/secure.gravatar.com\/avatar\/8adc17f1354e8252029a3205a793c695de1d4150636fd00a689f76f96e8a4c98?s=96&d=mm&r=g","contentUrl":"https:\/\/secure.gravatar.com\/avatar\/8adc17f1354e8252029a3205a793c695de1d4150636fd00a689f76f96e8a4c98?s=96&d=mm&r=g","caption":"Anna"}}]}},"uagb_featured_image_src":{"full":["https:\/\/www.mobellinea.com\/wp-content\/uploads\/2026\/01\/img_convencion_ventas_Mobellinea_2025.jpg",1350,1080,false],"thumbnail":["https:\/\/www.mobellinea.com\/wp-content\/uploads\/2026\/01\/img_convencion_ventas_Mobellinea_2025-150x150.jpg",150,150,true],"medium":["https:\/\/www.mobellinea.com\/wp-content\/uploads\/2026\/01\/img_convencion_ventas_Mobellinea_2025-320x256.jpg",320,256,true],"medium_large":["https:\/\/www.mobellinea.com\/wp-content\/uploads\/2026\/01\/img_convencion_ventas_Mobellinea_2025-680x544.jpg",680,544,true],"large":["https:\/\/www.mobellinea.com\/wp-content\/uploads\/2026\/01\/img_convencion_ventas_Mobellinea_2025-1000x800.jpg",1000,800,true],"pieces_card":["https:\/\/www.mobellinea.com\/wp-content\/uploads\/2026\/01\/img_convencion_ventas_Mobellinea_2025-140x173.jpg",140,173,true],"gform-image-choice-sm":["https:\/\/www.mobellinea.com\/wp-content\/uploads\/2026\/01\/img_convencion_ventas_Mobellinea_2025.jpg",300,240,false],"gform-image-choice-md":["https:\/\/www.mobellinea.com\/wp-content\/uploads\/2026\/01\/img_convencion_ventas_Mobellinea_2025.jpg",400,320,false],"gform-image-choice-lg":["https:\/\/www.mobellinea.com\/wp-content\/uploads\/2026\/01\/img_convencion_ventas_Mobellinea_2025.jpg",600,480,false]},"uagb_author_info":{"display_name":"Anna","author_link":"https:\/\/www.mobellinea.com\/fr\/author\/annareigmobellinea-es\/"},"uagb_comment_info":0,"uagb_excerpt":"\u2022 En 2024, Mobel L\u00ednea enregistre une hausse de 6,54 % de ses ventes nationales et affiche d\u00e9j\u00e0 une progression de 7,81 % en 2025. \u2022 \u00c0 l\u2019occasion de sa Convention annuelle des ventes, l\u2019entreprise pr\u00e9sente sa nouvelle identit\u00e9, ses nouvelles collections et confirme sa participation \u00e0 Workspace Paris 2026 et \u00e0 Orgatec 2026. Le\u2026","_links":{"self":[{"href":"https:\/\/www.mobellinea.com\/fr\/wp-json\/wp\/v2\/posts\/17336","targetHints":{"allow":["GET"]}}],"collection":[{"href":"https:\/\/www.mobellinea.com\/fr\/wp-json\/wp\/v2\/posts"}],"about":[{"href":"https:\/\/www.mobellinea.com\/fr\/wp-json\/wp\/v2\/types\/post"}],"author":[{"embeddable":true,"href":"https:\/\/www.mobellinea.com\/fr\/wp-json\/wp\/v2\/users\/8"}],"replies":[{"embeddable":true,"href":"https:\/\/www.mobellinea.com\/fr\/wp-json\/wp\/v2\/comments?post=17336"}],"version-history":[{"count":1,"href":"https:\/\/www.mobellinea.com\/fr\/wp-json\/wp\/v2\/posts\/17336\/revisions"}],"predecessor-version":[{"id":17337,"href":"https:\/\/www.mobellinea.com\/fr\/wp-json\/wp\/v2\/posts\/17336\/revisions\/17337"}],"wp:featuredmedia":[{"embeddable":true,"href":"https:\/\/www.mobellinea.com\/fr\/wp-json\/wp\/v2\/media\/17335"}],"wp:attachment":[{"href":"https:\/\/www.mobellinea.com\/fr\/wp-json\/wp\/v2\/media?parent=17336"}],"wp:term":[{"taxonomy":"category","embeddable":true,"href":"https:\/\/www.mobellinea.com\/fr\/wp-json\/wp\/v2\/categories?post=17336"},{"taxonomy":"post_tag","embeddable":true,"href":"https:\/\/www.mobellinea.com\/fr\/wp-json\/wp\/v2\/tags?post=17336"}],"curies":[{"name":"wp","href":"https:\/\/api.w.org\/{rel}","templated":true}]}}