{"id":17308,"date":"2026-01-08T08:38:48","date_gmt":"2026-01-08T07:38:48","guid":{"rendered":"https:\/\/www.mobellinea.com\/nous-lancons-une-nouvelle-identite-et-un-nouveau-positionnement-nous-creons-des-environnements\/"},"modified":"2026-01-08T08:53:04","modified_gmt":"2026-01-08T07:53:04","slug":"nous-lancons-une-nouvelle-identite-et-un-nouveau-positionnement-nous-creons-des-environnements","status":"publish","type":"post","link":"https:\/\/www.mobellinea.com\/fr\/nous-lancons-une-nouvelle-identite-et-un-nouveau-positionnement-nous-creons-des-environnements\/","title":{"rendered":"Nous lan\u00e7ons une nouvelle identit\u00e9 et un nouveau positionnement \u00ab Nous cr\u00e9ons des environnements \u00bb."},"content":{"rendered":"\n<figure class=\"wp-block-video\"><video class=\"lazyload\" height=\"1080\" style=\"aspect-ratio: 1920 \/ 1080;\" width=\"1920\" autoplay controls muted data-src=\"https:\/\/www.mobellinea.com\/wp-content\/uploads\/2026\/01\/MOBEL-LINEA_2026_MOTION_FR-1.mp4\" playsinline><\/video><\/figure>\n\n\n\n<p class=\"wp-block-paragraph\">Avec 50 ans d&rsquo;exp\u00e9rience dans la conception et la fabrication de mobilier professionnel, nous pr\u00e9sentons en 2026 une nouvelle identit\u00e9 visuelle et un repositionnement ambitieux qui r\u00e9pond aux transformations du monde du travail.<\/p>\n\n\n\n<p class=\"wp-block-paragraph\">D\u00e9velopp\u00e9 en collaboration avec le designer Oriol Guimer\u00e0, l&rsquo;\u00e9quipe marketing et design de Mobel Linea et l&rsquo;agence DLAB, ce rebranding nous positionne sur un territoire plus vaste : du design des espaces \u00e0 la cr\u00e9ation d&rsquo;environnements qui am\u00e9liorent le bien-\u00eatre et la productivit\u00e9 des personnes.<strong><\/strong><\/p>\n\n\n\n<p class=\"wp-block-paragraph\">Avec le slogan \u00ab Nous cr\u00e9ons des environnements \u00bb, nous appliquons des concepts issus de la psychologie environnementale, du design cognitif et de la neuroarchitecture pour cr\u00e9er des espaces v\u00e9ritablement adapt\u00e9s aux besoins des personnes. Notre objectif ? Proposer des solutions adapt\u00e9es aux nouvelles m\u00e9thodes de travail : des mod\u00e8les plus flexibles, des environnements hybrides et des exp\u00e9riences adapt\u00e9es aux besoins de chaque utilisateur.  <\/p>\n\n\n\n<figure class=\"wp-block-video\"><video class=\"lazyload\" height=\"1080\" style=\"aspect-ratio: 1920 \/ 1080;\" width=\"1920\" controls data-src=\"https:\/\/www.mobellinea.com\/wp-content\/uploads\/2026\/01\/MOBEL-LINEA_2026_PRESENTACION_FR-1.mp4\"><\/video><\/figure>\n\n\n\n<p class=\"wp-block-paragraph\">La nouvelle identit\u00e9 visuelle exprime cette \u00e9volution : un logo typographique, g\u00e9om\u00e9trique et modulable qui refl\u00e8te la structure, la flexibilit\u00e9 et le dynamisme. Et un rouge historique qui rena\u00eet sous la forme d\u2019un d\u00e9grad\u00e9 vibrant, reliant m\u00e9moire et h\u00e9ritage avec un regard r\u00e9solument tourn\u00e9 vers l\u2019avenir. <\/p>\n\n\n\n<p class=\"wp-block-paragraph\">Le rebranding a d\u00e9j\u00e0 \u00e9t\u00e9 mis en \u0153uvre dans tous les syst\u00e8mes de communication, les catalogues et la nouvelle plateforme num\u00e9rique de Mobel Linea.<\/p>\n\n\n\n<p class=\"wp-block-paragraph\">Pr\u00e9sents dans plus de 80 pays, nous entamons ainsi une nouvelle \u00e9tape avec l\u2019objectif de devenir une r\u00e9f\u00e9rence dans la cr\u00e9ation d\u2019environnements qui apportent une r\u00e9elle valeur aux personnes et aux organisations.<\/p>\n\n\n\n<figure class=\"wp-block-image size-large\"><img decoding=\"async\" src=\"data:image\/gif;base64,R0lGODlhAQABAIAAAAAAAP\/\/\/yH5BAEAAAAALAAAAAABAAEAAAIBRAA7\" data-src=\"https:\/\/www.mobellinea.com\/wp-content\/uploads\/2025\/12\/MOBIL_PANORAMICA-1000x375.jpg\" alt=\"\" class=\"wp-image-13388 lazyload\"\/><noscript><img decoding=\"async\" width=\"1000\" height=\"375\" src=\"https:\/\/www.mobellinea.com\/wp-content\/uploads\/2025\/12\/MOBIL_PANORAMICA-1000x375.jpg\" alt=\"\" class=\"wp-image-13388 lazyload\" srcset=\"https:\/\/www.mobellinea.com\/wp-content\/uploads\/2025\/12\/MOBIL_PANORAMICA-1000x375.jpg 1000w, https:\/\/www.mobellinea.com\/wp-content\/uploads\/2025\/12\/MOBIL_PANORAMICA-320x120.jpg 320w, https:\/\/www.mobellinea.com\/wp-content\/uploads\/2025\/12\/MOBIL_PANORAMICA-680x255.jpg 680w\" sizes=\"(max-width: 1000px) 100vw, 1000px\" \/><\/noscript><\/figure>\n\n\n\n<p class=\"wp-block-paragraph\"><\/p>\n","protected":false},"excerpt":{"rendered":"<p>Avec 50 ans d&rsquo;exp\u00e9rience dans la conception et la fabrication de mobilier professionnel, nous pr\u00e9sentons en 2026 une nouvelle identit\u00e9 visuelle et un repositionnement ambitieux qui r\u00e9pond aux transformations du monde du travail. D\u00e9velopp\u00e9 en collaboration avec le designer Oriol Guimer\u00e0, l&rsquo;\u00e9quipe marketing et design de Mobel Linea et l&rsquo;agence DLAB, ce rebranding nous positionne [&hellip;]<\/p>\n","protected":false},"author":8,"featured_media":17307,"comment_status":"closed","ping_status":"closed","sticky":false,"template":"","format":"standard","meta":{"_acf_changed":false,"_uag_custom_page_level_css":"","footnotes":""},"categories":[357],"tags":[],"class_list":["post-17308","post","type-post","status-publish","format-standard","has-post-thumbnail","hentry","category-nouvelles"],"acf":[],"yoast_head":"<!-- This site is optimized with the Yoast SEO Premium plugin v26.6 (Yoast SEO v27.6) - https:\/\/yoast.com\/product\/yoast-seo-premium-wordpress\/ -->\n<title>Nous lan\u00e7ons une nouvelle identit\u00e9 et un nouveau positionnement \u00ab Nous cr\u00e9ons des environnements \u00bb. - Mobellinea<\/title>\n<meta name=\"description\" content=\"Avec 50 ans d&#039;exp\u00e9rience dans la conception et la fabrication de mobilier professionnel, nous pr\u00e9sentons en 2026 une nouvelle identit\u00e9 visuelle et un\" \/>\n<meta name=\"robots\" content=\"index, follow, max-snippet:-1, max-image-preview:large, max-video-preview:-1\" \/>\n<link rel=\"canonical\" href=\"https:\/\/www.mobellinea.com\/fr\/nous-lancons-une-nouvelle-identite-et-un-nouveau-positionnement-nous-creons-des-environnements\/\" \/>\n<meta property=\"og:locale\" content=\"fr_FR\" \/>\n<meta property=\"og:type\" content=\"article\" \/>\n<meta property=\"og:title\" content=\"Nous lan\u00e7ons une nouvelle identit\u00e9 et un nouveau positionnement \u00ab Nous cr\u00e9ons des environnements \u00bb.\" \/>\n<meta property=\"og:description\" content=\"Avec 50 ans d&#039;exp\u00e9rience dans la conception et la fabrication de mobilier professionnel, nous pr\u00e9sentons en 2026 une nouvelle identit\u00e9 visuelle et un\" \/>\n<meta property=\"og:url\" content=\"https:\/\/www.mobellinea.com\/fr\/nous-lancons-une-nouvelle-identite-et-un-nouveau-positionnement-nous-creons-des-environnements\/\" \/>\n<meta property=\"og:site_name\" content=\"Mobellinea\" \/>\n<meta property=\"article:publisher\" content=\"https:\/\/www.facebook.com\/mobellineasl\" \/>\n<meta property=\"article:published_time\" content=\"2026-01-08T07:38:48+00:00\" \/>\n<meta property=\"article:modified_time\" content=\"2026-01-08T07:53:04+00:00\" \/>\n<meta property=\"og:image\" content=\"https:\/\/www.mobellinea.com\/wp-content\/uploads\/2026\/01\/TOTE_11650363-scaled.jpg\" \/>\n\t<meta property=\"og:image:width\" content=\"2560\" \/>\n\t<meta property=\"og:image:height\" content=\"1792\" \/>\n\t<meta property=\"og:image:type\" content=\"image\/jpeg\" \/>\n<meta name=\"author\" content=\"Anna\" \/>\n<meta name=\"twitter:card\" content=\"summary_large_image\" \/>\n<meta name=\"twitter:label1\" content=\"\u00c9crit par\" \/>\n\t<meta name=\"twitter:data1\" content=\"Anna\" \/>\n\t<meta name=\"twitter:label2\" content=\"Dur\u00e9e de lecture estim\u00e9e\" \/>\n\t<meta name=\"twitter:data2\" content=\"2 minutes\" \/>\n<script type=\"application\/ld+json\" class=\"yoast-schema-graph\">{\"@context\":\"https:\\\/\\\/schema.org\",\"@graph\":[{\"@type\":\"Article\",\"@id\":\"https:\\\/\\\/www.mobellinea.com\\\/fr\\\/nous-lancons-une-nouvelle-identite-et-un-nouveau-positionnement-nous-creons-des-environnements\\\/#article\",\"isPartOf\":{\"@id\":\"https:\\\/\\\/www.mobellinea.com\\\/fr\\\/nous-lancons-une-nouvelle-identite-et-un-nouveau-positionnement-nous-creons-des-environnements\\\/\"},\"author\":{\"name\":\"Anna\",\"@id\":\"https:\\\/\\\/mobellinea.com\\\/en\\\/#\\\/schema\\\/person\\\/518e40fa1dcd8c2ef7106c7561ae3ddb\"},\"headline\":\"Nous lan\u00e7ons une nouvelle identit\u00e9 et un nouveau positionnement \u00ab Nous cr\u00e9ons des environnements \u00bb.\",\"datePublished\":\"2026-01-08T07:38:48+00:00\",\"dateModified\":\"2026-01-08T07:53:04+00:00\",\"mainEntityOfPage\":{\"@id\":\"https:\\\/\\\/www.mobellinea.com\\\/fr\\\/nous-lancons-une-nouvelle-identite-et-un-nouveau-positionnement-nous-creons-des-environnements\\\/\"},\"wordCount\":289,\"image\":{\"@id\":\"https:\\\/\\\/www.mobellinea.com\\\/fr\\\/nous-lancons-une-nouvelle-identite-et-un-nouveau-positionnement-nous-creons-des-environnements\\\/#primaryimage\"},\"thumbnailUrl\":\"https:\\\/\\\/www.mobellinea.com\\\/wp-content\\\/uploads\\\/2026\\\/01\\\/TOTE_11650363-scaled.jpg\",\"articleSection\":[\"Nouvelles\"],\"inLanguage\":\"fr-FR\"},{\"@type\":\"WebPage\",\"@id\":\"https:\\\/\\\/www.mobellinea.com\\\/fr\\\/nous-lancons-une-nouvelle-identite-et-un-nouveau-positionnement-nous-creons-des-environnements\\\/\",\"url\":\"https:\\\/\\\/www.mobellinea.com\\\/fr\\\/nous-lancons-une-nouvelle-identite-et-un-nouveau-positionnement-nous-creons-des-environnements\\\/\",\"name\":\"Nous lan\u00e7ons une nouvelle identit\u00e9 et un nouveau positionnement \u00ab Nous cr\u00e9ons des environnements \u00bb. - Mobellinea\",\"isPartOf\":{\"@id\":\"https:\\\/\\\/mobellinea.com\\\/en\\\/#website\"},\"primaryImageOfPage\":{\"@id\":\"https:\\\/\\\/www.mobellinea.com\\\/fr\\\/nous-lancons-une-nouvelle-identite-et-un-nouveau-positionnement-nous-creons-des-environnements\\\/#primaryimage\"},\"image\":{\"@id\":\"https:\\\/\\\/www.mobellinea.com\\\/fr\\\/nous-lancons-une-nouvelle-identite-et-un-nouveau-positionnement-nous-creons-des-environnements\\\/#primaryimage\"},\"thumbnailUrl\":\"https:\\\/\\\/www.mobellinea.com\\\/wp-content\\\/uploads\\\/2026\\\/01\\\/TOTE_11650363-scaled.jpg\",\"datePublished\":\"2026-01-08T07:38:48+00:00\",\"dateModified\":\"2026-01-08T07:53:04+00:00\",\"author\":{\"@id\":\"https:\\\/\\\/mobellinea.com\\\/en\\\/#\\\/schema\\\/person\\\/518e40fa1dcd8c2ef7106c7561ae3ddb\"},\"description\":\"Avec 50 ans d'exp\u00e9rience dans la conception et la fabrication de mobilier professionnel, nous pr\u00e9sentons en 2026 une nouvelle identit\u00e9 visuelle et un\",\"breadcrumb\":{\"@id\":\"https:\\\/\\\/www.mobellinea.com\\\/fr\\\/nous-lancons-une-nouvelle-identite-et-un-nouveau-positionnement-nous-creons-des-environnements\\\/#breadcrumb\"},\"inLanguage\":\"fr-FR\",\"potentialAction\":[{\"@type\":\"ReadAction\",\"target\":[\"https:\\\/\\\/www.mobellinea.com\\\/fr\\\/nous-lancons-une-nouvelle-identite-et-un-nouveau-positionnement-nous-creons-des-environnements\\\/\"]}]},{\"@type\":\"ImageObject\",\"inLanguage\":\"fr-FR\",\"@id\":\"https:\\\/\\\/www.mobellinea.com\\\/fr\\\/nous-lancons-une-nouvelle-identite-et-un-nouveau-positionnement-nous-creons-des-environnements\\\/#primaryimage\",\"url\":\"https:\\\/\\\/www.mobellinea.com\\\/wp-content\\\/uploads\\\/2026\\\/01\\\/TOTE_11650363-scaled.jpg\",\"contentUrl\":\"https:\\\/\\\/www.mobellinea.com\\\/wp-content\\\/uploads\\\/2026\\\/01\\\/TOTE_11650363-scaled.jpg\",\"width\":2560,\"height\":1792},{\"@type\":\"BreadcrumbList\",\"@id\":\"https:\\\/\\\/www.mobellinea.com\\\/fr\\\/nous-lancons-une-nouvelle-identite-et-un-nouveau-positionnement-nous-creons-des-environnements\\\/#breadcrumb\",\"itemListElement\":[{\"@type\":\"ListItem\",\"position\":1,\"name\":\"Home\",\"item\":\"https:\\\/\\\/www.mobellinea.com\\\/fr\\\/accueil\\\/\"},{\"@type\":\"ListItem\",\"position\":2,\"name\":\"Nouvelles\",\"item\":\"https:\\\/\\\/www.mobellinea.com\\\/fr\\\/category\\\/nouvelles\\\/\"},{\"@type\":\"ListItem\",\"position\":3,\"name\":\"Nous lan\u00e7ons une nouvelle identit\u00e9 et un nouveau positionnement \u00ab Nous cr\u00e9ons des environnements \u00bb.\"}]},{\"@type\":\"WebSite\",\"@id\":\"https:\\\/\\\/mobellinea.com\\\/en\\\/#website\",\"url\":\"https:\\\/\\\/mobellinea.com\\\/en\\\/\",\"name\":\"MobelLinea\",\"description\":\"Dise\u00f1amos y fabricamos soluciones de mobiliario para oficinas y espacios colectivos. Creamos entornos honestos, funcionales y humanos, pensados para mejorar la vida de las personas\",\"alternateName\":\"Mobel Linea\",\"potentialAction\":[{\"@type\":\"SearchAction\",\"target\":{\"@type\":\"EntryPoint\",\"urlTemplate\":\"https:\\\/\\\/mobellinea.com\\\/en\\\/?s={search_term_string}\"},\"query-input\":{\"@type\":\"PropertyValueSpecification\",\"valueRequired\":true,\"valueName\":\"search_term_string\"}}],\"inLanguage\":\"fr-FR\"},{\"@type\":\"Person\",\"@id\":\"https:\\\/\\\/mobellinea.com\\\/en\\\/#\\\/schema\\\/person\\\/518e40fa1dcd8c2ef7106c7561ae3ddb\",\"name\":\"Anna\",\"image\":{\"@type\":\"ImageObject\",\"inLanguage\":\"fr-FR\",\"@id\":\"https:\\\/\\\/secure.gravatar.com\\\/avatar\\\/8adc17f1354e8252029a3205a793c695de1d4150636fd00a689f76f96e8a4c98?s=96&d=mm&r=g\",\"url\":\"https:\\\/\\\/secure.gravatar.com\\\/avatar\\\/8adc17f1354e8252029a3205a793c695de1d4150636fd00a689f76f96e8a4c98?s=96&d=mm&r=g\",\"contentUrl\":\"https:\\\/\\\/secure.gravatar.com\\\/avatar\\\/8adc17f1354e8252029a3205a793c695de1d4150636fd00a689f76f96e8a4c98?s=96&d=mm&r=g\",\"caption\":\"Anna\"}}]}<\/script>\n<!-- \/ Yoast SEO Premium plugin. -->","yoast_head_json":{"title":"Nous lan\u00e7ons une nouvelle identit\u00e9 et un nouveau positionnement \u00ab Nous cr\u00e9ons des environnements \u00bb. - Mobellinea","description":"Avec 50 ans d'exp\u00e9rience dans la conception et la fabrication de mobilier professionnel, nous pr\u00e9sentons en 2026 une nouvelle identit\u00e9 visuelle et un","robots":{"index":"index","follow":"follow","max-snippet":"max-snippet:-1","max-image-preview":"max-image-preview:large","max-video-preview":"max-video-preview:-1"},"canonical":"https:\/\/www.mobellinea.com\/fr\/nous-lancons-une-nouvelle-identite-et-un-nouveau-positionnement-nous-creons-des-environnements\/","og_locale":"fr_FR","og_type":"article","og_title":"Nous lan\u00e7ons une nouvelle identit\u00e9 et un nouveau positionnement \u00ab Nous cr\u00e9ons des environnements \u00bb.","og_description":"Avec 50 ans d'exp\u00e9rience dans la conception et la fabrication de mobilier professionnel, nous pr\u00e9sentons en 2026 une nouvelle identit\u00e9 visuelle et un","og_url":"https:\/\/www.mobellinea.com\/fr\/nous-lancons-une-nouvelle-identite-et-un-nouveau-positionnement-nous-creons-des-environnements\/","og_site_name":"Mobellinea","article_publisher":"https:\/\/www.facebook.com\/mobellineasl","article_published_time":"2026-01-08T07:38:48+00:00","article_modified_time":"2026-01-08T07:53:04+00:00","og_image":[{"width":2560,"height":1792,"url":"https:\/\/www.mobellinea.com\/wp-content\/uploads\/2026\/01\/TOTE_11650363-scaled.jpg","type":"image\/jpeg"}],"author":"Anna","twitter_card":"summary_large_image","twitter_misc":{"\u00c9crit par":"Anna","Dur\u00e9e de lecture estim\u00e9e":"2 minutes"},"schema":{"@context":"https:\/\/schema.org","@graph":[{"@type":"Article","@id":"https:\/\/www.mobellinea.com\/fr\/nous-lancons-une-nouvelle-identite-et-un-nouveau-positionnement-nous-creons-des-environnements\/#article","isPartOf":{"@id":"https:\/\/www.mobellinea.com\/fr\/nous-lancons-une-nouvelle-identite-et-un-nouveau-positionnement-nous-creons-des-environnements\/"},"author":{"name":"Anna","@id":"https:\/\/mobellinea.com\/en\/#\/schema\/person\/518e40fa1dcd8c2ef7106c7561ae3ddb"},"headline":"Nous lan\u00e7ons une nouvelle identit\u00e9 et un nouveau positionnement \u00ab Nous cr\u00e9ons des environnements \u00bb.","datePublished":"2026-01-08T07:38:48+00:00","dateModified":"2026-01-08T07:53:04+00:00","mainEntityOfPage":{"@id":"https:\/\/www.mobellinea.com\/fr\/nous-lancons-une-nouvelle-identite-et-un-nouveau-positionnement-nous-creons-des-environnements\/"},"wordCount":289,"image":{"@id":"https:\/\/www.mobellinea.com\/fr\/nous-lancons-une-nouvelle-identite-et-un-nouveau-positionnement-nous-creons-des-environnements\/#primaryimage"},"thumbnailUrl":"https:\/\/www.mobellinea.com\/wp-content\/uploads\/2026\/01\/TOTE_11650363-scaled.jpg","articleSection":["Nouvelles"],"inLanguage":"fr-FR"},{"@type":"WebPage","@id":"https:\/\/www.mobellinea.com\/fr\/nous-lancons-une-nouvelle-identite-et-un-nouveau-positionnement-nous-creons-des-environnements\/","url":"https:\/\/www.mobellinea.com\/fr\/nous-lancons-une-nouvelle-identite-et-un-nouveau-positionnement-nous-creons-des-environnements\/","name":"Nous lan\u00e7ons une nouvelle identit\u00e9 et un nouveau positionnement \u00ab Nous cr\u00e9ons des environnements \u00bb. - Mobellinea","isPartOf":{"@id":"https:\/\/mobellinea.com\/en\/#website"},"primaryImageOfPage":{"@id":"https:\/\/www.mobellinea.com\/fr\/nous-lancons-une-nouvelle-identite-et-un-nouveau-positionnement-nous-creons-des-environnements\/#primaryimage"},"image":{"@id":"https:\/\/www.mobellinea.com\/fr\/nous-lancons-une-nouvelle-identite-et-un-nouveau-positionnement-nous-creons-des-environnements\/#primaryimage"},"thumbnailUrl":"https:\/\/www.mobellinea.com\/wp-content\/uploads\/2026\/01\/TOTE_11650363-scaled.jpg","datePublished":"2026-01-08T07:38:48+00:00","dateModified":"2026-01-08T07:53:04+00:00","author":{"@id":"https:\/\/mobellinea.com\/en\/#\/schema\/person\/518e40fa1dcd8c2ef7106c7561ae3ddb"},"description":"Avec 50 ans d'exp\u00e9rience dans la conception et la fabrication de mobilier professionnel, nous pr\u00e9sentons en 2026 une nouvelle identit\u00e9 visuelle et un","breadcrumb":{"@id":"https:\/\/www.mobellinea.com\/fr\/nous-lancons-une-nouvelle-identite-et-un-nouveau-positionnement-nous-creons-des-environnements\/#breadcrumb"},"inLanguage":"fr-FR","potentialAction":[{"@type":"ReadAction","target":["https:\/\/www.mobellinea.com\/fr\/nous-lancons-une-nouvelle-identite-et-un-nouveau-positionnement-nous-creons-des-environnements\/"]}]},{"@type":"ImageObject","inLanguage":"fr-FR","@id":"https:\/\/www.mobellinea.com\/fr\/nous-lancons-une-nouvelle-identite-et-un-nouveau-positionnement-nous-creons-des-environnements\/#primaryimage","url":"https:\/\/www.mobellinea.com\/wp-content\/uploads\/2026\/01\/TOTE_11650363-scaled.jpg","contentUrl":"https:\/\/www.mobellinea.com\/wp-content\/uploads\/2026\/01\/TOTE_11650363-scaled.jpg","width":2560,"height":1792},{"@type":"BreadcrumbList","@id":"https:\/\/www.mobellinea.com\/fr\/nous-lancons-une-nouvelle-identite-et-un-nouveau-positionnement-nous-creons-des-environnements\/#breadcrumb","itemListElement":[{"@type":"ListItem","position":1,"name":"Home","item":"https:\/\/www.mobellinea.com\/fr\/accueil\/"},{"@type":"ListItem","position":2,"name":"Nouvelles","item":"https:\/\/www.mobellinea.com\/fr\/category\/nouvelles\/"},{"@type":"ListItem","position":3,"name":"Nous lan\u00e7ons une nouvelle identit\u00e9 et un nouveau positionnement \u00ab Nous cr\u00e9ons des environnements \u00bb."}]},{"@type":"WebSite","@id":"https:\/\/mobellinea.com\/en\/#website","url":"https:\/\/mobellinea.com\/en\/","name":"MobelLinea","description":"Dise\u00f1amos y fabricamos soluciones de mobiliario para oficinas y espacios colectivos. Creamos entornos honestos, funcionales y humanos, pensados para mejorar la vida de las personas","alternateName":"Mobel Linea","potentialAction":[{"@type":"SearchAction","target":{"@type":"EntryPoint","urlTemplate":"https:\/\/mobellinea.com\/en\/?s={search_term_string}"},"query-input":{"@type":"PropertyValueSpecification","valueRequired":true,"valueName":"search_term_string"}}],"inLanguage":"fr-FR"},{"@type":"Person","@id":"https:\/\/mobellinea.com\/en\/#\/schema\/person\/518e40fa1dcd8c2ef7106c7561ae3ddb","name":"Anna","image":{"@type":"ImageObject","inLanguage":"fr-FR","@id":"https:\/\/secure.gravatar.com\/avatar\/8adc17f1354e8252029a3205a793c695de1d4150636fd00a689f76f96e8a4c98?s=96&d=mm&r=g","url":"https:\/\/secure.gravatar.com\/avatar\/8adc17f1354e8252029a3205a793c695de1d4150636fd00a689f76f96e8a4c98?s=96&d=mm&r=g","contentUrl":"https:\/\/secure.gravatar.com\/avatar\/8adc17f1354e8252029a3205a793c695de1d4150636fd00a689f76f96e8a4c98?s=96&d=mm&r=g","caption":"Anna"}}]}},"uagb_featured_image_src":{"full":["https:\/\/www.mobellinea.com\/wp-content\/uploads\/2026\/01\/TOTE_11650363-scaled.jpg",2560,1792,false],"thumbnail":["https:\/\/www.mobellinea.com\/wp-content\/uploads\/2026\/01\/TOTE_11650363-150x150.jpg",150,150,true],"medium":["https:\/\/www.mobellinea.com\/wp-content\/uploads\/2026\/01\/TOTE_11650363-320x224.jpg",320,224,true],"medium_large":["https:\/\/www.mobellinea.com\/wp-content\/uploads\/2026\/01\/TOTE_11650363-680x476.jpg",680,476,true],"large":["https:\/\/www.mobellinea.com\/wp-content\/uploads\/2026\/01\/TOTE_11650363-1000x700.jpg",1000,700,true],"pieces_card":["https:\/\/www.mobellinea.com\/wp-content\/uploads\/2026\/01\/TOTE_11650363-140x173.jpg",140,173,true],"gform-image-choice-sm":["https:\/\/www.mobellinea.com\/wp-content\/uploads\/2026\/01\/TOTE_11650363-scaled.jpg",300,210,false],"gform-image-choice-md":["https:\/\/www.mobellinea.com\/wp-content\/uploads\/2026\/01\/TOTE_11650363-scaled.jpg",400,280,false],"gform-image-choice-lg":["https:\/\/www.mobellinea.com\/wp-content\/uploads\/2026\/01\/TOTE_11650363-scaled.jpg",600,420,false]},"uagb_author_info":{"display_name":"Anna","author_link":"https:\/\/www.mobellinea.com\/fr\/author\/annareigmobellinea-es\/"},"uagb_comment_info":0,"uagb_excerpt":"Avec 50 ans d&rsquo;exp\u00e9rience dans la conception et la fabrication de mobilier professionnel, nous pr\u00e9sentons en 2026 une nouvelle identit\u00e9 visuelle et un repositionnement ambitieux qui r\u00e9pond aux transformations du monde du travail. D\u00e9velopp\u00e9 en collaboration avec le designer Oriol Guimer\u00e0, l&rsquo;\u00e9quipe marketing et design de Mobel Linea et l&rsquo;agence DLAB, ce rebranding nous positionne\u2026","_links":{"self":[{"href":"https:\/\/www.mobellinea.com\/fr\/wp-json\/wp\/v2\/posts\/17308","targetHints":{"allow":["GET"]}}],"collection":[{"href":"https:\/\/www.mobellinea.com\/fr\/wp-json\/wp\/v2\/posts"}],"about":[{"href":"https:\/\/www.mobellinea.com\/fr\/wp-json\/wp\/v2\/types\/post"}],"author":[{"embeddable":true,"href":"https:\/\/www.mobellinea.com\/fr\/wp-json\/wp\/v2\/users\/8"}],"replies":[{"embeddable":true,"href":"https:\/\/www.mobellinea.com\/fr\/wp-json\/wp\/v2\/comments?post=17308"}],"version-history":[{"count":2,"href":"https:\/\/www.mobellinea.com\/fr\/wp-json\/wp\/v2\/posts\/17308\/revisions"}],"predecessor-version":[{"id":17314,"href":"https:\/\/www.mobellinea.com\/fr\/wp-json\/wp\/v2\/posts\/17308\/revisions\/17314"}],"wp:featuredmedia":[{"embeddable":true,"href":"https:\/\/www.mobellinea.com\/fr\/wp-json\/wp\/v2\/media\/17307"}],"wp:attachment":[{"href":"https:\/\/www.mobellinea.com\/fr\/wp-json\/wp\/v2\/media?parent=17308"}],"wp:term":[{"taxonomy":"category","embeddable":true,"href":"https:\/\/www.mobellinea.com\/fr\/wp-json\/wp\/v2\/categories?post=17308"},{"taxonomy":"post_tag","embeddable":true,"href":"https:\/\/www.mobellinea.com\/fr\/wp-json\/wp\/v2\/tags?post=17308"}],"curies":[{"name":"wp","href":"https:\/\/api.w.org\/{rel}","templated":true}]}}