{"id":5973,"date":"2025-07-23T16:06:00","date_gmt":"2025-07-23T14:06:00","guid":{"rendered":"https:\/\/www.mobellinea.com\/domus-akustikkabinen-fuer-konzentration-und-teamarbeit\/"},"modified":"2025-12-10T16:55:40","modified_gmt":"2025-12-10T15:55:40","slug":"domus-akustikkabinen-fuer-konzentration-und-teamarbeit","status":"publish","type":"post","link":"https:\/\/www.mobellinea.com\/de\/domus-akustikkabinen-fuer-konzentration-und-teamarbeit\/","title":{"rendered":"Domus Akustikkabinen F\u00fcr Konzentration Und Teamarbeit."},"content":{"rendered":"\n<p class=\"wp-block-paragraph\">Die neue Serie umfasst vier Modelle, die Schalld\u00e4mmung, Komfort und nachhaltiges Design vereinen, um B\u00fcror\u00e4ume neu zu gestalten.<\/p>\n\n<p class=\"wp-block-paragraph\">Mobel Linea pr\u00e4sentiert domus, seine neue Kollektion von Akustikkabinen, die entwickelt wurden, um die Privatsph\u00e4re, die Konzentration und die Zusammenarbeit in B\u00fcroumgebungen zu verbessern. Inspiriert vom r\u00f6mischen Wohnkonzept fungieren diese Kabinen als wahre Oasen der Ruhe inmitten offener R\u00e4ume und bringen Funktionalit\u00e4t und Wohlbefinden in den Arbeitsalltag. <\/p>\n\n<p class=\"wp-block-paragraph\">Die Kollektion umfasst vier verschiedene Formate, von Einzelkabinen bis hin zu modularen R\u00e4umen mit Platz f\u00fcr bis zu sechs Personen. Alle sind mit der Schallschutzklasse A zertifiziert, der h\u00f6chsten Stufe des Schallschutzes, und garantieren somit eine ideale, ruhige Umgebung f\u00fcr Telefonate, wichtige Besprechungen oder konzentriertes Arbeiten. <\/p>\n\n<figure class=\"wp-block-image size-large\"><img decoding=\"async\" src=\"data:image\/gif;base64,R0lGODlhAQABAIAAAAAAAP\/\/\/yH5BAEAAAAALAAAAAABAAEAAAIBRAA7\" data-src=\"https:\/\/www.mobellinea.com\/wp-content\/uploads\/2025\/11\/blog_f01-3-1000x469.jpg\" alt=\"\" class=\"wp-image-4959 lazyload\"\/><noscript><img decoding=\"async\" width=\"1000\" height=\"469\" src=\"https:\/\/www.mobellinea.com\/wp-content\/uploads\/2025\/11\/blog_f01-3-1000x469.jpg\" alt=\"\" class=\"wp-image-4959 lazyload\" srcset=\"https:\/\/www.mobellinea.com\/wp-content\/uploads\/2025\/11\/blog_f01-3-1000x469.jpg 1000w, https:\/\/www.mobellinea.com\/wp-content\/uploads\/2025\/11\/blog_f01-3-320x150.jpg 320w, https:\/\/www.mobellinea.com\/wp-content\/uploads\/2025\/11\/blog_f01-3-680x319.jpg 680w, https:\/\/www.mobellinea.com\/wp-content\/uploads\/2025\/11\/blog_f01-3.jpg 1920w\" sizes=\"(max-width: 1000px) 100vw, 1000px\" \/><\/noscript><\/figure>\n\n<p class=\"wp-block-paragraph\">Im Einklang mit ihrem Engagement f\u00fcr Nachhaltigkeit bestehen die Kabinen von Mobel Linea aus einer modularen Struktur, die eine Montage und Demontage in Einzelteilen erm\u00f6glicht und somit deren Standortwechsel, Wiederverwendung und Recycling erleichtert.<\/p>\n\n<blockquote class=\"wp-block-quote is-layout-flow wp-block-quote-is-layout-flow\">\n<blockquote class=\"wp-block-quote is-layout-flow wp-block-quote-is-layout-flow\">\n<p class=\"wp-block-paragraph\">&#8222;Die B\u00fcros von heute verfolgen einen klaren Ansatz: der Mensch im Zentrum. Mit domus m\u00f6chten wir L\u00f6sungen anbieten, die nicht nur den akustischen Komfort verbessern, sondern auch das Wohlbefinden und die Produktivit\u00e4t der Mitarbeiter steigern&#8220;, erkl\u00e4rt das Unternehmen.<\/p>\n<\/blockquote>\n<\/blockquote>\n\n<p class=\"wp-block-paragraph\">Die neue Kollektion ist nun verf\u00fcgbar und kann auf der Website und im interaktiven Katalog eingesehen werden.<\/p>\n","protected":false},"excerpt":{"rendered":"<p>Die neue Serie umfasst vier Modelle, die Schalld\u00e4mmung, Komfort und nachhaltiges Design vereinen, um B\u00fcror\u00e4ume neu zu gestalten. Mobel Linea pr\u00e4sentiert domus, seine neue Kollektion von Akustikkabinen, die entwickelt wurden, um die Privatsph\u00e4re, die Konzentration und die Zusammenarbeit in B\u00fcroumgebungen zu verbessern. Inspiriert vom r\u00f6mischen Wohnkonzept fungieren diese Kabinen als wahre Oasen der Ruhe inmitten [&hellip;]<\/p>\n","protected":false},"author":8,"featured_media":5970,"comment_status":"closed","ping_status":"closed","sticky":false,"template":"","format":"standard","meta":{"_acf_changed":false,"_uag_custom_page_level_css":"","footnotes":""},"categories":[348],"tags":[],"class_list":["post-5973","post","type-post","status-publish","format-standard","has-post-thumbnail","hentry","category-wohlfahrt"],"acf":[],"yoast_head":"<!-- This site is optimized with the Yoast SEO Premium plugin v26.6 (Yoast SEO v27.6) - https:\/\/yoast.com\/product\/yoast-seo-premium-wordpress\/ -->\n<title>Domus Akustikkabinen F\u00fcr Konzentration Und Teamarbeit. - Mobellinea<\/title>\n<meta name=\"description\" content=\"Die neue Serie umfasst vier Modelle, die Schalld\u00e4mmung, Komfort und nachhaltiges Design vereinen, um B\u00fcror\u00e4ume neu zu gestalten. Mobel Linea pr\u00e4sentiert\" \/>\n<meta name=\"robots\" content=\"index, follow, max-snippet:-1, max-image-preview:large, max-video-preview:-1\" \/>\n<link rel=\"canonical\" href=\"https:\/\/www.mobellinea.com\/de\/domus-akustikkabinen-fuer-konzentration-und-teamarbeit\/\" \/>\n<meta property=\"og:locale\" content=\"de_DE\" \/>\n<meta property=\"og:type\" content=\"article\" \/>\n<meta property=\"og:title\" content=\"Domus Akustikkabinen F\u00fcr Konzentration Und Teamarbeit.\" \/>\n<meta property=\"og:description\" content=\"Die neue Serie umfasst vier Modelle, die Schalld\u00e4mmung, Komfort und nachhaltiges Design vereinen, um B\u00fcror\u00e4ume neu zu gestalten. Mobel Linea pr\u00e4sentiert\" \/>\n<meta property=\"og:url\" content=\"https:\/\/www.mobellinea.com\/de\/domus-akustikkabinen-fuer-konzentration-und-teamarbeit\/\" \/>\n<meta property=\"og:site_name\" content=\"Mobellinea\" \/>\n<meta property=\"article:publisher\" content=\"https:\/\/www.facebook.com\/mobellineasl\" \/>\n<meta property=\"article:published_time\" content=\"2025-07-23T14:06:00+00:00\" \/>\n<meta property=\"article:modified_time\" content=\"2025-12-10T15:55:40+00:00\" \/>\n<meta property=\"og:image\" content=\"https:\/\/www.mobellinea.com\/wp-content\/uploads\/2025\/11\/blog_f01-3.jpg\" \/>\n\t<meta property=\"og:image:width\" content=\"1920\" \/>\n\t<meta property=\"og:image:height\" content=\"900\" \/>\n\t<meta property=\"og:image:type\" content=\"image\/jpeg\" \/>\n<meta name=\"author\" content=\"Anna\" \/>\n<meta name=\"twitter:card\" content=\"summary_large_image\" \/>\n<meta name=\"twitter:label1\" content=\"Verfasst von\" \/>\n\t<meta name=\"twitter:data1\" content=\"Anna\" \/>\n\t<meta name=\"twitter:label2\" content=\"Gesch\u00e4tzte Lesezeit\" \/>\n\t<meta name=\"twitter:data2\" content=\"1\u00a0Minute\" \/>\n<script type=\"application\/ld+json\" class=\"yoast-schema-graph\">{\"@context\":\"https:\\\/\\\/schema.org\",\"@graph\":[{\"@type\":\"Article\",\"@id\":\"https:\\\/\\\/www.mobellinea.com\\\/de\\\/domus-akustikkabinen-fuer-konzentration-und-teamarbeit\\\/#article\",\"isPartOf\":{\"@id\":\"https:\\\/\\\/www.mobellinea.com\\\/de\\\/domus-akustikkabinen-fuer-konzentration-und-teamarbeit\\\/\"},\"author\":{\"name\":\"Anna\",\"@id\":\"https:\\\/\\\/mobellinea.com\\\/en\\\/#\\\/schema\\\/person\\\/518e40fa1dcd8c2ef7106c7561ae3ddb\"},\"headline\":\"Domus Akustikkabinen F\u00fcr Konzentration Und Teamarbeit.\",\"datePublished\":\"2025-07-23T14:06:00+00:00\",\"dateModified\":\"2025-12-10T15:55:40+00:00\",\"mainEntityOfPage\":{\"@id\":\"https:\\\/\\\/www.mobellinea.com\\\/de\\\/domus-akustikkabinen-fuer-konzentration-und-teamarbeit\\\/\"},\"wordCount\":227,\"image\":{\"@id\":\"https:\\\/\\\/www.mobellinea.com\\\/de\\\/domus-akustikkabinen-fuer-konzentration-und-teamarbeit\\\/#primaryimage\"},\"thumbnailUrl\":\"https:\\\/\\\/www.mobellinea.com\\\/wp-content\\\/uploads\\\/2025\\\/11\\\/blog_f01-3.jpg\",\"articleSection\":[\"Wohlfahrt\"],\"inLanguage\":\"de\"},{\"@type\":\"WebPage\",\"@id\":\"https:\\\/\\\/www.mobellinea.com\\\/de\\\/domus-akustikkabinen-fuer-konzentration-und-teamarbeit\\\/\",\"url\":\"https:\\\/\\\/www.mobellinea.com\\\/de\\\/domus-akustikkabinen-fuer-konzentration-und-teamarbeit\\\/\",\"name\":\"Domus Akustikkabinen F\u00fcr Konzentration Und Teamarbeit. - Mobellinea\",\"isPartOf\":{\"@id\":\"https:\\\/\\\/mobellinea.com\\\/en\\\/#website\"},\"primaryImageOfPage\":{\"@id\":\"https:\\\/\\\/www.mobellinea.com\\\/de\\\/domus-akustikkabinen-fuer-konzentration-und-teamarbeit\\\/#primaryimage\"},\"image\":{\"@id\":\"https:\\\/\\\/www.mobellinea.com\\\/de\\\/domus-akustikkabinen-fuer-konzentration-und-teamarbeit\\\/#primaryimage\"},\"thumbnailUrl\":\"https:\\\/\\\/www.mobellinea.com\\\/wp-content\\\/uploads\\\/2025\\\/11\\\/blog_f01-3.jpg\",\"datePublished\":\"2025-07-23T14:06:00+00:00\",\"dateModified\":\"2025-12-10T15:55:40+00:00\",\"author\":{\"@id\":\"https:\\\/\\\/mobellinea.com\\\/en\\\/#\\\/schema\\\/person\\\/518e40fa1dcd8c2ef7106c7561ae3ddb\"},\"description\":\"Die neue Serie umfasst vier Modelle, die Schalld\u00e4mmung, Komfort und nachhaltiges Design vereinen, um B\u00fcror\u00e4ume neu zu gestalten. Mobel Linea pr\u00e4sentiert\",\"breadcrumb\":{\"@id\":\"https:\\\/\\\/www.mobellinea.com\\\/de\\\/domus-akustikkabinen-fuer-konzentration-und-teamarbeit\\\/#breadcrumb\"},\"inLanguage\":\"de\",\"potentialAction\":[{\"@type\":\"ReadAction\",\"target\":[\"https:\\\/\\\/www.mobellinea.com\\\/de\\\/domus-akustikkabinen-fuer-konzentration-und-teamarbeit\\\/\"]}]},{\"@type\":\"ImageObject\",\"inLanguage\":\"de\",\"@id\":\"https:\\\/\\\/www.mobellinea.com\\\/de\\\/domus-akustikkabinen-fuer-konzentration-und-teamarbeit\\\/#primaryimage\",\"url\":\"https:\\\/\\\/www.mobellinea.com\\\/wp-content\\\/uploads\\\/2025\\\/11\\\/blog_f01-3.jpg\",\"contentUrl\":\"https:\\\/\\\/www.mobellinea.com\\\/wp-content\\\/uploads\\\/2025\\\/11\\\/blog_f01-3.jpg\",\"width\":1920,\"height\":900},{\"@type\":\"BreadcrumbList\",\"@id\":\"https:\\\/\\\/www.mobellinea.com\\\/de\\\/domus-akustikkabinen-fuer-konzentration-und-teamarbeit\\\/#breadcrumb\",\"itemListElement\":[{\"@type\":\"ListItem\",\"position\":1,\"name\":\"Home\",\"item\":\"https:\\\/\\\/www.mobellinea.com\\\/de\\\/home\\\/\"},{\"@type\":\"ListItem\",\"position\":2,\"name\":\"Wohlfahrt\",\"item\":\"https:\\\/\\\/www.mobellinea.com\\\/de\\\/category\\\/wohlfahrt\\\/\"},{\"@type\":\"ListItem\",\"position\":3,\"name\":\"Domus Akustikkabinen F\u00fcr Konzentration Und Teamarbeit.\"}]},{\"@type\":\"WebSite\",\"@id\":\"https:\\\/\\\/mobellinea.com\\\/en\\\/#website\",\"url\":\"https:\\\/\\\/mobellinea.com\\\/en\\\/\",\"name\":\"MobelLinea\",\"description\":\"Dise\u00f1amos y fabricamos soluciones de mobiliario para oficinas y espacios colectivos. Creamos entornos honestos, funcionales y humanos, pensados para mejorar la vida de las personas\",\"alternateName\":\"Mobel Linea\",\"potentialAction\":[{\"@type\":\"SearchAction\",\"target\":{\"@type\":\"EntryPoint\",\"urlTemplate\":\"https:\\\/\\\/mobellinea.com\\\/en\\\/?s={search_term_string}\"},\"query-input\":{\"@type\":\"PropertyValueSpecification\",\"valueRequired\":true,\"valueName\":\"search_term_string\"}}],\"inLanguage\":\"de\"},{\"@type\":\"Person\",\"@id\":\"https:\\\/\\\/mobellinea.com\\\/en\\\/#\\\/schema\\\/person\\\/518e40fa1dcd8c2ef7106c7561ae3ddb\",\"name\":\"Anna\",\"image\":{\"@type\":\"ImageObject\",\"inLanguage\":\"de\",\"@id\":\"https:\\\/\\\/secure.gravatar.com\\\/avatar\\\/8adc17f1354e8252029a3205a793c695de1d4150636fd00a689f76f96e8a4c98?s=96&d=mm&r=g\",\"url\":\"https:\\\/\\\/secure.gravatar.com\\\/avatar\\\/8adc17f1354e8252029a3205a793c695de1d4150636fd00a689f76f96e8a4c98?s=96&d=mm&r=g\",\"contentUrl\":\"https:\\\/\\\/secure.gravatar.com\\\/avatar\\\/8adc17f1354e8252029a3205a793c695de1d4150636fd00a689f76f96e8a4c98?s=96&d=mm&r=g\",\"caption\":\"Anna\"}}]}<\/script>\n<!-- \/ Yoast SEO Premium plugin. -->","yoast_head_json":{"title":"Domus Akustikkabinen F\u00fcr Konzentration Und Teamarbeit. - Mobellinea","description":"Die neue Serie umfasst vier Modelle, die Schalld\u00e4mmung, Komfort und nachhaltiges Design vereinen, um B\u00fcror\u00e4ume neu zu gestalten. Mobel Linea pr\u00e4sentiert","robots":{"index":"index","follow":"follow","max-snippet":"max-snippet:-1","max-image-preview":"max-image-preview:large","max-video-preview":"max-video-preview:-1"},"canonical":"https:\/\/www.mobellinea.com\/de\/domus-akustikkabinen-fuer-konzentration-und-teamarbeit\/","og_locale":"de_DE","og_type":"article","og_title":"Domus Akustikkabinen F\u00fcr Konzentration Und Teamarbeit.","og_description":"Die neue Serie umfasst vier Modelle, die Schalld\u00e4mmung, Komfort und nachhaltiges Design vereinen, um B\u00fcror\u00e4ume neu zu gestalten. Mobel Linea pr\u00e4sentiert","og_url":"https:\/\/www.mobellinea.com\/de\/domus-akustikkabinen-fuer-konzentration-und-teamarbeit\/","og_site_name":"Mobellinea","article_publisher":"https:\/\/www.facebook.com\/mobellineasl","article_published_time":"2025-07-23T14:06:00+00:00","article_modified_time":"2025-12-10T15:55:40+00:00","og_image":[{"width":1920,"height":900,"url":"https:\/\/www.mobellinea.com\/wp-content\/uploads\/2025\/11\/blog_f01-3.jpg","type":"image\/jpeg"}],"author":"Anna","twitter_card":"summary_large_image","twitter_misc":{"Verfasst von":"Anna","Gesch\u00e4tzte Lesezeit":"1\u00a0Minute"},"schema":{"@context":"https:\/\/schema.org","@graph":[{"@type":"Article","@id":"https:\/\/www.mobellinea.com\/de\/domus-akustikkabinen-fuer-konzentration-und-teamarbeit\/#article","isPartOf":{"@id":"https:\/\/www.mobellinea.com\/de\/domus-akustikkabinen-fuer-konzentration-und-teamarbeit\/"},"author":{"name":"Anna","@id":"https:\/\/mobellinea.com\/en\/#\/schema\/person\/518e40fa1dcd8c2ef7106c7561ae3ddb"},"headline":"Domus Akustikkabinen F\u00fcr Konzentration Und Teamarbeit.","datePublished":"2025-07-23T14:06:00+00:00","dateModified":"2025-12-10T15:55:40+00:00","mainEntityOfPage":{"@id":"https:\/\/www.mobellinea.com\/de\/domus-akustikkabinen-fuer-konzentration-und-teamarbeit\/"},"wordCount":227,"image":{"@id":"https:\/\/www.mobellinea.com\/de\/domus-akustikkabinen-fuer-konzentration-und-teamarbeit\/#primaryimage"},"thumbnailUrl":"https:\/\/www.mobellinea.com\/wp-content\/uploads\/2025\/11\/blog_f01-3.jpg","articleSection":["Wohlfahrt"],"inLanguage":"de"},{"@type":"WebPage","@id":"https:\/\/www.mobellinea.com\/de\/domus-akustikkabinen-fuer-konzentration-und-teamarbeit\/","url":"https:\/\/www.mobellinea.com\/de\/domus-akustikkabinen-fuer-konzentration-und-teamarbeit\/","name":"Domus Akustikkabinen F\u00fcr Konzentration Und Teamarbeit. - Mobellinea","isPartOf":{"@id":"https:\/\/mobellinea.com\/en\/#website"},"primaryImageOfPage":{"@id":"https:\/\/www.mobellinea.com\/de\/domus-akustikkabinen-fuer-konzentration-und-teamarbeit\/#primaryimage"},"image":{"@id":"https:\/\/www.mobellinea.com\/de\/domus-akustikkabinen-fuer-konzentration-und-teamarbeit\/#primaryimage"},"thumbnailUrl":"https:\/\/www.mobellinea.com\/wp-content\/uploads\/2025\/11\/blog_f01-3.jpg","datePublished":"2025-07-23T14:06:00+00:00","dateModified":"2025-12-10T15:55:40+00:00","author":{"@id":"https:\/\/mobellinea.com\/en\/#\/schema\/person\/518e40fa1dcd8c2ef7106c7561ae3ddb"},"description":"Die neue Serie umfasst vier Modelle, die Schalld\u00e4mmung, Komfort und nachhaltiges Design vereinen, um B\u00fcror\u00e4ume neu zu gestalten. Mobel Linea pr\u00e4sentiert","breadcrumb":{"@id":"https:\/\/www.mobellinea.com\/de\/domus-akustikkabinen-fuer-konzentration-und-teamarbeit\/#breadcrumb"},"inLanguage":"de","potentialAction":[{"@type":"ReadAction","target":["https:\/\/www.mobellinea.com\/de\/domus-akustikkabinen-fuer-konzentration-und-teamarbeit\/"]}]},{"@type":"ImageObject","inLanguage":"de","@id":"https:\/\/www.mobellinea.com\/de\/domus-akustikkabinen-fuer-konzentration-und-teamarbeit\/#primaryimage","url":"https:\/\/www.mobellinea.com\/wp-content\/uploads\/2025\/11\/blog_f01-3.jpg","contentUrl":"https:\/\/www.mobellinea.com\/wp-content\/uploads\/2025\/11\/blog_f01-3.jpg","width":1920,"height":900},{"@type":"BreadcrumbList","@id":"https:\/\/www.mobellinea.com\/de\/domus-akustikkabinen-fuer-konzentration-und-teamarbeit\/#breadcrumb","itemListElement":[{"@type":"ListItem","position":1,"name":"Home","item":"https:\/\/www.mobellinea.com\/de\/home\/"},{"@type":"ListItem","position":2,"name":"Wohlfahrt","item":"https:\/\/www.mobellinea.com\/de\/category\/wohlfahrt\/"},{"@type":"ListItem","position":3,"name":"Domus Akustikkabinen F\u00fcr Konzentration Und Teamarbeit."}]},{"@type":"WebSite","@id":"https:\/\/mobellinea.com\/en\/#website","url":"https:\/\/mobellinea.com\/en\/","name":"MobelLinea","description":"Dise\u00f1amos y fabricamos soluciones de mobiliario para oficinas y espacios colectivos. Creamos entornos honestos, funcionales y humanos, pensados para mejorar la vida de las personas","alternateName":"Mobel Linea","potentialAction":[{"@type":"SearchAction","target":{"@type":"EntryPoint","urlTemplate":"https:\/\/mobellinea.com\/en\/?s={search_term_string}"},"query-input":{"@type":"PropertyValueSpecification","valueRequired":true,"valueName":"search_term_string"}}],"inLanguage":"de"},{"@type":"Person","@id":"https:\/\/mobellinea.com\/en\/#\/schema\/person\/518e40fa1dcd8c2ef7106c7561ae3ddb","name":"Anna","image":{"@type":"ImageObject","inLanguage":"de","@id":"https:\/\/secure.gravatar.com\/avatar\/8adc17f1354e8252029a3205a793c695de1d4150636fd00a689f76f96e8a4c98?s=96&d=mm&r=g","url":"https:\/\/secure.gravatar.com\/avatar\/8adc17f1354e8252029a3205a793c695de1d4150636fd00a689f76f96e8a4c98?s=96&d=mm&r=g","contentUrl":"https:\/\/secure.gravatar.com\/avatar\/8adc17f1354e8252029a3205a793c695de1d4150636fd00a689f76f96e8a4c98?s=96&d=mm&r=g","caption":"Anna"}}]}},"uagb_featured_image_src":{"full":["https:\/\/www.mobellinea.com\/wp-content\/uploads\/2025\/11\/blog_f01-3.jpg",1920,900,false],"thumbnail":["https:\/\/www.mobellinea.com\/wp-content\/uploads\/2025\/11\/blog_f01-3-150x150.jpg",150,150,true],"medium":["https:\/\/www.mobellinea.com\/wp-content\/uploads\/2025\/11\/blog_f01-3-320x150.jpg",320,150,true],"medium_large":["https:\/\/www.mobellinea.com\/wp-content\/uploads\/2025\/11\/blog_f01-3-680x319.jpg",680,319,true],"large":["https:\/\/www.mobellinea.com\/wp-content\/uploads\/2025\/11\/blog_f01-3-1000x469.jpg",1000,469,true],"pieces_card":["https:\/\/www.mobellinea.com\/wp-content\/uploads\/2025\/11\/blog_f01-3-140x173.jpg",140,173,true],"gform-image-choice-sm":["https:\/\/www.mobellinea.com\/wp-content\/uploads\/2025\/11\/blog_f01-3.jpg",300,141,false],"gform-image-choice-md":["https:\/\/www.mobellinea.com\/wp-content\/uploads\/2025\/11\/blog_f01-3.jpg",400,188,false],"gform-image-choice-lg":["https:\/\/www.mobellinea.com\/wp-content\/uploads\/2025\/11\/blog_f01-3.jpg",600,281,false]},"uagb_author_info":{"display_name":"Anna","author_link":"https:\/\/www.mobellinea.com\/de\/author\/annareigmobellinea-es\/"},"uagb_comment_info":0,"uagb_excerpt":"Die neue Serie umfasst vier Modelle, die Schalld\u00e4mmung, Komfort und nachhaltiges Design vereinen, um B\u00fcror\u00e4ume neu zu gestalten. Mobel Linea pr\u00e4sentiert domus, seine neue Kollektion von Akustikkabinen, die entwickelt wurden, um die Privatsph\u00e4re, die Konzentration und die Zusammenarbeit in B\u00fcroumgebungen zu verbessern. Inspiriert vom r\u00f6mischen Wohnkonzept fungieren diese Kabinen als wahre Oasen der Ruhe inmitten&hellip;","_links":{"self":[{"href":"https:\/\/www.mobellinea.com\/de\/wp-json\/wp\/v2\/posts\/5973","targetHints":{"allow":["GET"]}}],"collection":[{"href":"https:\/\/www.mobellinea.com\/de\/wp-json\/wp\/v2\/posts"}],"about":[{"href":"https:\/\/www.mobellinea.com\/de\/wp-json\/wp\/v2\/types\/post"}],"author":[{"embeddable":true,"href":"https:\/\/www.mobellinea.com\/de\/wp-json\/wp\/v2\/users\/8"}],"replies":[{"embeddable":true,"href":"https:\/\/www.mobellinea.com\/de\/wp-json\/wp\/v2\/comments?post=5973"}],"version-history":[{"count":5,"href":"https:\/\/www.mobellinea.com\/de\/wp-json\/wp\/v2\/posts\/5973\/revisions"}],"predecessor-version":[{"id":13768,"href":"https:\/\/www.mobellinea.com\/de\/wp-json\/wp\/v2\/posts\/5973\/revisions\/13768"}],"wp:featuredmedia":[{"embeddable":true,"href":"https:\/\/www.mobellinea.com\/de\/wp-json\/wp\/v2\/media\/5970"}],"wp:attachment":[{"href":"https:\/\/www.mobellinea.com\/de\/wp-json\/wp\/v2\/media?parent=5973"}],"wp:term":[{"taxonomy":"category","embeddable":true,"href":"https:\/\/www.mobellinea.com\/de\/wp-json\/wp\/v2\/categories?post=5973"},{"taxonomy":"post_tag","embeddable":true,"href":"https:\/\/www.mobellinea.com\/de\/wp-json\/wp\/v2\/tags?post=5973"}],"curies":[{"name":"wp","href":"https:\/\/api.w.org\/{rel}","templated":true}]}}