{"id":5950,"date":"2025-07-01T15:55:00","date_gmt":"2025-07-01T13:55:00","guid":{"rendered":"https:\/\/www.mobellinea.com\/krea-das-freie-mobiliar-das-ihren-raum-verwandelt\/"},"modified":"2025-12-19T13:01:05","modified_gmt":"2025-12-19T12:01:05","slug":"krea-das-freie-mobiliar-das-ihren-raum-verwandelt","status":"publish","type":"post","link":"https:\/\/www.mobellinea.com\/de\/krea-das-freie-mobiliar-das-ihren-raum-verwandelt\/","title":{"rendered":"Krea, das freie Mobiliar, das Ihren Raum verwandelt."},"content":{"rendered":"\n<p class=\"wp-block-paragraph\">In einer sich st\u00e4ndig weiterentwickelnden Arbeitswelt stehen flexible R\u00e4ume im Vordergrund. Deshalb entstand Krea, ein vielseitiger Tisch, der sich Ihrem Rhythmus anpasst, Ihre Kreativit\u00e4t f\u00f6rdert und Ihren Raum unbegrenzt umwandelt. <\/p>\n\n\n\n<p class=\"has-xx-large-font-size wp-block-paragraph\">Ein Tisch &#8211; unendliche M\u00f6glichkeiten<\/p>\n\n\n\n<p class=\"wp-block-paragraph\">F\u00fcr individuelles Arbeiten Krea wird Ihr pers\u00f6nlicher Schreibtisch. Kompakt, funktional &#8211; perfekt f\u00fcr Aufgaben, die Konzentration und Organisation erfordern. Die klappbare Tischplatte kann als Pult dienen und ist somit die perfekte Tr\u00e4gerkonstruktion f\u00fcr Pr\u00e4sentationen, die Lekt\u00fcre und zum Zeichnen.  <\/p>\n\n\n\n<div class=\"wp-block-uagb-image uagb-block-12912036 wp-block-uagb-image--layout-default wp-block-uagb-image--effect-static wp-block-uagb-image--align-none\"><figure class=\"wp-block-uagb-image__figure\"><img decoding=\"async\" data-srcset=\"https:\/\/www.mobellinea.com\/wp-content\/uploads\/2025\/11\/blog_f01-2-1000x469.jpg ,https:\/\/www.mobellinea.com\/wp-content\/uploads\/2025\/11\/blog_f01-2.jpg 780w, https:\/\/www.mobellinea.com\/wp-content\/uploads\/2025\/11\/blog_f01-2.jpg 360w\" sizes=\"auto, (max-width: 480px) 150px\" src=\"data:image\/gif;base64,R0lGODlhAQABAIAAAAAAAP\/\/\/yH5BAEAAAAALAAAAAABAAEAAAIBRAA7\" data-src=\"https:\/\/www.mobellinea.com\/wp-content\/uploads\/2025\/11\/blog_f01-2-1000x469.jpg\" alt=\"\" class=\"uag-image-16700 lazyload\" width=\"1000\" height=\"469\" title=\"blog_f01\" loading=\"lazy\" role=\"img\"\/><noscript><img decoding=\"async\" srcset=\"https:\/\/www.mobellinea.com\/wp-content\/uploads\/2025\/11\/blog_f01-2-1000x469.jpg ,https:\/\/www.mobellinea.com\/wp-content\/uploads\/2025\/11\/blog_f01-2.jpg 780w, https:\/\/www.mobellinea.com\/wp-content\/uploads\/2025\/11\/blog_f01-2.jpg 360w\" sizes=\"auto, (max-width: 480px) 150px\" src=\"https:\/\/www.mobellinea.com\/wp-content\/uploads\/2025\/11\/blog_f01-2-1000x469.jpg\" alt=\"\" class=\"uag-image-16700 lazyload\" width=\"1000\" height=\"469\" title=\"blog_f01\" loading=\"lazy\" role=\"img\"\/><\/noscript><\/figure><\/div>\n\n\n\n<p class=\"wp-block-paragraph\">F\u00fcr Gruppenarbeit Mittels einfacher Bewegungen, Drehen oder Umgestalten wird Krea zu einer gemeinsam genutzten Tischfl\u00e4che. Optimal f\u00fcr spontane Meetings, Workshops, kreative Sitzungen und Gruppendynamik. Dank des leichten Baus mit Rollen kann die Arbeitsfl\u00e4che in Sekundenschnelle umgewandelt und neu gestaltet werden. Aufgrund der Klapp- und Stapeltechnik ben\u00f6tigt sie nur minimalen Platz.  <\/p>\n\n\n\n<p class=\"wp-block-paragraph\">Durch die H\u00f6henverstellbarkeit erh\u00e4lt sie zus\u00e4tzliche Vielseitigkeit. Die Arbeitsfl\u00e4che l\u00e4sst sich f\u00fcr einen normalen Arbeitstag im Sitzen oder angehoben als Stehpult nutzen. Krea erzwingt keine Arbeitsweise &#8211; das Design erm\u00f6glicht es Ihnen, die Ihre zu w\u00e4hlen. <\/p>\n\n\n\n<div class=\"wp-block-uagb-image uagb-block-db4f7806 wp-block-uagb-image--layout-default wp-block-uagb-image--effect-static wp-block-uagb-image--align-none\"><figure class=\"wp-block-uagb-image__figure\"><img decoding=\"async\" data-srcset=\"https:\/\/www.mobellinea.com\/wp-content\/uploads\/2025\/11\/blog_f02-2-1000x469.jpg ,https:\/\/www.mobellinea.com\/wp-content\/uploads\/2025\/11\/blog_f02-2.jpg 780w, https:\/\/www.mobellinea.com\/wp-content\/uploads\/2025\/11\/blog_f02-2.jpg 360w\" sizes=\"auto, (max-width: 480px) 150px\" src=\"data:image\/gif;base64,R0lGODlhAQABAIAAAAAAAP\/\/\/yH5BAEAAAAALAAAAAABAAEAAAIBRAA7\" data-src=\"https:\/\/www.mobellinea.com\/wp-content\/uploads\/2025\/11\/blog_f02-2-1000x469.jpg\" alt=\"\" class=\"uag-image-16701 lazyload\" width=\"1000\" height=\"469\" title=\"blog_f02\" loading=\"lazy\" role=\"img\"\/><noscript><img decoding=\"async\" srcset=\"https:\/\/www.mobellinea.com\/wp-content\/uploads\/2025\/11\/blog_f02-2-1000x469.jpg ,https:\/\/www.mobellinea.com\/wp-content\/uploads\/2025\/11\/blog_f02-2.jpg 780w, https:\/\/www.mobellinea.com\/wp-content\/uploads\/2025\/11\/blog_f02-2.jpg 360w\" sizes=\"auto, (max-width: 480px) 150px\" src=\"https:\/\/www.mobellinea.com\/wp-content\/uploads\/2025\/11\/blog_f02-2-1000x469.jpg\" alt=\"\" class=\"uag-image-16701 lazyload\" width=\"1000\" height=\"469\" title=\"blog_f02\" loading=\"lazy\" role=\"img\"\/><\/noscript><\/figure><\/div>\n\n\n\n<p class=\"has-xx-large-font-size wp-block-paragraph\">Die Freiheit mit einem einzigen M\u00f6belst\u00fcck<\/p>\n\n\n\n<p class=\"wp-block-paragraph\">Krea ist nicht nur ein Tisch &#8211; Es ist eine intelligente L\u00f6sung f\u00fcr R\u00e4ume, die sich gemeinsam mit Ihnen weiterentwickeln. Ob im B\u00fcro, im Schulungsraum oder in einer Kreativwerkstatt &#8211; Krea bietet Ihnen die Freiheit, Ihren Raum jederzeit umzugestalten. <\/p>\n\n\n\n<figure class=\"wp-block-image size-large\"><img decoding=\"async\" src=\"data:image\/gif;base64,R0lGODlhAQABAIAAAAAAAP\/\/\/yH5BAEAAAAALAAAAAABAAEAAAIBRAA7\" data-src=\"https:\/\/www.mobellinea.com\/wp-content\/uploads\/2025\/11\/blog_f03-2.jpg\" alt=\"\" class=\"wp-image-4949 lazyload\"\/><noscript><img decoding=\"async\" width=\"1920\" height=\"900\" src=\"https:\/\/www.mobellinea.com\/wp-content\/uploads\/2025\/11\/blog_f03-2.jpg\" alt=\"\" class=\"wp-image-4949 lazyload\" srcset=\"https:\/\/www.mobellinea.com\/wp-content\/uploads\/2025\/11\/blog_f03-2.jpg 1920w, https:\/\/www.mobellinea.com\/wp-content\/uploads\/2025\/11\/blog_f03-2-320x150.jpg 320w, https:\/\/www.mobellinea.com\/wp-content\/uploads\/2025\/11\/blog_f03-2-1000x469.jpg 1000w, https:\/\/www.mobellinea.com\/wp-content\/uploads\/2025\/11\/blog_f03-2-680x319.jpg 680w\" sizes=\"(max-width: 1920px) 100vw, 1920px\" \/><\/noscript><\/figure>\n\n\n\n<p class=\"has-xx-large-font-size wp-block-paragraph\">Ein Design f\u00fcr Flexibilit\u00e4t<\/p>\n\n\n\n<ul class=\"wp-block-list\">\n<li>Klappen: Die Tischplatte kann geneigt werden und als Pult dienen. Krea ist optimale L\u00f6sung f\u00fcr Pr\u00e4sentationen, Schulungen, Vortr\u00e4ge und dient als Ablagefl\u00e4che beim Lesen und Zeichnen. <\/li>\n\n\n\n<li>Stapeln: Entwickelt f\u00fcr eine einfache Aufbewahrung und Platzoptimierung &#8211; ideal f\u00fcr gemeinschaftliche Arbeitsumgebungen.<\/li>\n\n\n\n<li>H\u00f6henverstellbar: Krea kann angehoben werden. Durch die H\u00f6henverstellung kann die Arbeitsweise frei gew\u00e4hlt werden: Sitzen, Stehen oder in Bewegung. Sie bestimmen das Tempo.  <\/li>\n\n\n\n<li>Beweglich: Mit R\u00e4dern und einem leichten, einfach zu bewegenden Design f\u00fcr den Einsatz an jedem gew\u00fcnschten Ort.<\/li>\n<\/ul>\n","protected":false},"excerpt":{"rendered":"<p>In einer sich st\u00e4ndig weiterentwickelnden Arbeitswelt stehen flexible R\u00e4ume im Vordergrund. Deshalb entstand Krea, ein vielseitiger Tisch, der sich Ihrem Rhythmus anpasst, Ihre Kreativit\u00e4t f\u00f6rdert und Ihren Raum unbegrenzt umwandelt. Ein Tisch &#8211; unendliche M\u00f6glichkeiten F\u00fcr individuelles Arbeiten Krea wird Ihr pers\u00f6nlicher Schreibtisch. Kompakt, funktional &#8211; perfekt f\u00fcr Aufgaben, die Konzentration und Organisation erfordern. Die [&hellip;]<\/p>\n","protected":false},"author":8,"featured_media":17178,"comment_status":"closed","ping_status":"closed","sticky":false,"template":"","format":"standard","meta":{"_acf_changed":false,"_uag_custom_page_level_css":"","footnotes":""},"categories":[361,362,364],"tags":[],"class_list":["post-5950","post","type-post","status-publish","format-standard","has-post-thumbnail","hentry","category-nachrichten","category-produkte","category-sammlungen"],"acf":[],"yoast_head":"<!-- This site is optimized with the Yoast SEO Premium plugin v26.6 (Yoast SEO v27.6) - https:\/\/yoast.com\/product\/yoast-seo-premium-wordpress\/ -->\n<title>Krea, das freie Mobiliar, das Ihren Raum verwandelt. - Mobellinea<\/title>\n<meta name=\"description\" content=\"In einer sich st\u00e4ndig weiterentwickelnden Arbeitswelt stehen flexible R\u00e4ume im Vordergrund. Deshalb entstand Krea, ein vielseitiger Tisch, der sich Ihrem\" \/>\n<meta name=\"robots\" content=\"index, follow, max-snippet:-1, max-image-preview:large, max-video-preview:-1\" \/>\n<link rel=\"canonical\" href=\"https:\/\/www.mobellinea.com\/de\/krea-das-freie-mobiliar-das-ihren-raum-verwandelt\/\" \/>\n<meta property=\"og:locale\" content=\"de_DE\" \/>\n<meta property=\"og:type\" content=\"article\" \/>\n<meta property=\"og:title\" content=\"Krea, das freie Mobiliar, das Ihren Raum verwandelt.\" \/>\n<meta property=\"og:description\" content=\"In einer sich st\u00e4ndig weiterentwickelnden Arbeitswelt stehen flexible R\u00e4ume im Vordergrund. Deshalb entstand Krea, ein vielseitiger Tisch, der sich Ihrem\" \/>\n<meta property=\"og:url\" content=\"https:\/\/www.mobellinea.com\/de\/krea-das-freie-mobiliar-das-ihren-raum-verwandelt\/\" \/>\n<meta property=\"og:site_name\" content=\"Mobellinea\" \/>\n<meta property=\"article:publisher\" content=\"https:\/\/www.facebook.com\/mobellineasl\" \/>\n<meta property=\"article:published_time\" content=\"2025-07-01T13:55:00+00:00\" \/>\n<meta property=\"article:modified_time\" content=\"2025-12-19T12:01:05+00:00\" \/>\n<meta property=\"og:image\" content=\"https:\/\/www.mobellinea.com\/wp-content\/uploads\/2025\/11\/blog_f03-2.jpg\" \/>\n\t<meta property=\"og:image:width\" content=\"1920\" \/>\n\t<meta property=\"og:image:height\" content=\"900\" \/>\n\t<meta property=\"og:image:type\" content=\"image\/jpeg\" \/>\n<meta name=\"author\" content=\"Anna\" \/>\n<meta name=\"twitter:card\" content=\"summary_large_image\" \/>\n<meta name=\"twitter:label1\" content=\"Verfasst von\" \/>\n\t<meta name=\"twitter:data1\" content=\"Anna\" \/>\n\t<meta name=\"twitter:label2\" content=\"Gesch\u00e4tzte Lesezeit\" \/>\n\t<meta name=\"twitter:data2\" content=\"3\u00a0Minuten\" \/>\n<script type=\"application\/ld+json\" class=\"yoast-schema-graph\">{\"@context\":\"https:\\\/\\\/schema.org\",\"@graph\":[{\"@type\":\"Article\",\"@id\":\"https:\\\/\\\/www.mobellinea.com\\\/de\\\/krea-das-freie-mobiliar-das-ihren-raum-verwandelt\\\/#article\",\"isPartOf\":{\"@id\":\"https:\\\/\\\/www.mobellinea.com\\\/de\\\/krea-das-freie-mobiliar-das-ihren-raum-verwandelt\\\/\"},\"author\":{\"name\":\"Anna\",\"@id\":\"https:\\\/\\\/mobellinea.com\\\/en\\\/#\\\/schema\\\/person\\\/518e40fa1dcd8c2ef7106c7561ae3ddb\"},\"headline\":\"Krea, das freie Mobiliar, das Ihren Raum verwandelt.\",\"datePublished\":\"2025-07-01T13:55:00+00:00\",\"dateModified\":\"2025-12-19T12:01:05+00:00\",\"mainEntityOfPage\":{\"@id\":\"https:\\\/\\\/www.mobellinea.com\\\/de\\\/krea-das-freie-mobiliar-das-ihren-raum-verwandelt\\\/\"},\"wordCount\":342,\"image\":{\"@id\":\"https:\\\/\\\/www.mobellinea.com\\\/de\\\/krea-das-freie-mobiliar-das-ihren-raum-verwandelt\\\/#primaryimage\"},\"thumbnailUrl\":\"https:\\\/\\\/www.mobellinea.com\\\/wp-content\\\/uploads\\\/2025\\\/11\\\/blog_f03-2.jpg\",\"articleSection\":[\"Nachrichten\",\"Produkte\",\"Sammlungen\"],\"inLanguage\":\"de\"},{\"@type\":\"WebPage\",\"@id\":\"https:\\\/\\\/www.mobellinea.com\\\/de\\\/krea-das-freie-mobiliar-das-ihren-raum-verwandelt\\\/\",\"url\":\"https:\\\/\\\/www.mobellinea.com\\\/de\\\/krea-das-freie-mobiliar-das-ihren-raum-verwandelt\\\/\",\"name\":\"Krea, das freie Mobiliar, das Ihren Raum verwandelt. - Mobellinea\",\"isPartOf\":{\"@id\":\"https:\\\/\\\/mobellinea.com\\\/en\\\/#website\"},\"primaryImageOfPage\":{\"@id\":\"https:\\\/\\\/www.mobellinea.com\\\/de\\\/krea-das-freie-mobiliar-das-ihren-raum-verwandelt\\\/#primaryimage\"},\"image\":{\"@id\":\"https:\\\/\\\/www.mobellinea.com\\\/de\\\/krea-das-freie-mobiliar-das-ihren-raum-verwandelt\\\/#primaryimage\"},\"thumbnailUrl\":\"https:\\\/\\\/www.mobellinea.com\\\/wp-content\\\/uploads\\\/2025\\\/11\\\/blog_f03-2.jpg\",\"datePublished\":\"2025-07-01T13:55:00+00:00\",\"dateModified\":\"2025-12-19T12:01:05+00:00\",\"author\":{\"@id\":\"https:\\\/\\\/mobellinea.com\\\/en\\\/#\\\/schema\\\/person\\\/518e40fa1dcd8c2ef7106c7561ae3ddb\"},\"description\":\"In einer sich st\u00e4ndig weiterentwickelnden Arbeitswelt stehen flexible R\u00e4ume im Vordergrund. Deshalb entstand Krea, ein vielseitiger Tisch, der sich Ihrem\",\"breadcrumb\":{\"@id\":\"https:\\\/\\\/www.mobellinea.com\\\/de\\\/krea-das-freie-mobiliar-das-ihren-raum-verwandelt\\\/#breadcrumb\"},\"inLanguage\":\"de\",\"potentialAction\":[{\"@type\":\"ReadAction\",\"target\":[\"https:\\\/\\\/www.mobellinea.com\\\/de\\\/krea-das-freie-mobiliar-das-ihren-raum-verwandelt\\\/\"]}]},{\"@type\":\"ImageObject\",\"inLanguage\":\"de\",\"@id\":\"https:\\\/\\\/www.mobellinea.com\\\/de\\\/krea-das-freie-mobiliar-das-ihren-raum-verwandelt\\\/#primaryimage\",\"url\":\"https:\\\/\\\/www.mobellinea.com\\\/wp-content\\\/uploads\\\/2025\\\/11\\\/blog_f03-2.jpg\",\"contentUrl\":\"https:\\\/\\\/www.mobellinea.com\\\/wp-content\\\/uploads\\\/2025\\\/11\\\/blog_f03-2.jpg\",\"width\":1920,\"height\":900},{\"@type\":\"BreadcrumbList\",\"@id\":\"https:\\\/\\\/www.mobellinea.com\\\/de\\\/krea-das-freie-mobiliar-das-ihren-raum-verwandelt\\\/#breadcrumb\",\"itemListElement\":[{\"@type\":\"ListItem\",\"position\":1,\"name\":\"Home\",\"item\":\"https:\\\/\\\/www.mobellinea.com\\\/de\\\/home\\\/\"},{\"@type\":\"ListItem\",\"position\":2,\"name\":\"Nachrichten\",\"item\":\"https:\\\/\\\/www.mobellinea.com\\\/de\\\/category\\\/nachrichten\\\/\"},{\"@type\":\"ListItem\",\"position\":3,\"name\":\"Krea, das freie Mobiliar, das Ihren Raum verwandelt.\"}]},{\"@type\":\"WebSite\",\"@id\":\"https:\\\/\\\/mobellinea.com\\\/en\\\/#website\",\"url\":\"https:\\\/\\\/mobellinea.com\\\/en\\\/\",\"name\":\"MobelLinea\",\"description\":\"Dise\u00f1amos y fabricamos soluciones de mobiliario para oficinas y espacios colectivos. Creamos entornos honestos, funcionales y humanos, pensados para mejorar la vida de las personas\",\"alternateName\":\"Mobel Linea\",\"potentialAction\":[{\"@type\":\"SearchAction\",\"target\":{\"@type\":\"EntryPoint\",\"urlTemplate\":\"https:\\\/\\\/mobellinea.com\\\/en\\\/?s={search_term_string}\"},\"query-input\":{\"@type\":\"PropertyValueSpecification\",\"valueRequired\":true,\"valueName\":\"search_term_string\"}}],\"inLanguage\":\"de\"},{\"@type\":\"Person\",\"@id\":\"https:\\\/\\\/mobellinea.com\\\/en\\\/#\\\/schema\\\/person\\\/518e40fa1dcd8c2ef7106c7561ae3ddb\",\"name\":\"Anna\",\"image\":{\"@type\":\"ImageObject\",\"inLanguage\":\"de\",\"@id\":\"https:\\\/\\\/secure.gravatar.com\\\/avatar\\\/8adc17f1354e8252029a3205a793c695de1d4150636fd00a689f76f96e8a4c98?s=96&d=mm&r=g\",\"url\":\"https:\\\/\\\/secure.gravatar.com\\\/avatar\\\/8adc17f1354e8252029a3205a793c695de1d4150636fd00a689f76f96e8a4c98?s=96&d=mm&r=g\",\"contentUrl\":\"https:\\\/\\\/secure.gravatar.com\\\/avatar\\\/8adc17f1354e8252029a3205a793c695de1d4150636fd00a689f76f96e8a4c98?s=96&d=mm&r=g\",\"caption\":\"Anna\"}}]}<\/script>\n<!-- \/ Yoast SEO Premium plugin. -->","yoast_head_json":{"title":"Krea, das freie Mobiliar, das Ihren Raum verwandelt. - Mobellinea","description":"In einer sich st\u00e4ndig weiterentwickelnden Arbeitswelt stehen flexible R\u00e4ume im Vordergrund. Deshalb entstand Krea, ein vielseitiger Tisch, der sich Ihrem","robots":{"index":"index","follow":"follow","max-snippet":"max-snippet:-1","max-image-preview":"max-image-preview:large","max-video-preview":"max-video-preview:-1"},"canonical":"https:\/\/www.mobellinea.com\/de\/krea-das-freie-mobiliar-das-ihren-raum-verwandelt\/","og_locale":"de_DE","og_type":"article","og_title":"Krea, das freie Mobiliar, das Ihren Raum verwandelt.","og_description":"In einer sich st\u00e4ndig weiterentwickelnden Arbeitswelt stehen flexible R\u00e4ume im Vordergrund. Deshalb entstand Krea, ein vielseitiger Tisch, der sich Ihrem","og_url":"https:\/\/www.mobellinea.com\/de\/krea-das-freie-mobiliar-das-ihren-raum-verwandelt\/","og_site_name":"Mobellinea","article_publisher":"https:\/\/www.facebook.com\/mobellineasl","article_published_time":"2025-07-01T13:55:00+00:00","article_modified_time":"2025-12-19T12:01:05+00:00","og_image":[{"width":1920,"height":900,"url":"https:\/\/www.mobellinea.com\/wp-content\/uploads\/2025\/11\/blog_f03-2.jpg","type":"image\/jpeg"}],"author":"Anna","twitter_card":"summary_large_image","twitter_misc":{"Verfasst von":"Anna","Gesch\u00e4tzte Lesezeit":"3\u00a0Minuten"},"schema":{"@context":"https:\/\/schema.org","@graph":[{"@type":"Article","@id":"https:\/\/www.mobellinea.com\/de\/krea-das-freie-mobiliar-das-ihren-raum-verwandelt\/#article","isPartOf":{"@id":"https:\/\/www.mobellinea.com\/de\/krea-das-freie-mobiliar-das-ihren-raum-verwandelt\/"},"author":{"name":"Anna","@id":"https:\/\/mobellinea.com\/en\/#\/schema\/person\/518e40fa1dcd8c2ef7106c7561ae3ddb"},"headline":"Krea, das freie Mobiliar, das Ihren Raum verwandelt.","datePublished":"2025-07-01T13:55:00+00:00","dateModified":"2025-12-19T12:01:05+00:00","mainEntityOfPage":{"@id":"https:\/\/www.mobellinea.com\/de\/krea-das-freie-mobiliar-das-ihren-raum-verwandelt\/"},"wordCount":342,"image":{"@id":"https:\/\/www.mobellinea.com\/de\/krea-das-freie-mobiliar-das-ihren-raum-verwandelt\/#primaryimage"},"thumbnailUrl":"https:\/\/www.mobellinea.com\/wp-content\/uploads\/2025\/11\/blog_f03-2.jpg","articleSection":["Nachrichten","Produkte","Sammlungen"],"inLanguage":"de"},{"@type":"WebPage","@id":"https:\/\/www.mobellinea.com\/de\/krea-das-freie-mobiliar-das-ihren-raum-verwandelt\/","url":"https:\/\/www.mobellinea.com\/de\/krea-das-freie-mobiliar-das-ihren-raum-verwandelt\/","name":"Krea, das freie Mobiliar, das Ihren Raum verwandelt. - Mobellinea","isPartOf":{"@id":"https:\/\/mobellinea.com\/en\/#website"},"primaryImageOfPage":{"@id":"https:\/\/www.mobellinea.com\/de\/krea-das-freie-mobiliar-das-ihren-raum-verwandelt\/#primaryimage"},"image":{"@id":"https:\/\/www.mobellinea.com\/de\/krea-das-freie-mobiliar-das-ihren-raum-verwandelt\/#primaryimage"},"thumbnailUrl":"https:\/\/www.mobellinea.com\/wp-content\/uploads\/2025\/11\/blog_f03-2.jpg","datePublished":"2025-07-01T13:55:00+00:00","dateModified":"2025-12-19T12:01:05+00:00","author":{"@id":"https:\/\/mobellinea.com\/en\/#\/schema\/person\/518e40fa1dcd8c2ef7106c7561ae3ddb"},"description":"In einer sich st\u00e4ndig weiterentwickelnden Arbeitswelt stehen flexible R\u00e4ume im Vordergrund. Deshalb entstand Krea, ein vielseitiger Tisch, der sich Ihrem","breadcrumb":{"@id":"https:\/\/www.mobellinea.com\/de\/krea-das-freie-mobiliar-das-ihren-raum-verwandelt\/#breadcrumb"},"inLanguage":"de","potentialAction":[{"@type":"ReadAction","target":["https:\/\/www.mobellinea.com\/de\/krea-das-freie-mobiliar-das-ihren-raum-verwandelt\/"]}]},{"@type":"ImageObject","inLanguage":"de","@id":"https:\/\/www.mobellinea.com\/de\/krea-das-freie-mobiliar-das-ihren-raum-verwandelt\/#primaryimage","url":"https:\/\/www.mobellinea.com\/wp-content\/uploads\/2025\/11\/blog_f03-2.jpg","contentUrl":"https:\/\/www.mobellinea.com\/wp-content\/uploads\/2025\/11\/blog_f03-2.jpg","width":1920,"height":900},{"@type":"BreadcrumbList","@id":"https:\/\/www.mobellinea.com\/de\/krea-das-freie-mobiliar-das-ihren-raum-verwandelt\/#breadcrumb","itemListElement":[{"@type":"ListItem","position":1,"name":"Home","item":"https:\/\/www.mobellinea.com\/de\/home\/"},{"@type":"ListItem","position":2,"name":"Nachrichten","item":"https:\/\/www.mobellinea.com\/de\/category\/nachrichten\/"},{"@type":"ListItem","position":3,"name":"Krea, das freie Mobiliar, das Ihren Raum verwandelt."}]},{"@type":"WebSite","@id":"https:\/\/mobellinea.com\/en\/#website","url":"https:\/\/mobellinea.com\/en\/","name":"MobelLinea","description":"Dise\u00f1amos y fabricamos soluciones de mobiliario para oficinas y espacios colectivos. Creamos entornos honestos, funcionales y humanos, pensados para mejorar la vida de las personas","alternateName":"Mobel Linea","potentialAction":[{"@type":"SearchAction","target":{"@type":"EntryPoint","urlTemplate":"https:\/\/mobellinea.com\/en\/?s={search_term_string}"},"query-input":{"@type":"PropertyValueSpecification","valueRequired":true,"valueName":"search_term_string"}}],"inLanguage":"de"},{"@type":"Person","@id":"https:\/\/mobellinea.com\/en\/#\/schema\/person\/518e40fa1dcd8c2ef7106c7561ae3ddb","name":"Anna","image":{"@type":"ImageObject","inLanguage":"de","@id":"https:\/\/secure.gravatar.com\/avatar\/8adc17f1354e8252029a3205a793c695de1d4150636fd00a689f76f96e8a4c98?s=96&d=mm&r=g","url":"https:\/\/secure.gravatar.com\/avatar\/8adc17f1354e8252029a3205a793c695de1d4150636fd00a689f76f96e8a4c98?s=96&d=mm&r=g","contentUrl":"https:\/\/secure.gravatar.com\/avatar\/8adc17f1354e8252029a3205a793c695de1d4150636fd00a689f76f96e8a4c98?s=96&d=mm&r=g","caption":"Anna"}}]}},"uagb_featured_image_src":{"full":["https:\/\/www.mobellinea.com\/wp-content\/uploads\/2025\/11\/blog_f03-2.jpg",1920,900,false],"thumbnail":["https:\/\/www.mobellinea.com\/wp-content\/uploads\/2025\/11\/blog_f03-2-150x150.jpg",150,150,true],"medium":["https:\/\/www.mobellinea.com\/wp-content\/uploads\/2025\/11\/blog_f03-2-320x150.jpg",320,150,true],"medium_large":["https:\/\/www.mobellinea.com\/wp-content\/uploads\/2025\/11\/blog_f03-2-680x319.jpg",680,319,true],"large":["https:\/\/www.mobellinea.com\/wp-content\/uploads\/2025\/11\/blog_f03-2-1000x469.jpg",1000,469,true],"pieces_card":["https:\/\/www.mobellinea.com\/wp-content\/uploads\/2025\/11\/blog_f03-2-140x173.jpg",140,173,true],"gform-image-choice-sm":["https:\/\/www.mobellinea.com\/wp-content\/uploads\/2025\/11\/blog_f03-2.jpg",300,141,false],"gform-image-choice-md":["https:\/\/www.mobellinea.com\/wp-content\/uploads\/2025\/11\/blog_f03-2.jpg",400,188,false],"gform-image-choice-lg":["https:\/\/www.mobellinea.com\/wp-content\/uploads\/2025\/11\/blog_f03-2.jpg",600,281,false]},"uagb_author_info":{"display_name":"Anna","author_link":"https:\/\/www.mobellinea.com\/de\/author\/annareigmobellinea-es\/"},"uagb_comment_info":0,"uagb_excerpt":"In einer sich st\u00e4ndig weiterentwickelnden Arbeitswelt stehen flexible R\u00e4ume im Vordergrund. Deshalb entstand Krea, ein vielseitiger Tisch, der sich Ihrem Rhythmus anpasst, Ihre Kreativit\u00e4t f\u00f6rdert und Ihren Raum unbegrenzt umwandelt. Ein Tisch &#8211; unendliche M\u00f6glichkeiten F\u00fcr individuelles Arbeiten Krea wird Ihr pers\u00f6nlicher Schreibtisch. Kompakt, funktional &#8211; perfekt f\u00fcr Aufgaben, die Konzentration und Organisation erfordern. Die&hellip;","_links":{"self":[{"href":"https:\/\/www.mobellinea.com\/de\/wp-json\/wp\/v2\/posts\/5950","targetHints":{"allow":["GET"]}}],"collection":[{"href":"https:\/\/www.mobellinea.com\/de\/wp-json\/wp\/v2\/posts"}],"about":[{"href":"https:\/\/www.mobellinea.com\/de\/wp-json\/wp\/v2\/types\/post"}],"author":[{"embeddable":true,"href":"https:\/\/www.mobellinea.com\/de\/wp-json\/wp\/v2\/users\/8"}],"replies":[{"embeddable":true,"href":"https:\/\/www.mobellinea.com\/de\/wp-json\/wp\/v2\/comments?post=5950"}],"version-history":[{"count":2,"href":"https:\/\/www.mobellinea.com\/de\/wp-json\/wp\/v2\/posts\/5950\/revisions"}],"predecessor-version":[{"id":16702,"href":"https:\/\/www.mobellinea.com\/de\/wp-json\/wp\/v2\/posts\/5950\/revisions\/16702"}],"wp:featuredmedia":[{"embeddable":true,"href":"https:\/\/www.mobellinea.com\/de\/wp-json\/wp\/v2\/media\/17178"}],"wp:attachment":[{"href":"https:\/\/www.mobellinea.com\/de\/wp-json\/wp\/v2\/media?parent=5950"}],"wp:term":[{"taxonomy":"category","embeddable":true,"href":"https:\/\/www.mobellinea.com\/de\/wp-json\/wp\/v2\/categories?post=5950"},{"taxonomy":"post_tag","embeddable":true,"href":"https:\/\/www.mobellinea.com\/de\/wp-json\/wp\/v2\/tags?post=5950"}],"curies":[{"name":"wp","href":"https:\/\/api.w.org\/{rel}","templated":true}]}}