{"id":5936,"date":"2025-07-11T16:13:00","date_gmt":"2025-07-11T14:13:00","guid":{"rendered":"https:\/\/www.mobellinea.com\/raeume-die-inspirieren-wie-schallschutzkabinen-die-leistung-und-den-komfort-verbessern\/"},"modified":"2025-12-23T12:53:55","modified_gmt":"2025-12-23T11:53:55","slug":"raeume-die-inspirieren-wie-schallschutzkabinen-die-leistung-und-den-komfort-verbessern","status":"publish","type":"post","link":"https:\/\/www.mobellinea.com\/de\/raeume-die-inspirieren-wie-schallschutzkabinen-die-leistung-und-den-komfort-verbessern\/","title":{"rendered":"R\u00e4ume, Die Inspirieren: Wie Schallschutzkabinen Die Leistung Und Den Komfort Verbessern"},"content":{"rendered":"\n<p class=\"wp-block-paragraph\">Die B\u00fcros von heute verfolgen einen klaren Ansatz: der Mensch im Zentrum. Die F\u00f6rderung des Wohlbefindens der Mitarbeiter ist heutzutage keine Option mehr, sondern eine Notwendigkeit, um die Leistungsf\u00e4higkeit, Kreativit\u00e4t und das Zugeh\u00f6rigkeitsgef\u00fchl zu steigern. <\/p>\n\n<p class=\"wp-block-paragraph\">Die B\u00fcros von heute verfolgen einen klaren Ansatz: der Mensch im Zentrum. Die F\u00f6rderung des Wohlbefindens der Mitarbeiter ist heutzutage keine Option mehr, sondern eine Notwendigkeit, um die Leistungsf\u00e4higkeit, Kreativit\u00e4t und das Zugeh\u00f6rigkeitsgef\u00fchl zu steigern. <\/p>\n\n<p class=\"wp-block-paragraph\">Angesichts dieser neuen Rahmenbedingungen ist die Schaffung von Umgebungen, die Konzentration, Komfort und Privatsph\u00e4re f\u00f6rdern, zu einer strategischen Priorit\u00e4t geworden, um die besten Fachkr\u00e4fte zu gewinnen, zu motivieren und an das Unternehmen zu binden.<\/p>\n\n<p class=\"wp-block-paragraph\">Wie der Global Director of Real Estate bei JPMorgan Chase in einem Interview mit McKinsey \u00fcber die Neugestaltung seines neuen Hauptsitzes richtig feststellt: &#8222;Unternehmen, die gezielt die Zugeh\u00f6rigkeit, Vernetzung, Kreativit\u00e4t und das Wohlbefinden ihrer Mitarbeiter f\u00f6rdern, k\u00f6nnen eine h\u00f6here Leistung erzielen. Daher ist die Zusammenf\u00fchrung von Technologie, Arbeitsplatzgestaltung und Employee Experience entscheidend f\u00fcr den Erfolg.&#8220;<\/p>\n\n<p class=\"wp-block-paragraph\">Angesichts dieser Situation bieten Schallschutzkabinen eine wichtige L\u00f6sung f\u00fcr die Schaffung von Umgebungen, die den Komfort der Mitarbeiter und damit auch ihre Effizienz verbessern. Sie sind wahre Oasen der Ruhe inmitten offener R\u00e4ume, wo es st\u00e4ndig Ablenkungen gibt. Es ist kein Zufall, dass sie in der Innenarchitektur immer h\u00e4ufiger zum Einsatz kommen: Sie stehen f\u00fcr ein neues Verst\u00e4ndnis der Arbeitsumgebung.  <\/p>\n\n<p class=\"has-xx-large-font-size wp-block-paragraph\">Privatsph\u00e4re, die das Wohlbefinden f\u00f6rdert<\/p>\n\n<p class=\"wp-block-paragraph\">Die domus Schallschutzkabinen verf\u00fcgen \u00fcber eine Schallschutzzertifizierung der KLASSE A, was sie zu einem High-End-Produkt mit h\u00f6chstem Schallschutzstandard macht. Dadurch wird eine private und intime Umgebung gew\u00e4hrleistet, in der man sich konzentrieren, ungest\u00f6rt Videokonferenzen durchf\u00fchren und eine ruhige und angenehme Atmosph\u00e4re genie\u00dfen kann. <\/p>\n\n<p class=\"wp-block-paragraph\">Die Vorteile beschr\u00e4nken sich jedoch nicht nur auf denjenigen, der sie nutzt: Diese Arbeitsweise verbessert insgesamt das Arbeitsumfeld. Durch die Reduzierung von L\u00e4rm und Ablenkungen wird ein harmonischeres und respektvolleres Arbeitsklima f\u00fcr alle Teammitglieder geschaffen. Individuelles Wohlbefinden wird zu kollektivem Wohlbefinden, was sich direkt auf die Arbeitsqualit\u00e4t, das Miteinander und die Unternehmenskultur auswirkt.  <\/p>\n\n<p class=\"wp-block-paragraph\">Diese Art von R\u00e4umen verbessert nicht nur das Miteinander: Sie tragen auch dazu bei, die Konzentration zu steigern und Stress abzubauen, was sich messbar auf die t\u00e4gliche Produktivit\u00e4t auswirkt.<\/p>\n\n<figure class=\"wp-block-image size-large\"><img decoding=\"async\" src=\"data:image\/gif;base64,R0lGODlhAQABAIAAAAAAAP\/\/\/yH5BAEAAAAALAAAAAABAAEAAAIBRAA7\" data-src=\"https:\/\/www.mobellinea.com\/wp-content\/uploads\/2025\/11\/blog_f01-4-1000x469.jpg\" alt=\"\" class=\"wp-image-4968 lazyload\"\/><noscript><img decoding=\"async\" width=\"1000\" height=\"469\" src=\"https:\/\/www.mobellinea.com\/wp-content\/uploads\/2025\/11\/blog_f01-4-1000x469.jpg\" alt=\"\" class=\"wp-image-4968 lazyload\" srcset=\"https:\/\/www.mobellinea.com\/wp-content\/uploads\/2025\/11\/blog_f01-4-1000x469.jpg 1000w, https:\/\/www.mobellinea.com\/wp-content\/uploads\/2025\/11\/blog_f01-4-320x150.jpg 320w, https:\/\/www.mobellinea.com\/wp-content\/uploads\/2025\/11\/blog_f01-4-680x319.jpg 680w, https:\/\/www.mobellinea.com\/wp-content\/uploads\/2025\/11\/blog_f01-4.jpg 1920w\" sizes=\"(max-width: 1000px) 100vw, 1000px\" \/><\/noscript><\/figure>\n\n<p class=\"has-xx-large-font-size wp-block-paragraph\">Funktionales Design, das R\u00e4ume verwandelt<\/p>\n\n<p class=\"wp-block-paragraph\">Schallschutzkabinen bieten nicht nur Privatsph\u00e4re, sondern verleihen dem B\u00fcro auch Charakter, Eleganz und Stil. Sie f\u00fcgen sich nahtlos in offene Arbeitsumgebungen ein, verbessern die \u00c4sthetik und bieten gleichzeitig volle Funktionalit\u00e4t. <\/p>\n\n<p class=\"wp-block-paragraph\">Die Schallschutzkabinen der domus-Kollektion bieten vielseitige L\u00f6sungen, die von Modellen f\u00fcr Einzelpersonen bis hin zu modularen Besprechungsr\u00e4umen f\u00fcr bis zu sechs Personen reichen. Mit minimalistischen Linien, sanften Farben, Umgebungs- und Arbeitsbeleuchtung, integrierter Technologie und individuell konfigurierbaren Zubeh\u00f6rteilen entspricht das Design den aktuellen Anforderungen, ohne dabei an Eleganz oder optischer Koh\u00e4renz einzub\u00fc\u00dfen. <\/p>\n\n<figure class=\"wp-block-image size-large\"><img decoding=\"async\" src=\"data:image\/gif;base64,R0lGODlhAQABAIAAAAAAAP\/\/\/yH5BAEAAAAALAAAAAABAAEAAAIBRAA7\" data-src=\"https:\/\/www.mobellinea.com\/wp-content\/uploads\/2025\/11\/blog_f02-3-1000x469.jpg\" alt=\"\" class=\"wp-image-4969 lazyload\"\/><noscript><img decoding=\"async\" width=\"1000\" height=\"469\" src=\"https:\/\/www.mobellinea.com\/wp-content\/uploads\/2025\/11\/blog_f02-3-1000x469.jpg\" alt=\"\" class=\"wp-image-4969 lazyload\" srcset=\"https:\/\/www.mobellinea.com\/wp-content\/uploads\/2025\/11\/blog_f02-3-1000x469.jpg 1000w, https:\/\/www.mobellinea.com\/wp-content\/uploads\/2025\/11\/blog_f02-3-320x150.jpg 320w, https:\/\/www.mobellinea.com\/wp-content\/uploads\/2025\/11\/blog_f02-3-680x319.jpg 680w, https:\/\/www.mobellinea.com\/wp-content\/uploads\/2025\/11\/blog_f02-3.jpg 1920w\" sizes=\"(max-width: 1000px) 100vw, 1000px\" \/><\/noscript><\/figure>\n\n<p class=\"has-xx-large-font-size wp-block-paragraph\">Eine verantwortungsvolle L\u00f6sung<\/p>\n\n<p class=\"wp-block-paragraph\">Wohlbefinden bedeutet auch, sich f\u00fcr unseren Planeten einzusetzen.<\/p>\n\n<p class=\"wp-block-paragraph\">Die domus Schallschutzkabinen wurden mit einem nachhaltigen Ansatz entwickelt: Dank der modularen Bauweise lassen sie sich aus einzelnen Teilen zusammenbauen, was den Transport, die Wiederverwendung und das Recycling am Ende ihrer Lebensdauer erleichtert.<\/p>\n\n<p class=\"wp-block-paragraph\">Im Gegensatz zu fest eingebauten R\u00e4umen bieten Kabinen eine vielseitige, mobile und ohne Bauarbeiten realisierbare L\u00f6sung, mit der private R\u00e4ume geschaffen werden k\u00f6nnen, ohne die urspr\u00fcngliche Architektur zu ver\u00e4ndern. Eine Wahl, die den Prinzipien des Kreislauf-Designs entspricht und einer neuen, bewussteren und umweltfreundlicheren Arbeitsweise gerecht wird. <\/p>\n\n<p class=\"wp-block-paragraph\">Dar\u00fcber hinaus erm\u00f6glichen die verschiedenen verf\u00fcgbaren Formate, dass sich die Kabinen mit den Anforderungen des Teams weiterentwickeln k\u00f6nnen: Sie k\u00f6nnen ohne Baukosten oder Unterbrechungen an einen anderen Standort verlegt oder neu konfiguriert werden.<\/p>\n\n<p class=\"has-xx-large-font-size wp-block-paragraph\">Noch mehr erleben<\/p>\n\n<p class=\"wp-block-paragraph\">Die Integration von Schallschutzkabinen in ein Innenarchitekturprojekt ist eine M\u00f6glichkeit, den Arbeitsbereich auf ein neues Niveau zu heben, auf dem Komfort und Funktionalit\u00e4t harmonisch miteinander verschmelzen.<\/p>\n\n<p class=\"wp-block-paragraph\">Die Gestaltung mit Kabinen ist ein sorgf\u00e4ltig durchdachter Entwurf. Es geht nicht nur darum, die Akustik zu verbessern, sondern einen Rahmen zu schaffen, der Innovation, Wertsch\u00e4tzung f\u00fcr das Wohlbefinden der Mitarbeiter und Zukunftsorientierung vermittelt. Das Ergebnis: R\u00e4ume, in denen sich Menschen wohlf\u00fchlen, sich geh\u00f6rt f\u00fchlen und ungest\u00f6rt arbeiten k\u00f6nnen Aspekte, die im Arbeitsalltag immer mehr gesch\u00e4tzt werden.  <\/p>\n\n<figure class=\"wp-block-image size-large\"><img decoding=\"async\" src=\"data:image\/gif;base64,R0lGODlhAQABAIAAAAAAAP\/\/\/yH5BAEAAAAALAAAAAABAAEAAAIBRAA7\" data-src=\"https:\/\/www.mobellinea.com\/wp-content\/uploads\/2025\/11\/blog_f03-3-1000x469.jpg\" alt=\"\" class=\"wp-image-4970 lazyload\"\/><noscript><img decoding=\"async\" width=\"1000\" height=\"469\" src=\"https:\/\/www.mobellinea.com\/wp-content\/uploads\/2025\/11\/blog_f03-3-1000x469.jpg\" alt=\"\" class=\"wp-image-4970 lazyload\" srcset=\"https:\/\/www.mobellinea.com\/wp-content\/uploads\/2025\/11\/blog_f03-3-1000x469.jpg 1000w, https:\/\/www.mobellinea.com\/wp-content\/uploads\/2025\/11\/blog_f03-3-320x150.jpg 320w, https:\/\/www.mobellinea.com\/wp-content\/uploads\/2025\/11\/blog_f03-3-680x319.jpg 680w, https:\/\/www.mobellinea.com\/wp-content\/uploads\/2025\/11\/blog_f03-3.jpg 1920w\" sizes=\"(max-width: 1000px) 100vw, 1000px\" \/><\/noscript><\/figure>\n","protected":false},"excerpt":{"rendered":"<p>Die B\u00fcros von heute verfolgen einen klaren Ansatz: der Mensch im Zentrum. Die F\u00f6rderung des Wohlbefindens der Mitarbeiter ist heutzutage keine Option mehr, sondern eine Notwendigkeit, um die Leistungsf\u00e4higkeit, Kreativit\u00e4t und das Zugeh\u00f6rigkeitsgef\u00fchl zu steigern. Die B\u00fcros von heute verfolgen einen klaren Ansatz: der Mensch im Zentrum. Die F\u00f6rderung des Wohlbefindens der Mitarbeiter ist heutzutage [&hellip;]<\/p>\n","protected":false},"author":8,"featured_media":17174,"comment_status":"closed","ping_status":"closed","sticky":false,"template":"","format":"standard","meta":{"_acf_changed":false,"_uag_custom_page_level_css":"","footnotes":""},"categories":[363,381,362,364,368,348],"tags":[],"class_list":["post-5936","post","type-post","status-publish","format-standard","has-post-thumbnail","hentry","category-innovation","category-nachhaltigkeit","category-produkte","category-sammlungen","category-trends","category-wohlfahrt"],"acf":[],"yoast_head":"<!-- This site is optimized with the Yoast SEO Premium plugin v26.6 (Yoast SEO v27.6) - https:\/\/yoast.com\/product\/yoast-seo-premium-wordpress\/ -->\n<title>R\u00e4ume, Die Inspirieren: Wie Schallschutzkabinen Die Leistung Und Den Komfort Verbessern - Mobellinea<\/title>\n<meta name=\"description\" content=\"Die B\u00fcros von heute verfolgen einen klaren Ansatz: der Mensch im Zentrum. Die F\u00f6rderung des Wohlbefindens der Mitarbeiter ist heutzutage keine Option\" \/>\n<meta name=\"robots\" content=\"index, follow, max-snippet:-1, max-image-preview:large, max-video-preview:-1\" \/>\n<link rel=\"canonical\" href=\"https:\/\/www.mobellinea.com\/de\/raeume-die-inspirieren-wie-schallschutzkabinen-die-leistung-und-den-komfort-verbessern\/\" \/>\n<meta property=\"og:locale\" content=\"de_DE\" \/>\n<meta property=\"og:type\" content=\"article\" \/>\n<meta property=\"og:title\" content=\"R\u00e4ume, Die Inspirieren: Wie Schallschutzkabinen Die Leistung Und Den Komfort Verbessern\" \/>\n<meta property=\"og:description\" content=\"Die B\u00fcros von heute verfolgen einen klaren Ansatz: der Mensch im Zentrum. Die F\u00f6rderung des Wohlbefindens der Mitarbeiter ist heutzutage keine Option\" \/>\n<meta property=\"og:url\" content=\"https:\/\/www.mobellinea.com\/de\/raeume-die-inspirieren-wie-schallschutzkabinen-die-leistung-und-den-komfort-verbessern\/\" \/>\n<meta property=\"og:site_name\" content=\"Mobellinea\" \/>\n<meta property=\"article:publisher\" content=\"https:\/\/www.facebook.com\/mobellineasl\" \/>\n<meta property=\"article:published_time\" content=\"2025-07-11T14:13:00+00:00\" \/>\n<meta property=\"article:modified_time\" content=\"2025-12-23T11:53:55+00:00\" \/>\n<meta property=\"og:image\" content=\"https:\/\/www.mobellinea.com\/wp-content\/uploads\/2025\/11\/blog_f03-3.jpg\" \/>\n\t<meta property=\"og:image:width\" content=\"1920\" \/>\n\t<meta property=\"og:image:height\" content=\"900\" \/>\n\t<meta property=\"og:image:type\" content=\"image\/jpeg\" \/>\n<meta name=\"author\" content=\"Anna\" \/>\n<meta name=\"twitter:card\" content=\"summary_large_image\" \/>\n<meta name=\"twitter:label1\" content=\"Verfasst von\" \/>\n\t<meta name=\"twitter:data1\" content=\"Anna\" \/>\n\t<meta name=\"twitter:label2\" content=\"Gesch\u00e4tzte Lesezeit\" \/>\n\t<meta name=\"twitter:data2\" content=\"4\u00a0Minuten\" \/>\n<script type=\"application\/ld+json\" class=\"yoast-schema-graph\">{\"@context\":\"https:\\\/\\\/schema.org\",\"@graph\":[{\"@type\":\"Article\",\"@id\":\"https:\\\/\\\/www.mobellinea.com\\\/de\\\/raeume-die-inspirieren-wie-schallschutzkabinen-die-leistung-und-den-komfort-verbessern\\\/#article\",\"isPartOf\":{\"@id\":\"https:\\\/\\\/www.mobellinea.com\\\/de\\\/raeume-die-inspirieren-wie-schallschutzkabinen-die-leistung-und-den-komfort-verbessern\\\/\"},\"author\":{\"name\":\"Anna\",\"@id\":\"https:\\\/\\\/mobellinea.com\\\/en\\\/#\\\/schema\\\/person\\\/518e40fa1dcd8c2ef7106c7561ae3ddb\"},\"headline\":\"R\u00e4ume, Die Inspirieren: Wie Schallschutzkabinen Die Leistung Und Den Komfort Verbessern\",\"datePublished\":\"2025-07-11T14:13:00+00:00\",\"dateModified\":\"2025-12-23T11:53:55+00:00\",\"mainEntityOfPage\":{\"@id\":\"https:\\\/\\\/www.mobellinea.com\\\/de\\\/raeume-die-inspirieren-wie-schallschutzkabinen-die-leistung-und-den-komfort-verbessern\\\/\"},\"wordCount\":739,\"image\":{\"@id\":\"https:\\\/\\\/www.mobellinea.com\\\/de\\\/raeume-die-inspirieren-wie-schallschutzkabinen-die-leistung-und-den-komfort-verbessern\\\/#primaryimage\"},\"thumbnailUrl\":\"https:\\\/\\\/www.mobellinea.com\\\/wp-content\\\/uploads\\\/2025\\\/11\\\/blog_f03-3.jpg\",\"articleSection\":[\"Innovation\",\"Nachhaltigkeit\",\"Produkte\",\"Sammlungen\",\"Trends\",\"Wohlfahrt\"],\"inLanguage\":\"de\"},{\"@type\":\"WebPage\",\"@id\":\"https:\\\/\\\/www.mobellinea.com\\\/de\\\/raeume-die-inspirieren-wie-schallschutzkabinen-die-leistung-und-den-komfort-verbessern\\\/\",\"url\":\"https:\\\/\\\/www.mobellinea.com\\\/de\\\/raeume-die-inspirieren-wie-schallschutzkabinen-die-leistung-und-den-komfort-verbessern\\\/\",\"name\":\"R\u00e4ume, Die Inspirieren: Wie Schallschutzkabinen Die Leistung Und Den Komfort Verbessern - Mobellinea\",\"isPartOf\":{\"@id\":\"https:\\\/\\\/mobellinea.com\\\/en\\\/#website\"},\"primaryImageOfPage\":{\"@id\":\"https:\\\/\\\/www.mobellinea.com\\\/de\\\/raeume-die-inspirieren-wie-schallschutzkabinen-die-leistung-und-den-komfort-verbessern\\\/#primaryimage\"},\"image\":{\"@id\":\"https:\\\/\\\/www.mobellinea.com\\\/de\\\/raeume-die-inspirieren-wie-schallschutzkabinen-die-leistung-und-den-komfort-verbessern\\\/#primaryimage\"},\"thumbnailUrl\":\"https:\\\/\\\/www.mobellinea.com\\\/wp-content\\\/uploads\\\/2025\\\/11\\\/blog_f03-3.jpg\",\"datePublished\":\"2025-07-11T14:13:00+00:00\",\"dateModified\":\"2025-12-23T11:53:55+00:00\",\"author\":{\"@id\":\"https:\\\/\\\/mobellinea.com\\\/en\\\/#\\\/schema\\\/person\\\/518e40fa1dcd8c2ef7106c7561ae3ddb\"},\"description\":\"Die B\u00fcros von heute verfolgen einen klaren Ansatz: der Mensch im Zentrum. Die F\u00f6rderung des Wohlbefindens der Mitarbeiter ist heutzutage keine Option\",\"breadcrumb\":{\"@id\":\"https:\\\/\\\/www.mobellinea.com\\\/de\\\/raeume-die-inspirieren-wie-schallschutzkabinen-die-leistung-und-den-komfort-verbessern\\\/#breadcrumb\"},\"inLanguage\":\"de\",\"potentialAction\":[{\"@type\":\"ReadAction\",\"target\":[\"https:\\\/\\\/www.mobellinea.com\\\/de\\\/raeume-die-inspirieren-wie-schallschutzkabinen-die-leistung-und-den-komfort-verbessern\\\/\"]}]},{\"@type\":\"ImageObject\",\"inLanguage\":\"de\",\"@id\":\"https:\\\/\\\/www.mobellinea.com\\\/de\\\/raeume-die-inspirieren-wie-schallschutzkabinen-die-leistung-und-den-komfort-verbessern\\\/#primaryimage\",\"url\":\"https:\\\/\\\/www.mobellinea.com\\\/wp-content\\\/uploads\\\/2025\\\/11\\\/blog_f03-3.jpg\",\"contentUrl\":\"https:\\\/\\\/www.mobellinea.com\\\/wp-content\\\/uploads\\\/2025\\\/11\\\/blog_f03-3.jpg\",\"width\":1920,\"height\":900},{\"@type\":\"BreadcrumbList\",\"@id\":\"https:\\\/\\\/www.mobellinea.com\\\/de\\\/raeume-die-inspirieren-wie-schallschutzkabinen-die-leistung-und-den-komfort-verbessern\\\/#breadcrumb\",\"itemListElement\":[{\"@type\":\"ListItem\",\"position\":1,\"name\":\"Home\",\"item\":\"https:\\\/\\\/www.mobellinea.com\\\/de\\\/home\\\/\"},{\"@type\":\"ListItem\",\"position\":2,\"name\":\"Wohlfahrt\",\"item\":\"https:\\\/\\\/www.mobellinea.com\\\/de\\\/category\\\/wohlfahrt\\\/\"},{\"@type\":\"ListItem\",\"position\":3,\"name\":\"R\u00e4ume, Die Inspirieren: Wie Schallschutzkabinen Die Leistung Und Den Komfort Verbessern\"}]},{\"@type\":\"WebSite\",\"@id\":\"https:\\\/\\\/mobellinea.com\\\/en\\\/#website\",\"url\":\"https:\\\/\\\/mobellinea.com\\\/en\\\/\",\"name\":\"MobelLinea\",\"description\":\"Dise\u00f1amos y fabricamos soluciones de mobiliario para oficinas y espacios colectivos. Creamos entornos honestos, funcionales y humanos, pensados para mejorar la vida de las personas\",\"alternateName\":\"Mobel Linea\",\"potentialAction\":[{\"@type\":\"SearchAction\",\"target\":{\"@type\":\"EntryPoint\",\"urlTemplate\":\"https:\\\/\\\/mobellinea.com\\\/en\\\/?s={search_term_string}\"},\"query-input\":{\"@type\":\"PropertyValueSpecification\",\"valueRequired\":true,\"valueName\":\"search_term_string\"}}],\"inLanguage\":\"de\"},{\"@type\":\"Person\",\"@id\":\"https:\\\/\\\/mobellinea.com\\\/en\\\/#\\\/schema\\\/person\\\/518e40fa1dcd8c2ef7106c7561ae3ddb\",\"name\":\"Anna\",\"image\":{\"@type\":\"ImageObject\",\"inLanguage\":\"de\",\"@id\":\"https:\\\/\\\/secure.gravatar.com\\\/avatar\\\/8adc17f1354e8252029a3205a793c695de1d4150636fd00a689f76f96e8a4c98?s=96&d=mm&r=g\",\"url\":\"https:\\\/\\\/secure.gravatar.com\\\/avatar\\\/8adc17f1354e8252029a3205a793c695de1d4150636fd00a689f76f96e8a4c98?s=96&d=mm&r=g\",\"contentUrl\":\"https:\\\/\\\/secure.gravatar.com\\\/avatar\\\/8adc17f1354e8252029a3205a793c695de1d4150636fd00a689f76f96e8a4c98?s=96&d=mm&r=g\",\"caption\":\"Anna\"}}]}<\/script>\n<!-- \/ Yoast SEO Premium plugin. -->","yoast_head_json":{"title":"R\u00e4ume, Die Inspirieren: Wie Schallschutzkabinen Die Leistung Und Den Komfort Verbessern - Mobellinea","description":"Die B\u00fcros von heute verfolgen einen klaren Ansatz: der Mensch im Zentrum. Die F\u00f6rderung des Wohlbefindens der Mitarbeiter ist heutzutage keine Option","robots":{"index":"index","follow":"follow","max-snippet":"max-snippet:-1","max-image-preview":"max-image-preview:large","max-video-preview":"max-video-preview:-1"},"canonical":"https:\/\/www.mobellinea.com\/de\/raeume-die-inspirieren-wie-schallschutzkabinen-die-leistung-und-den-komfort-verbessern\/","og_locale":"de_DE","og_type":"article","og_title":"R\u00e4ume, Die Inspirieren: Wie Schallschutzkabinen Die Leistung Und Den Komfort Verbessern","og_description":"Die B\u00fcros von heute verfolgen einen klaren Ansatz: der Mensch im Zentrum. Die F\u00f6rderung des Wohlbefindens der Mitarbeiter ist heutzutage keine Option","og_url":"https:\/\/www.mobellinea.com\/de\/raeume-die-inspirieren-wie-schallschutzkabinen-die-leistung-und-den-komfort-verbessern\/","og_site_name":"Mobellinea","article_publisher":"https:\/\/www.facebook.com\/mobellineasl","article_published_time":"2025-07-11T14:13:00+00:00","article_modified_time":"2025-12-23T11:53:55+00:00","og_image":[{"width":1920,"height":900,"url":"https:\/\/www.mobellinea.com\/wp-content\/uploads\/2025\/11\/blog_f03-3.jpg","type":"image\/jpeg"}],"author":"Anna","twitter_card":"summary_large_image","twitter_misc":{"Verfasst von":"Anna","Gesch\u00e4tzte Lesezeit":"4\u00a0Minuten"},"schema":{"@context":"https:\/\/schema.org","@graph":[{"@type":"Article","@id":"https:\/\/www.mobellinea.com\/de\/raeume-die-inspirieren-wie-schallschutzkabinen-die-leistung-und-den-komfort-verbessern\/#article","isPartOf":{"@id":"https:\/\/www.mobellinea.com\/de\/raeume-die-inspirieren-wie-schallschutzkabinen-die-leistung-und-den-komfort-verbessern\/"},"author":{"name":"Anna","@id":"https:\/\/mobellinea.com\/en\/#\/schema\/person\/518e40fa1dcd8c2ef7106c7561ae3ddb"},"headline":"R\u00e4ume, Die Inspirieren: Wie Schallschutzkabinen Die Leistung Und Den Komfort Verbessern","datePublished":"2025-07-11T14:13:00+00:00","dateModified":"2025-12-23T11:53:55+00:00","mainEntityOfPage":{"@id":"https:\/\/www.mobellinea.com\/de\/raeume-die-inspirieren-wie-schallschutzkabinen-die-leistung-und-den-komfort-verbessern\/"},"wordCount":739,"image":{"@id":"https:\/\/www.mobellinea.com\/de\/raeume-die-inspirieren-wie-schallschutzkabinen-die-leistung-und-den-komfort-verbessern\/#primaryimage"},"thumbnailUrl":"https:\/\/www.mobellinea.com\/wp-content\/uploads\/2025\/11\/blog_f03-3.jpg","articleSection":["Innovation","Nachhaltigkeit","Produkte","Sammlungen","Trends","Wohlfahrt"],"inLanguage":"de"},{"@type":"WebPage","@id":"https:\/\/www.mobellinea.com\/de\/raeume-die-inspirieren-wie-schallschutzkabinen-die-leistung-und-den-komfort-verbessern\/","url":"https:\/\/www.mobellinea.com\/de\/raeume-die-inspirieren-wie-schallschutzkabinen-die-leistung-und-den-komfort-verbessern\/","name":"R\u00e4ume, Die Inspirieren: Wie Schallschutzkabinen Die Leistung Und Den Komfort Verbessern - Mobellinea","isPartOf":{"@id":"https:\/\/mobellinea.com\/en\/#website"},"primaryImageOfPage":{"@id":"https:\/\/www.mobellinea.com\/de\/raeume-die-inspirieren-wie-schallschutzkabinen-die-leistung-und-den-komfort-verbessern\/#primaryimage"},"image":{"@id":"https:\/\/www.mobellinea.com\/de\/raeume-die-inspirieren-wie-schallschutzkabinen-die-leistung-und-den-komfort-verbessern\/#primaryimage"},"thumbnailUrl":"https:\/\/www.mobellinea.com\/wp-content\/uploads\/2025\/11\/blog_f03-3.jpg","datePublished":"2025-07-11T14:13:00+00:00","dateModified":"2025-12-23T11:53:55+00:00","author":{"@id":"https:\/\/mobellinea.com\/en\/#\/schema\/person\/518e40fa1dcd8c2ef7106c7561ae3ddb"},"description":"Die B\u00fcros von heute verfolgen einen klaren Ansatz: der Mensch im Zentrum. Die F\u00f6rderung des Wohlbefindens der Mitarbeiter ist heutzutage keine Option","breadcrumb":{"@id":"https:\/\/www.mobellinea.com\/de\/raeume-die-inspirieren-wie-schallschutzkabinen-die-leistung-und-den-komfort-verbessern\/#breadcrumb"},"inLanguage":"de","potentialAction":[{"@type":"ReadAction","target":["https:\/\/www.mobellinea.com\/de\/raeume-die-inspirieren-wie-schallschutzkabinen-die-leistung-und-den-komfort-verbessern\/"]}]},{"@type":"ImageObject","inLanguage":"de","@id":"https:\/\/www.mobellinea.com\/de\/raeume-die-inspirieren-wie-schallschutzkabinen-die-leistung-und-den-komfort-verbessern\/#primaryimage","url":"https:\/\/www.mobellinea.com\/wp-content\/uploads\/2025\/11\/blog_f03-3.jpg","contentUrl":"https:\/\/www.mobellinea.com\/wp-content\/uploads\/2025\/11\/blog_f03-3.jpg","width":1920,"height":900},{"@type":"BreadcrumbList","@id":"https:\/\/www.mobellinea.com\/de\/raeume-die-inspirieren-wie-schallschutzkabinen-die-leistung-und-den-komfort-verbessern\/#breadcrumb","itemListElement":[{"@type":"ListItem","position":1,"name":"Home","item":"https:\/\/www.mobellinea.com\/de\/home\/"},{"@type":"ListItem","position":2,"name":"Wohlfahrt","item":"https:\/\/www.mobellinea.com\/de\/category\/wohlfahrt\/"},{"@type":"ListItem","position":3,"name":"R\u00e4ume, Die Inspirieren: Wie Schallschutzkabinen Die Leistung Und Den Komfort Verbessern"}]},{"@type":"WebSite","@id":"https:\/\/mobellinea.com\/en\/#website","url":"https:\/\/mobellinea.com\/en\/","name":"MobelLinea","description":"Dise\u00f1amos y fabricamos soluciones de mobiliario para oficinas y espacios colectivos. Creamos entornos honestos, funcionales y humanos, pensados para mejorar la vida de las personas","alternateName":"Mobel Linea","potentialAction":[{"@type":"SearchAction","target":{"@type":"EntryPoint","urlTemplate":"https:\/\/mobellinea.com\/en\/?s={search_term_string}"},"query-input":{"@type":"PropertyValueSpecification","valueRequired":true,"valueName":"search_term_string"}}],"inLanguage":"de"},{"@type":"Person","@id":"https:\/\/mobellinea.com\/en\/#\/schema\/person\/518e40fa1dcd8c2ef7106c7561ae3ddb","name":"Anna","image":{"@type":"ImageObject","inLanguage":"de","@id":"https:\/\/secure.gravatar.com\/avatar\/8adc17f1354e8252029a3205a793c695de1d4150636fd00a689f76f96e8a4c98?s=96&d=mm&r=g","url":"https:\/\/secure.gravatar.com\/avatar\/8adc17f1354e8252029a3205a793c695de1d4150636fd00a689f76f96e8a4c98?s=96&d=mm&r=g","contentUrl":"https:\/\/secure.gravatar.com\/avatar\/8adc17f1354e8252029a3205a793c695de1d4150636fd00a689f76f96e8a4c98?s=96&d=mm&r=g","caption":"Anna"}}]}},"uagb_featured_image_src":{"full":["https:\/\/www.mobellinea.com\/wp-content\/uploads\/2025\/11\/blog_f03-3.jpg",1920,900,false],"thumbnail":["https:\/\/www.mobellinea.com\/wp-content\/uploads\/2025\/11\/blog_f03-3-150x150.jpg",150,150,true],"medium":["https:\/\/www.mobellinea.com\/wp-content\/uploads\/2025\/11\/blog_f03-3-320x150.jpg",320,150,true],"medium_large":["https:\/\/www.mobellinea.com\/wp-content\/uploads\/2025\/11\/blog_f03-3-680x319.jpg",680,319,true],"large":["https:\/\/www.mobellinea.com\/wp-content\/uploads\/2025\/11\/blog_f03-3-1000x469.jpg",1000,469,true],"pieces_card":["https:\/\/www.mobellinea.com\/wp-content\/uploads\/2025\/11\/blog_f03-3-140x173.jpg",140,173,true],"gform-image-choice-sm":["https:\/\/www.mobellinea.com\/wp-content\/uploads\/2025\/11\/blog_f03-3.jpg",300,141,false],"gform-image-choice-md":["https:\/\/www.mobellinea.com\/wp-content\/uploads\/2025\/11\/blog_f03-3.jpg",400,188,false],"gform-image-choice-lg":["https:\/\/www.mobellinea.com\/wp-content\/uploads\/2025\/11\/blog_f03-3.jpg",600,281,false]},"uagb_author_info":{"display_name":"Anna","author_link":"https:\/\/www.mobellinea.com\/de\/author\/annareigmobellinea-es\/"},"uagb_comment_info":0,"uagb_excerpt":"Die B\u00fcros von heute verfolgen einen klaren Ansatz: der Mensch im Zentrum. Die F\u00f6rderung des Wohlbefindens der Mitarbeiter ist heutzutage keine Option mehr, sondern eine Notwendigkeit, um die Leistungsf\u00e4higkeit, Kreativit\u00e4t und das Zugeh\u00f6rigkeitsgef\u00fchl zu steigern. Die B\u00fcros von heute verfolgen einen klaren Ansatz: der Mensch im Zentrum. Die F\u00f6rderung des Wohlbefindens der Mitarbeiter ist heutzutage&hellip;","_links":{"self":[{"href":"https:\/\/www.mobellinea.com\/de\/wp-json\/wp\/v2\/posts\/5936","targetHints":{"allow":["GET"]}}],"collection":[{"href":"https:\/\/www.mobellinea.com\/de\/wp-json\/wp\/v2\/posts"}],"about":[{"href":"https:\/\/www.mobellinea.com\/de\/wp-json\/wp\/v2\/types\/post"}],"author":[{"embeddable":true,"href":"https:\/\/www.mobellinea.com\/de\/wp-json\/wp\/v2\/users\/8"}],"replies":[{"embeddable":true,"href":"https:\/\/www.mobellinea.com\/de\/wp-json\/wp\/v2\/comments?post=5936"}],"version-history":[{"count":5,"href":"https:\/\/www.mobellinea.com\/de\/wp-json\/wp\/v2\/posts\/5936\/revisions"}],"predecessor-version":[{"id":16751,"href":"https:\/\/www.mobellinea.com\/de\/wp-json\/wp\/v2\/posts\/5936\/revisions\/16751"}],"wp:featuredmedia":[{"embeddable":true,"href":"https:\/\/www.mobellinea.com\/de\/wp-json\/wp\/v2\/media\/17174"}],"wp:attachment":[{"href":"https:\/\/www.mobellinea.com\/de\/wp-json\/wp\/v2\/media?parent=5936"}],"wp:term":[{"taxonomy":"category","embeddable":true,"href":"https:\/\/www.mobellinea.com\/de\/wp-json\/wp\/v2\/categories?post=5936"},{"taxonomy":"post_tag","embeddable":true,"href":"https:\/\/www.mobellinea.com\/de\/wp-json\/wp\/v2\/tags?post=5936"}],"curies":[{"name":"wp","href":"https:\/\/api.w.org\/{rel}","templated":true}]}}