{"id":5865,"date":"2025-01-10T10:48:00","date_gmt":"2025-01-10T09:48:00","guid":{"rendered":"https:\/\/www.mobellinea.com\/trendfarben-2025\/"},"modified":"2025-12-23T12:55:35","modified_gmt":"2025-12-23T11:55:35","slug":"trendfarben-2025","status":"publish","type":"post","link":"https:\/\/www.mobellinea.com\/de\/trendfarben-2025\/","title":{"rendered":"Trendfarben 2025"},"content":{"rendered":"\n<p class=\"wp-block-paragraph\">Welche Trendfarben werden in diesem Jahr in der Inneneinrichtung besonders angesagt sein? Was sehen wir am h\u00e4ufigsten? So pr\u00e4sentieren sich die R\u00e4ume f\u00fcr das neue Jahr.  <\/p>\n\n<p class=\"has-xx-large-font-size wp-block-paragraph\">Erdt\u00f6ne<\/p>\n\n<p class=\"wp-block-paragraph\">Terrakotta-T\u00f6ne mit r\u00f6tlichen Nuancen bleiben auch 2025 im Trend. In ihrer sanfteren Version bringen sie W\u00e4rme und die N\u00e4he zur Erde, zu den Wurzeln. Sie sind ideal f\u00fcr diejenigen, die eine warme und nat\u00fcrliche Atmosph\u00e4re schaffen wollen, die zusammen mit der intensiveren Version eine lebendige Wirkung erzielt.  <\/p>\n\n<figure class=\"wp-block-gallery has-nested-images columns-default is-cropped wp-block-gallery-1 is-layout-flex wp-block-gallery-is-layout-flex\">\n<figure class=\"wp-block-image size-large\"><img decoding=\"async\" data-id=\"5259\" src=\"data:image\/gif;base64,R0lGODlhAQABAIAAAAAAAP\/\/\/yH5BAEAAAAALAAAAAABAAEAAAIBRAA7\" data-src=\"https:\/\/www.mobellinea.com\/wp-content\/uploads\/2025\/11\/blog_f01-11-1000x469.jpg\" alt=\"\" class=\"wp-image-5259 lazyload\"\/><noscript><img decoding=\"async\" width=\"1000\" height=\"469\" data-id=\"5259\" src=\"https:\/\/www.mobellinea.com\/wp-content\/uploads\/2025\/11\/blog_f01-11-1000x469.jpg\" alt=\"\" class=\"wp-image-5259 lazyload\" srcset=\"https:\/\/www.mobellinea.com\/wp-content\/uploads\/2025\/11\/blog_f01-11-1000x469.jpg 1000w, https:\/\/www.mobellinea.com\/wp-content\/uploads\/2025\/11\/blog_f01-11-320x150.jpg 320w, https:\/\/www.mobellinea.com\/wp-content\/uploads\/2025\/11\/blog_f01-11-680x319.jpg 680w, https:\/\/www.mobellinea.com\/wp-content\/uploads\/2025\/11\/blog_f01-11.jpg 1920w\" sizes=\"(max-width: 1000px) 100vw, 1000px\" \/><\/noscript><\/figure>\n<\/figure>\n\n<p class=\"has-xx-large-font-size wp-block-paragraph\">Farben der Natur<\/p>\n\n<p class=\"wp-block-paragraph\">Hellbraune, sandfarbene und beige T\u00f6ne erinnern an die Essenz der Natur und verwandeln jeden Raum in eine ausgeglichene und harmonische Umgebung. Diese T\u00f6ne gehen Hand in Hand mit zwei anderen Farben, die auf den Trend der nat\u00fcrlichen Umgebung abzielen: die Blaut\u00f6ne und Gr\u00fcnt\u00f6ne, sowohl in ihrer sanfteren Version als auch in ihrer dunklen Version, mit denen es gelingt, die farbliche Bandbreite zu erzeugen, die wir in der Natur vorfinden. <\/p>\n\n<figure class=\"wp-block-image size-large\"><img decoding=\"async\" src=\"data:image\/gif;base64,R0lGODlhAQABAIAAAAAAAP\/\/\/yH5BAEAAAAALAAAAAABAAEAAAIBRAA7\" data-src=\"https:\/\/www.mobellinea.com\/wp-content\/uploads\/2025\/11\/blog_f02-8-1000x469.jpg\" alt=\"\" class=\"wp-image-5258 lazyload\"\/><noscript><img decoding=\"async\" width=\"1000\" height=\"469\" src=\"https:\/\/www.mobellinea.com\/wp-content\/uploads\/2025\/11\/blog_f02-8-1000x469.jpg\" alt=\"\" class=\"wp-image-5258 lazyload\" srcset=\"https:\/\/www.mobellinea.com\/wp-content\/uploads\/2025\/11\/blog_f02-8-1000x469.jpg 1000w, https:\/\/www.mobellinea.com\/wp-content\/uploads\/2025\/11\/blog_f02-8-320x150.jpg 320w, https:\/\/www.mobellinea.com\/wp-content\/uploads\/2025\/11\/blog_f02-8-680x319.jpg 680w, https:\/\/www.mobellinea.com\/wp-content\/uploads\/2025\/11\/blog_f02-8.jpg 1920w\" sizes=\"(max-width: 1000px) 100vw, 1000px\" \/><\/noscript><\/figure>\n\n<p class=\"has-xx-large-font-size wp-block-paragraph\">Ein paar Farbtupfen<\/p>\n\n<p class=\"wp-block-paragraph\">Einen Hauch von Farbe in schlichte, neutrale R\u00e4ume zu bringen, ist einer der Trends, die wir bereits jetzt beobachten. Der Farbton Burgund oder die Farbe Senfgelb erscheint inmitten heller Grau-, Wei\u00df- und Beiget\u00f6ne: Lebendige Farben, die Energie und Vitalit\u00e4t verleihen und bahnbrechende Umgebungen voller Stil und Pers\u00f6nlichkeit schaffen.  <\/p>\n\n<figure class=\"wp-block-image size-large\"><img decoding=\"async\" src=\"data:image\/gif;base64,R0lGODlhAQABAIAAAAAAAP\/\/\/yH5BAEAAAAALAAAAAABAAEAAAIBRAA7\" data-src=\"https:\/\/www.mobellinea.com\/wp-content\/uploads\/2025\/11\/blog_f03-7-1000x469.jpg\" alt=\"\" class=\"wp-image-5257 lazyload\"\/><noscript><img decoding=\"async\" width=\"1000\" height=\"469\" src=\"https:\/\/www.mobellinea.com\/wp-content\/uploads\/2025\/11\/blog_f03-7-1000x469.jpg\" alt=\"\" class=\"wp-image-5257 lazyload\" srcset=\"https:\/\/www.mobellinea.com\/wp-content\/uploads\/2025\/11\/blog_f03-7-1000x469.jpg 1000w, https:\/\/www.mobellinea.com\/wp-content\/uploads\/2025\/11\/blog_f03-7-320x150.jpg 320w, https:\/\/www.mobellinea.com\/wp-content\/uploads\/2025\/11\/blog_f03-7-680x319.jpg 680w, https:\/\/www.mobellinea.com\/wp-content\/uploads\/2025\/11\/blog_f03-7.jpg 1920w\" sizes=\"(max-width: 1000px) 100vw, 1000px\" \/><\/noscript><\/figure>\n\n<p class=\"has-xx-large-font-size wp-block-paragraph\">Mocha Mousse, Pantone 2025<\/p>\n\n<p class=\"wp-block-paragraph\">Nicht zu vergessen Mocha Mousse, die Pantone-Farbe des Jahres 2025. Ein warmer hellbrauner Ton, der zu Ruhe und Ausgeglichenheit einl\u00e4dt und den wir dieses Jahr in vielen R\u00e4umen sehen werden. Es ist sogar schon in der Farbpalette vorhanden, um erdige bzw. nat\u00fcrliche Atmosph\u00e4ren zu schaffen.  <\/p>\n\n<figure class=\"wp-block-image size-large\"><img decoding=\"async\" src=\"data:image\/gif;base64,R0lGODlhAQABAIAAAAAAAP\/\/\/yH5BAEAAAAALAAAAAABAAEAAAIBRAA7\" data-src=\"https:\/\/www.mobellinea.com\/wp-content\/uploads\/2025\/11\/blog_f04-2-1000x469.jpg\" alt=\"\" class=\"wp-image-5260 lazyload\"\/><noscript><img decoding=\"async\" width=\"1000\" height=\"469\" src=\"https:\/\/www.mobellinea.com\/wp-content\/uploads\/2025\/11\/blog_f04-2-1000x469.jpg\" alt=\"\" class=\"wp-image-5260 lazyload\" srcset=\"https:\/\/www.mobellinea.com\/wp-content\/uploads\/2025\/11\/blog_f04-2-1000x469.jpg 1000w, https:\/\/www.mobellinea.com\/wp-content\/uploads\/2025\/11\/blog_f04-2-320x150.jpg 320w, https:\/\/www.mobellinea.com\/wp-content\/uploads\/2025\/11\/blog_f04-2-680x319.jpg 680w, https:\/\/www.mobellinea.com\/wp-content\/uploads\/2025\/11\/blog_f04-2.jpg 1920w\" sizes=\"(max-width: 1000px) 100vw, 1000px\" \/><\/noscript><\/figure>\n","protected":false},"excerpt":{"rendered":"<p>Welche Trendfarben werden in diesem Jahr in der Inneneinrichtung besonders angesagt sein? Was sehen wir am h\u00e4ufigsten? So pr\u00e4sentieren sich die R\u00e4ume f\u00fcr das neue Jahr. Erdt\u00f6ne Terrakotta-T\u00f6ne mit r\u00f6tlichen Nuancen bleiben auch 2025 im Trend. In ihrer sanfteren Version bringen sie W\u00e4rme und die N\u00e4he zur Erde, zu den Wurzeln. Sie sind ideal f\u00fcr [&hellip;]<\/p>\n","protected":false},"author":8,"featured_media":17194,"comment_status":"closed","ping_status":"closed","sticky":false,"template":"","format":"standard","meta":{"_acf_changed":false,"_uag_custom_page_level_css":"","footnotes":""},"categories":[368],"tags":[],"class_list":["post-5865","post","type-post","status-publish","format-standard","has-post-thumbnail","hentry","category-trends"],"acf":[],"yoast_head":"<!-- This site is optimized with the Yoast SEO Premium plugin v26.6 (Yoast SEO v27.6) - https:\/\/yoast.com\/product\/yoast-seo-premium-wordpress\/ -->\n<title>Trendfarben 2025 - Mobellinea<\/title>\n<meta name=\"description\" content=\"Welche Trendfarben werden in diesem Jahr in der Inneneinrichtung besonders angesagt sein? Was sehen wir am h\u00e4ufigsten? So pr\u00e4sentieren sich die R\u00e4ume f\u00fcr\" \/>\n<meta name=\"robots\" content=\"index, follow, max-snippet:-1, max-image-preview:large, max-video-preview:-1\" \/>\n<link rel=\"canonical\" href=\"https:\/\/www.mobellinea.com\/de\/trendfarben-2025\/\" \/>\n<meta property=\"og:locale\" content=\"de_DE\" \/>\n<meta property=\"og:type\" content=\"article\" \/>\n<meta property=\"og:title\" content=\"Trendfarben 2025\" \/>\n<meta property=\"og:description\" content=\"Welche Trendfarben werden in diesem Jahr in der Inneneinrichtung besonders angesagt sein? Was sehen wir am h\u00e4ufigsten? So pr\u00e4sentieren sich die R\u00e4ume f\u00fcr\" \/>\n<meta property=\"og:url\" content=\"https:\/\/www.mobellinea.com\/de\/trendfarben-2025\/\" \/>\n<meta property=\"og:site_name\" content=\"Mobellinea\" \/>\n<meta property=\"article:publisher\" content=\"https:\/\/www.facebook.com\/mobellineasl\" \/>\n<meta property=\"article:published_time\" content=\"2025-01-10T09:48:00+00:00\" \/>\n<meta property=\"article:modified_time\" content=\"2025-12-23T11:55:35+00:00\" \/>\n<meta property=\"og:image\" content=\"https:\/\/www.mobellinea.com\/wp-content\/uploads\/2025\/11\/blog_f01-11.jpg\" \/>\n\t<meta property=\"og:image:width\" content=\"1920\" \/>\n\t<meta property=\"og:image:height\" content=\"900\" \/>\n\t<meta property=\"og:image:type\" content=\"image\/jpeg\" \/>\n<meta name=\"author\" content=\"Anna\" \/>\n<meta name=\"twitter:card\" content=\"summary_large_image\" \/>\n<meta name=\"twitter:label1\" content=\"Verfasst von\" \/>\n\t<meta name=\"twitter:data1\" content=\"Anna\" \/>\n\t<meta name=\"twitter:label2\" content=\"Gesch\u00e4tzte Lesezeit\" \/>\n\t<meta name=\"twitter:data2\" content=\"1\u00a0Minute\" \/>\n<script type=\"application\/ld+json\" class=\"yoast-schema-graph\">{\"@context\":\"https:\\\/\\\/schema.org\",\"@graph\":[{\"@type\":\"Article\",\"@id\":\"https:\\\/\\\/www.mobellinea.com\\\/de\\\/trendfarben-2025\\\/#article\",\"isPartOf\":{\"@id\":\"https:\\\/\\\/www.mobellinea.com\\\/de\\\/trendfarben-2025\\\/\"},\"author\":{\"name\":\"Anna\",\"@id\":\"https:\\\/\\\/mobellinea.com\\\/en\\\/#\\\/schema\\\/person\\\/518e40fa1dcd8c2ef7106c7561ae3ddb\"},\"headline\":\"Trendfarben 2025\",\"datePublished\":\"2025-01-10T09:48:00+00:00\",\"dateModified\":\"2025-12-23T11:55:35+00:00\",\"mainEntityOfPage\":{\"@id\":\"https:\\\/\\\/www.mobellinea.com\\\/de\\\/trendfarben-2025\\\/\"},\"wordCount\":271,\"image\":{\"@id\":\"https:\\\/\\\/www.mobellinea.com\\\/de\\\/trendfarben-2025\\\/#primaryimage\"},\"thumbnailUrl\":\"https:\\\/\\\/www.mobellinea.com\\\/wp-content\\\/uploads\\\/2025\\\/11\\\/blog_f01-11.jpg\",\"articleSection\":[\"Trends\"],\"inLanguage\":\"de\"},{\"@type\":\"WebPage\",\"@id\":\"https:\\\/\\\/www.mobellinea.com\\\/de\\\/trendfarben-2025\\\/\",\"url\":\"https:\\\/\\\/www.mobellinea.com\\\/de\\\/trendfarben-2025\\\/\",\"name\":\"Trendfarben 2025 - Mobellinea\",\"isPartOf\":{\"@id\":\"https:\\\/\\\/mobellinea.com\\\/en\\\/#website\"},\"primaryImageOfPage\":{\"@id\":\"https:\\\/\\\/www.mobellinea.com\\\/de\\\/trendfarben-2025\\\/#primaryimage\"},\"image\":{\"@id\":\"https:\\\/\\\/www.mobellinea.com\\\/de\\\/trendfarben-2025\\\/#primaryimage\"},\"thumbnailUrl\":\"https:\\\/\\\/www.mobellinea.com\\\/wp-content\\\/uploads\\\/2025\\\/11\\\/blog_f01-11.jpg\",\"datePublished\":\"2025-01-10T09:48:00+00:00\",\"dateModified\":\"2025-12-23T11:55:35+00:00\",\"author\":{\"@id\":\"https:\\\/\\\/mobellinea.com\\\/en\\\/#\\\/schema\\\/person\\\/518e40fa1dcd8c2ef7106c7561ae3ddb\"},\"description\":\"Welche Trendfarben werden in diesem Jahr in der Inneneinrichtung besonders angesagt sein? Was sehen wir am h\u00e4ufigsten? So pr\u00e4sentieren sich die R\u00e4ume f\u00fcr\",\"breadcrumb\":{\"@id\":\"https:\\\/\\\/www.mobellinea.com\\\/de\\\/trendfarben-2025\\\/#breadcrumb\"},\"inLanguage\":\"de\",\"potentialAction\":[{\"@type\":\"ReadAction\",\"target\":[\"https:\\\/\\\/www.mobellinea.com\\\/de\\\/trendfarben-2025\\\/\"]}]},{\"@type\":\"ImageObject\",\"inLanguage\":\"de\",\"@id\":\"https:\\\/\\\/www.mobellinea.com\\\/de\\\/trendfarben-2025\\\/#primaryimage\",\"url\":\"https:\\\/\\\/www.mobellinea.com\\\/wp-content\\\/uploads\\\/2025\\\/11\\\/blog_f01-11.jpg\",\"contentUrl\":\"https:\\\/\\\/www.mobellinea.com\\\/wp-content\\\/uploads\\\/2025\\\/11\\\/blog_f01-11.jpg\",\"width\":1920,\"height\":900},{\"@type\":\"BreadcrumbList\",\"@id\":\"https:\\\/\\\/www.mobellinea.com\\\/de\\\/trendfarben-2025\\\/#breadcrumb\",\"itemListElement\":[{\"@type\":\"ListItem\",\"position\":1,\"name\":\"Home\",\"item\":\"https:\\\/\\\/www.mobellinea.com\\\/de\\\/home\\\/\"},{\"@type\":\"ListItem\",\"position\":2,\"name\":\"Trends\",\"item\":\"https:\\\/\\\/www.mobellinea.com\\\/de\\\/category\\\/trends\\\/\"},{\"@type\":\"ListItem\",\"position\":3,\"name\":\"Trendfarben 2025\"}]},{\"@type\":\"WebSite\",\"@id\":\"https:\\\/\\\/mobellinea.com\\\/en\\\/#website\",\"url\":\"https:\\\/\\\/mobellinea.com\\\/en\\\/\",\"name\":\"MobelLinea\",\"description\":\"Dise\u00f1amos y fabricamos soluciones de mobiliario para oficinas y espacios colectivos. Creamos entornos honestos, funcionales y humanos, pensados para mejorar la vida de las personas\",\"alternateName\":\"Mobel Linea\",\"potentialAction\":[{\"@type\":\"SearchAction\",\"target\":{\"@type\":\"EntryPoint\",\"urlTemplate\":\"https:\\\/\\\/mobellinea.com\\\/en\\\/?s={search_term_string}\"},\"query-input\":{\"@type\":\"PropertyValueSpecification\",\"valueRequired\":true,\"valueName\":\"search_term_string\"}}],\"inLanguage\":\"de\"},{\"@type\":\"Person\",\"@id\":\"https:\\\/\\\/mobellinea.com\\\/en\\\/#\\\/schema\\\/person\\\/518e40fa1dcd8c2ef7106c7561ae3ddb\",\"name\":\"Anna\",\"image\":{\"@type\":\"ImageObject\",\"inLanguage\":\"de\",\"@id\":\"https:\\\/\\\/secure.gravatar.com\\\/avatar\\\/8adc17f1354e8252029a3205a793c695de1d4150636fd00a689f76f96e8a4c98?s=96&d=mm&r=g\",\"url\":\"https:\\\/\\\/secure.gravatar.com\\\/avatar\\\/8adc17f1354e8252029a3205a793c695de1d4150636fd00a689f76f96e8a4c98?s=96&d=mm&r=g\",\"contentUrl\":\"https:\\\/\\\/secure.gravatar.com\\\/avatar\\\/8adc17f1354e8252029a3205a793c695de1d4150636fd00a689f76f96e8a4c98?s=96&d=mm&r=g\",\"caption\":\"Anna\"}}]}<\/script>\n<!-- \/ Yoast SEO Premium plugin. -->","yoast_head_json":{"title":"Trendfarben 2025 - Mobellinea","description":"Welche Trendfarben werden in diesem Jahr in der Inneneinrichtung besonders angesagt sein? Was sehen wir am h\u00e4ufigsten? So pr\u00e4sentieren sich die R\u00e4ume f\u00fcr","robots":{"index":"index","follow":"follow","max-snippet":"max-snippet:-1","max-image-preview":"max-image-preview:large","max-video-preview":"max-video-preview:-1"},"canonical":"https:\/\/www.mobellinea.com\/de\/trendfarben-2025\/","og_locale":"de_DE","og_type":"article","og_title":"Trendfarben 2025","og_description":"Welche Trendfarben werden in diesem Jahr in der Inneneinrichtung besonders angesagt sein? Was sehen wir am h\u00e4ufigsten? So pr\u00e4sentieren sich die R\u00e4ume f\u00fcr","og_url":"https:\/\/www.mobellinea.com\/de\/trendfarben-2025\/","og_site_name":"Mobellinea","article_publisher":"https:\/\/www.facebook.com\/mobellineasl","article_published_time":"2025-01-10T09:48:00+00:00","article_modified_time":"2025-12-23T11:55:35+00:00","og_image":[{"width":1920,"height":900,"url":"https:\/\/www.mobellinea.com\/wp-content\/uploads\/2025\/11\/blog_f01-11.jpg","type":"image\/jpeg"}],"author":"Anna","twitter_card":"summary_large_image","twitter_misc":{"Verfasst von":"Anna","Gesch\u00e4tzte Lesezeit":"1\u00a0Minute"},"schema":{"@context":"https:\/\/schema.org","@graph":[{"@type":"Article","@id":"https:\/\/www.mobellinea.com\/de\/trendfarben-2025\/#article","isPartOf":{"@id":"https:\/\/www.mobellinea.com\/de\/trendfarben-2025\/"},"author":{"name":"Anna","@id":"https:\/\/mobellinea.com\/en\/#\/schema\/person\/518e40fa1dcd8c2ef7106c7561ae3ddb"},"headline":"Trendfarben 2025","datePublished":"2025-01-10T09:48:00+00:00","dateModified":"2025-12-23T11:55:35+00:00","mainEntityOfPage":{"@id":"https:\/\/www.mobellinea.com\/de\/trendfarben-2025\/"},"wordCount":271,"image":{"@id":"https:\/\/www.mobellinea.com\/de\/trendfarben-2025\/#primaryimage"},"thumbnailUrl":"https:\/\/www.mobellinea.com\/wp-content\/uploads\/2025\/11\/blog_f01-11.jpg","articleSection":["Trends"],"inLanguage":"de"},{"@type":"WebPage","@id":"https:\/\/www.mobellinea.com\/de\/trendfarben-2025\/","url":"https:\/\/www.mobellinea.com\/de\/trendfarben-2025\/","name":"Trendfarben 2025 - Mobellinea","isPartOf":{"@id":"https:\/\/mobellinea.com\/en\/#website"},"primaryImageOfPage":{"@id":"https:\/\/www.mobellinea.com\/de\/trendfarben-2025\/#primaryimage"},"image":{"@id":"https:\/\/www.mobellinea.com\/de\/trendfarben-2025\/#primaryimage"},"thumbnailUrl":"https:\/\/www.mobellinea.com\/wp-content\/uploads\/2025\/11\/blog_f01-11.jpg","datePublished":"2025-01-10T09:48:00+00:00","dateModified":"2025-12-23T11:55:35+00:00","author":{"@id":"https:\/\/mobellinea.com\/en\/#\/schema\/person\/518e40fa1dcd8c2ef7106c7561ae3ddb"},"description":"Welche Trendfarben werden in diesem Jahr in der Inneneinrichtung besonders angesagt sein? Was sehen wir am h\u00e4ufigsten? So pr\u00e4sentieren sich die R\u00e4ume f\u00fcr","breadcrumb":{"@id":"https:\/\/www.mobellinea.com\/de\/trendfarben-2025\/#breadcrumb"},"inLanguage":"de","potentialAction":[{"@type":"ReadAction","target":["https:\/\/www.mobellinea.com\/de\/trendfarben-2025\/"]}]},{"@type":"ImageObject","inLanguage":"de","@id":"https:\/\/www.mobellinea.com\/de\/trendfarben-2025\/#primaryimage","url":"https:\/\/www.mobellinea.com\/wp-content\/uploads\/2025\/11\/blog_f01-11.jpg","contentUrl":"https:\/\/www.mobellinea.com\/wp-content\/uploads\/2025\/11\/blog_f01-11.jpg","width":1920,"height":900},{"@type":"BreadcrumbList","@id":"https:\/\/www.mobellinea.com\/de\/trendfarben-2025\/#breadcrumb","itemListElement":[{"@type":"ListItem","position":1,"name":"Home","item":"https:\/\/www.mobellinea.com\/de\/home\/"},{"@type":"ListItem","position":2,"name":"Trends","item":"https:\/\/www.mobellinea.com\/de\/category\/trends\/"},{"@type":"ListItem","position":3,"name":"Trendfarben 2025"}]},{"@type":"WebSite","@id":"https:\/\/mobellinea.com\/en\/#website","url":"https:\/\/mobellinea.com\/en\/","name":"MobelLinea","description":"Dise\u00f1amos y fabricamos soluciones de mobiliario para oficinas y espacios colectivos. Creamos entornos honestos, funcionales y humanos, pensados para mejorar la vida de las personas","alternateName":"Mobel Linea","potentialAction":[{"@type":"SearchAction","target":{"@type":"EntryPoint","urlTemplate":"https:\/\/mobellinea.com\/en\/?s={search_term_string}"},"query-input":{"@type":"PropertyValueSpecification","valueRequired":true,"valueName":"search_term_string"}}],"inLanguage":"de"},{"@type":"Person","@id":"https:\/\/mobellinea.com\/en\/#\/schema\/person\/518e40fa1dcd8c2ef7106c7561ae3ddb","name":"Anna","image":{"@type":"ImageObject","inLanguage":"de","@id":"https:\/\/secure.gravatar.com\/avatar\/8adc17f1354e8252029a3205a793c695de1d4150636fd00a689f76f96e8a4c98?s=96&d=mm&r=g","url":"https:\/\/secure.gravatar.com\/avatar\/8adc17f1354e8252029a3205a793c695de1d4150636fd00a689f76f96e8a4c98?s=96&d=mm&r=g","contentUrl":"https:\/\/secure.gravatar.com\/avatar\/8adc17f1354e8252029a3205a793c695de1d4150636fd00a689f76f96e8a4c98?s=96&d=mm&r=g","caption":"Anna"}}]}},"uagb_featured_image_src":{"full":["https:\/\/www.mobellinea.com\/wp-content\/uploads\/2025\/11\/blog_f01-11.jpg",1920,900,false],"thumbnail":["https:\/\/www.mobellinea.com\/wp-content\/uploads\/2025\/11\/blog_f01-11-150x150.jpg",150,150,true],"medium":["https:\/\/www.mobellinea.com\/wp-content\/uploads\/2025\/11\/blog_f01-11-320x150.jpg",320,150,true],"medium_large":["https:\/\/www.mobellinea.com\/wp-content\/uploads\/2025\/11\/blog_f01-11-680x319.jpg",680,319,true],"large":["https:\/\/www.mobellinea.com\/wp-content\/uploads\/2025\/11\/blog_f01-11-1000x469.jpg",1000,469,true],"pieces_card":["https:\/\/www.mobellinea.com\/wp-content\/uploads\/2025\/11\/blog_f01-11-140x173.jpg",140,173,true],"gform-image-choice-sm":["https:\/\/www.mobellinea.com\/wp-content\/uploads\/2025\/11\/blog_f01-11.jpg",300,141,false],"gform-image-choice-md":["https:\/\/www.mobellinea.com\/wp-content\/uploads\/2025\/11\/blog_f01-11.jpg",400,188,false],"gform-image-choice-lg":["https:\/\/www.mobellinea.com\/wp-content\/uploads\/2025\/11\/blog_f01-11.jpg",600,281,false]},"uagb_author_info":{"display_name":"Anna","author_link":"https:\/\/www.mobellinea.com\/de\/author\/annareigmobellinea-es\/"},"uagb_comment_info":0,"uagb_excerpt":"Welche Trendfarben werden in diesem Jahr in der Inneneinrichtung besonders angesagt sein? Was sehen wir am h\u00e4ufigsten? So pr\u00e4sentieren sich die R\u00e4ume f\u00fcr das neue Jahr. Erdt\u00f6ne Terrakotta-T\u00f6ne mit r\u00f6tlichen Nuancen bleiben auch 2025 im Trend. In ihrer sanfteren Version bringen sie W\u00e4rme und die N\u00e4he zur Erde, zu den Wurzeln. Sie sind ideal f\u00fcr&hellip;","_links":{"self":[{"href":"https:\/\/www.mobellinea.com\/de\/wp-json\/wp\/v2\/posts\/5865","targetHints":{"allow":["GET"]}}],"collection":[{"href":"https:\/\/www.mobellinea.com\/de\/wp-json\/wp\/v2\/posts"}],"about":[{"href":"https:\/\/www.mobellinea.com\/de\/wp-json\/wp\/v2\/types\/post"}],"author":[{"embeddable":true,"href":"https:\/\/www.mobellinea.com\/de\/wp-json\/wp\/v2\/users\/8"}],"replies":[{"embeddable":true,"href":"https:\/\/www.mobellinea.com\/de\/wp-json\/wp\/v2\/comments?post=5865"}],"version-history":[{"count":3,"href":"https:\/\/www.mobellinea.com\/de\/wp-json\/wp\/v2\/posts\/5865\/revisions"}],"predecessor-version":[{"id":16803,"href":"https:\/\/www.mobellinea.com\/de\/wp-json\/wp\/v2\/posts\/5865\/revisions\/16803"}],"wp:featuredmedia":[{"embeddable":true,"href":"https:\/\/www.mobellinea.com\/de\/wp-json\/wp\/v2\/media\/17194"}],"wp:attachment":[{"href":"https:\/\/www.mobellinea.com\/de\/wp-json\/wp\/v2\/media?parent=5865"}],"wp:term":[{"taxonomy":"category","embeddable":true,"href":"https:\/\/www.mobellinea.com\/de\/wp-json\/wp\/v2\/categories?post=5865"},{"taxonomy":"post_tag","embeddable":true,"href":"https:\/\/www.mobellinea.com\/de\/wp-json\/wp\/v2\/tags?post=5865"}],"curies":[{"name":"wp","href":"https:\/\/api.w.org\/{rel}","templated":true}]}}