{"id":5828,"date":"2025-04-01T16:02:00","date_gmt":"2025-04-01T14:02:00","guid":{"rendered":"https:\/\/www.mobellinea.com\/levita-ein-moebelstueck-fuer-liebhaber-des-designs\/"},"modified":"2025-12-19T13:03:17","modified_gmt":"2025-12-19T12:03:17","slug":"levita-ein-moebelstueck-fuer-liebhaber-des-designs","status":"publish","type":"post","link":"https:\/\/www.mobellinea.com\/de\/levita-ein-moebelstueck-fuer-liebhaber-des-designs\/","title":{"rendered":"Levita: Ein M\u00f6belst\u00fcck f\u00fcr Liebhaber des Designs"},"content":{"rendered":"\n<p class=\"wp-block-paragraph\">Eleganz und Komfort vereinen sich in einem leichten, bequemen und eleganten Design. Levita wurde von Trevor Hollard entworfen und ist Ausdruck von Stil und Pers\u00f6nlichkeit in unserer Kollektion mobel sit. Das avantgardistische Design ist die perfekte Erg\u00e4nzung f\u00fcr moderne Arbeitsumgebungen und Chefb\u00fcros und verleiht jedem Detail einen Hauch von Eleganz und Pers\u00f6nlichkeit.  <\/p>\n\n\n\n<p class=\"has-xx-large-font-size wp-block-paragraph\">Eleganz und Komfort auf drei Ebenen<\/p>\n\n\n\n<p class=\"wp-block-paragraph\">Levita wurde so konzipiert, dass sich das Modell auf nat\u00fcrliche Weise in jede Umgebung einf\u00fcgt und sich dank seiner drei R\u00fcckenlehnenvarianten an die Anforderungen jedes Raums anpasst. Dank des vielseitigen Designs kann das M\u00f6belst\u00fcck f\u00fcr die Einrichtung von Chefb\u00fcros, Arbeitsbereichen und Besprechungsr\u00e4umen verwendet werden und gew\u00e4hrleistet dabei ein harmonisches Ambiente und au\u00dfergew\u00f6hnlichen Komfort. Eine perfekte Balance zwischen Eleganz, Ergonomie und Anpassungsf\u00e4higkeit, die jedes B\u00fcro in einen Ort verwandelt, an dem Produktivit\u00e4t und Design Hand in Hand gehen.  <\/p>\n\n\n\n<figure class=\"wp-block-image size-large\"><img decoding=\"async\" src=\"data:image\/gif;base64,R0lGODlhAQABAIAAAAAAAP\/\/\/yH5BAEAAAAALAAAAAABAAEAAAIBRAA7\" data-src=\"https:\/\/www.mobellinea.com\/wp-content\/uploads\/2025\/11\/blog_f01-6.jpg\" alt=\"\" class=\"wp-image-5160 lazyload\"\/><noscript><img decoding=\"async\" width=\"1920\" height=\"900\" src=\"https:\/\/www.mobellinea.com\/wp-content\/uploads\/2025\/11\/blog_f01-6.jpg\" alt=\"\" class=\"wp-image-5160 lazyload\" srcset=\"https:\/\/www.mobellinea.com\/wp-content\/uploads\/2025\/11\/blog_f01-6.jpg 1920w, https:\/\/www.mobellinea.com\/wp-content\/uploads\/2025\/11\/blog_f01-6-320x150.jpg 320w, https:\/\/www.mobellinea.com\/wp-content\/uploads\/2025\/11\/blog_f01-6-1000x469.jpg 1000w, https:\/\/www.mobellinea.com\/wp-content\/uploads\/2025\/11\/blog_f01-6-680x319.jpg 680w\" sizes=\"(max-width: 1920px) 100vw, 1920px\" \/><\/noscript><\/figure>\n\n\n\n<p class=\"has-xx-large-font-size wp-block-paragraph\">Bewegung in perfekter Harmonie<\/p>\n\n\n\n<p class=\"wp-block-paragraph\">Was Levitas Sch\u00f6nheit ausmacht, ist nicht nur die anspruchsvolle \u00c4sthetik, sondern auch die Art und Weise, wie es jede Bewegung in absoluter Geschmeidigkeit begleitet. Der synchronisierte Mechanismus, der nahtlos in den Sitz integriert ist, sorgt f\u00fcr ein intuitives und nat\u00fcrliches Benutzererlebnis, erm\u00f6glicht sanfte \u00dcberg\u00e4nge und eine jederzeit ausbalancierte K\u00f6rperhaltung. <\/p>\n\n\n\n<p class=\"wp-block-paragraph\">Entwickelt, um den Anforderungen des Arbeitsalltags gerecht zu werden, passt sich Levita dem K\u00f6rper an und bietet einen Komfort, den man sp\u00fcrt, aber nicht sieht. Das saubere und schlichte Design bietet die perfekte Balance zwischen Ergonomie und Eleganz und wird so zu einem unverzichtbaren Begleiter f\u00fcr alle, die Funktionalit\u00e4t suchen, ohne auf Stil zu verzichten. <\/p>\n\n\n\n<div class=\"wp-block-uagb-image uagb-block-2bbc5dda wp-block-uagb-image--layout-default wp-block-uagb-image--effect-static wp-block-uagb-image--align-none\"><figure class=\"wp-block-uagb-image__figure\"><img decoding=\"async\" data-srcset=\"https:\/\/www.mobellinea.com\/wp-content\/uploads\/2025\/11\/blog_f02-5-1000x469.jpg ,https:\/\/www.mobellinea.com\/wp-content\/uploads\/2025\/11\/blog_f02-5.jpg 780w, https:\/\/www.mobellinea.com\/wp-content\/uploads\/2025\/11\/blog_f02-5.jpg 360w\" sizes=\"auto, (max-width: 480px) 150px\" src=\"data:image\/gif;base64,R0lGODlhAQABAIAAAAAAAP\/\/\/yH5BAEAAAAALAAAAAABAAEAAAIBRAA7\" data-src=\"https:\/\/www.mobellinea.com\/wp-content\/uploads\/2025\/11\/blog_f02-5-1000x469.jpg\" alt=\"\" class=\"uag-image-16709 lazyload\" width=\"1000\" height=\"469\" title=\"blog_f02\" loading=\"lazy\" role=\"img\"\/><noscript><img decoding=\"async\" srcset=\"https:\/\/www.mobellinea.com\/wp-content\/uploads\/2025\/11\/blog_f02-5-1000x469.jpg ,https:\/\/www.mobellinea.com\/wp-content\/uploads\/2025\/11\/blog_f02-5.jpg 780w, https:\/\/www.mobellinea.com\/wp-content\/uploads\/2025\/11\/blog_f02-5.jpg 360w\" sizes=\"auto, (max-width: 480px) 150px\" src=\"https:\/\/www.mobellinea.com\/wp-content\/uploads\/2025\/11\/blog_f02-5-1000x469.jpg\" alt=\"\" class=\"uag-image-16709 lazyload\" width=\"1000\" height=\"469\" title=\"blog_f02\" loading=\"lazy\" role=\"img\"\/><\/noscript><\/figure><\/div>\n\n\n\n<p class=\"has-xx-large-font-size wp-block-paragraph\">Ein Bekenntnis zum Stil<\/p>\n\n\n\n<p class=\"wp-block-paragraph\">Das Design erm\u00f6glicht eine vollst\u00e4ndige Personalisierung durch die gro\u00dfe Auswahl an Polsterungen von mobel linea. Dadurch k\u00f6nnen einzigartige Designs geschaffen werden, die zu jedem Stil passen: neutrale Farbt\u00f6ne f\u00fcr eine schlichte und elegante Atmosph\u00e4re oder lebhafte Farben f\u00fcr einen dynamischen und kreativen Raum. Levita bietet freie Farbwahl, um die individuelle Identit\u00e4t jeder Umgebung widerzuspiegeln. <\/p>\n\n\n\n<div class=\"wp-block-uagb-image uagb-block-0a4338e0 wp-block-uagb-image--layout-default wp-block-uagb-image--effect-static wp-block-uagb-image--align-none\"><figure class=\"wp-block-uagb-image__figure\"><img decoding=\"async\" data-srcset=\"https:\/\/www.mobellinea.com\/wp-content\/uploads\/2025\/11\/blog_f03-5-1000x469.jpg ,https:\/\/www.mobellinea.com\/wp-content\/uploads\/2025\/11\/blog_f03-5.jpg 780w, https:\/\/www.mobellinea.com\/wp-content\/uploads\/2025\/11\/blog_f03-5.jpg 360w\" sizes=\"auto, (max-width: 480px) 150px\" src=\"data:image\/gif;base64,R0lGODlhAQABAIAAAAAAAP\/\/\/yH5BAEAAAAALAAAAAABAAEAAAIBRAA7\" data-src=\"https:\/\/www.mobellinea.com\/wp-content\/uploads\/2025\/11\/blog_f03-5-1000x469.jpg\" alt=\"\" class=\"uag-image-16710 lazyload\" width=\"1000\" height=\"469\" title=\"blog_f03\" loading=\"lazy\" role=\"img\"\/><noscript><img decoding=\"async\" srcset=\"https:\/\/www.mobellinea.com\/wp-content\/uploads\/2025\/11\/blog_f03-5-1000x469.jpg ,https:\/\/www.mobellinea.com\/wp-content\/uploads\/2025\/11\/blog_f03-5.jpg 780w, https:\/\/www.mobellinea.com\/wp-content\/uploads\/2025\/11\/blog_f03-5.jpg 360w\" sizes=\"auto, (max-width: 480px) 150px\" src=\"https:\/\/www.mobellinea.com\/wp-content\/uploads\/2025\/11\/blog_f03-5-1000x469.jpg\" alt=\"\" class=\"uag-image-16710 lazyload\" width=\"1000\" height=\"469\" title=\"blog_f03\" loading=\"lazy\" role=\"img\"\/><\/noscript><\/figure><\/div>\n\n\n\n<p class=\"wp-block-paragraph\">Levita, ein M\u00f6belst\u00fcck f\u00fcr Liebhaber des Designs, das den Arbeitsbereich in einen gem\u00fctlichen R\u00fcckzugsort verwandelt und die perfekte Harmonie zwischen Sch\u00f6nheit und Funktionalit\u00e4t schafft.<\/p>\n","protected":false},"excerpt":{"rendered":"<p>Eleganz und Komfort vereinen sich in einem leichten, bequemen und eleganten Design. Levita wurde von Trevor Hollard entworfen und ist Ausdruck von Stil und Pers\u00f6nlichkeit in unserer Kollektion mobel sit. Das avantgardistische Design ist die perfekte Erg\u00e4nzung f\u00fcr moderne Arbeitsumgebungen und Chefb\u00fcros und verleiht jedem Detail einen Hauch von Eleganz und Pers\u00f6nlichkeit. Eleganz und Komfort [&hellip;]<\/p>\n","protected":false},"author":8,"featured_media":17186,"comment_status":"closed","ping_status":"closed","sticky":false,"template":"","format":"standard","meta":{"_acf_changed":false,"_uag_custom_page_level_css":"","footnotes":""},"categories":[362,364],"tags":[],"class_list":["post-5828","post","type-post","status-publish","format-standard","has-post-thumbnail","hentry","category-produkte","category-sammlungen"],"acf":[],"yoast_head":"<!-- This site is optimized with the Yoast SEO Premium plugin v26.6 (Yoast SEO v27.6) - https:\/\/yoast.com\/product\/yoast-seo-premium-wordpress\/ -->\n<title>Levita: Ein M\u00f6belst\u00fcck f\u00fcr Liebhaber des Designs - Mobellinea<\/title>\n<meta name=\"description\" content=\"Eleganz und Komfort vereinen sich in einem leichten, bequemen und eleganten Design. Levita wurde von Trevor Hollard entworfen und ist Ausdruck von Stil\" \/>\n<meta name=\"robots\" content=\"index, follow, max-snippet:-1, max-image-preview:large, max-video-preview:-1\" \/>\n<link rel=\"canonical\" href=\"https:\/\/www.mobellinea.com\/de\/levita-ein-moebelstueck-fuer-liebhaber-des-designs\/\" \/>\n<meta property=\"og:locale\" content=\"de_DE\" \/>\n<meta property=\"og:type\" content=\"article\" \/>\n<meta property=\"og:title\" content=\"Levita: Ein M\u00f6belst\u00fcck f\u00fcr Liebhaber des Designs\" \/>\n<meta property=\"og:description\" content=\"Eleganz und Komfort vereinen sich in einem leichten, bequemen und eleganten Design. Levita wurde von Trevor Hollard entworfen und ist Ausdruck von Stil\" \/>\n<meta property=\"og:url\" content=\"https:\/\/www.mobellinea.com\/de\/levita-ein-moebelstueck-fuer-liebhaber-des-designs\/\" \/>\n<meta property=\"og:site_name\" content=\"Mobellinea\" \/>\n<meta property=\"article:publisher\" content=\"https:\/\/www.facebook.com\/mobellineasl\" \/>\n<meta property=\"article:published_time\" content=\"2025-04-01T14:02:00+00:00\" \/>\n<meta property=\"article:modified_time\" content=\"2025-12-19T12:03:17+00:00\" \/>\n<meta property=\"og:image\" content=\"https:\/\/www.mobellinea.com\/wp-content\/uploads\/2025\/11\/blog_f01-6.jpg\" \/>\n\t<meta property=\"og:image:width\" content=\"1920\" \/>\n\t<meta property=\"og:image:height\" content=\"900\" \/>\n\t<meta property=\"og:image:type\" content=\"image\/jpeg\" \/>\n<meta name=\"author\" content=\"Anna\" \/>\n<meta name=\"twitter:card\" content=\"summary_large_image\" \/>\n<meta name=\"twitter:label1\" content=\"Verfasst von\" \/>\n\t<meta name=\"twitter:data1\" content=\"Anna\" \/>\n\t<meta name=\"twitter:label2\" content=\"Gesch\u00e4tzte Lesezeit\" \/>\n\t<meta name=\"twitter:data2\" content=\"3\u00a0Minuten\" \/>\n<script type=\"application\/ld+json\" class=\"yoast-schema-graph\">{\"@context\":\"https:\\\/\\\/schema.org\",\"@graph\":[{\"@type\":\"Article\",\"@id\":\"https:\\\/\\\/www.mobellinea.com\\\/de\\\/levita-ein-moebelstueck-fuer-liebhaber-des-designs\\\/#article\",\"isPartOf\":{\"@id\":\"https:\\\/\\\/www.mobellinea.com\\\/de\\\/levita-ein-moebelstueck-fuer-liebhaber-des-designs\\\/\"},\"author\":{\"name\":\"Anna\",\"@id\":\"https:\\\/\\\/mobellinea.com\\\/en\\\/#\\\/schema\\\/person\\\/518e40fa1dcd8c2ef7106c7561ae3ddb\"},\"headline\":\"Levita: Ein M\u00f6belst\u00fcck f\u00fcr Liebhaber des Designs\",\"datePublished\":\"2025-04-01T14:02:00+00:00\",\"dateModified\":\"2025-12-19T12:03:17+00:00\",\"mainEntityOfPage\":{\"@id\":\"https:\\\/\\\/www.mobellinea.com\\\/de\\\/levita-ein-moebelstueck-fuer-liebhaber-des-designs\\\/\"},\"wordCount\":380,\"image\":{\"@id\":\"https:\\\/\\\/www.mobellinea.com\\\/de\\\/levita-ein-moebelstueck-fuer-liebhaber-des-designs\\\/#primaryimage\"},\"thumbnailUrl\":\"https:\\\/\\\/www.mobellinea.com\\\/wp-content\\\/uploads\\\/2025\\\/11\\\/blog_f01-6.jpg\",\"articleSection\":[\"Produkte\",\"Sammlungen\"],\"inLanguage\":\"de\"},{\"@type\":\"WebPage\",\"@id\":\"https:\\\/\\\/www.mobellinea.com\\\/de\\\/levita-ein-moebelstueck-fuer-liebhaber-des-designs\\\/\",\"url\":\"https:\\\/\\\/www.mobellinea.com\\\/de\\\/levita-ein-moebelstueck-fuer-liebhaber-des-designs\\\/\",\"name\":\"Levita: Ein M\u00f6belst\u00fcck f\u00fcr Liebhaber des Designs - Mobellinea\",\"isPartOf\":{\"@id\":\"https:\\\/\\\/mobellinea.com\\\/en\\\/#website\"},\"primaryImageOfPage\":{\"@id\":\"https:\\\/\\\/www.mobellinea.com\\\/de\\\/levita-ein-moebelstueck-fuer-liebhaber-des-designs\\\/#primaryimage\"},\"image\":{\"@id\":\"https:\\\/\\\/www.mobellinea.com\\\/de\\\/levita-ein-moebelstueck-fuer-liebhaber-des-designs\\\/#primaryimage\"},\"thumbnailUrl\":\"https:\\\/\\\/www.mobellinea.com\\\/wp-content\\\/uploads\\\/2025\\\/11\\\/blog_f01-6.jpg\",\"datePublished\":\"2025-04-01T14:02:00+00:00\",\"dateModified\":\"2025-12-19T12:03:17+00:00\",\"author\":{\"@id\":\"https:\\\/\\\/mobellinea.com\\\/en\\\/#\\\/schema\\\/person\\\/518e40fa1dcd8c2ef7106c7561ae3ddb\"},\"description\":\"Eleganz und Komfort vereinen sich in einem leichten, bequemen und eleganten Design. Levita wurde von Trevor Hollard entworfen und ist Ausdruck von Stil\",\"breadcrumb\":{\"@id\":\"https:\\\/\\\/www.mobellinea.com\\\/de\\\/levita-ein-moebelstueck-fuer-liebhaber-des-designs\\\/#breadcrumb\"},\"inLanguage\":\"de\",\"potentialAction\":[{\"@type\":\"ReadAction\",\"target\":[\"https:\\\/\\\/www.mobellinea.com\\\/de\\\/levita-ein-moebelstueck-fuer-liebhaber-des-designs\\\/\"]}]},{\"@type\":\"ImageObject\",\"inLanguage\":\"de\",\"@id\":\"https:\\\/\\\/www.mobellinea.com\\\/de\\\/levita-ein-moebelstueck-fuer-liebhaber-des-designs\\\/#primaryimage\",\"url\":\"https:\\\/\\\/www.mobellinea.com\\\/wp-content\\\/uploads\\\/2025\\\/11\\\/blog_f01-6.jpg\",\"contentUrl\":\"https:\\\/\\\/www.mobellinea.com\\\/wp-content\\\/uploads\\\/2025\\\/11\\\/blog_f01-6.jpg\",\"width\":1920,\"height\":900},{\"@type\":\"BreadcrumbList\",\"@id\":\"https:\\\/\\\/www.mobellinea.com\\\/de\\\/levita-ein-moebelstueck-fuer-liebhaber-des-designs\\\/#breadcrumb\",\"itemListElement\":[{\"@type\":\"ListItem\",\"position\":1,\"name\":\"Home\",\"item\":\"https:\\\/\\\/www.mobellinea.com\\\/de\\\/home\\\/\"},{\"@type\":\"ListItem\",\"position\":2,\"name\":\"Sammlungen\",\"item\":\"https:\\\/\\\/www.mobellinea.com\\\/de\\\/category\\\/sammlungen\\\/\"},{\"@type\":\"ListItem\",\"position\":3,\"name\":\"Levita: Ein M\u00f6belst\u00fcck f\u00fcr Liebhaber des Designs\"}]},{\"@type\":\"WebSite\",\"@id\":\"https:\\\/\\\/mobellinea.com\\\/en\\\/#website\",\"url\":\"https:\\\/\\\/mobellinea.com\\\/en\\\/\",\"name\":\"MobelLinea\",\"description\":\"Dise\u00f1amos y fabricamos soluciones de mobiliario para oficinas y espacios colectivos. Creamos entornos honestos, funcionales y humanos, pensados para mejorar la vida de las personas\",\"alternateName\":\"Mobel Linea\",\"potentialAction\":[{\"@type\":\"SearchAction\",\"target\":{\"@type\":\"EntryPoint\",\"urlTemplate\":\"https:\\\/\\\/mobellinea.com\\\/en\\\/?s={search_term_string}\"},\"query-input\":{\"@type\":\"PropertyValueSpecification\",\"valueRequired\":true,\"valueName\":\"search_term_string\"}}],\"inLanguage\":\"de\"},{\"@type\":\"Person\",\"@id\":\"https:\\\/\\\/mobellinea.com\\\/en\\\/#\\\/schema\\\/person\\\/518e40fa1dcd8c2ef7106c7561ae3ddb\",\"name\":\"Anna\",\"image\":{\"@type\":\"ImageObject\",\"inLanguage\":\"de\",\"@id\":\"https:\\\/\\\/secure.gravatar.com\\\/avatar\\\/8adc17f1354e8252029a3205a793c695de1d4150636fd00a689f76f96e8a4c98?s=96&d=mm&r=g\",\"url\":\"https:\\\/\\\/secure.gravatar.com\\\/avatar\\\/8adc17f1354e8252029a3205a793c695de1d4150636fd00a689f76f96e8a4c98?s=96&d=mm&r=g\",\"contentUrl\":\"https:\\\/\\\/secure.gravatar.com\\\/avatar\\\/8adc17f1354e8252029a3205a793c695de1d4150636fd00a689f76f96e8a4c98?s=96&d=mm&r=g\",\"caption\":\"Anna\"}}]}<\/script>\n<!-- \/ Yoast SEO Premium plugin. -->","yoast_head_json":{"title":"Levita: Ein M\u00f6belst\u00fcck f\u00fcr Liebhaber des Designs - Mobellinea","description":"Eleganz und Komfort vereinen sich in einem leichten, bequemen und eleganten Design. Levita wurde von Trevor Hollard entworfen und ist Ausdruck von Stil","robots":{"index":"index","follow":"follow","max-snippet":"max-snippet:-1","max-image-preview":"max-image-preview:large","max-video-preview":"max-video-preview:-1"},"canonical":"https:\/\/www.mobellinea.com\/de\/levita-ein-moebelstueck-fuer-liebhaber-des-designs\/","og_locale":"de_DE","og_type":"article","og_title":"Levita: Ein M\u00f6belst\u00fcck f\u00fcr Liebhaber des Designs","og_description":"Eleganz und Komfort vereinen sich in einem leichten, bequemen und eleganten Design. Levita wurde von Trevor Hollard entworfen und ist Ausdruck von Stil","og_url":"https:\/\/www.mobellinea.com\/de\/levita-ein-moebelstueck-fuer-liebhaber-des-designs\/","og_site_name":"Mobellinea","article_publisher":"https:\/\/www.facebook.com\/mobellineasl","article_published_time":"2025-04-01T14:02:00+00:00","article_modified_time":"2025-12-19T12:03:17+00:00","og_image":[{"width":1920,"height":900,"url":"https:\/\/www.mobellinea.com\/wp-content\/uploads\/2025\/11\/blog_f01-6.jpg","type":"image\/jpeg"}],"author":"Anna","twitter_card":"summary_large_image","twitter_misc":{"Verfasst von":"Anna","Gesch\u00e4tzte Lesezeit":"3\u00a0Minuten"},"schema":{"@context":"https:\/\/schema.org","@graph":[{"@type":"Article","@id":"https:\/\/www.mobellinea.com\/de\/levita-ein-moebelstueck-fuer-liebhaber-des-designs\/#article","isPartOf":{"@id":"https:\/\/www.mobellinea.com\/de\/levita-ein-moebelstueck-fuer-liebhaber-des-designs\/"},"author":{"name":"Anna","@id":"https:\/\/mobellinea.com\/en\/#\/schema\/person\/518e40fa1dcd8c2ef7106c7561ae3ddb"},"headline":"Levita: Ein M\u00f6belst\u00fcck f\u00fcr Liebhaber des Designs","datePublished":"2025-04-01T14:02:00+00:00","dateModified":"2025-12-19T12:03:17+00:00","mainEntityOfPage":{"@id":"https:\/\/www.mobellinea.com\/de\/levita-ein-moebelstueck-fuer-liebhaber-des-designs\/"},"wordCount":380,"image":{"@id":"https:\/\/www.mobellinea.com\/de\/levita-ein-moebelstueck-fuer-liebhaber-des-designs\/#primaryimage"},"thumbnailUrl":"https:\/\/www.mobellinea.com\/wp-content\/uploads\/2025\/11\/blog_f01-6.jpg","articleSection":["Produkte","Sammlungen"],"inLanguage":"de"},{"@type":"WebPage","@id":"https:\/\/www.mobellinea.com\/de\/levita-ein-moebelstueck-fuer-liebhaber-des-designs\/","url":"https:\/\/www.mobellinea.com\/de\/levita-ein-moebelstueck-fuer-liebhaber-des-designs\/","name":"Levita: Ein M\u00f6belst\u00fcck f\u00fcr Liebhaber des Designs - Mobellinea","isPartOf":{"@id":"https:\/\/mobellinea.com\/en\/#website"},"primaryImageOfPage":{"@id":"https:\/\/www.mobellinea.com\/de\/levita-ein-moebelstueck-fuer-liebhaber-des-designs\/#primaryimage"},"image":{"@id":"https:\/\/www.mobellinea.com\/de\/levita-ein-moebelstueck-fuer-liebhaber-des-designs\/#primaryimage"},"thumbnailUrl":"https:\/\/www.mobellinea.com\/wp-content\/uploads\/2025\/11\/blog_f01-6.jpg","datePublished":"2025-04-01T14:02:00+00:00","dateModified":"2025-12-19T12:03:17+00:00","author":{"@id":"https:\/\/mobellinea.com\/en\/#\/schema\/person\/518e40fa1dcd8c2ef7106c7561ae3ddb"},"description":"Eleganz und Komfort vereinen sich in einem leichten, bequemen und eleganten Design. Levita wurde von Trevor Hollard entworfen und ist Ausdruck von Stil","breadcrumb":{"@id":"https:\/\/www.mobellinea.com\/de\/levita-ein-moebelstueck-fuer-liebhaber-des-designs\/#breadcrumb"},"inLanguage":"de","potentialAction":[{"@type":"ReadAction","target":["https:\/\/www.mobellinea.com\/de\/levita-ein-moebelstueck-fuer-liebhaber-des-designs\/"]}]},{"@type":"ImageObject","inLanguage":"de","@id":"https:\/\/www.mobellinea.com\/de\/levita-ein-moebelstueck-fuer-liebhaber-des-designs\/#primaryimage","url":"https:\/\/www.mobellinea.com\/wp-content\/uploads\/2025\/11\/blog_f01-6.jpg","contentUrl":"https:\/\/www.mobellinea.com\/wp-content\/uploads\/2025\/11\/blog_f01-6.jpg","width":1920,"height":900},{"@type":"BreadcrumbList","@id":"https:\/\/www.mobellinea.com\/de\/levita-ein-moebelstueck-fuer-liebhaber-des-designs\/#breadcrumb","itemListElement":[{"@type":"ListItem","position":1,"name":"Home","item":"https:\/\/www.mobellinea.com\/de\/home\/"},{"@type":"ListItem","position":2,"name":"Sammlungen","item":"https:\/\/www.mobellinea.com\/de\/category\/sammlungen\/"},{"@type":"ListItem","position":3,"name":"Levita: Ein M\u00f6belst\u00fcck f\u00fcr Liebhaber des Designs"}]},{"@type":"WebSite","@id":"https:\/\/mobellinea.com\/en\/#website","url":"https:\/\/mobellinea.com\/en\/","name":"MobelLinea","description":"Dise\u00f1amos y fabricamos soluciones de mobiliario para oficinas y espacios colectivos. Creamos entornos honestos, funcionales y humanos, pensados para mejorar la vida de las personas","alternateName":"Mobel Linea","potentialAction":[{"@type":"SearchAction","target":{"@type":"EntryPoint","urlTemplate":"https:\/\/mobellinea.com\/en\/?s={search_term_string}"},"query-input":{"@type":"PropertyValueSpecification","valueRequired":true,"valueName":"search_term_string"}}],"inLanguage":"de"},{"@type":"Person","@id":"https:\/\/mobellinea.com\/en\/#\/schema\/person\/518e40fa1dcd8c2ef7106c7561ae3ddb","name":"Anna","image":{"@type":"ImageObject","inLanguage":"de","@id":"https:\/\/secure.gravatar.com\/avatar\/8adc17f1354e8252029a3205a793c695de1d4150636fd00a689f76f96e8a4c98?s=96&d=mm&r=g","url":"https:\/\/secure.gravatar.com\/avatar\/8adc17f1354e8252029a3205a793c695de1d4150636fd00a689f76f96e8a4c98?s=96&d=mm&r=g","contentUrl":"https:\/\/secure.gravatar.com\/avatar\/8adc17f1354e8252029a3205a793c695de1d4150636fd00a689f76f96e8a4c98?s=96&d=mm&r=g","caption":"Anna"}}]}},"uagb_featured_image_src":{"full":["https:\/\/www.mobellinea.com\/wp-content\/uploads\/2025\/11\/blog_f01-6.jpg",1920,900,false],"thumbnail":["https:\/\/www.mobellinea.com\/wp-content\/uploads\/2025\/11\/blog_f01-6-150x150.jpg",150,150,true],"medium":["https:\/\/www.mobellinea.com\/wp-content\/uploads\/2025\/11\/blog_f01-6-320x150.jpg",320,150,true],"medium_large":["https:\/\/www.mobellinea.com\/wp-content\/uploads\/2025\/11\/blog_f01-6-680x319.jpg",680,319,true],"large":["https:\/\/www.mobellinea.com\/wp-content\/uploads\/2025\/11\/blog_f01-6-1000x469.jpg",1000,469,true],"pieces_card":["https:\/\/www.mobellinea.com\/wp-content\/uploads\/2025\/11\/blog_f01-6-140x173.jpg",140,173,true],"gform-image-choice-sm":["https:\/\/www.mobellinea.com\/wp-content\/uploads\/2025\/11\/blog_f01-6.jpg",300,141,false],"gform-image-choice-md":["https:\/\/www.mobellinea.com\/wp-content\/uploads\/2025\/11\/blog_f01-6.jpg",400,188,false],"gform-image-choice-lg":["https:\/\/www.mobellinea.com\/wp-content\/uploads\/2025\/11\/blog_f01-6.jpg",600,281,false]},"uagb_author_info":{"display_name":"Anna","author_link":"https:\/\/www.mobellinea.com\/de\/author\/annareigmobellinea-es\/"},"uagb_comment_info":0,"uagb_excerpt":"Eleganz und Komfort vereinen sich in einem leichten, bequemen und eleganten Design. Levita wurde von Trevor Hollard entworfen und ist Ausdruck von Stil und Pers\u00f6nlichkeit in unserer Kollektion mobel sit. Das avantgardistische Design ist die perfekte Erg\u00e4nzung f\u00fcr moderne Arbeitsumgebungen und Chefb\u00fcros und verleiht jedem Detail einen Hauch von Eleganz und Pers\u00f6nlichkeit. Eleganz und Komfort&hellip;","_links":{"self":[{"href":"https:\/\/www.mobellinea.com\/de\/wp-json\/wp\/v2\/posts\/5828","targetHints":{"allow":["GET"]}}],"collection":[{"href":"https:\/\/www.mobellinea.com\/de\/wp-json\/wp\/v2\/posts"}],"about":[{"href":"https:\/\/www.mobellinea.com\/de\/wp-json\/wp\/v2\/types\/post"}],"author":[{"embeddable":true,"href":"https:\/\/www.mobellinea.com\/de\/wp-json\/wp\/v2\/users\/8"}],"replies":[{"embeddable":true,"href":"https:\/\/www.mobellinea.com\/de\/wp-json\/wp\/v2\/comments?post=5828"}],"version-history":[{"count":2,"href":"https:\/\/www.mobellinea.com\/de\/wp-json\/wp\/v2\/posts\/5828\/revisions"}],"predecessor-version":[{"id":16711,"href":"https:\/\/www.mobellinea.com\/de\/wp-json\/wp\/v2\/posts\/5828\/revisions\/16711"}],"wp:featuredmedia":[{"embeddable":true,"href":"https:\/\/www.mobellinea.com\/de\/wp-json\/wp\/v2\/media\/17186"}],"wp:attachment":[{"href":"https:\/\/www.mobellinea.com\/de\/wp-json\/wp\/v2\/media?parent=5828"}],"wp:term":[{"taxonomy":"category","embeddable":true,"href":"https:\/\/www.mobellinea.com\/de\/wp-json\/wp\/v2\/categories?post=5828"},{"taxonomy":"post_tag","embeddable":true,"href":"https:\/\/www.mobellinea.com\/de\/wp-json\/wp\/v2\/tags?post=5828"}],"curies":[{"name":"wp","href":"https:\/\/api.w.org\/{rel}","templated":true}]}}