{"id":5784,"date":"2025-01-30T10:43:00","date_gmt":"2025-01-30T09:43:00","guid":{"rendered":"https:\/\/www.mobellinea.com\/neu-entdeckte-trends-bei-dekoration-und-design-auf-der-maison-objet-2025\/"},"modified":"2025-12-23T12:55:33","modified_gmt":"2025-12-23T11:55:33","slug":"neu-entdeckte-trends-bei-dekoration-und-design-auf-der-maison-objet-2025","status":"publish","type":"post","link":"https:\/\/www.mobellinea.com\/de\/neu-entdeckte-trends-bei-dekoration-und-design-auf-der-maison-objet-2025\/","title":{"rendered":"Neu entdeckte Trends bei Dekoration und Design auf der Maison &amp; Objet 2025."},"content":{"rendered":"\n<p class=\"wp-block-paragraph\">Vom 16. bis 20. Januar fand in Paris die Maison &amp; Objet Messe statt, die sich erneut als unverzichtbare Veranstaltung f\u00fcr die Entdeckung der Neuheiten und Trends im Bereich Dekoration und Innenarchitektur etabliert. Die Veranstaltung vereint das Beste aus Design, Dekoration und Lifestyle und bietet einen Ausblick auf die Vorschl\u00e4ge, die dieses Jahr pr\u00e4gen werden. Nachfolgend finden Sie eine Zusammenstellung der wichtigsten beobachteten Trends:  <\/p>\n\n<figure class=\"wp-block-image size-large\"><img decoding=\"async\" src=\"data:image\/gif;base64,R0lGODlhAQABAIAAAAAAAP\/\/\/yH5BAEAAAAALAAAAAABAAEAAAIBRAA7\" data-src=\"https:\/\/www.mobellinea.com\/wp-content\/uploads\/2025\/11\/blog_f01-9-1000x469.jpg\" alt=\"\" class=\"wp-image-5253 lazyload\"\/><noscript><img decoding=\"async\" width=\"1000\" height=\"469\" src=\"https:\/\/www.mobellinea.com\/wp-content\/uploads\/2025\/11\/blog_f01-9-1000x469.jpg\" alt=\"\" class=\"wp-image-5253 lazyload\" srcset=\"https:\/\/www.mobellinea.com\/wp-content\/uploads\/2025\/11\/blog_f01-9-1000x469.jpg 1000w, https:\/\/www.mobellinea.com\/wp-content\/uploads\/2025\/11\/blog_f01-9-320x150.jpg 320w, https:\/\/www.mobellinea.com\/wp-content\/uploads\/2025\/11\/blog_f01-9-680x319.jpg 680w, https:\/\/www.mobellinea.com\/wp-content\/uploads\/2025\/11\/blog_f01-9.jpg 1920w\" sizes=\"(max-width: 1000px) 100vw, 1000px\" \/><\/noscript><\/figure>\n\n<p class=\"has-xx-large-font-size wp-block-paragraph\">Der raffinierte Bold-Trend<\/p>\n\n<p class=\"wp-block-paragraph\">Der Bold-Trend steht auch in dieser Saison weiterhin im Mittelpunkt und f\u00e4llt vor allem bei M\u00f6beln und Dekorationselementen auf. Der Stil, der sich durch abgerundete Formen und aufmerksamkeitswirksame Designs auszeichnet, schafft R\u00e4ume, die Weichheit, Komfort und Entspannung vermitteln. Die diesj\u00e4hrige Messe offenbarte jedoch eine Entwicklung hin zu einer subtileren und raffinierteren Linienf\u00fchrung bei M\u00f6beln, w\u00e4hrend die Kurven bei Dekorationsst\u00fccken, etwa Lampen, Vasen und Kerzen gewagt und deutlich pr\u00e4sent bleiben und so ein Gleichgewicht zwischen Eleganz und Dynamik erreichen.  <\/p>\n\n<p class=\"has-xx-large-font-size wp-block-paragraph\">Erdt\u00f6ne, die an die Natur erinnern<\/p>\n\n<p class=\"wp-block-paragraph\">Erdt\u00f6ne wie Terrakotta- und Schokoladenfarben, kombiniert mit neutralen Farbschattierungen, werden sich als wichtiger Trend im Jahr 2025 etablieren. Wir sehen Innenr\u00e4ume, die die Verbindung zur Natur heraufbeschw\u00f6ren und gro\u00dfe W\u00e4rme ausstrahlen. Dieser von Naturlandschaften inspirierte Trend verleiht R\u00e4umen eine gem\u00fctliche und zeitlose Atmosph\u00e4re.  <\/p>\n\n<p class=\"has-xx-large-font-size wp-block-paragraph\">Der Trend zu pastellfarbenen Neonfarben<\/p>\n\n<p class=\"wp-block-paragraph\">Neonfarben in ihrer Pastelltonausf\u00fchrung erleben ein starkes Comeback. Sie sind bei Polsterm\u00f6beln und zahlreichen Deko-Artikeln und Accessoires zu finden und verleihen den R\u00e4umlichkeiten eine lebendige und moderne Note. Dieser Trend hat das Potential, das ganze Jahr \u00fcber weiter an Bedeutung zu gewinnen.  <\/p>\n\n<p class=\"has-xx-large-font-size wp-block-paragraph\">Tiefgr\u00fcndige und raffinierte Oberfl\u00e4chen<\/p>\n\n<p class=\"wp-block-paragraph\">Zu den Materialarten, die bei den M\u00f6beln besonders ins Auge fallen, geh\u00f6ren vor allem Ausf\u00fchrungen in intensiven und tiefen Farbt\u00f6nen, z. B. H\u00f6lzer in dunklen Farben, Marmoroberfl\u00e4chen mit ausgepr\u00e4gten Maserungen und Metalle mit warmer, geb\u00fcrsteter oder gealterter Oberfl\u00e4che. Diese charaktervollen und eleganten Elemente pr\u00e4gen das aktuelle Innenraumdesign sehr stark. <\/p>\n\n<p class=\"has-xx-large-font-size wp-block-paragraph\">Der &#8222;Memphis&#8220;-Einfluss<\/p>\n\n<p class=\"wp-block-paragraph\">Die Memphis-Bewegung gewinnt immer mehr an Bedeutung und feiert den Einsatz von Farbe, gewagten Formen und verspieltem Design. Dieser, in den 80er Jahren entstandene und f\u00fcr seine gewagte Geometrie, lebendigen Muster und auff\u00e4llige Farbpalette bekannte charakteristische Stil, hat auf der Maison &amp; Objet 2025 deutliche Spuren hinterlassen und seinen respektlosen und dynamischen Charakter bekr\u00e4ftigt. <\/p>\n","protected":false},"excerpt":{"rendered":"<p>Vom 16. bis 20. Januar fand in Paris die Maison &amp; Objet Messe statt, die sich erneut als unverzichtbare Veranstaltung f\u00fcr die Entdeckung der Neuheiten und Trends im Bereich Dekoration und Innenarchitektur etabliert. Die Veranstaltung vereint das Beste aus Design, Dekoration und Lifestyle und bietet einen Ausblick auf die Vorschl\u00e4ge, die dieses Jahr pr\u00e4gen werden. [&hellip;]<\/p>\n","protected":false},"author":8,"featured_media":5780,"comment_status":"closed","ping_status":"closed","sticky":false,"template":"","format":"standard","meta":{"_acf_changed":false,"_uag_custom_page_level_css":"","footnotes":""},"categories":[368,373],"tags":[],"class_list":["post-5784","post","type-post","status-publish","format-standard","has-post-thumbnail","hentry","category-trends","category-veranstaltungen"],"acf":[],"yoast_head":"<!-- This site is optimized with the Yoast SEO Premium plugin v26.6 (Yoast SEO v27.6) - https:\/\/yoast.com\/product\/yoast-seo-premium-wordpress\/ -->\n<title>Neu entdeckte Trends bei Dekoration und Design auf der Maison &amp; Objet 2025. - Mobellinea<\/title>\n<meta name=\"description\" content=\"Vom 16. bis 20. Januar fand in Paris die Maison &amp; Objet Messe statt, die sich erneut als unverzichtbare Veranstaltung f\u00fcr die Entdeckung der Neuheiten\" \/>\n<meta name=\"robots\" content=\"index, follow, max-snippet:-1, max-image-preview:large, max-video-preview:-1\" \/>\n<link rel=\"canonical\" href=\"https:\/\/www.mobellinea.com\/de\/neu-entdeckte-trends-bei-dekoration-und-design-auf-der-maison-objet-2025\/\" \/>\n<meta property=\"og:locale\" content=\"de_DE\" \/>\n<meta property=\"og:type\" content=\"article\" \/>\n<meta property=\"og:title\" content=\"Neu entdeckte Trends bei Dekoration und Design auf der Maison &amp; Objet 2025.\" \/>\n<meta property=\"og:description\" content=\"Vom 16. bis 20. Januar fand in Paris die Maison &amp; Objet Messe statt, die sich erneut als unverzichtbare Veranstaltung f\u00fcr die Entdeckung der Neuheiten\" \/>\n<meta property=\"og:url\" content=\"https:\/\/www.mobellinea.com\/de\/neu-entdeckte-trends-bei-dekoration-und-design-auf-der-maison-objet-2025\/\" \/>\n<meta property=\"og:site_name\" content=\"Mobellinea\" \/>\n<meta property=\"article:publisher\" content=\"https:\/\/www.facebook.com\/mobellineasl\" \/>\n<meta property=\"article:published_time\" content=\"2025-01-30T09:43:00+00:00\" \/>\n<meta property=\"article:modified_time\" content=\"2025-12-23T11:55:33+00:00\" \/>\n<meta property=\"og:image\" content=\"https:\/\/www.mobellinea.com\/wp-content\/uploads\/2025\/11\/blog_f01-10.jpg\" \/>\n\t<meta property=\"og:image:width\" content=\"1920\" \/>\n\t<meta property=\"og:image:height\" content=\"900\" \/>\n\t<meta property=\"og:image:type\" content=\"image\/jpeg\" \/>\n<meta name=\"author\" content=\"Anna\" \/>\n<meta name=\"twitter:card\" content=\"summary_large_image\" \/>\n<meta name=\"twitter:label1\" content=\"Verfasst von\" \/>\n\t<meta name=\"twitter:data1\" content=\"Anna\" \/>\n\t<meta name=\"twitter:label2\" content=\"Gesch\u00e4tzte Lesezeit\" \/>\n\t<meta name=\"twitter:data2\" content=\"2\u00a0Minuten\" \/>\n<script type=\"application\/ld+json\" class=\"yoast-schema-graph\">{\"@context\":\"https:\\\/\\\/schema.org\",\"@graph\":[{\"@type\":\"Article\",\"@id\":\"https:\\\/\\\/www.mobellinea.com\\\/de\\\/neu-entdeckte-trends-bei-dekoration-und-design-auf-der-maison-objet-2025\\\/#article\",\"isPartOf\":{\"@id\":\"https:\\\/\\\/www.mobellinea.com\\\/de\\\/neu-entdeckte-trends-bei-dekoration-und-design-auf-der-maison-objet-2025\\\/\"},\"author\":{\"name\":\"Anna\",\"@id\":\"https:\\\/\\\/mobellinea.com\\\/en\\\/#\\\/schema\\\/person\\\/518e40fa1dcd8c2ef7106c7561ae3ddb\"},\"headline\":\"Neu entdeckte Trends bei Dekoration und Design auf der Maison &amp; Objet 2025.\",\"datePublished\":\"2025-01-30T09:43:00+00:00\",\"dateModified\":\"2025-12-23T11:55:33+00:00\",\"mainEntityOfPage\":{\"@id\":\"https:\\\/\\\/www.mobellinea.com\\\/de\\\/neu-entdeckte-trends-bei-dekoration-und-design-auf-der-maison-objet-2025\\\/\"},\"wordCount\":398,\"image\":{\"@id\":\"https:\\\/\\\/www.mobellinea.com\\\/de\\\/neu-entdeckte-trends-bei-dekoration-und-design-auf-der-maison-objet-2025\\\/#primaryimage\"},\"thumbnailUrl\":\"https:\\\/\\\/www.mobellinea.com\\\/wp-content\\\/uploads\\\/2025\\\/11\\\/blog_f01-10.jpg\",\"articleSection\":[\"Trends\",\"Veranstaltungen\"],\"inLanguage\":\"de\"},{\"@type\":\"WebPage\",\"@id\":\"https:\\\/\\\/www.mobellinea.com\\\/de\\\/neu-entdeckte-trends-bei-dekoration-und-design-auf-der-maison-objet-2025\\\/\",\"url\":\"https:\\\/\\\/www.mobellinea.com\\\/de\\\/neu-entdeckte-trends-bei-dekoration-und-design-auf-der-maison-objet-2025\\\/\",\"name\":\"Neu entdeckte Trends bei Dekoration und Design auf der Maison &amp; Objet 2025. - Mobellinea\",\"isPartOf\":{\"@id\":\"https:\\\/\\\/mobellinea.com\\\/en\\\/#website\"},\"primaryImageOfPage\":{\"@id\":\"https:\\\/\\\/www.mobellinea.com\\\/de\\\/neu-entdeckte-trends-bei-dekoration-und-design-auf-der-maison-objet-2025\\\/#primaryimage\"},\"image\":{\"@id\":\"https:\\\/\\\/www.mobellinea.com\\\/de\\\/neu-entdeckte-trends-bei-dekoration-und-design-auf-der-maison-objet-2025\\\/#primaryimage\"},\"thumbnailUrl\":\"https:\\\/\\\/www.mobellinea.com\\\/wp-content\\\/uploads\\\/2025\\\/11\\\/blog_f01-10.jpg\",\"datePublished\":\"2025-01-30T09:43:00+00:00\",\"dateModified\":\"2025-12-23T11:55:33+00:00\",\"author\":{\"@id\":\"https:\\\/\\\/mobellinea.com\\\/en\\\/#\\\/schema\\\/person\\\/518e40fa1dcd8c2ef7106c7561ae3ddb\"},\"description\":\"Vom 16. bis 20. Januar fand in Paris die Maison &amp; Objet Messe statt, die sich erneut als unverzichtbare Veranstaltung f\u00fcr die Entdeckung der Neuheiten\",\"breadcrumb\":{\"@id\":\"https:\\\/\\\/www.mobellinea.com\\\/de\\\/neu-entdeckte-trends-bei-dekoration-und-design-auf-der-maison-objet-2025\\\/#breadcrumb\"},\"inLanguage\":\"de\",\"potentialAction\":[{\"@type\":\"ReadAction\",\"target\":[\"https:\\\/\\\/www.mobellinea.com\\\/de\\\/neu-entdeckte-trends-bei-dekoration-und-design-auf-der-maison-objet-2025\\\/\"]}]},{\"@type\":\"ImageObject\",\"inLanguage\":\"de\",\"@id\":\"https:\\\/\\\/www.mobellinea.com\\\/de\\\/neu-entdeckte-trends-bei-dekoration-und-design-auf-der-maison-objet-2025\\\/#primaryimage\",\"url\":\"https:\\\/\\\/www.mobellinea.com\\\/wp-content\\\/uploads\\\/2025\\\/11\\\/blog_f01-10.jpg\",\"contentUrl\":\"https:\\\/\\\/www.mobellinea.com\\\/wp-content\\\/uploads\\\/2025\\\/11\\\/blog_f01-10.jpg\",\"width\":1920,\"height\":900},{\"@type\":\"BreadcrumbList\",\"@id\":\"https:\\\/\\\/www.mobellinea.com\\\/de\\\/neu-entdeckte-trends-bei-dekoration-und-design-auf-der-maison-objet-2025\\\/#breadcrumb\",\"itemListElement\":[{\"@type\":\"ListItem\",\"position\":1,\"name\":\"Home\",\"item\":\"https:\\\/\\\/www.mobellinea.com\\\/de\\\/home\\\/\"},{\"@type\":\"ListItem\",\"position\":2,\"name\":\"Veranstaltungen\",\"item\":\"https:\\\/\\\/www.mobellinea.com\\\/de\\\/category\\\/veranstaltungen\\\/\"},{\"@type\":\"ListItem\",\"position\":3,\"name\":\"Neu entdeckte Trends bei Dekoration und Design auf der Maison &amp; Objet 2025.\"}]},{\"@type\":\"WebSite\",\"@id\":\"https:\\\/\\\/mobellinea.com\\\/en\\\/#website\",\"url\":\"https:\\\/\\\/mobellinea.com\\\/en\\\/\",\"name\":\"MobelLinea\",\"description\":\"Dise\u00f1amos y fabricamos soluciones de mobiliario para oficinas y espacios colectivos. Creamos entornos honestos, funcionales y humanos, pensados para mejorar la vida de las personas\",\"alternateName\":\"Mobel Linea\",\"potentialAction\":[{\"@type\":\"SearchAction\",\"target\":{\"@type\":\"EntryPoint\",\"urlTemplate\":\"https:\\\/\\\/mobellinea.com\\\/en\\\/?s={search_term_string}\"},\"query-input\":{\"@type\":\"PropertyValueSpecification\",\"valueRequired\":true,\"valueName\":\"search_term_string\"}}],\"inLanguage\":\"de\"},{\"@type\":\"Person\",\"@id\":\"https:\\\/\\\/mobellinea.com\\\/en\\\/#\\\/schema\\\/person\\\/518e40fa1dcd8c2ef7106c7561ae3ddb\",\"name\":\"Anna\",\"image\":{\"@type\":\"ImageObject\",\"inLanguage\":\"de\",\"@id\":\"https:\\\/\\\/secure.gravatar.com\\\/avatar\\\/8adc17f1354e8252029a3205a793c695de1d4150636fd00a689f76f96e8a4c98?s=96&d=mm&r=g\",\"url\":\"https:\\\/\\\/secure.gravatar.com\\\/avatar\\\/8adc17f1354e8252029a3205a793c695de1d4150636fd00a689f76f96e8a4c98?s=96&d=mm&r=g\",\"contentUrl\":\"https:\\\/\\\/secure.gravatar.com\\\/avatar\\\/8adc17f1354e8252029a3205a793c695de1d4150636fd00a689f76f96e8a4c98?s=96&d=mm&r=g\",\"caption\":\"Anna\"}}]}<\/script>\n<!-- \/ Yoast SEO Premium plugin. -->","yoast_head_json":{"title":"Neu entdeckte Trends bei Dekoration und Design auf der Maison &amp; Objet 2025. - Mobellinea","description":"Vom 16. bis 20. Januar fand in Paris die Maison &amp; Objet Messe statt, die sich erneut als unverzichtbare Veranstaltung f\u00fcr die Entdeckung der Neuheiten","robots":{"index":"index","follow":"follow","max-snippet":"max-snippet:-1","max-image-preview":"max-image-preview:large","max-video-preview":"max-video-preview:-1"},"canonical":"https:\/\/www.mobellinea.com\/de\/neu-entdeckte-trends-bei-dekoration-und-design-auf-der-maison-objet-2025\/","og_locale":"de_DE","og_type":"article","og_title":"Neu entdeckte Trends bei Dekoration und Design auf der Maison &amp; Objet 2025.","og_description":"Vom 16. bis 20. Januar fand in Paris die Maison &amp; Objet Messe statt, die sich erneut als unverzichtbare Veranstaltung f\u00fcr die Entdeckung der Neuheiten","og_url":"https:\/\/www.mobellinea.com\/de\/neu-entdeckte-trends-bei-dekoration-und-design-auf-der-maison-objet-2025\/","og_site_name":"Mobellinea","article_publisher":"https:\/\/www.facebook.com\/mobellineasl","article_published_time":"2025-01-30T09:43:00+00:00","article_modified_time":"2025-12-23T11:55:33+00:00","og_image":[{"width":1920,"height":900,"url":"https:\/\/www.mobellinea.com\/wp-content\/uploads\/2025\/11\/blog_f01-10.jpg","type":"image\/jpeg"}],"author":"Anna","twitter_card":"summary_large_image","twitter_misc":{"Verfasst von":"Anna","Gesch\u00e4tzte Lesezeit":"2\u00a0Minuten"},"schema":{"@context":"https:\/\/schema.org","@graph":[{"@type":"Article","@id":"https:\/\/www.mobellinea.com\/de\/neu-entdeckte-trends-bei-dekoration-und-design-auf-der-maison-objet-2025\/#article","isPartOf":{"@id":"https:\/\/www.mobellinea.com\/de\/neu-entdeckte-trends-bei-dekoration-und-design-auf-der-maison-objet-2025\/"},"author":{"name":"Anna","@id":"https:\/\/mobellinea.com\/en\/#\/schema\/person\/518e40fa1dcd8c2ef7106c7561ae3ddb"},"headline":"Neu entdeckte Trends bei Dekoration und Design auf der Maison &amp; Objet 2025.","datePublished":"2025-01-30T09:43:00+00:00","dateModified":"2025-12-23T11:55:33+00:00","mainEntityOfPage":{"@id":"https:\/\/www.mobellinea.com\/de\/neu-entdeckte-trends-bei-dekoration-und-design-auf-der-maison-objet-2025\/"},"wordCount":398,"image":{"@id":"https:\/\/www.mobellinea.com\/de\/neu-entdeckte-trends-bei-dekoration-und-design-auf-der-maison-objet-2025\/#primaryimage"},"thumbnailUrl":"https:\/\/www.mobellinea.com\/wp-content\/uploads\/2025\/11\/blog_f01-10.jpg","articleSection":["Trends","Veranstaltungen"],"inLanguage":"de"},{"@type":"WebPage","@id":"https:\/\/www.mobellinea.com\/de\/neu-entdeckte-trends-bei-dekoration-und-design-auf-der-maison-objet-2025\/","url":"https:\/\/www.mobellinea.com\/de\/neu-entdeckte-trends-bei-dekoration-und-design-auf-der-maison-objet-2025\/","name":"Neu entdeckte Trends bei Dekoration und Design auf der Maison &amp; Objet 2025. - Mobellinea","isPartOf":{"@id":"https:\/\/mobellinea.com\/en\/#website"},"primaryImageOfPage":{"@id":"https:\/\/www.mobellinea.com\/de\/neu-entdeckte-trends-bei-dekoration-und-design-auf-der-maison-objet-2025\/#primaryimage"},"image":{"@id":"https:\/\/www.mobellinea.com\/de\/neu-entdeckte-trends-bei-dekoration-und-design-auf-der-maison-objet-2025\/#primaryimage"},"thumbnailUrl":"https:\/\/www.mobellinea.com\/wp-content\/uploads\/2025\/11\/blog_f01-10.jpg","datePublished":"2025-01-30T09:43:00+00:00","dateModified":"2025-12-23T11:55:33+00:00","author":{"@id":"https:\/\/mobellinea.com\/en\/#\/schema\/person\/518e40fa1dcd8c2ef7106c7561ae3ddb"},"description":"Vom 16. bis 20. Januar fand in Paris die Maison &amp; Objet Messe statt, die sich erneut als unverzichtbare Veranstaltung f\u00fcr die Entdeckung der Neuheiten","breadcrumb":{"@id":"https:\/\/www.mobellinea.com\/de\/neu-entdeckte-trends-bei-dekoration-und-design-auf-der-maison-objet-2025\/#breadcrumb"},"inLanguage":"de","potentialAction":[{"@type":"ReadAction","target":["https:\/\/www.mobellinea.com\/de\/neu-entdeckte-trends-bei-dekoration-und-design-auf-der-maison-objet-2025\/"]}]},{"@type":"ImageObject","inLanguage":"de","@id":"https:\/\/www.mobellinea.com\/de\/neu-entdeckte-trends-bei-dekoration-und-design-auf-der-maison-objet-2025\/#primaryimage","url":"https:\/\/www.mobellinea.com\/wp-content\/uploads\/2025\/11\/blog_f01-10.jpg","contentUrl":"https:\/\/www.mobellinea.com\/wp-content\/uploads\/2025\/11\/blog_f01-10.jpg","width":1920,"height":900},{"@type":"BreadcrumbList","@id":"https:\/\/www.mobellinea.com\/de\/neu-entdeckte-trends-bei-dekoration-und-design-auf-der-maison-objet-2025\/#breadcrumb","itemListElement":[{"@type":"ListItem","position":1,"name":"Home","item":"https:\/\/www.mobellinea.com\/de\/home\/"},{"@type":"ListItem","position":2,"name":"Veranstaltungen","item":"https:\/\/www.mobellinea.com\/de\/category\/veranstaltungen\/"},{"@type":"ListItem","position":3,"name":"Neu entdeckte Trends bei Dekoration und Design auf der Maison &amp; Objet 2025."}]},{"@type":"WebSite","@id":"https:\/\/mobellinea.com\/en\/#website","url":"https:\/\/mobellinea.com\/en\/","name":"MobelLinea","description":"Dise\u00f1amos y fabricamos soluciones de mobiliario para oficinas y espacios colectivos. Creamos entornos honestos, funcionales y humanos, pensados para mejorar la vida de las personas","alternateName":"Mobel Linea","potentialAction":[{"@type":"SearchAction","target":{"@type":"EntryPoint","urlTemplate":"https:\/\/mobellinea.com\/en\/?s={search_term_string}"},"query-input":{"@type":"PropertyValueSpecification","valueRequired":true,"valueName":"search_term_string"}}],"inLanguage":"de"},{"@type":"Person","@id":"https:\/\/mobellinea.com\/en\/#\/schema\/person\/518e40fa1dcd8c2ef7106c7561ae3ddb","name":"Anna","image":{"@type":"ImageObject","inLanguage":"de","@id":"https:\/\/secure.gravatar.com\/avatar\/8adc17f1354e8252029a3205a793c695de1d4150636fd00a689f76f96e8a4c98?s=96&d=mm&r=g","url":"https:\/\/secure.gravatar.com\/avatar\/8adc17f1354e8252029a3205a793c695de1d4150636fd00a689f76f96e8a4c98?s=96&d=mm&r=g","contentUrl":"https:\/\/secure.gravatar.com\/avatar\/8adc17f1354e8252029a3205a793c695de1d4150636fd00a689f76f96e8a4c98?s=96&d=mm&r=g","caption":"Anna"}}]}},"uagb_featured_image_src":{"full":["https:\/\/www.mobellinea.com\/wp-content\/uploads\/2025\/11\/blog_f01-10.jpg",1920,900,false],"thumbnail":["https:\/\/www.mobellinea.com\/wp-content\/uploads\/2025\/11\/blog_f01-10-150x150.jpg",150,150,true],"medium":["https:\/\/www.mobellinea.com\/wp-content\/uploads\/2025\/11\/blog_f01-10-320x150.jpg",320,150,true],"medium_large":["https:\/\/www.mobellinea.com\/wp-content\/uploads\/2025\/11\/blog_f01-10-680x319.jpg",680,319,true],"large":["https:\/\/www.mobellinea.com\/wp-content\/uploads\/2025\/11\/blog_f01-10-1000x469.jpg",1000,469,true],"pieces_card":["https:\/\/www.mobellinea.com\/wp-content\/uploads\/2025\/11\/blog_f01-10-140x173.jpg",140,173,true],"gform-image-choice-sm":["https:\/\/www.mobellinea.com\/wp-content\/uploads\/2025\/11\/blog_f01-10.jpg",300,141,false],"gform-image-choice-md":["https:\/\/www.mobellinea.com\/wp-content\/uploads\/2025\/11\/blog_f01-10.jpg",400,188,false],"gform-image-choice-lg":["https:\/\/www.mobellinea.com\/wp-content\/uploads\/2025\/11\/blog_f01-10.jpg",600,281,false]},"uagb_author_info":{"display_name":"Anna","author_link":"https:\/\/www.mobellinea.com\/de\/author\/annareigmobellinea-es\/"},"uagb_comment_info":0,"uagb_excerpt":"Vom 16. bis 20. Januar fand in Paris die Maison &amp; Objet Messe statt, die sich erneut als unverzichtbare Veranstaltung f\u00fcr die Entdeckung der Neuheiten und Trends im Bereich Dekoration und Innenarchitektur etabliert. Die Veranstaltung vereint das Beste aus Design, Dekoration und Lifestyle und bietet einen Ausblick auf die Vorschl\u00e4ge, die dieses Jahr pr\u00e4gen werden.&hellip;","_links":{"self":[{"href":"https:\/\/www.mobellinea.com\/de\/wp-json\/wp\/v2\/posts\/5784","targetHints":{"allow":["GET"]}}],"collection":[{"href":"https:\/\/www.mobellinea.com\/de\/wp-json\/wp\/v2\/posts"}],"about":[{"href":"https:\/\/www.mobellinea.com\/de\/wp-json\/wp\/v2\/types\/post"}],"author":[{"embeddable":true,"href":"https:\/\/www.mobellinea.com\/de\/wp-json\/wp\/v2\/users\/8"}],"replies":[{"embeddable":true,"href":"https:\/\/www.mobellinea.com\/de\/wp-json\/wp\/v2\/comments?post=5784"}],"version-history":[{"count":3,"href":"https:\/\/www.mobellinea.com\/de\/wp-json\/wp\/v2\/posts\/5784\/revisions"}],"predecessor-version":[{"id":16783,"href":"https:\/\/www.mobellinea.com\/de\/wp-json\/wp\/v2\/posts\/5784\/revisions\/16783"}],"wp:featuredmedia":[{"embeddable":true,"href":"https:\/\/www.mobellinea.com\/de\/wp-json\/wp\/v2\/media\/5780"}],"wp:attachment":[{"href":"https:\/\/www.mobellinea.com\/de\/wp-json\/wp\/v2\/media?parent=5784"}],"wp:term":[{"taxonomy":"category","embeddable":true,"href":"https:\/\/www.mobellinea.com\/de\/wp-json\/wp\/v2\/categories?post=5784"},{"taxonomy":"post_tag","embeddable":true,"href":"https:\/\/www.mobellinea.com\/de\/wp-json\/wp\/v2\/tags?post=5784"}],"curies":[{"name":"wp","href":"https:\/\/api.w.org\/{rel}","templated":true}]}}