{"id":5767,"date":"2025-02-10T10:36:00","date_gmt":"2025-02-10T09:36:00","guid":{"rendered":"https:\/\/www.mobellinea.com\/vier-neue-stuehle-ergaenzen-die-kollektion-mobel-sit-von-mobel-linea\/"},"modified":"2025-12-23T12:55:30","modified_gmt":"2025-12-23T11:55:30","slug":"vier-neue-stuehle-ergaenzen-die-kollektion-mobel-sit-von-mobel-linea","status":"publish","type":"post","link":"https:\/\/www.mobellinea.com\/de\/vier-neue-stuehle-ergaenzen-die-kollektion-mobel-sit-von-mobel-linea\/","title":{"rendered":"Vier Neue St\u00fchle Erg\u00e4nzen Die Kollektion Mobel Sit Von Mobel Linea"},"content":{"rendered":"\n<p class=\"wp-block-paragraph\">Der Work-Bereich mit neuen, funktionsf\u00e4higen St\u00fchlen.<\/p>\n\n<p class=\"has-xx-large-font-size wp-block-paragraph\">Levita<\/p>\n\n<p class=\"wp-block-paragraph\">Entworfen von Trevor Hollard, besitzt leichte und elegante Formen aus. Ein Designerstuhl, der sich mit drei unterschiedlichen H\u00f6heneinstellungen f\u00fcr die R\u00fcckenlehne an die R\u00e4ume von F\u00fchrungskr\u00e4ften anpasst. Die niedrige und die mittlere Option sind ideal f\u00fcr Besprechungsr\u00e4ume, w\u00e4hrend die hohe Version den Chefschreibtisch perfekt erg\u00e4nzt und ihm Stil und Funktionalit\u00e4t verleiht.  <\/p>\n\n<figure class=\"wp-block-image size-large\"><img decoding=\"async\" src=\"data:image\/gif;base64,R0lGODlhAQABAIAAAAAAAP\/\/\/yH5BAEAAAAALAAAAAABAAEAAAIBRAA7\" data-src=\"https:\/\/www.mobellinea.com\/wp-content\/uploads\/2025\/11\/blog_f01-8-1000x469.jpg\" alt=\"\" class=\"wp-image-5245 lazyload\"\/><noscript><img decoding=\"async\" width=\"1000\" height=\"469\" src=\"https:\/\/www.mobellinea.com\/wp-content\/uploads\/2025\/11\/blog_f01-8-1000x469.jpg\" alt=\"\" class=\"wp-image-5245 lazyload\" srcset=\"https:\/\/www.mobellinea.com\/wp-content\/uploads\/2025\/11\/blog_f01-8-1000x469.jpg 1000w, https:\/\/www.mobellinea.com\/wp-content\/uploads\/2025\/11\/blog_f01-8-320x150.jpg 320w, https:\/\/www.mobellinea.com\/wp-content\/uploads\/2025\/11\/blog_f01-8-680x319.jpg 680w, https:\/\/www.mobellinea.com\/wp-content\/uploads\/2025\/11\/blog_f01-8.jpg 1920w\" sizes=\"(max-width: 1000px) 100vw, 1000px\" \/><\/noscript><\/figure>\n\n<p class=\"has-xx-large-font-size wp-block-paragraph\">Halo<\/p>\n\n<p class=\"wp-block-paragraph\">Halo ist ein Premiummodell f\u00fcr die Hauptnutzer mit der Besonderheit der in die R\u00fcckenlehne eingef\u00fcgten Armlehnen. Die maximale Einbindung der Linienf\u00fchrung von der die \u00c4sthetik auf ein neues Niveau gehoben wird. <\/p>\n\n<figure class=\"wp-block-image size-large\"><img decoding=\"async\" src=\"data:image\/gif;base64,R0lGODlhAQABAIAAAAAAAP\/\/\/yH5BAEAAAAALAAAAAABAAEAAAIBRAA7\" data-src=\"https:\/\/www.mobellinea.com\/wp-content\/uploads\/2025\/11\/blog_f02-7-1000x469.jpg\" alt=\"\" class=\"wp-image-5246 lazyload\"\/><noscript><img decoding=\"async\" width=\"1000\" height=\"469\" src=\"https:\/\/www.mobellinea.com\/wp-content\/uploads\/2025\/11\/blog_f02-7-1000x469.jpg\" alt=\"\" class=\"wp-image-5246 lazyload\" srcset=\"https:\/\/www.mobellinea.com\/wp-content\/uploads\/2025\/11\/blog_f02-7-1000x469.jpg 1000w, https:\/\/www.mobellinea.com\/wp-content\/uploads\/2025\/11\/blog_f02-7-320x150.jpg 320w, https:\/\/www.mobellinea.com\/wp-content\/uploads\/2025\/11\/blog_f02-7-680x319.jpg 680w, https:\/\/www.mobellinea.com\/wp-content\/uploads\/2025\/11\/blog_f02-7.jpg 1920w\" sizes=\"(max-width: 1000px) 100vw, 1000px\" \/><\/noscript><\/figure>\n\n<p class=\"has-xx-large-font-size wp-block-paragraph\">Olive<\/p>\n\n<p class=\"wp-block-paragraph\">Olive, ein Design von Baldanzi &amp; Novelli Design, zeichnet sich durch sein individuell gestaltbares Design mit Mesh-R\u00fcckenlehne, Kopfst\u00fctze und passendem, in f\u00fcnf Farben erh\u00e4ltlichem Stuhlrahmen aus.<\/p>\n\n<figure class=\"wp-block-image size-large\"><img decoding=\"async\" src=\"data:image\/gif;base64,R0lGODlhAQABAIAAAAAAAP\/\/\/yH5BAEAAAAALAAAAAABAAEAAAIBRAA7\" data-src=\"https:\/\/www.mobellinea.com\/wp-content\/uploads\/2025\/11\/blog_f03-6-1000x469.jpg\" alt=\"\" class=\"wp-image-5247 lazyload\"\/><noscript><img decoding=\"async\" width=\"1000\" height=\"469\" src=\"https:\/\/www.mobellinea.com\/wp-content\/uploads\/2025\/11\/blog_f03-6-1000x469.jpg\" alt=\"\" class=\"wp-image-5247 lazyload\" srcset=\"https:\/\/www.mobellinea.com\/wp-content\/uploads\/2025\/11\/blog_f03-6-1000x469.jpg 1000w, https:\/\/www.mobellinea.com\/wp-content\/uploads\/2025\/11\/blog_f03-6-320x150.jpg 320w, https:\/\/www.mobellinea.com\/wp-content\/uploads\/2025\/11\/blog_f03-6-680x319.jpg 680w, https:\/\/www.mobellinea.com\/wp-content\/uploads\/2025\/11\/blog_f03-6.jpg 1920w\" sizes=\"(max-width: 1000px) 100vw, 1000px\" \/><\/noscript><\/figure>\n\n<p class=\"has-xx-large-font-size wp-block-paragraph\">Ein neuer Skating-Hocker f\u00fcr Gemeinschaftsr\u00e4ume: Weekly Tall<\/p>\n\n<p class=\"wp-block-paragraph\">Weekly Tall , der neue Hocker aus der Reihe weekly, wurde mit weichen, umh\u00fcllenden Linien und zus\u00e4tzlichen Komfort und Bequemlichkeit durch die vollst\u00e4ndig gepolsterte Sitzschale entworfen.<\/p>\n\n<figure class=\"wp-block-image size-large\"><img decoding=\"async\" src=\"data:image\/gif;base64,R0lGODlhAQABAIAAAAAAAP\/\/\/yH5BAEAAAAALAAAAAABAAEAAAIBRAA7\" data-src=\"https:\/\/www.mobellinea.com\/wp-content\/uploads\/2025\/11\/blog_f04-1-1000x469.jpg\" alt=\"\" class=\"wp-image-5248 lazyload\"\/><noscript><img decoding=\"async\" width=\"1000\" height=\"469\" src=\"https:\/\/www.mobellinea.com\/wp-content\/uploads\/2025\/11\/blog_f04-1-1000x469.jpg\" alt=\"\" class=\"wp-image-5248 lazyload\" srcset=\"https:\/\/www.mobellinea.com\/wp-content\/uploads\/2025\/11\/blog_f04-1-1000x469.jpg 1000w, https:\/\/www.mobellinea.com\/wp-content\/uploads\/2025\/11\/blog_f04-1-320x150.jpg 320w, https:\/\/www.mobellinea.com\/wp-content\/uploads\/2025\/11\/blog_f04-1-680x319.jpg 680w, https:\/\/www.mobellinea.com\/wp-content\/uploads\/2025\/11\/blog_f04-1.jpg 1920w\" sizes=\"(max-width: 1000px) 100vw, 1000px\" \/><\/noscript><\/figure>\n","protected":false},"excerpt":{"rendered":"<p>Der Work-Bereich mit neuen, funktionsf\u00e4higen St\u00fchlen. Levita Entworfen von Trevor Hollard, besitzt leichte und elegante Formen aus. Ein Designerstuhl, der sich mit drei unterschiedlichen H\u00f6heneinstellungen f\u00fcr die R\u00fcckenlehne an die R\u00e4ume von F\u00fchrungskr\u00e4ften anpasst. Die niedrige und die mittlere Option sind ideal f\u00fcr Besprechungsr\u00e4ume, w\u00e4hrend die hohe Version den Chefschreibtisch perfekt erg\u00e4nzt und ihm Stil [&hellip;]<\/p>\n","protected":false},"author":8,"featured_media":17190,"comment_status":"closed","ping_status":"closed","sticky":false,"template":"","format":"standard","meta":{"_acf_changed":false,"_uag_custom_page_level_css":"","footnotes":""},"categories":[361,362,364],"tags":[],"class_list":["post-5767","post","type-post","status-publish","format-standard","has-post-thumbnail","hentry","category-nachrichten","category-produkte","category-sammlungen"],"acf":[],"yoast_head":"<!-- This site is optimized with the Yoast SEO Premium plugin v26.6 (Yoast SEO v27.6) - https:\/\/yoast.com\/product\/yoast-seo-premium-wordpress\/ -->\n<title>Vier Neue St\u00fchle Erg\u00e4nzen Die Kollektion Mobel Sit Von Mobel Linea - Mobellinea<\/title>\n<meta name=\"description\" content=\"Der Work-Bereich mit neuen, funktionsf\u00e4higen St\u00fchlen. Levita Entworfen von Trevor Hollard, besitzt leichte und elegante Formen aus. Ein Designerstuhl, der\" \/>\n<meta name=\"robots\" content=\"index, follow, max-snippet:-1, max-image-preview:large, max-video-preview:-1\" \/>\n<link rel=\"canonical\" href=\"https:\/\/www.mobellinea.com\/de\/vier-neue-stuehle-ergaenzen-die-kollektion-mobel-sit-von-mobel-linea\/\" \/>\n<meta property=\"og:locale\" content=\"de_DE\" \/>\n<meta property=\"og:type\" content=\"article\" \/>\n<meta property=\"og:title\" content=\"Vier Neue St\u00fchle Erg\u00e4nzen Die Kollektion Mobel Sit Von Mobel Linea\" \/>\n<meta property=\"og:description\" content=\"Der Work-Bereich mit neuen, funktionsf\u00e4higen St\u00fchlen. Levita Entworfen von Trevor Hollard, besitzt leichte und elegante Formen aus. Ein Designerstuhl, der\" \/>\n<meta property=\"og:url\" content=\"https:\/\/www.mobellinea.com\/de\/vier-neue-stuehle-ergaenzen-die-kollektion-mobel-sit-von-mobel-linea\/\" \/>\n<meta property=\"og:site_name\" content=\"Mobellinea\" \/>\n<meta property=\"article:publisher\" content=\"https:\/\/www.facebook.com\/mobellineasl\" \/>\n<meta property=\"article:published_time\" content=\"2025-02-10T09:36:00+00:00\" \/>\n<meta property=\"article:modified_time\" content=\"2025-12-23T11:55:30+00:00\" \/>\n<meta property=\"og:image\" content=\"https:\/\/www.mobellinea.com\/wp-content\/uploads\/2025\/11\/blog_f04-1.jpg\" \/>\n\t<meta property=\"og:image:width\" content=\"1920\" \/>\n\t<meta property=\"og:image:height\" content=\"900\" \/>\n\t<meta property=\"og:image:type\" content=\"image\/jpeg\" \/>\n<meta name=\"author\" content=\"Anna\" \/>\n<meta name=\"twitter:card\" content=\"summary_large_image\" \/>\n<meta name=\"twitter:label1\" content=\"Verfasst von\" \/>\n\t<meta name=\"twitter:data1\" content=\"Anna\" \/>\n\t<meta name=\"twitter:label2\" content=\"Gesch\u00e4tzte Lesezeit\" \/>\n\t<meta name=\"twitter:data2\" content=\"1\u00a0Minute\" \/>\n<script type=\"application\/ld+json\" class=\"yoast-schema-graph\">{\"@context\":\"https:\\\/\\\/schema.org\",\"@graph\":[{\"@type\":\"Article\",\"@id\":\"https:\\\/\\\/www.mobellinea.com\\\/de\\\/vier-neue-stuehle-ergaenzen-die-kollektion-mobel-sit-von-mobel-linea\\\/#article\",\"isPartOf\":{\"@id\":\"https:\\\/\\\/www.mobellinea.com\\\/de\\\/vier-neue-stuehle-ergaenzen-die-kollektion-mobel-sit-von-mobel-linea\\\/\"},\"author\":{\"name\":\"Anna\",\"@id\":\"https:\\\/\\\/mobellinea.com\\\/en\\\/#\\\/schema\\\/person\\\/518e40fa1dcd8c2ef7106c7561ae3ddb\"},\"headline\":\"Vier Neue St\u00fchle Erg\u00e4nzen Die Kollektion Mobel Sit Von Mobel Linea\",\"datePublished\":\"2025-02-10T09:36:00+00:00\",\"dateModified\":\"2025-12-23T11:55:30+00:00\",\"mainEntityOfPage\":{\"@id\":\"https:\\\/\\\/www.mobellinea.com\\\/de\\\/vier-neue-stuehle-ergaenzen-die-kollektion-mobel-sit-von-mobel-linea\\\/\"},\"wordCount\":188,\"image\":{\"@id\":\"https:\\\/\\\/www.mobellinea.com\\\/de\\\/vier-neue-stuehle-ergaenzen-die-kollektion-mobel-sit-von-mobel-linea\\\/#primaryimage\"},\"thumbnailUrl\":\"https:\\\/\\\/www.mobellinea.com\\\/wp-content\\\/uploads\\\/2025\\\/11\\\/blog_f04-1.jpg\",\"articleSection\":[\"Nachrichten\",\"Produkte\",\"Sammlungen\"],\"inLanguage\":\"de\"},{\"@type\":\"WebPage\",\"@id\":\"https:\\\/\\\/www.mobellinea.com\\\/de\\\/vier-neue-stuehle-ergaenzen-die-kollektion-mobel-sit-von-mobel-linea\\\/\",\"url\":\"https:\\\/\\\/www.mobellinea.com\\\/de\\\/vier-neue-stuehle-ergaenzen-die-kollektion-mobel-sit-von-mobel-linea\\\/\",\"name\":\"Vier Neue St\u00fchle Erg\u00e4nzen Die Kollektion Mobel Sit Von Mobel Linea - Mobellinea\",\"isPartOf\":{\"@id\":\"https:\\\/\\\/mobellinea.com\\\/en\\\/#website\"},\"primaryImageOfPage\":{\"@id\":\"https:\\\/\\\/www.mobellinea.com\\\/de\\\/vier-neue-stuehle-ergaenzen-die-kollektion-mobel-sit-von-mobel-linea\\\/#primaryimage\"},\"image\":{\"@id\":\"https:\\\/\\\/www.mobellinea.com\\\/de\\\/vier-neue-stuehle-ergaenzen-die-kollektion-mobel-sit-von-mobel-linea\\\/#primaryimage\"},\"thumbnailUrl\":\"https:\\\/\\\/www.mobellinea.com\\\/wp-content\\\/uploads\\\/2025\\\/11\\\/blog_f04-1.jpg\",\"datePublished\":\"2025-02-10T09:36:00+00:00\",\"dateModified\":\"2025-12-23T11:55:30+00:00\",\"author\":{\"@id\":\"https:\\\/\\\/mobellinea.com\\\/en\\\/#\\\/schema\\\/person\\\/518e40fa1dcd8c2ef7106c7561ae3ddb\"},\"description\":\"Der Work-Bereich mit neuen, funktionsf\u00e4higen St\u00fchlen. Levita Entworfen von Trevor Hollard, besitzt leichte und elegante Formen aus. Ein Designerstuhl, der\",\"breadcrumb\":{\"@id\":\"https:\\\/\\\/www.mobellinea.com\\\/de\\\/vier-neue-stuehle-ergaenzen-die-kollektion-mobel-sit-von-mobel-linea\\\/#breadcrumb\"},\"inLanguage\":\"de\",\"potentialAction\":[{\"@type\":\"ReadAction\",\"target\":[\"https:\\\/\\\/www.mobellinea.com\\\/de\\\/vier-neue-stuehle-ergaenzen-die-kollektion-mobel-sit-von-mobel-linea\\\/\"]}]},{\"@type\":\"ImageObject\",\"inLanguage\":\"de\",\"@id\":\"https:\\\/\\\/www.mobellinea.com\\\/de\\\/vier-neue-stuehle-ergaenzen-die-kollektion-mobel-sit-von-mobel-linea\\\/#primaryimage\",\"url\":\"https:\\\/\\\/www.mobellinea.com\\\/wp-content\\\/uploads\\\/2025\\\/11\\\/blog_f04-1.jpg\",\"contentUrl\":\"https:\\\/\\\/www.mobellinea.com\\\/wp-content\\\/uploads\\\/2025\\\/11\\\/blog_f04-1.jpg\",\"width\":1920,\"height\":900},{\"@type\":\"BreadcrumbList\",\"@id\":\"https:\\\/\\\/www.mobellinea.com\\\/de\\\/vier-neue-stuehle-ergaenzen-die-kollektion-mobel-sit-von-mobel-linea\\\/#breadcrumb\",\"itemListElement\":[{\"@type\":\"ListItem\",\"position\":1,\"name\":\"Home\",\"item\":\"https:\\\/\\\/www.mobellinea.com\\\/de\\\/home\\\/\"},{\"@type\":\"ListItem\",\"position\":2,\"name\":\"Sammlungen\",\"item\":\"https:\\\/\\\/www.mobellinea.com\\\/de\\\/category\\\/sammlungen\\\/\"},{\"@type\":\"ListItem\",\"position\":3,\"name\":\"Vier Neue St\u00fchle Erg\u00e4nzen Die Kollektion Mobel Sit Von Mobel Linea\"}]},{\"@type\":\"WebSite\",\"@id\":\"https:\\\/\\\/mobellinea.com\\\/en\\\/#website\",\"url\":\"https:\\\/\\\/mobellinea.com\\\/en\\\/\",\"name\":\"MobelLinea\",\"description\":\"Dise\u00f1amos y fabricamos soluciones de mobiliario para oficinas y espacios colectivos. Creamos entornos honestos, funcionales y humanos, pensados para mejorar la vida de las personas\",\"alternateName\":\"Mobel Linea\",\"potentialAction\":[{\"@type\":\"SearchAction\",\"target\":{\"@type\":\"EntryPoint\",\"urlTemplate\":\"https:\\\/\\\/mobellinea.com\\\/en\\\/?s={search_term_string}\"},\"query-input\":{\"@type\":\"PropertyValueSpecification\",\"valueRequired\":true,\"valueName\":\"search_term_string\"}}],\"inLanguage\":\"de\"},{\"@type\":\"Person\",\"@id\":\"https:\\\/\\\/mobellinea.com\\\/en\\\/#\\\/schema\\\/person\\\/518e40fa1dcd8c2ef7106c7561ae3ddb\",\"name\":\"Anna\",\"image\":{\"@type\":\"ImageObject\",\"inLanguage\":\"de\",\"@id\":\"https:\\\/\\\/secure.gravatar.com\\\/avatar\\\/8adc17f1354e8252029a3205a793c695de1d4150636fd00a689f76f96e8a4c98?s=96&d=mm&r=g\",\"url\":\"https:\\\/\\\/secure.gravatar.com\\\/avatar\\\/8adc17f1354e8252029a3205a793c695de1d4150636fd00a689f76f96e8a4c98?s=96&d=mm&r=g\",\"contentUrl\":\"https:\\\/\\\/secure.gravatar.com\\\/avatar\\\/8adc17f1354e8252029a3205a793c695de1d4150636fd00a689f76f96e8a4c98?s=96&d=mm&r=g\",\"caption\":\"Anna\"}}]}<\/script>\n<!-- \/ Yoast SEO Premium plugin. -->","yoast_head_json":{"title":"Vier Neue St\u00fchle Erg\u00e4nzen Die Kollektion Mobel Sit Von Mobel Linea - Mobellinea","description":"Der Work-Bereich mit neuen, funktionsf\u00e4higen St\u00fchlen. Levita Entworfen von Trevor Hollard, besitzt leichte und elegante Formen aus. Ein Designerstuhl, der","robots":{"index":"index","follow":"follow","max-snippet":"max-snippet:-1","max-image-preview":"max-image-preview:large","max-video-preview":"max-video-preview:-1"},"canonical":"https:\/\/www.mobellinea.com\/de\/vier-neue-stuehle-ergaenzen-die-kollektion-mobel-sit-von-mobel-linea\/","og_locale":"de_DE","og_type":"article","og_title":"Vier Neue St\u00fchle Erg\u00e4nzen Die Kollektion Mobel Sit Von Mobel Linea","og_description":"Der Work-Bereich mit neuen, funktionsf\u00e4higen St\u00fchlen. Levita Entworfen von Trevor Hollard, besitzt leichte und elegante Formen aus. Ein Designerstuhl, der","og_url":"https:\/\/www.mobellinea.com\/de\/vier-neue-stuehle-ergaenzen-die-kollektion-mobel-sit-von-mobel-linea\/","og_site_name":"Mobellinea","article_publisher":"https:\/\/www.facebook.com\/mobellineasl","article_published_time":"2025-02-10T09:36:00+00:00","article_modified_time":"2025-12-23T11:55:30+00:00","og_image":[{"width":1920,"height":900,"url":"https:\/\/www.mobellinea.com\/wp-content\/uploads\/2025\/11\/blog_f04-1.jpg","type":"image\/jpeg"}],"author":"Anna","twitter_card":"summary_large_image","twitter_misc":{"Verfasst von":"Anna","Gesch\u00e4tzte Lesezeit":"1\u00a0Minute"},"schema":{"@context":"https:\/\/schema.org","@graph":[{"@type":"Article","@id":"https:\/\/www.mobellinea.com\/de\/vier-neue-stuehle-ergaenzen-die-kollektion-mobel-sit-von-mobel-linea\/#article","isPartOf":{"@id":"https:\/\/www.mobellinea.com\/de\/vier-neue-stuehle-ergaenzen-die-kollektion-mobel-sit-von-mobel-linea\/"},"author":{"name":"Anna","@id":"https:\/\/mobellinea.com\/en\/#\/schema\/person\/518e40fa1dcd8c2ef7106c7561ae3ddb"},"headline":"Vier Neue St\u00fchle Erg\u00e4nzen Die Kollektion Mobel Sit Von Mobel Linea","datePublished":"2025-02-10T09:36:00+00:00","dateModified":"2025-12-23T11:55:30+00:00","mainEntityOfPage":{"@id":"https:\/\/www.mobellinea.com\/de\/vier-neue-stuehle-ergaenzen-die-kollektion-mobel-sit-von-mobel-linea\/"},"wordCount":188,"image":{"@id":"https:\/\/www.mobellinea.com\/de\/vier-neue-stuehle-ergaenzen-die-kollektion-mobel-sit-von-mobel-linea\/#primaryimage"},"thumbnailUrl":"https:\/\/www.mobellinea.com\/wp-content\/uploads\/2025\/11\/blog_f04-1.jpg","articleSection":["Nachrichten","Produkte","Sammlungen"],"inLanguage":"de"},{"@type":"WebPage","@id":"https:\/\/www.mobellinea.com\/de\/vier-neue-stuehle-ergaenzen-die-kollektion-mobel-sit-von-mobel-linea\/","url":"https:\/\/www.mobellinea.com\/de\/vier-neue-stuehle-ergaenzen-die-kollektion-mobel-sit-von-mobel-linea\/","name":"Vier Neue St\u00fchle Erg\u00e4nzen Die Kollektion Mobel Sit Von Mobel Linea - Mobellinea","isPartOf":{"@id":"https:\/\/mobellinea.com\/en\/#website"},"primaryImageOfPage":{"@id":"https:\/\/www.mobellinea.com\/de\/vier-neue-stuehle-ergaenzen-die-kollektion-mobel-sit-von-mobel-linea\/#primaryimage"},"image":{"@id":"https:\/\/www.mobellinea.com\/de\/vier-neue-stuehle-ergaenzen-die-kollektion-mobel-sit-von-mobel-linea\/#primaryimage"},"thumbnailUrl":"https:\/\/www.mobellinea.com\/wp-content\/uploads\/2025\/11\/blog_f04-1.jpg","datePublished":"2025-02-10T09:36:00+00:00","dateModified":"2025-12-23T11:55:30+00:00","author":{"@id":"https:\/\/mobellinea.com\/en\/#\/schema\/person\/518e40fa1dcd8c2ef7106c7561ae3ddb"},"description":"Der Work-Bereich mit neuen, funktionsf\u00e4higen St\u00fchlen. Levita Entworfen von Trevor Hollard, besitzt leichte und elegante Formen aus. Ein Designerstuhl, der","breadcrumb":{"@id":"https:\/\/www.mobellinea.com\/de\/vier-neue-stuehle-ergaenzen-die-kollektion-mobel-sit-von-mobel-linea\/#breadcrumb"},"inLanguage":"de","potentialAction":[{"@type":"ReadAction","target":["https:\/\/www.mobellinea.com\/de\/vier-neue-stuehle-ergaenzen-die-kollektion-mobel-sit-von-mobel-linea\/"]}]},{"@type":"ImageObject","inLanguage":"de","@id":"https:\/\/www.mobellinea.com\/de\/vier-neue-stuehle-ergaenzen-die-kollektion-mobel-sit-von-mobel-linea\/#primaryimage","url":"https:\/\/www.mobellinea.com\/wp-content\/uploads\/2025\/11\/blog_f04-1.jpg","contentUrl":"https:\/\/www.mobellinea.com\/wp-content\/uploads\/2025\/11\/blog_f04-1.jpg","width":1920,"height":900},{"@type":"BreadcrumbList","@id":"https:\/\/www.mobellinea.com\/de\/vier-neue-stuehle-ergaenzen-die-kollektion-mobel-sit-von-mobel-linea\/#breadcrumb","itemListElement":[{"@type":"ListItem","position":1,"name":"Home","item":"https:\/\/www.mobellinea.com\/de\/home\/"},{"@type":"ListItem","position":2,"name":"Sammlungen","item":"https:\/\/www.mobellinea.com\/de\/category\/sammlungen\/"},{"@type":"ListItem","position":3,"name":"Vier Neue St\u00fchle Erg\u00e4nzen Die Kollektion Mobel Sit Von Mobel Linea"}]},{"@type":"WebSite","@id":"https:\/\/mobellinea.com\/en\/#website","url":"https:\/\/mobellinea.com\/en\/","name":"MobelLinea","description":"Dise\u00f1amos y fabricamos soluciones de mobiliario para oficinas y espacios colectivos. Creamos entornos honestos, funcionales y humanos, pensados para mejorar la vida de las personas","alternateName":"Mobel Linea","potentialAction":[{"@type":"SearchAction","target":{"@type":"EntryPoint","urlTemplate":"https:\/\/mobellinea.com\/en\/?s={search_term_string}"},"query-input":{"@type":"PropertyValueSpecification","valueRequired":true,"valueName":"search_term_string"}}],"inLanguage":"de"},{"@type":"Person","@id":"https:\/\/mobellinea.com\/en\/#\/schema\/person\/518e40fa1dcd8c2ef7106c7561ae3ddb","name":"Anna","image":{"@type":"ImageObject","inLanguage":"de","@id":"https:\/\/secure.gravatar.com\/avatar\/8adc17f1354e8252029a3205a793c695de1d4150636fd00a689f76f96e8a4c98?s=96&d=mm&r=g","url":"https:\/\/secure.gravatar.com\/avatar\/8adc17f1354e8252029a3205a793c695de1d4150636fd00a689f76f96e8a4c98?s=96&d=mm&r=g","contentUrl":"https:\/\/secure.gravatar.com\/avatar\/8adc17f1354e8252029a3205a793c695de1d4150636fd00a689f76f96e8a4c98?s=96&d=mm&r=g","caption":"Anna"}}]}},"uagb_featured_image_src":{"full":["https:\/\/www.mobellinea.com\/wp-content\/uploads\/2025\/11\/blog_f04-1.jpg",1920,900,false],"thumbnail":["https:\/\/www.mobellinea.com\/wp-content\/uploads\/2025\/11\/blog_f04-1-150x150.jpg",150,150,true],"medium":["https:\/\/www.mobellinea.com\/wp-content\/uploads\/2025\/11\/blog_f04-1-320x150.jpg",320,150,true],"medium_large":["https:\/\/www.mobellinea.com\/wp-content\/uploads\/2025\/11\/blog_f04-1-680x319.jpg",680,319,true],"large":["https:\/\/www.mobellinea.com\/wp-content\/uploads\/2025\/11\/blog_f04-1-1000x469.jpg",1000,469,true],"pieces_card":["https:\/\/www.mobellinea.com\/wp-content\/uploads\/2025\/11\/blog_f04-1-140x173.jpg",140,173,true],"gform-image-choice-sm":["https:\/\/www.mobellinea.com\/wp-content\/uploads\/2025\/11\/blog_f04-1.jpg",300,141,false],"gform-image-choice-md":["https:\/\/www.mobellinea.com\/wp-content\/uploads\/2025\/11\/blog_f04-1.jpg",400,188,false],"gform-image-choice-lg":["https:\/\/www.mobellinea.com\/wp-content\/uploads\/2025\/11\/blog_f04-1.jpg",600,281,false]},"uagb_author_info":{"display_name":"Anna","author_link":"https:\/\/www.mobellinea.com\/de\/author\/annareigmobellinea-es\/"},"uagb_comment_info":0,"uagb_excerpt":"Der Work-Bereich mit neuen, funktionsf\u00e4higen St\u00fchlen. Levita Entworfen von Trevor Hollard, besitzt leichte und elegante Formen aus. Ein Designerstuhl, der sich mit drei unterschiedlichen H\u00f6heneinstellungen f\u00fcr die R\u00fcckenlehne an die R\u00e4ume von F\u00fchrungskr\u00e4ften anpasst. Die niedrige und die mittlere Option sind ideal f\u00fcr Besprechungsr\u00e4ume, w\u00e4hrend die hohe Version den Chefschreibtisch perfekt erg\u00e4nzt und ihm Stil&hellip;","_links":{"self":[{"href":"https:\/\/www.mobellinea.com\/de\/wp-json\/wp\/v2\/posts\/5767","targetHints":{"allow":["GET"]}}],"collection":[{"href":"https:\/\/www.mobellinea.com\/de\/wp-json\/wp\/v2\/posts"}],"about":[{"href":"https:\/\/www.mobellinea.com\/de\/wp-json\/wp\/v2\/types\/post"}],"author":[{"embeddable":true,"href":"https:\/\/www.mobellinea.com\/de\/wp-json\/wp\/v2\/users\/8"}],"replies":[{"embeddable":true,"href":"https:\/\/www.mobellinea.com\/de\/wp-json\/wp\/v2\/comments?post=5767"}],"version-history":[{"count":5,"href":"https:\/\/www.mobellinea.com\/de\/wp-json\/wp\/v2\/posts\/5767\/revisions"}],"predecessor-version":[{"id":16771,"href":"https:\/\/www.mobellinea.com\/de\/wp-json\/wp\/v2\/posts\/5767\/revisions\/16771"}],"wp:featuredmedia":[{"embeddable":true,"href":"https:\/\/www.mobellinea.com\/de\/wp-json\/wp\/v2\/media\/17190"}],"wp:attachment":[{"href":"https:\/\/www.mobellinea.com\/de\/wp-json\/wp\/v2\/media?parent=5767"}],"wp:term":[{"taxonomy":"category","embeddable":true,"href":"https:\/\/www.mobellinea.com\/de\/wp-json\/wp\/v2\/categories?post=5767"},{"taxonomy":"post_tag","embeddable":true,"href":"https:\/\/www.mobellinea.com\/de\/wp-json\/wp\/v2\/tags?post=5767"}],"curies":[{"name":"wp","href":"https:\/\/api.w.org\/{rel}","templated":true}]}}