{"id":5652,"date":"2024-09-20T11:34:00","date_gmt":"2024-09-20T09:34:00","guid":{"rendered":"https:\/\/www.mobellinea.com\/jaehrliche-geschaeftsversammlung-2024\/"},"modified":"2025-12-19T13:04:03","modified_gmt":"2025-12-19T12:04:03","slug":"jaehrliche-geschaeftsversammlung-2024","status":"publish","type":"post","link":"https:\/\/www.mobellinea.com\/de\/jaehrliche-geschaeftsversammlung-2024\/","title":{"rendered":"J\u00e4hrliche Gesch\u00e4ftsversammlung 2024"},"content":{"rendered":"\n<p class=\"has-x-large-font-size wp-block-paragraph\">Mobel Linea verzeichnet im Jahr 2023 ein Wachstum des nationalen Umsatzes von 9,23 % und im bisherigen Verlauf von 2024 einen Anstieg von 4,98 %.<\/p>\n\n<p class=\"has-x-large-font-size wp-block-paragraph\">Das Unternehmen pr\u00e4sentiert seinen neuen 950 m\u00b2 gro\u00dfen Showroom und k\u00fcndigt seine Teilnahme an der ORGATEC 2024 mit einem 260 m\u00b2 gro\u00dfen Stand an.<\/p>\n\n<figure class=\"wp-block-image size-large\"><img decoding=\"async\" src=\"data:image\/gif;base64,R0lGODlhAQABAIAAAAAAAP\/\/\/yH5BAEAAAAALAAAAAABAAEAAAIBRAA7\" data-src=\"https:\/\/www.mobellinea.com\/wp-content\/uploads\/2025\/11\/blog_f01-15-1000x469.jpg\" alt=\"\" class=\"wp-image-5295 lazyload\"\/><noscript><img decoding=\"async\" width=\"1000\" height=\"469\" src=\"https:\/\/www.mobellinea.com\/wp-content\/uploads\/2025\/11\/blog_f01-15-1000x469.jpg\" alt=\"\" class=\"wp-image-5295 lazyload\" srcset=\"https:\/\/www.mobellinea.com\/wp-content\/uploads\/2025\/11\/blog_f01-15-1000x469.jpg 1000w, https:\/\/www.mobellinea.com\/wp-content\/uploads\/2025\/11\/blog_f01-15-320x150.jpg 320w, https:\/\/www.mobellinea.com\/wp-content\/uploads\/2025\/11\/blog_f01-15-680x319.jpg 680w, https:\/\/www.mobellinea.com\/wp-content\/uploads\/2025\/11\/blog_f01-15.jpg 1920w\" sizes=\"(max-width: 1000px) 100vw, 1000px\" \/><\/noscript><\/figure>\n\n<p class=\"wp-block-paragraph\">Mobel Linea hat das Jahr 2023 mit einer positiven Bilanz abgeschlossen und seine n\u00e4chsten Markteinf\u00fchrungen w\u00e4hrend seiner j\u00e4hrlichen Gesch\u00e4ftsversammlung vorgestellt, die am 4. Oktober in seinem Hauptsitz in Cervera (L\u00e9rida) stattfand. Die Veranstaltung brachte mehr als 30 Fachleute zusammen, darunter Handelsvertreter und Handelsvertreterinnen, Unternehmensangeh\u00f6rige im Management sowie Gebietsleiter und Gebietsleiterinnen, um die Entwicklung des Unternehmens zu analysieren und Pl\u00e4ne f\u00fcr das n\u00e4chste Jahr auszutauschen. <\/p>\n\n<p class=\"wp-block-paragraph\">Zu den wichtigsten Meilensteinen geh\u00f6rt das landesweite Umsatzwachstum von 9,23 % im Jahr 2023, das Mobel Linea als f\u00fchrendes Unternehmen der Branche gefestigt dastehen l\u00e4sst. Dar\u00fcber hinaus hat das Unternehmen einen neuen 950 m\u00b2 gro\u00dfen Showroom eingeweiht, der es der \u00d6ffentlichkeit erm\u00f6glicht, die neuesten Entwicklungen der Marke aus erster Hand kennenzulernen. <\/p>\n\n<figure class=\"wp-block-image size-large\"><img decoding=\"async\" src=\"data:image\/gif;base64,R0lGODlhAQABAIAAAAAAAP\/\/\/yH5BAEAAAAALAAAAAABAAEAAAIBRAA7\" data-src=\"https:\/\/www.mobellinea.com\/wp-content\/uploads\/2025\/11\/blog_f02-12-1000x469.jpg\" alt=\"\" class=\"wp-image-5296 lazyload\"\/><noscript><img decoding=\"async\" width=\"1000\" height=\"469\" src=\"https:\/\/www.mobellinea.com\/wp-content\/uploads\/2025\/11\/blog_f02-12-1000x469.jpg\" alt=\"\" class=\"wp-image-5296 lazyload\" srcset=\"https:\/\/www.mobellinea.com\/wp-content\/uploads\/2025\/11\/blog_f02-12-1000x469.jpg 1000w, https:\/\/www.mobellinea.com\/wp-content\/uploads\/2025\/11\/blog_f02-12-320x150.jpg 320w, https:\/\/www.mobellinea.com\/wp-content\/uploads\/2025\/11\/blog_f02-12-680x319.jpg 680w, https:\/\/www.mobellinea.com\/wp-content\/uploads\/2025\/11\/blog_f02-12.jpg 1920w\" sizes=\"(max-width: 1000px) 100vw, 1000px\" \/><\/noscript><\/figure>\n\n<p class=\"wp-block-paragraph\">W\u00e4hrend des Treffens brachte das Management von Mobel Linea seine Zufriedenheit mit den bisher erzielten Ergebnissen im Jahr 2024 zum Ausdruck, mit einem Wachstum von 4,98 % auf dem nationalen Markt: &#8222;Wir freuen uns sehr, das Jahr 2023 mit einem positiven Ergebnis abschlie\u00dfen und den nachhaltigen Wachstumstrend auch im Jahr 2024 fortsetzen zu k\u00f6nnen&#8220;, wurde unternehmensseitig erkl\u00e4rt.<\/p>\n\n<p class=\"wp-block-paragraph\">Neben der Besprechung der neuesten Kollektionen wurden auch die neuen Produkte vorgestellt, die das Unternehmen auf der ORGATEC 2024, der internationalen Leitmesse f\u00fcr Design und B\u00fcrom\u00f6bel, die im Oktober 2024 in K\u00f6ln stattfand, ausgestellt hatte. Mobel Linea verf\u00fcgte dabei \u00fcber eine Fl\u00e4che von 260 m\u00b2, auf der die neuesten Innovationen ausgestellt wurden, wobei der Schwerpunkt auf Design, Funktionalit\u00e4t und Nachhaltigkeit lag. <\/p>\n\n<figure class=\"wp-block-image size-large\"><img decoding=\"async\" src=\"data:image\/gif;base64,R0lGODlhAQABAIAAAAAAAP\/\/\/yH5BAEAAAAALAAAAAABAAEAAAIBRAA7\" data-src=\"https:\/\/www.mobellinea.com\/wp-content\/uploads\/2025\/11\/blog_f03-11-1000x469.jpg\" alt=\"\" class=\"wp-image-5297 lazyload\"\/><noscript><img decoding=\"async\" width=\"1000\" height=\"469\" src=\"https:\/\/www.mobellinea.com\/wp-content\/uploads\/2025\/11\/blog_f03-11-1000x469.jpg\" alt=\"\" class=\"wp-image-5297 lazyload\" srcset=\"https:\/\/www.mobellinea.com\/wp-content\/uploads\/2025\/11\/blog_f03-11-1000x469.jpg 1000w, https:\/\/www.mobellinea.com\/wp-content\/uploads\/2025\/11\/blog_f03-11-320x150.jpg 320w, https:\/\/www.mobellinea.com\/wp-content\/uploads\/2025\/11\/blog_f03-11-680x319.jpg 680w, https:\/\/www.mobellinea.com\/wp-content\/uploads\/2025\/11\/blog_f03-11.jpg 1920w\" sizes=\"(max-width: 1000px) 100vw, 1000px\" \/><\/noscript><\/figure>\n\n<p class=\"wp-block-paragraph\">Abschlie\u00dfend wurden die Renovierung und Erweiterung des Maschinenparks sowie der Einbau neuer Transportanh\u00e4nger hervorgehoben, wichtige Schritte im Rahmen des Engagements von Mobel Linea f\u00fcr Nachhaltigkeit und Effizienz. Diese Investitionen, die auf die Implementierung von L\u00f6sungen f\u00fcr Industrie 4.0 abzielen, bekr\u00e4ftigen das Ziel des Unternehmens, seine Produktionsprozesse zu optimieren, seine Umweltbelastung zu reduzieren und den Weg zu einer verantwortungsvolleren Produktion zu ebnen. <\/p>\n","protected":false},"excerpt":{"rendered":"<p>Mobel Linea verzeichnet im Jahr 2023 ein Wachstum des nationalen Umsatzes von 9,23 % und im bisherigen Verlauf von 2024 einen Anstieg von 4,98 %. Das Unternehmen pr\u00e4sentiert seinen neuen 950 m\u00b2 gro\u00dfen Showroom und k\u00fcndigt seine Teilnahme an der ORGATEC 2024 mit einem 260 m\u00b2 gro\u00dfen Stand an. Mobel Linea hat das Jahr 2023 [&hellip;]<\/p>\n","protected":false},"author":8,"featured_media":17206,"comment_status":"closed","ping_status":"closed","sticky":false,"template":"","format":"standard","meta":{"_acf_changed":false,"_uag_custom_page_level_css":"","footnotes":""},"categories":[361,373],"tags":[],"class_list":["post-5652","post","type-post","status-publish","format-standard","has-post-thumbnail","hentry","category-nachrichten","category-veranstaltungen"],"acf":[],"yoast_head":"<!-- This site is optimized with the Yoast SEO Premium plugin v26.6 (Yoast SEO v27.6) - https:\/\/yoast.com\/product\/yoast-seo-premium-wordpress\/ -->\n<title>J\u00e4hrliche Gesch\u00e4ftsversammlung 2024 - Mobellinea<\/title>\n<meta name=\"description\" content=\"Mobel Linea verzeichnet im Jahr 2023 ein Wachstum des nationalen Umsatzes von 9,23 % und im bisherigen Verlauf von 2024 einen Anstieg von 4,98 %. Das\" \/>\n<meta name=\"robots\" content=\"index, follow, max-snippet:-1, max-image-preview:large, max-video-preview:-1\" \/>\n<link rel=\"canonical\" href=\"https:\/\/www.mobellinea.com\/de\/jaehrliche-geschaeftsversammlung-2024\/\" \/>\n<meta property=\"og:locale\" content=\"de_DE\" \/>\n<meta property=\"og:type\" content=\"article\" \/>\n<meta property=\"og:title\" content=\"J\u00e4hrliche Gesch\u00e4ftsversammlung 2024\" \/>\n<meta property=\"og:description\" content=\"Mobel Linea verzeichnet im Jahr 2023 ein Wachstum des nationalen Umsatzes von 9,23 % und im bisherigen Verlauf von 2024 einen Anstieg von 4,98 %. Das\" \/>\n<meta property=\"og:url\" content=\"https:\/\/www.mobellinea.com\/de\/jaehrliche-geschaeftsversammlung-2024\/\" \/>\n<meta property=\"og:site_name\" content=\"Mobellinea\" \/>\n<meta property=\"article:publisher\" content=\"https:\/\/www.facebook.com\/mobellineasl\" \/>\n<meta property=\"article:published_time\" content=\"2024-09-20T09:34:00+00:00\" \/>\n<meta property=\"article:modified_time\" content=\"2025-12-19T12:04:03+00:00\" \/>\n<meta property=\"og:image\" content=\"https:\/\/www.mobellinea.com\/wp-content\/uploads\/2025\/11\/blog_f01-15.jpg\" \/>\n\t<meta property=\"og:image:width\" content=\"1920\" \/>\n\t<meta property=\"og:image:height\" content=\"900\" \/>\n\t<meta property=\"og:image:type\" content=\"image\/jpeg\" \/>\n<meta name=\"author\" content=\"Anna\" \/>\n<meta name=\"twitter:card\" content=\"summary_large_image\" \/>\n<meta name=\"twitter:label1\" content=\"Verfasst von\" \/>\n\t<meta name=\"twitter:data1\" content=\"Anna\" \/>\n\t<meta name=\"twitter:label2\" content=\"Gesch\u00e4tzte Lesezeit\" \/>\n\t<meta name=\"twitter:data2\" content=\"3\u00a0Minuten\" \/>\n<script type=\"application\/ld+json\" class=\"yoast-schema-graph\">{\"@context\":\"https:\\\/\\\/schema.org\",\"@graph\":[{\"@type\":\"Article\",\"@id\":\"https:\\\/\\\/www.mobellinea.com\\\/de\\\/jaehrliche-geschaeftsversammlung-2024\\\/#article\",\"isPartOf\":{\"@id\":\"https:\\\/\\\/www.mobellinea.com\\\/de\\\/jaehrliche-geschaeftsversammlung-2024\\\/\"},\"author\":{\"name\":\"Anna\",\"@id\":\"https:\\\/\\\/mobellinea.com\\\/en\\\/#\\\/schema\\\/person\\\/518e40fa1dcd8c2ef7106c7561ae3ddb\"},\"headline\":\"J\u00e4hrliche Gesch\u00e4ftsversammlung 2024\",\"datePublished\":\"2024-09-20T09:34:00+00:00\",\"dateModified\":\"2025-12-19T12:04:03+00:00\",\"mainEntityOfPage\":{\"@id\":\"https:\\\/\\\/www.mobellinea.com\\\/de\\\/jaehrliche-geschaeftsversammlung-2024\\\/\"},\"wordCount\":359,\"image\":{\"@id\":\"https:\\\/\\\/www.mobellinea.com\\\/de\\\/jaehrliche-geschaeftsversammlung-2024\\\/#primaryimage\"},\"thumbnailUrl\":\"https:\\\/\\\/www.mobellinea.com\\\/wp-content\\\/uploads\\\/2025\\\/11\\\/blog_f01-15.jpg\",\"articleSection\":[\"Nachrichten\",\"Veranstaltungen\"],\"inLanguage\":\"de\"},{\"@type\":\"WebPage\",\"@id\":\"https:\\\/\\\/www.mobellinea.com\\\/de\\\/jaehrliche-geschaeftsversammlung-2024\\\/\",\"url\":\"https:\\\/\\\/www.mobellinea.com\\\/de\\\/jaehrliche-geschaeftsversammlung-2024\\\/\",\"name\":\"J\u00e4hrliche Gesch\u00e4ftsversammlung 2024 - Mobellinea\",\"isPartOf\":{\"@id\":\"https:\\\/\\\/mobellinea.com\\\/en\\\/#website\"},\"primaryImageOfPage\":{\"@id\":\"https:\\\/\\\/www.mobellinea.com\\\/de\\\/jaehrliche-geschaeftsversammlung-2024\\\/#primaryimage\"},\"image\":{\"@id\":\"https:\\\/\\\/www.mobellinea.com\\\/de\\\/jaehrliche-geschaeftsversammlung-2024\\\/#primaryimage\"},\"thumbnailUrl\":\"https:\\\/\\\/www.mobellinea.com\\\/wp-content\\\/uploads\\\/2025\\\/11\\\/blog_f01-15.jpg\",\"datePublished\":\"2024-09-20T09:34:00+00:00\",\"dateModified\":\"2025-12-19T12:04:03+00:00\",\"author\":{\"@id\":\"https:\\\/\\\/mobellinea.com\\\/en\\\/#\\\/schema\\\/person\\\/518e40fa1dcd8c2ef7106c7561ae3ddb\"},\"description\":\"Mobel Linea verzeichnet im Jahr 2023 ein Wachstum des nationalen Umsatzes von 9,23 % und im bisherigen Verlauf von 2024 einen Anstieg von 4,98 %. Das\",\"breadcrumb\":{\"@id\":\"https:\\\/\\\/www.mobellinea.com\\\/de\\\/jaehrliche-geschaeftsversammlung-2024\\\/#breadcrumb\"},\"inLanguage\":\"de\",\"potentialAction\":[{\"@type\":\"ReadAction\",\"target\":[\"https:\\\/\\\/www.mobellinea.com\\\/de\\\/jaehrliche-geschaeftsversammlung-2024\\\/\"]}]},{\"@type\":\"ImageObject\",\"inLanguage\":\"de\",\"@id\":\"https:\\\/\\\/www.mobellinea.com\\\/de\\\/jaehrliche-geschaeftsversammlung-2024\\\/#primaryimage\",\"url\":\"https:\\\/\\\/www.mobellinea.com\\\/wp-content\\\/uploads\\\/2025\\\/11\\\/blog_f01-15.jpg\",\"contentUrl\":\"https:\\\/\\\/www.mobellinea.com\\\/wp-content\\\/uploads\\\/2025\\\/11\\\/blog_f01-15.jpg\",\"width\":1920,\"height\":900},{\"@type\":\"BreadcrumbList\",\"@id\":\"https:\\\/\\\/www.mobellinea.com\\\/de\\\/jaehrliche-geschaeftsversammlung-2024\\\/#breadcrumb\",\"itemListElement\":[{\"@type\":\"ListItem\",\"position\":1,\"name\":\"Home\",\"item\":\"https:\\\/\\\/www.mobellinea.com\\\/de\\\/home\\\/\"},{\"@type\":\"ListItem\",\"position\":2,\"name\":\"Nachrichten\",\"item\":\"https:\\\/\\\/www.mobellinea.com\\\/de\\\/category\\\/nachrichten\\\/\"},{\"@type\":\"ListItem\",\"position\":3,\"name\":\"J\u00e4hrliche Gesch\u00e4ftsversammlung 2024\"}]},{\"@type\":\"WebSite\",\"@id\":\"https:\\\/\\\/mobellinea.com\\\/en\\\/#website\",\"url\":\"https:\\\/\\\/mobellinea.com\\\/en\\\/\",\"name\":\"MobelLinea\",\"description\":\"Dise\u00f1amos y fabricamos soluciones de mobiliario para oficinas y espacios colectivos. Creamos entornos honestos, funcionales y humanos, pensados para mejorar la vida de las personas\",\"alternateName\":\"Mobel Linea\",\"potentialAction\":[{\"@type\":\"SearchAction\",\"target\":{\"@type\":\"EntryPoint\",\"urlTemplate\":\"https:\\\/\\\/mobellinea.com\\\/en\\\/?s={search_term_string}\"},\"query-input\":{\"@type\":\"PropertyValueSpecification\",\"valueRequired\":true,\"valueName\":\"search_term_string\"}}],\"inLanguage\":\"de\"},{\"@type\":\"Person\",\"@id\":\"https:\\\/\\\/mobellinea.com\\\/en\\\/#\\\/schema\\\/person\\\/518e40fa1dcd8c2ef7106c7561ae3ddb\",\"name\":\"Anna\",\"image\":{\"@type\":\"ImageObject\",\"inLanguage\":\"de\",\"@id\":\"https:\\\/\\\/secure.gravatar.com\\\/avatar\\\/8adc17f1354e8252029a3205a793c695de1d4150636fd00a689f76f96e8a4c98?s=96&d=mm&r=g\",\"url\":\"https:\\\/\\\/secure.gravatar.com\\\/avatar\\\/8adc17f1354e8252029a3205a793c695de1d4150636fd00a689f76f96e8a4c98?s=96&d=mm&r=g\",\"contentUrl\":\"https:\\\/\\\/secure.gravatar.com\\\/avatar\\\/8adc17f1354e8252029a3205a793c695de1d4150636fd00a689f76f96e8a4c98?s=96&d=mm&r=g\",\"caption\":\"Anna\"}}]}<\/script>\n<!-- \/ Yoast SEO Premium plugin. -->","yoast_head_json":{"title":"J\u00e4hrliche Gesch\u00e4ftsversammlung 2024 - Mobellinea","description":"Mobel Linea verzeichnet im Jahr 2023 ein Wachstum des nationalen Umsatzes von 9,23 % und im bisherigen Verlauf von 2024 einen Anstieg von 4,98 %. Das","robots":{"index":"index","follow":"follow","max-snippet":"max-snippet:-1","max-image-preview":"max-image-preview:large","max-video-preview":"max-video-preview:-1"},"canonical":"https:\/\/www.mobellinea.com\/de\/jaehrliche-geschaeftsversammlung-2024\/","og_locale":"de_DE","og_type":"article","og_title":"J\u00e4hrliche Gesch\u00e4ftsversammlung 2024","og_description":"Mobel Linea verzeichnet im Jahr 2023 ein Wachstum des nationalen Umsatzes von 9,23 % und im bisherigen Verlauf von 2024 einen Anstieg von 4,98 %. Das","og_url":"https:\/\/www.mobellinea.com\/de\/jaehrliche-geschaeftsversammlung-2024\/","og_site_name":"Mobellinea","article_publisher":"https:\/\/www.facebook.com\/mobellineasl","article_published_time":"2024-09-20T09:34:00+00:00","article_modified_time":"2025-12-19T12:04:03+00:00","og_image":[{"width":1920,"height":900,"url":"https:\/\/www.mobellinea.com\/wp-content\/uploads\/2025\/11\/blog_f01-15.jpg","type":"image\/jpeg"}],"author":"Anna","twitter_card":"summary_large_image","twitter_misc":{"Verfasst von":"Anna","Gesch\u00e4tzte Lesezeit":"3\u00a0Minuten"},"schema":{"@context":"https:\/\/schema.org","@graph":[{"@type":"Article","@id":"https:\/\/www.mobellinea.com\/de\/jaehrliche-geschaeftsversammlung-2024\/#article","isPartOf":{"@id":"https:\/\/www.mobellinea.com\/de\/jaehrliche-geschaeftsversammlung-2024\/"},"author":{"name":"Anna","@id":"https:\/\/mobellinea.com\/en\/#\/schema\/person\/518e40fa1dcd8c2ef7106c7561ae3ddb"},"headline":"J\u00e4hrliche Gesch\u00e4ftsversammlung 2024","datePublished":"2024-09-20T09:34:00+00:00","dateModified":"2025-12-19T12:04:03+00:00","mainEntityOfPage":{"@id":"https:\/\/www.mobellinea.com\/de\/jaehrliche-geschaeftsversammlung-2024\/"},"wordCount":359,"image":{"@id":"https:\/\/www.mobellinea.com\/de\/jaehrliche-geschaeftsversammlung-2024\/#primaryimage"},"thumbnailUrl":"https:\/\/www.mobellinea.com\/wp-content\/uploads\/2025\/11\/blog_f01-15.jpg","articleSection":["Nachrichten","Veranstaltungen"],"inLanguage":"de"},{"@type":"WebPage","@id":"https:\/\/www.mobellinea.com\/de\/jaehrliche-geschaeftsversammlung-2024\/","url":"https:\/\/www.mobellinea.com\/de\/jaehrliche-geschaeftsversammlung-2024\/","name":"J\u00e4hrliche Gesch\u00e4ftsversammlung 2024 - Mobellinea","isPartOf":{"@id":"https:\/\/mobellinea.com\/en\/#website"},"primaryImageOfPage":{"@id":"https:\/\/www.mobellinea.com\/de\/jaehrliche-geschaeftsversammlung-2024\/#primaryimage"},"image":{"@id":"https:\/\/www.mobellinea.com\/de\/jaehrliche-geschaeftsversammlung-2024\/#primaryimage"},"thumbnailUrl":"https:\/\/www.mobellinea.com\/wp-content\/uploads\/2025\/11\/blog_f01-15.jpg","datePublished":"2024-09-20T09:34:00+00:00","dateModified":"2025-12-19T12:04:03+00:00","author":{"@id":"https:\/\/mobellinea.com\/en\/#\/schema\/person\/518e40fa1dcd8c2ef7106c7561ae3ddb"},"description":"Mobel Linea verzeichnet im Jahr 2023 ein Wachstum des nationalen Umsatzes von 9,23 % und im bisherigen Verlauf von 2024 einen Anstieg von 4,98 %. Das","breadcrumb":{"@id":"https:\/\/www.mobellinea.com\/de\/jaehrliche-geschaeftsversammlung-2024\/#breadcrumb"},"inLanguage":"de","potentialAction":[{"@type":"ReadAction","target":["https:\/\/www.mobellinea.com\/de\/jaehrliche-geschaeftsversammlung-2024\/"]}]},{"@type":"ImageObject","inLanguage":"de","@id":"https:\/\/www.mobellinea.com\/de\/jaehrliche-geschaeftsversammlung-2024\/#primaryimage","url":"https:\/\/www.mobellinea.com\/wp-content\/uploads\/2025\/11\/blog_f01-15.jpg","contentUrl":"https:\/\/www.mobellinea.com\/wp-content\/uploads\/2025\/11\/blog_f01-15.jpg","width":1920,"height":900},{"@type":"BreadcrumbList","@id":"https:\/\/www.mobellinea.com\/de\/jaehrliche-geschaeftsversammlung-2024\/#breadcrumb","itemListElement":[{"@type":"ListItem","position":1,"name":"Home","item":"https:\/\/www.mobellinea.com\/de\/home\/"},{"@type":"ListItem","position":2,"name":"Nachrichten","item":"https:\/\/www.mobellinea.com\/de\/category\/nachrichten\/"},{"@type":"ListItem","position":3,"name":"J\u00e4hrliche Gesch\u00e4ftsversammlung 2024"}]},{"@type":"WebSite","@id":"https:\/\/mobellinea.com\/en\/#website","url":"https:\/\/mobellinea.com\/en\/","name":"MobelLinea","description":"Dise\u00f1amos y fabricamos soluciones de mobiliario para oficinas y espacios colectivos. Creamos entornos honestos, funcionales y humanos, pensados para mejorar la vida de las personas","alternateName":"Mobel Linea","potentialAction":[{"@type":"SearchAction","target":{"@type":"EntryPoint","urlTemplate":"https:\/\/mobellinea.com\/en\/?s={search_term_string}"},"query-input":{"@type":"PropertyValueSpecification","valueRequired":true,"valueName":"search_term_string"}}],"inLanguage":"de"},{"@type":"Person","@id":"https:\/\/mobellinea.com\/en\/#\/schema\/person\/518e40fa1dcd8c2ef7106c7561ae3ddb","name":"Anna","image":{"@type":"ImageObject","inLanguage":"de","@id":"https:\/\/secure.gravatar.com\/avatar\/8adc17f1354e8252029a3205a793c695de1d4150636fd00a689f76f96e8a4c98?s=96&d=mm&r=g","url":"https:\/\/secure.gravatar.com\/avatar\/8adc17f1354e8252029a3205a793c695de1d4150636fd00a689f76f96e8a4c98?s=96&d=mm&r=g","contentUrl":"https:\/\/secure.gravatar.com\/avatar\/8adc17f1354e8252029a3205a793c695de1d4150636fd00a689f76f96e8a4c98?s=96&d=mm&r=g","caption":"Anna"}}]}},"uagb_featured_image_src":{"full":["https:\/\/www.mobellinea.com\/wp-content\/uploads\/2025\/11\/blog_f01-15.jpg",1920,900,false],"thumbnail":["https:\/\/www.mobellinea.com\/wp-content\/uploads\/2025\/11\/blog_f01-15-150x150.jpg",150,150,true],"medium":["https:\/\/www.mobellinea.com\/wp-content\/uploads\/2025\/11\/blog_f01-15-320x150.jpg",320,150,true],"medium_large":["https:\/\/www.mobellinea.com\/wp-content\/uploads\/2025\/11\/blog_f01-15-680x319.jpg",680,319,true],"large":["https:\/\/www.mobellinea.com\/wp-content\/uploads\/2025\/11\/blog_f01-15-1000x469.jpg",1000,469,true],"pieces_card":["https:\/\/www.mobellinea.com\/wp-content\/uploads\/2025\/11\/blog_f01-15-140x173.jpg",140,173,true],"gform-image-choice-sm":["https:\/\/www.mobellinea.com\/wp-content\/uploads\/2025\/11\/blog_f01-15.jpg",300,141,false],"gform-image-choice-md":["https:\/\/www.mobellinea.com\/wp-content\/uploads\/2025\/11\/blog_f01-15.jpg",400,188,false],"gform-image-choice-lg":["https:\/\/www.mobellinea.com\/wp-content\/uploads\/2025\/11\/blog_f01-15.jpg",600,281,false]},"uagb_author_info":{"display_name":"Anna","author_link":"https:\/\/www.mobellinea.com\/de\/author\/annareigmobellinea-es\/"},"uagb_comment_info":0,"uagb_excerpt":"Mobel Linea verzeichnet im Jahr 2023 ein Wachstum des nationalen Umsatzes von 9,23 % und im bisherigen Verlauf von 2024 einen Anstieg von 4,98 %. Das Unternehmen pr\u00e4sentiert seinen neuen 950 m\u00b2 gro\u00dfen Showroom und k\u00fcndigt seine Teilnahme an der ORGATEC 2024 mit einem 260 m\u00b2 gro\u00dfen Stand an. Mobel Linea hat das Jahr 2023&hellip;","_links":{"self":[{"href":"https:\/\/www.mobellinea.com\/de\/wp-json\/wp\/v2\/posts\/5652","targetHints":{"allow":["GET"]}}],"collection":[{"href":"https:\/\/www.mobellinea.com\/de\/wp-json\/wp\/v2\/posts"}],"about":[{"href":"https:\/\/www.mobellinea.com\/de\/wp-json\/wp\/v2\/types\/post"}],"author":[{"embeddable":true,"href":"https:\/\/www.mobellinea.com\/de\/wp-json\/wp\/v2\/users\/8"}],"replies":[{"embeddable":true,"href":"https:\/\/www.mobellinea.com\/de\/wp-json\/wp\/v2\/comments?post=5652"}],"version-history":[{"count":3,"href":"https:\/\/www.mobellinea.com\/de\/wp-json\/wp\/v2\/posts\/5652\/revisions"}],"predecessor-version":[{"id":13840,"href":"https:\/\/www.mobellinea.com\/de\/wp-json\/wp\/v2\/posts\/5652\/revisions\/13840"}],"wp:featuredmedia":[{"embeddable":true,"href":"https:\/\/www.mobellinea.com\/de\/wp-json\/wp\/v2\/media\/17206"}],"wp:attachment":[{"href":"https:\/\/www.mobellinea.com\/de\/wp-json\/wp\/v2\/media?parent=5652"}],"wp:term":[{"taxonomy":"category","embeddable":true,"href":"https:\/\/www.mobellinea.com\/de\/wp-json\/wp\/v2\/categories?post=5652"},{"taxonomy":"post_tag","embeddable":true,"href":"https:\/\/www.mobellinea.com\/de\/wp-json\/wp\/v2\/tags?post=5652"}],"curies":[{"name":"wp","href":"https:\/\/api.w.org\/{rel}","templated":true}]}}