{"id":5621,"date":"2024-06-10T11:39:00","date_gmt":"2024-06-10T09:39:00","guid":{"rendered":"https:\/\/www.mobellinea.com\/esmou-die-kollektion-fuer-bueromoebel-die-dich-dazu-einlaedt-einen-schritt-weiterzugehen\/"},"modified":"2025-12-19T13:05:14","modified_gmt":"2025-12-19T12:05:14","slug":"esmou-die-kollektion-fuer-bueromoebel-die-dich-dazu-einlaedt-einen-schritt-weiterzugehen","status":"publish","type":"post","link":"https:\/\/www.mobellinea.com\/de\/esmou-die-kollektion-fuer-bueromoebel-die-dich-dazu-einlaedt-einen-schritt-weiterzugehen\/","title":{"rendered":"Esmou, die kollektion f\u00fcr b\u00fcrom\u00f6bel, die dich dazu einl\u00e4dt, einen schritt weiterzugehen."},"content":{"rendered":"\n<p class=\"has-xx-large-font-size wp-block-paragraph\">Eine innovative Serie, die aus 8 vielseitigen, leichtgewichtigen Produkten auf Rollen besteht, die sich m\u00fchelos bewegen lassen und den Anforderungen des modernen B\u00fcros gerecht werden.<\/p>\n\n<p class=\"wp-block-paragraph\">Das in Cervera ans\u00e4ssige B\u00fcrom\u00f6belunternehmen bringt eine neue Produktlinie auf den Markt, die das traditionelle B\u00fcrokonzept neu definiert, indem sie vielseitige, mobile und praktische Designs f\u00fcr flexible und multifunktionale Arbeitsbereiche bietet.<\/p>\n\n<p class=\"wp-block-paragraph\">Diese sorgf\u00e4ltig gestaltete Kollektion ist mit Rollen ausgestattet, um die M\u00f6bel leicht von einem Ort zum anderen verschieben zu k\u00f6nnen. Dank dieser Funktion k\u00f6nnen Sie mit esmou Ihre Arbeitsumgebung an die sich \u00e4ndernden Bed\u00fcrfnisse anpassen und umgestalten: Die Schaffung verschiedener Arbeitsbereiche in ein und derselben Umgebung wird mit esmou zum Kinderspiel, von multifunktionalen Bereichen bis hin zu flexiblen und teamorientierten Arbeitspl\u00e4tzen, die Produktivit\u00e4t und Kreativit\u00e4t f\u00f6rdern. <\/p>\n\n<p class=\"wp-block-paragraph\">esmou hat erkannt, dass Zusammenarbeit und menschliche Beziehungen in Arbeitsumgebungen unerl\u00e4sslich sind. Das Design f\u00f6rdert die Interaktion und Kommunikation f\u00fcr den Austausch von Ideen und bietet L\u00f6sungen, die sich an die technologische Konnektivit\u00e4t anpassen: &#8222;Das B\u00fcro ist nicht mehr das, was es einmal war. Es braucht ver\u00e4nderbare R\u00e4ume, die Kreativit\u00e4t und Interaktion f\u00f6rdern.&#8220; <\/p>\n\n<p class=\"wp-block-paragraph\">Mit dieser Markteinf\u00fchrung unterstreicht Mobel Linea sein Engagement f\u00fcr die Vielseitigkeit und die Bed\u00fcrfnisse des modernen B\u00fcros. Die M\u00f6bel stellen den Menschen und sein Wohlbefinden in den Mittelpunkt und f\u00f6rdern Zusammenarbeit, Kreativit\u00e4t und menschliche Interaktion. <\/p>\n\n<figure class=\"wp-block-gallery has-nested-images columns-default is-cropped wp-block-gallery-1 is-layout-flex wp-block-gallery-is-layout-flex\">\n<figure class=\"wp-block-image size-large\"><img decoding=\"async\" data-id=\"5301\" src=\"data:image\/gif;base64,R0lGODlhAQABAIAAAAAAAP\/\/\/yH5BAEAAAAALAAAAAABAAEAAAIBRAA7\" data-src=\"https:\/\/www.mobellinea.com\/wp-content\/uploads\/2025\/11\/Blog_f01-16-1000x469.jpg\" alt=\"\" class=\"wp-image-5301 lazyload\"\/><noscript><img decoding=\"async\" width=\"1000\" height=\"469\" data-id=\"5301\" src=\"https:\/\/www.mobellinea.com\/wp-content\/uploads\/2025\/11\/Blog_f01-16-1000x469.jpg\" alt=\"\" class=\"wp-image-5301 lazyload\" srcset=\"https:\/\/www.mobellinea.com\/wp-content\/uploads\/2025\/11\/Blog_f01-16-1000x469.jpg 1000w, https:\/\/www.mobellinea.com\/wp-content\/uploads\/2025\/11\/Blog_f01-16-320x150.jpg 320w, https:\/\/www.mobellinea.com\/wp-content\/uploads\/2025\/11\/Blog_f01-16-680x319.jpg 680w, https:\/\/www.mobellinea.com\/wp-content\/uploads\/2025\/11\/Blog_f01-16.jpg 1920w\" sizes=\"(max-width: 1000px) 100vw, 1000px\" \/><\/noscript><\/figure>\n<\/figure>\n\n<figure class=\"wp-block-image size-large\"><img decoding=\"async\" src=\"data:image\/gif;base64,R0lGODlhAQABAIAAAAAAAP\/\/\/yH5BAEAAAAALAAAAAABAAEAAAIBRAA7\" data-src=\"https:\/\/www.mobellinea.com\/wp-content\/uploads\/2025\/11\/Blog_f02-13-1000x469.jpg\" alt=\"\" class=\"wp-image-5300 lazyload\"\/><noscript><img decoding=\"async\" width=\"1000\" height=\"469\" src=\"https:\/\/www.mobellinea.com\/wp-content\/uploads\/2025\/11\/Blog_f02-13-1000x469.jpg\" alt=\"\" class=\"wp-image-5300 lazyload\" srcset=\"https:\/\/www.mobellinea.com\/wp-content\/uploads\/2025\/11\/Blog_f02-13-1000x469.jpg 1000w, https:\/\/www.mobellinea.com\/wp-content\/uploads\/2025\/11\/Blog_f02-13-320x150.jpg 320w, https:\/\/www.mobellinea.com\/wp-content\/uploads\/2025\/11\/Blog_f02-13-680x319.jpg 680w, https:\/\/www.mobellinea.com\/wp-content\/uploads\/2025\/11\/Blog_f02-13.jpg 1920w\" sizes=\"(max-width: 1000px) 100vw, 1000px\" \/><\/noscript><\/figure>\n","protected":false},"excerpt":{"rendered":"<p>Eine innovative Serie, die aus 8 vielseitigen, leichtgewichtigen Produkten auf Rollen besteht, die sich m\u00fchelos bewegen lassen und den Anforderungen des modernen B\u00fcros gerecht werden. Das in Cervera ans\u00e4ssige B\u00fcrom\u00f6belunternehmen bringt eine neue Produktlinie auf den Markt, die das traditionelle B\u00fcrokonzept neu definiert, indem sie vielseitige, mobile und praktische Designs f\u00fcr flexible und multifunktionale Arbeitsbereiche [&hellip;]<\/p>\n","protected":false},"author":8,"featured_media":17210,"comment_status":"closed","ping_status":"closed","sticky":false,"template":"","format":"standard","meta":{"_acf_changed":false,"_uag_custom_page_level_css":"","footnotes":""},"categories":[361,362,364],"tags":[],"class_list":["post-5621","post","type-post","status-publish","format-standard","has-post-thumbnail","hentry","category-nachrichten","category-produkte","category-sammlungen"],"acf":[],"yoast_head":"<!-- This site is optimized with the Yoast SEO Premium plugin v26.6 (Yoast SEO v27.6) - https:\/\/yoast.com\/product\/yoast-seo-premium-wordpress\/ -->\n<title>Esmou, die kollektion f\u00fcr b\u00fcrom\u00f6bel, die dich dazu einl\u00e4dt, einen schritt weiterzugehen. - Mobellinea<\/title>\n<meta name=\"description\" content=\"Eine innovative Serie, die aus 8 vielseitigen, leichtgewichtigen Produkten auf Rollen besteht, die sich m\u00fchelos bewegen lassen und den Anforderungen des\" \/>\n<meta name=\"robots\" content=\"index, follow, max-snippet:-1, max-image-preview:large, max-video-preview:-1\" \/>\n<link rel=\"canonical\" href=\"https:\/\/www.mobellinea.com\/de\/esmou-die-kollektion-fuer-bueromoebel-die-dich-dazu-einlaedt-einen-schritt-weiterzugehen\/\" \/>\n<meta property=\"og:locale\" content=\"de_DE\" \/>\n<meta property=\"og:type\" content=\"article\" \/>\n<meta property=\"og:title\" content=\"Esmou, die kollektion f\u00fcr b\u00fcrom\u00f6bel, die dich dazu einl\u00e4dt, einen schritt weiterzugehen.\" \/>\n<meta property=\"og:description\" content=\"Eine innovative Serie, die aus 8 vielseitigen, leichtgewichtigen Produkten auf Rollen besteht, die sich m\u00fchelos bewegen lassen und den Anforderungen des\" \/>\n<meta property=\"og:url\" content=\"https:\/\/www.mobellinea.com\/de\/esmou-die-kollektion-fuer-bueromoebel-die-dich-dazu-einlaedt-einen-schritt-weiterzugehen\/\" \/>\n<meta property=\"og:site_name\" content=\"Mobellinea\" \/>\n<meta property=\"article:publisher\" content=\"https:\/\/www.facebook.com\/mobellineasl\" \/>\n<meta property=\"article:published_time\" content=\"2024-06-10T09:39:00+00:00\" \/>\n<meta property=\"article:modified_time\" content=\"2025-12-19T12:05:14+00:00\" \/>\n<meta property=\"og:image\" content=\"https:\/\/www.mobellinea.com\/wp-content\/uploads\/2025\/11\/Blog_f01-16.jpg\" \/>\n\t<meta property=\"og:image:width\" content=\"1920\" \/>\n\t<meta property=\"og:image:height\" content=\"900\" \/>\n\t<meta property=\"og:image:type\" content=\"image\/jpeg\" \/>\n<meta name=\"author\" content=\"Anna\" \/>\n<meta name=\"twitter:card\" content=\"summary_large_image\" \/>\n<meta name=\"twitter:label1\" content=\"Verfasst von\" \/>\n\t<meta name=\"twitter:data1\" content=\"Anna\" \/>\n\t<meta name=\"twitter:label2\" content=\"Gesch\u00e4tzte Lesezeit\" \/>\n\t<meta name=\"twitter:data2\" content=\"2\u00a0Minuten\" \/>\n<script type=\"application\/ld+json\" class=\"yoast-schema-graph\">{\"@context\":\"https:\\\/\\\/schema.org\",\"@graph\":[{\"@type\":\"Article\",\"@id\":\"https:\\\/\\\/www.mobellinea.com\\\/de\\\/esmou-die-kollektion-fuer-bueromoebel-die-dich-dazu-einlaedt-einen-schritt-weiterzugehen\\\/#article\",\"isPartOf\":{\"@id\":\"https:\\\/\\\/www.mobellinea.com\\\/de\\\/esmou-die-kollektion-fuer-bueromoebel-die-dich-dazu-einlaedt-einen-schritt-weiterzugehen\\\/\"},\"author\":{\"name\":\"Anna\",\"@id\":\"https:\\\/\\\/mobellinea.com\\\/en\\\/#\\\/schema\\\/person\\\/518e40fa1dcd8c2ef7106c7561ae3ddb\"},\"headline\":\"Esmou, die kollektion f\u00fcr b\u00fcrom\u00f6bel, die dich dazu einl\u00e4dt, einen schritt weiterzugehen.\",\"datePublished\":\"2024-06-10T09:39:00+00:00\",\"dateModified\":\"2025-12-19T12:05:14+00:00\",\"mainEntityOfPage\":{\"@id\":\"https:\\\/\\\/www.mobellinea.com\\\/de\\\/esmou-die-kollektion-fuer-bueromoebel-die-dich-dazu-einlaedt-einen-schritt-weiterzugehen\\\/\"},\"wordCount\":258,\"image\":{\"@id\":\"https:\\\/\\\/www.mobellinea.com\\\/de\\\/esmou-die-kollektion-fuer-bueromoebel-die-dich-dazu-einlaedt-einen-schritt-weiterzugehen\\\/#primaryimage\"},\"thumbnailUrl\":\"https:\\\/\\\/www.mobellinea.com\\\/wp-content\\\/uploads\\\/2025\\\/11\\\/Blog_f01-16.jpg\",\"articleSection\":[\"Nachrichten\",\"Produkte\",\"Sammlungen\"],\"inLanguage\":\"de\"},{\"@type\":\"WebPage\",\"@id\":\"https:\\\/\\\/www.mobellinea.com\\\/de\\\/esmou-die-kollektion-fuer-bueromoebel-die-dich-dazu-einlaedt-einen-schritt-weiterzugehen\\\/\",\"url\":\"https:\\\/\\\/www.mobellinea.com\\\/de\\\/esmou-die-kollektion-fuer-bueromoebel-die-dich-dazu-einlaedt-einen-schritt-weiterzugehen\\\/\",\"name\":\"Esmou, die kollektion f\u00fcr b\u00fcrom\u00f6bel, die dich dazu einl\u00e4dt, einen schritt weiterzugehen. - Mobellinea\",\"isPartOf\":{\"@id\":\"https:\\\/\\\/mobellinea.com\\\/en\\\/#website\"},\"primaryImageOfPage\":{\"@id\":\"https:\\\/\\\/www.mobellinea.com\\\/de\\\/esmou-die-kollektion-fuer-bueromoebel-die-dich-dazu-einlaedt-einen-schritt-weiterzugehen\\\/#primaryimage\"},\"image\":{\"@id\":\"https:\\\/\\\/www.mobellinea.com\\\/de\\\/esmou-die-kollektion-fuer-bueromoebel-die-dich-dazu-einlaedt-einen-schritt-weiterzugehen\\\/#primaryimage\"},\"thumbnailUrl\":\"https:\\\/\\\/www.mobellinea.com\\\/wp-content\\\/uploads\\\/2025\\\/11\\\/Blog_f01-16.jpg\",\"datePublished\":\"2024-06-10T09:39:00+00:00\",\"dateModified\":\"2025-12-19T12:05:14+00:00\",\"author\":{\"@id\":\"https:\\\/\\\/mobellinea.com\\\/en\\\/#\\\/schema\\\/person\\\/518e40fa1dcd8c2ef7106c7561ae3ddb\"},\"description\":\"Eine innovative Serie, die aus 8 vielseitigen, leichtgewichtigen Produkten auf Rollen besteht, die sich m\u00fchelos bewegen lassen und den Anforderungen des\",\"breadcrumb\":{\"@id\":\"https:\\\/\\\/www.mobellinea.com\\\/de\\\/esmou-die-kollektion-fuer-bueromoebel-die-dich-dazu-einlaedt-einen-schritt-weiterzugehen\\\/#breadcrumb\"},\"inLanguage\":\"de\",\"potentialAction\":[{\"@type\":\"ReadAction\",\"target\":[\"https:\\\/\\\/www.mobellinea.com\\\/de\\\/esmou-die-kollektion-fuer-bueromoebel-die-dich-dazu-einlaedt-einen-schritt-weiterzugehen\\\/\"]}]},{\"@type\":\"ImageObject\",\"inLanguage\":\"de\",\"@id\":\"https:\\\/\\\/www.mobellinea.com\\\/de\\\/esmou-die-kollektion-fuer-bueromoebel-die-dich-dazu-einlaedt-einen-schritt-weiterzugehen\\\/#primaryimage\",\"url\":\"https:\\\/\\\/www.mobellinea.com\\\/wp-content\\\/uploads\\\/2025\\\/11\\\/Blog_f01-16.jpg\",\"contentUrl\":\"https:\\\/\\\/www.mobellinea.com\\\/wp-content\\\/uploads\\\/2025\\\/11\\\/Blog_f01-16.jpg\",\"width\":1920,\"height\":900},{\"@type\":\"BreadcrumbList\",\"@id\":\"https:\\\/\\\/www.mobellinea.com\\\/de\\\/esmou-die-kollektion-fuer-bueromoebel-die-dich-dazu-einlaedt-einen-schritt-weiterzugehen\\\/#breadcrumb\",\"itemListElement\":[{\"@type\":\"ListItem\",\"position\":1,\"name\":\"Home\",\"item\":\"https:\\\/\\\/www.mobellinea.com\\\/de\\\/home\\\/\"},{\"@type\":\"ListItem\",\"position\":2,\"name\":\"Nachrichten\",\"item\":\"https:\\\/\\\/www.mobellinea.com\\\/de\\\/category\\\/nachrichten\\\/\"},{\"@type\":\"ListItem\",\"position\":3,\"name\":\"Esmou, die kollektion f\u00fcr b\u00fcrom\u00f6bel, die dich dazu einl\u00e4dt, einen schritt weiterzugehen.\"}]},{\"@type\":\"WebSite\",\"@id\":\"https:\\\/\\\/mobellinea.com\\\/en\\\/#website\",\"url\":\"https:\\\/\\\/mobellinea.com\\\/en\\\/\",\"name\":\"MobelLinea\",\"description\":\"Dise\u00f1amos y fabricamos soluciones de mobiliario para oficinas y espacios colectivos. Creamos entornos honestos, funcionales y humanos, pensados para mejorar la vida de las personas\",\"alternateName\":\"Mobel Linea\",\"potentialAction\":[{\"@type\":\"SearchAction\",\"target\":{\"@type\":\"EntryPoint\",\"urlTemplate\":\"https:\\\/\\\/mobellinea.com\\\/en\\\/?s={search_term_string}\"},\"query-input\":{\"@type\":\"PropertyValueSpecification\",\"valueRequired\":true,\"valueName\":\"search_term_string\"}}],\"inLanguage\":\"de\"},{\"@type\":\"Person\",\"@id\":\"https:\\\/\\\/mobellinea.com\\\/en\\\/#\\\/schema\\\/person\\\/518e40fa1dcd8c2ef7106c7561ae3ddb\",\"name\":\"Anna\",\"image\":{\"@type\":\"ImageObject\",\"inLanguage\":\"de\",\"@id\":\"https:\\\/\\\/secure.gravatar.com\\\/avatar\\\/8adc17f1354e8252029a3205a793c695de1d4150636fd00a689f76f96e8a4c98?s=96&d=mm&r=g\",\"url\":\"https:\\\/\\\/secure.gravatar.com\\\/avatar\\\/8adc17f1354e8252029a3205a793c695de1d4150636fd00a689f76f96e8a4c98?s=96&d=mm&r=g\",\"contentUrl\":\"https:\\\/\\\/secure.gravatar.com\\\/avatar\\\/8adc17f1354e8252029a3205a793c695de1d4150636fd00a689f76f96e8a4c98?s=96&d=mm&r=g\",\"caption\":\"Anna\"}}]}<\/script>\n<!-- \/ Yoast SEO Premium plugin. -->","yoast_head_json":{"title":"Esmou, die kollektion f\u00fcr b\u00fcrom\u00f6bel, die dich dazu einl\u00e4dt, einen schritt weiterzugehen. - Mobellinea","description":"Eine innovative Serie, die aus 8 vielseitigen, leichtgewichtigen Produkten auf Rollen besteht, die sich m\u00fchelos bewegen lassen und den Anforderungen des","robots":{"index":"index","follow":"follow","max-snippet":"max-snippet:-1","max-image-preview":"max-image-preview:large","max-video-preview":"max-video-preview:-1"},"canonical":"https:\/\/www.mobellinea.com\/de\/esmou-die-kollektion-fuer-bueromoebel-die-dich-dazu-einlaedt-einen-schritt-weiterzugehen\/","og_locale":"de_DE","og_type":"article","og_title":"Esmou, die kollektion f\u00fcr b\u00fcrom\u00f6bel, die dich dazu einl\u00e4dt, einen schritt weiterzugehen.","og_description":"Eine innovative Serie, die aus 8 vielseitigen, leichtgewichtigen Produkten auf Rollen besteht, die sich m\u00fchelos bewegen lassen und den Anforderungen des","og_url":"https:\/\/www.mobellinea.com\/de\/esmou-die-kollektion-fuer-bueromoebel-die-dich-dazu-einlaedt-einen-schritt-weiterzugehen\/","og_site_name":"Mobellinea","article_publisher":"https:\/\/www.facebook.com\/mobellineasl","article_published_time":"2024-06-10T09:39:00+00:00","article_modified_time":"2025-12-19T12:05:14+00:00","og_image":[{"width":1920,"height":900,"url":"https:\/\/www.mobellinea.com\/wp-content\/uploads\/2025\/11\/Blog_f01-16.jpg","type":"image\/jpeg"}],"author":"Anna","twitter_card":"summary_large_image","twitter_misc":{"Verfasst von":"Anna","Gesch\u00e4tzte Lesezeit":"2\u00a0Minuten"},"schema":{"@context":"https:\/\/schema.org","@graph":[{"@type":"Article","@id":"https:\/\/www.mobellinea.com\/de\/esmou-die-kollektion-fuer-bueromoebel-die-dich-dazu-einlaedt-einen-schritt-weiterzugehen\/#article","isPartOf":{"@id":"https:\/\/www.mobellinea.com\/de\/esmou-die-kollektion-fuer-bueromoebel-die-dich-dazu-einlaedt-einen-schritt-weiterzugehen\/"},"author":{"name":"Anna","@id":"https:\/\/mobellinea.com\/en\/#\/schema\/person\/518e40fa1dcd8c2ef7106c7561ae3ddb"},"headline":"Esmou, die kollektion f\u00fcr b\u00fcrom\u00f6bel, die dich dazu einl\u00e4dt, einen schritt weiterzugehen.","datePublished":"2024-06-10T09:39:00+00:00","dateModified":"2025-12-19T12:05:14+00:00","mainEntityOfPage":{"@id":"https:\/\/www.mobellinea.com\/de\/esmou-die-kollektion-fuer-bueromoebel-die-dich-dazu-einlaedt-einen-schritt-weiterzugehen\/"},"wordCount":258,"image":{"@id":"https:\/\/www.mobellinea.com\/de\/esmou-die-kollektion-fuer-bueromoebel-die-dich-dazu-einlaedt-einen-schritt-weiterzugehen\/#primaryimage"},"thumbnailUrl":"https:\/\/www.mobellinea.com\/wp-content\/uploads\/2025\/11\/Blog_f01-16.jpg","articleSection":["Nachrichten","Produkte","Sammlungen"],"inLanguage":"de"},{"@type":"WebPage","@id":"https:\/\/www.mobellinea.com\/de\/esmou-die-kollektion-fuer-bueromoebel-die-dich-dazu-einlaedt-einen-schritt-weiterzugehen\/","url":"https:\/\/www.mobellinea.com\/de\/esmou-die-kollektion-fuer-bueromoebel-die-dich-dazu-einlaedt-einen-schritt-weiterzugehen\/","name":"Esmou, die kollektion f\u00fcr b\u00fcrom\u00f6bel, die dich dazu einl\u00e4dt, einen schritt weiterzugehen. - Mobellinea","isPartOf":{"@id":"https:\/\/mobellinea.com\/en\/#website"},"primaryImageOfPage":{"@id":"https:\/\/www.mobellinea.com\/de\/esmou-die-kollektion-fuer-bueromoebel-die-dich-dazu-einlaedt-einen-schritt-weiterzugehen\/#primaryimage"},"image":{"@id":"https:\/\/www.mobellinea.com\/de\/esmou-die-kollektion-fuer-bueromoebel-die-dich-dazu-einlaedt-einen-schritt-weiterzugehen\/#primaryimage"},"thumbnailUrl":"https:\/\/www.mobellinea.com\/wp-content\/uploads\/2025\/11\/Blog_f01-16.jpg","datePublished":"2024-06-10T09:39:00+00:00","dateModified":"2025-12-19T12:05:14+00:00","author":{"@id":"https:\/\/mobellinea.com\/en\/#\/schema\/person\/518e40fa1dcd8c2ef7106c7561ae3ddb"},"description":"Eine innovative Serie, die aus 8 vielseitigen, leichtgewichtigen Produkten auf Rollen besteht, die sich m\u00fchelos bewegen lassen und den Anforderungen des","breadcrumb":{"@id":"https:\/\/www.mobellinea.com\/de\/esmou-die-kollektion-fuer-bueromoebel-die-dich-dazu-einlaedt-einen-schritt-weiterzugehen\/#breadcrumb"},"inLanguage":"de","potentialAction":[{"@type":"ReadAction","target":["https:\/\/www.mobellinea.com\/de\/esmou-die-kollektion-fuer-bueromoebel-die-dich-dazu-einlaedt-einen-schritt-weiterzugehen\/"]}]},{"@type":"ImageObject","inLanguage":"de","@id":"https:\/\/www.mobellinea.com\/de\/esmou-die-kollektion-fuer-bueromoebel-die-dich-dazu-einlaedt-einen-schritt-weiterzugehen\/#primaryimage","url":"https:\/\/www.mobellinea.com\/wp-content\/uploads\/2025\/11\/Blog_f01-16.jpg","contentUrl":"https:\/\/www.mobellinea.com\/wp-content\/uploads\/2025\/11\/Blog_f01-16.jpg","width":1920,"height":900},{"@type":"BreadcrumbList","@id":"https:\/\/www.mobellinea.com\/de\/esmou-die-kollektion-fuer-bueromoebel-die-dich-dazu-einlaedt-einen-schritt-weiterzugehen\/#breadcrumb","itemListElement":[{"@type":"ListItem","position":1,"name":"Home","item":"https:\/\/www.mobellinea.com\/de\/home\/"},{"@type":"ListItem","position":2,"name":"Nachrichten","item":"https:\/\/www.mobellinea.com\/de\/category\/nachrichten\/"},{"@type":"ListItem","position":3,"name":"Esmou, die kollektion f\u00fcr b\u00fcrom\u00f6bel, die dich dazu einl\u00e4dt, einen schritt weiterzugehen."}]},{"@type":"WebSite","@id":"https:\/\/mobellinea.com\/en\/#website","url":"https:\/\/mobellinea.com\/en\/","name":"MobelLinea","description":"Dise\u00f1amos y fabricamos soluciones de mobiliario para oficinas y espacios colectivos. Creamos entornos honestos, funcionales y humanos, pensados para mejorar la vida de las personas","alternateName":"Mobel Linea","potentialAction":[{"@type":"SearchAction","target":{"@type":"EntryPoint","urlTemplate":"https:\/\/mobellinea.com\/en\/?s={search_term_string}"},"query-input":{"@type":"PropertyValueSpecification","valueRequired":true,"valueName":"search_term_string"}}],"inLanguage":"de"},{"@type":"Person","@id":"https:\/\/mobellinea.com\/en\/#\/schema\/person\/518e40fa1dcd8c2ef7106c7561ae3ddb","name":"Anna","image":{"@type":"ImageObject","inLanguage":"de","@id":"https:\/\/secure.gravatar.com\/avatar\/8adc17f1354e8252029a3205a793c695de1d4150636fd00a689f76f96e8a4c98?s=96&d=mm&r=g","url":"https:\/\/secure.gravatar.com\/avatar\/8adc17f1354e8252029a3205a793c695de1d4150636fd00a689f76f96e8a4c98?s=96&d=mm&r=g","contentUrl":"https:\/\/secure.gravatar.com\/avatar\/8adc17f1354e8252029a3205a793c695de1d4150636fd00a689f76f96e8a4c98?s=96&d=mm&r=g","caption":"Anna"}}]}},"uagb_featured_image_src":{"full":["https:\/\/www.mobellinea.com\/wp-content\/uploads\/2025\/11\/Blog_f01-16.jpg",1920,900,false],"thumbnail":["https:\/\/www.mobellinea.com\/wp-content\/uploads\/2025\/11\/Blog_f01-16-150x150.jpg",150,150,true],"medium":["https:\/\/www.mobellinea.com\/wp-content\/uploads\/2025\/11\/Blog_f01-16-320x150.jpg",320,150,true],"medium_large":["https:\/\/www.mobellinea.com\/wp-content\/uploads\/2025\/11\/Blog_f01-16-680x319.jpg",680,319,true],"large":["https:\/\/www.mobellinea.com\/wp-content\/uploads\/2025\/11\/Blog_f01-16-1000x469.jpg",1000,469,true],"pieces_card":["https:\/\/www.mobellinea.com\/wp-content\/uploads\/2025\/11\/Blog_f01-16-140x173.jpg",140,173,true],"gform-image-choice-sm":["https:\/\/www.mobellinea.com\/wp-content\/uploads\/2025\/11\/Blog_f01-16.jpg",300,141,false],"gform-image-choice-md":["https:\/\/www.mobellinea.com\/wp-content\/uploads\/2025\/11\/Blog_f01-16.jpg",400,188,false],"gform-image-choice-lg":["https:\/\/www.mobellinea.com\/wp-content\/uploads\/2025\/11\/Blog_f01-16.jpg",600,281,false]},"uagb_author_info":{"display_name":"Anna","author_link":"https:\/\/www.mobellinea.com\/de\/author\/annareigmobellinea-es\/"},"uagb_comment_info":0,"uagb_excerpt":"Eine innovative Serie, die aus 8 vielseitigen, leichtgewichtigen Produkten auf Rollen besteht, die sich m\u00fchelos bewegen lassen und den Anforderungen des modernen B\u00fcros gerecht werden. Das in Cervera ans\u00e4ssige B\u00fcrom\u00f6belunternehmen bringt eine neue Produktlinie auf den Markt, die das traditionelle B\u00fcrokonzept neu definiert, indem sie vielseitige, mobile und praktische Designs f\u00fcr flexible und multifunktionale Arbeitsbereiche&hellip;","_links":{"self":[{"href":"https:\/\/www.mobellinea.com\/de\/wp-json\/wp\/v2\/posts\/5621","targetHints":{"allow":["GET"]}}],"collection":[{"href":"https:\/\/www.mobellinea.com\/de\/wp-json\/wp\/v2\/posts"}],"about":[{"href":"https:\/\/www.mobellinea.com\/de\/wp-json\/wp\/v2\/types\/post"}],"author":[{"embeddable":true,"href":"https:\/\/www.mobellinea.com\/de\/wp-json\/wp\/v2\/users\/8"}],"replies":[{"embeddable":true,"href":"https:\/\/www.mobellinea.com\/de\/wp-json\/wp\/v2\/comments?post=5621"}],"version-history":[{"count":3,"href":"https:\/\/www.mobellinea.com\/de\/wp-json\/wp\/v2\/posts\/5621\/revisions"}],"predecessor-version":[{"id":13824,"href":"https:\/\/www.mobellinea.com\/de\/wp-json\/wp\/v2\/posts\/5621\/revisions\/13824"}],"wp:featuredmedia":[{"embeddable":true,"href":"https:\/\/www.mobellinea.com\/de\/wp-json\/wp\/v2\/media\/17210"}],"wp:attachment":[{"href":"https:\/\/www.mobellinea.com\/de\/wp-json\/wp\/v2\/media?parent=5621"}],"wp:term":[{"taxonomy":"category","embeddable":true,"href":"https:\/\/www.mobellinea.com\/de\/wp-json\/wp\/v2\/categories?post=5621"},{"taxonomy":"post_tag","embeddable":true,"href":"https:\/\/www.mobellinea.com\/de\/wp-json\/wp\/v2\/tags?post=5621"}],"curies":[{"name":"wp","href":"https:\/\/api.w.org\/{rel}","templated":true}]}}