{"id":5591,"date":"2024-05-13T11:42:00","date_gmt":"2024-05-13T09:42:00","guid":{"rendered":"https:\/\/www.mobellinea.com\/wie-kann-man-das-wohlbefinden-am-arbeitsplatz-verbessern\/"},"modified":"2025-12-19T13:06:15","modified_gmt":"2025-12-19T12:06:15","slug":"wie-kann-man-das-wohlbefinden-am-arbeitsplatz-verbessern","status":"publish","type":"post","link":"https:\/\/www.mobellinea.com\/de\/wie-kann-man-das-wohlbefinden-am-arbeitsplatz-verbessern\/","title":{"rendered":"Wie kann man das wohlbefinden am arbeitsplatz verbessern?"},"content":{"rendered":"\n<p class=\"wp-block-paragraph\">Bei der Auswahl von M\u00f6beln sollte das k\u00f6rperliche und geistige Wohlbefinden derjenigen, die die M\u00f6bel benutzen werden, im Vordergrund stehen. Von St\u00fchlen bis hin zu Schreibtischen und weiteren M\u00f6belst\u00fccken sollten sie zur Produktivit\u00e4t und zum Komfort im Arbeitsbereich oder B\u00fcro beitragen. <\/p>\n\n<p class=\"wp-block-paragraph\">Wir stellen 3 Alternativen zur Steigerung des Wohlbefindens am Arbeitsplatz vor<\/p>\n\n<p class=\"has-xx-large-font-size wp-block-paragraph\">Arbeitsstuhl<\/p>\n\n<p class=\"wp-block-paragraph\">Finden Sie ergonomische, moderne, verstellbare Arbeitsst\u00fchle, die Ihnen bei langen Arbeitstagen im B\u00fcro zertifizierte Unterst\u00fctzung bieten. H\u00f6henverstellbare B\u00fcrost\u00fchle mit Lendenwirbelst\u00fctze, Kopfst\u00fctze und Armlehnen f\u00f6rdern eine korrekte K\u00f6rperhaltung und steigern Produktivit\u00e4t und Konzentration. <\/p>\n\n<figure class=\"wp-block-image size-large\"><img decoding=\"async\" src=\"data:image\/gif;base64,R0lGODlhAQABAIAAAAAAAP\/\/\/yH5BAEAAAAALAAAAAABAAEAAAIBRAA7\" data-src=\"https:\/\/www.mobellinea.com\/wp-content\/uploads\/2025\/11\/Blog_f01-17-1000x469.jpg\" alt=\"\" class=\"wp-image-5304 lazyload\"\/><noscript><img decoding=\"async\" width=\"1000\" height=\"469\" src=\"https:\/\/www.mobellinea.com\/wp-content\/uploads\/2025\/11\/Blog_f01-17-1000x469.jpg\" alt=\"\" class=\"wp-image-5304 lazyload\" srcset=\"https:\/\/www.mobellinea.com\/wp-content\/uploads\/2025\/11\/Blog_f01-17-1000x469.jpg 1000w, https:\/\/www.mobellinea.com\/wp-content\/uploads\/2025\/11\/Blog_f01-17-320x150.jpg 320w, https:\/\/www.mobellinea.com\/wp-content\/uploads\/2025\/11\/Blog_f01-17-680x319.jpg 680w, https:\/\/www.mobellinea.com\/wp-content\/uploads\/2025\/11\/Blog_f01-17.jpg 1920w\" sizes=\"(max-width: 1000px) 100vw, 1000px\" \/><\/noscript><\/figure>\n\n<p class=\"has-xx-large-font-size wp-block-paragraph\">Verstellbarer Tisch<\/p>\n\n<p class=\"wp-block-paragraph\">Die Auswahl des richtigen Schreibtisches f\u00fcr den B\u00fcroraum h\u00e4ngt von den ergonomischen Bed\u00fcrfnissen des Benutzers ab. Daher wird empfohlen, sich f\u00fcr h\u00f6henverstellbare Tische zu entscheiden, um eine gr\u00f6\u00dfere Anpassungsf\u00e4higkeit zu gew\u00e4hrleisten und so den ganzen Tag \u00fcber eine bequeme und gesunde K\u00f6rperhaltung beizubehalten. <\/p>\n\n<figure class=\"wp-block-image size-large\"><img decoding=\"async\" src=\"data:image\/gif;base64,R0lGODlhAQABAIAAAAAAAP\/\/\/yH5BAEAAAAALAAAAAABAAEAAAIBRAA7\" data-src=\"https:\/\/www.mobellinea.com\/wp-content\/uploads\/2025\/11\/Blog_f03-12-1000x469.jpg\" alt=\"\" class=\"wp-image-5306 lazyload\"\/><noscript><img decoding=\"async\" width=\"1000\" height=\"469\" src=\"https:\/\/www.mobellinea.com\/wp-content\/uploads\/2025\/11\/Blog_f03-12-1000x469.jpg\" alt=\"\" class=\"wp-image-5306 lazyload\" srcset=\"https:\/\/www.mobellinea.com\/wp-content\/uploads\/2025\/11\/Blog_f03-12-1000x469.jpg 1000w, https:\/\/www.mobellinea.com\/wp-content\/uploads\/2025\/11\/Blog_f03-12-320x150.jpg 320w, https:\/\/www.mobellinea.com\/wp-content\/uploads\/2025\/11\/Blog_f03-12-680x319.jpg 680w, https:\/\/www.mobellinea.com\/wp-content\/uploads\/2025\/11\/Blog_f03-12.jpg 1920w\" sizes=\"(max-width: 1000px) 100vw, 1000px\" \/><\/noscript><\/figure>\n\n<p class=\"has-xx-large-font-size wp-block-paragraph\">Soft Seating Bereiche<\/p>\n\n<p class=\"wp-block-paragraph\">Gem\u00fctliche R\u00e4ume, wie z. B. Soft Seating, k\u00f6nnen zur Entspannung oder f\u00fcr informelle Besprechungen genutzt werden, was dazu beitr\u00e4gt, Stress abzubauen und die Arbeitsumgebung zu verbessern. Das ergonomische Design von Puffs, Sesseln, Sofas und sonstigen M\u00f6beln muss von bester Qualit\u00e4t sein, um ein angenehmes Entspannungserlebnis zu bieten. <\/p>\n\n<figure class=\"wp-block-image size-large\"><img decoding=\"async\" src=\"data:image\/gif;base64,R0lGODlhAQABAIAAAAAAAP\/\/\/yH5BAEAAAAALAAAAAABAAEAAAIBRAA7\" data-src=\"https:\/\/www.mobellinea.com\/wp-content\/uploads\/2025\/11\/Blog_f02-14-1000x469.jpg\" alt=\"\" class=\"wp-image-5305 lazyload\"\/><noscript><img decoding=\"async\" width=\"1000\" height=\"469\" src=\"https:\/\/www.mobellinea.com\/wp-content\/uploads\/2025\/11\/Blog_f02-14-1000x469.jpg\" alt=\"\" class=\"wp-image-5305 lazyload\" srcset=\"https:\/\/www.mobellinea.com\/wp-content\/uploads\/2025\/11\/Blog_f02-14-1000x469.jpg 1000w, https:\/\/www.mobellinea.com\/wp-content\/uploads\/2025\/11\/Blog_f02-14-320x150.jpg 320w, https:\/\/www.mobellinea.com\/wp-content\/uploads\/2025\/11\/Blog_f02-14-680x319.jpg 680w, https:\/\/www.mobellinea.com\/wp-content\/uploads\/2025\/11\/Blog_f02-14.jpg 1920w\" sizes=\"(max-width: 1000px) 100vw, 1000px\" \/><\/noscript><\/figure>\n\n<p class=\"wp-block-paragraph\">Wir von Mobel Linea sind M\u00f6belhersteller und entwerfen Arbeitsbereiche, die das pers\u00f6nliche und berufliche Wohlbefinden jedes Benutzers ber\u00fccksichtigen, ob zu Hause, im B\u00fcro oder im Unternehmen.<\/p>\n\n<p class=\"wp-block-paragraph\">Wir verf\u00fcgen \u00fcber ein gro\u00dfes Vertriebsnetzwerk. Kontaktieren Sie uns und finden Sie heraus, wie wir Ihre Umgebung verbessern k\u00f6nnen!<\/p>\n","protected":false},"excerpt":{"rendered":"<p>Bei der Auswahl von M\u00f6beln sollte das k\u00f6rperliche und geistige Wohlbefinden derjenigen, die die M\u00f6bel benutzen werden, im Vordergrund stehen. Von St\u00fchlen bis hin zu Schreibtischen und weiteren M\u00f6belst\u00fccken sollten sie zur Produktivit\u00e4t und zum Komfort im Arbeitsbereich oder B\u00fcro beitragen. Wir stellen 3 Alternativen zur Steigerung des Wohlbefindens am Arbeitsplatz vor Arbeitsstuhl Finden Sie [&hellip;]<\/p>\n","protected":false},"author":8,"featured_media":17214,"comment_status":"closed","ping_status":"closed","sticky":false,"template":"","format":"standard","meta":{"_acf_changed":false,"_uag_custom_page_level_css":"","footnotes":""},"categories":[368,348],"tags":[],"class_list":["post-5591","post","type-post","status-publish","format-standard","has-post-thumbnail","hentry","category-trends","category-wohlfahrt"],"acf":[],"yoast_head":"<!-- This site is optimized with the Yoast SEO Premium plugin v26.6 (Yoast SEO v27.6) - https:\/\/yoast.com\/product\/yoast-seo-premium-wordpress\/ -->\n<title>Wie kann man das wohlbefinden am arbeitsplatz verbessern? - Mobellinea<\/title>\n<meta name=\"description\" content=\"Bei der Auswahl von M\u00f6beln sollte das k\u00f6rperliche und geistige Wohlbefinden derjenigen, die die M\u00f6bel benutzen werden, im Vordergrund stehen. Von St\u00fchlen\" \/>\n<meta name=\"robots\" content=\"index, follow, max-snippet:-1, max-image-preview:large, max-video-preview:-1\" \/>\n<link rel=\"canonical\" href=\"https:\/\/www.mobellinea.com\/de\/wie-kann-man-das-wohlbefinden-am-arbeitsplatz-verbessern\/\" \/>\n<meta property=\"og:locale\" content=\"de_DE\" \/>\n<meta property=\"og:type\" content=\"article\" \/>\n<meta property=\"og:title\" content=\"Wie kann man das wohlbefinden am arbeitsplatz verbessern?\" \/>\n<meta property=\"og:description\" content=\"Bei der Auswahl von M\u00f6beln sollte das k\u00f6rperliche und geistige Wohlbefinden derjenigen, die die M\u00f6bel benutzen werden, im Vordergrund stehen. Von St\u00fchlen\" \/>\n<meta property=\"og:url\" content=\"https:\/\/www.mobellinea.com\/de\/wie-kann-man-das-wohlbefinden-am-arbeitsplatz-verbessern\/\" \/>\n<meta property=\"og:site_name\" content=\"Mobellinea\" \/>\n<meta property=\"article:publisher\" content=\"https:\/\/www.facebook.com\/mobellineasl\" \/>\n<meta property=\"article:published_time\" content=\"2024-05-13T09:42:00+00:00\" \/>\n<meta property=\"article:modified_time\" content=\"2025-12-19T12:06:15+00:00\" \/>\n<meta property=\"og:image\" content=\"https:\/\/www.mobellinea.com\/wp-content\/uploads\/2025\/11\/Blog_f01-17.jpg\" \/>\n\t<meta property=\"og:image:width\" content=\"1920\" \/>\n\t<meta property=\"og:image:height\" content=\"900\" \/>\n\t<meta property=\"og:image:type\" content=\"image\/jpeg\" \/>\n<meta name=\"author\" content=\"Anna\" \/>\n<meta name=\"twitter:card\" content=\"summary_large_image\" \/>\n<meta name=\"twitter:label1\" content=\"Verfasst von\" \/>\n\t<meta name=\"twitter:data1\" content=\"Anna\" \/>\n\t<meta name=\"twitter:label2\" content=\"Gesch\u00e4tzte Lesezeit\" \/>\n\t<meta name=\"twitter:data2\" content=\"2\u00a0Minuten\" \/>\n<script type=\"application\/ld+json\" class=\"yoast-schema-graph\">{\"@context\":\"https:\\\/\\\/schema.org\",\"@graph\":[{\"@type\":\"Article\",\"@id\":\"https:\\\/\\\/www.mobellinea.com\\\/de\\\/wie-kann-man-das-wohlbefinden-am-arbeitsplatz-verbessern\\\/#article\",\"isPartOf\":{\"@id\":\"https:\\\/\\\/www.mobellinea.com\\\/de\\\/wie-kann-man-das-wohlbefinden-am-arbeitsplatz-verbessern\\\/\"},\"author\":{\"name\":\"Anna\",\"@id\":\"https:\\\/\\\/mobellinea.com\\\/en\\\/#\\\/schema\\\/person\\\/518e40fa1dcd8c2ef7106c7561ae3ddb\"},\"headline\":\"Wie kann man das wohlbefinden am arbeitsplatz verbessern?\",\"datePublished\":\"2024-05-13T09:42:00+00:00\",\"dateModified\":\"2025-12-19T12:06:15+00:00\",\"mainEntityOfPage\":{\"@id\":\"https:\\\/\\\/www.mobellinea.com\\\/de\\\/wie-kann-man-das-wohlbefinden-am-arbeitsplatz-verbessern\\\/\"},\"wordCount\":275,\"image\":{\"@id\":\"https:\\\/\\\/www.mobellinea.com\\\/de\\\/wie-kann-man-das-wohlbefinden-am-arbeitsplatz-verbessern\\\/#primaryimage\"},\"thumbnailUrl\":\"https:\\\/\\\/www.mobellinea.com\\\/wp-content\\\/uploads\\\/2025\\\/11\\\/Blog_f01-17.jpg\",\"articleSection\":[\"Trends\",\"Wohlfahrt\"],\"inLanguage\":\"de\"},{\"@type\":\"WebPage\",\"@id\":\"https:\\\/\\\/www.mobellinea.com\\\/de\\\/wie-kann-man-das-wohlbefinden-am-arbeitsplatz-verbessern\\\/\",\"url\":\"https:\\\/\\\/www.mobellinea.com\\\/de\\\/wie-kann-man-das-wohlbefinden-am-arbeitsplatz-verbessern\\\/\",\"name\":\"Wie kann man das wohlbefinden am arbeitsplatz verbessern? - Mobellinea\",\"isPartOf\":{\"@id\":\"https:\\\/\\\/mobellinea.com\\\/en\\\/#website\"},\"primaryImageOfPage\":{\"@id\":\"https:\\\/\\\/www.mobellinea.com\\\/de\\\/wie-kann-man-das-wohlbefinden-am-arbeitsplatz-verbessern\\\/#primaryimage\"},\"image\":{\"@id\":\"https:\\\/\\\/www.mobellinea.com\\\/de\\\/wie-kann-man-das-wohlbefinden-am-arbeitsplatz-verbessern\\\/#primaryimage\"},\"thumbnailUrl\":\"https:\\\/\\\/www.mobellinea.com\\\/wp-content\\\/uploads\\\/2025\\\/11\\\/Blog_f01-17.jpg\",\"datePublished\":\"2024-05-13T09:42:00+00:00\",\"dateModified\":\"2025-12-19T12:06:15+00:00\",\"author\":{\"@id\":\"https:\\\/\\\/mobellinea.com\\\/en\\\/#\\\/schema\\\/person\\\/518e40fa1dcd8c2ef7106c7561ae3ddb\"},\"description\":\"Bei der Auswahl von M\u00f6beln sollte das k\u00f6rperliche und geistige Wohlbefinden derjenigen, die die M\u00f6bel benutzen werden, im Vordergrund stehen. Von St\u00fchlen\",\"breadcrumb\":{\"@id\":\"https:\\\/\\\/www.mobellinea.com\\\/de\\\/wie-kann-man-das-wohlbefinden-am-arbeitsplatz-verbessern\\\/#breadcrumb\"},\"inLanguage\":\"de\",\"potentialAction\":[{\"@type\":\"ReadAction\",\"target\":[\"https:\\\/\\\/www.mobellinea.com\\\/de\\\/wie-kann-man-das-wohlbefinden-am-arbeitsplatz-verbessern\\\/\"]}]},{\"@type\":\"ImageObject\",\"inLanguage\":\"de\",\"@id\":\"https:\\\/\\\/www.mobellinea.com\\\/de\\\/wie-kann-man-das-wohlbefinden-am-arbeitsplatz-verbessern\\\/#primaryimage\",\"url\":\"https:\\\/\\\/www.mobellinea.com\\\/wp-content\\\/uploads\\\/2025\\\/11\\\/Blog_f01-17.jpg\",\"contentUrl\":\"https:\\\/\\\/www.mobellinea.com\\\/wp-content\\\/uploads\\\/2025\\\/11\\\/Blog_f01-17.jpg\",\"width\":1920,\"height\":900},{\"@type\":\"BreadcrumbList\",\"@id\":\"https:\\\/\\\/www.mobellinea.com\\\/de\\\/wie-kann-man-das-wohlbefinden-am-arbeitsplatz-verbessern\\\/#breadcrumb\",\"itemListElement\":[{\"@type\":\"ListItem\",\"position\":1,\"name\":\"Home\",\"item\":\"https:\\\/\\\/www.mobellinea.com\\\/de\\\/home\\\/\"},{\"@type\":\"ListItem\",\"position\":2,\"name\":\"Wohlfahrt\",\"item\":\"https:\\\/\\\/www.mobellinea.com\\\/de\\\/category\\\/wohlfahrt\\\/\"},{\"@type\":\"ListItem\",\"position\":3,\"name\":\"Wie kann man das wohlbefinden am arbeitsplatz verbessern?\"}]},{\"@type\":\"WebSite\",\"@id\":\"https:\\\/\\\/mobellinea.com\\\/en\\\/#website\",\"url\":\"https:\\\/\\\/mobellinea.com\\\/en\\\/\",\"name\":\"MobelLinea\",\"description\":\"Dise\u00f1amos y fabricamos soluciones de mobiliario para oficinas y espacios colectivos. Creamos entornos honestos, funcionales y humanos, pensados para mejorar la vida de las personas\",\"alternateName\":\"Mobel Linea\",\"potentialAction\":[{\"@type\":\"SearchAction\",\"target\":{\"@type\":\"EntryPoint\",\"urlTemplate\":\"https:\\\/\\\/mobellinea.com\\\/en\\\/?s={search_term_string}\"},\"query-input\":{\"@type\":\"PropertyValueSpecification\",\"valueRequired\":true,\"valueName\":\"search_term_string\"}}],\"inLanguage\":\"de\"},{\"@type\":\"Person\",\"@id\":\"https:\\\/\\\/mobellinea.com\\\/en\\\/#\\\/schema\\\/person\\\/518e40fa1dcd8c2ef7106c7561ae3ddb\",\"name\":\"Anna\",\"image\":{\"@type\":\"ImageObject\",\"inLanguage\":\"de\",\"@id\":\"https:\\\/\\\/secure.gravatar.com\\\/avatar\\\/8adc17f1354e8252029a3205a793c695de1d4150636fd00a689f76f96e8a4c98?s=96&d=mm&r=g\",\"url\":\"https:\\\/\\\/secure.gravatar.com\\\/avatar\\\/8adc17f1354e8252029a3205a793c695de1d4150636fd00a689f76f96e8a4c98?s=96&d=mm&r=g\",\"contentUrl\":\"https:\\\/\\\/secure.gravatar.com\\\/avatar\\\/8adc17f1354e8252029a3205a793c695de1d4150636fd00a689f76f96e8a4c98?s=96&d=mm&r=g\",\"caption\":\"Anna\"}}]}<\/script>\n<!-- \/ Yoast SEO Premium plugin. -->","yoast_head_json":{"title":"Wie kann man das wohlbefinden am arbeitsplatz verbessern? - Mobellinea","description":"Bei der Auswahl von M\u00f6beln sollte das k\u00f6rperliche und geistige Wohlbefinden derjenigen, die die M\u00f6bel benutzen werden, im Vordergrund stehen. Von St\u00fchlen","robots":{"index":"index","follow":"follow","max-snippet":"max-snippet:-1","max-image-preview":"max-image-preview:large","max-video-preview":"max-video-preview:-1"},"canonical":"https:\/\/www.mobellinea.com\/de\/wie-kann-man-das-wohlbefinden-am-arbeitsplatz-verbessern\/","og_locale":"de_DE","og_type":"article","og_title":"Wie kann man das wohlbefinden am arbeitsplatz verbessern?","og_description":"Bei der Auswahl von M\u00f6beln sollte das k\u00f6rperliche und geistige Wohlbefinden derjenigen, die die M\u00f6bel benutzen werden, im Vordergrund stehen. Von St\u00fchlen","og_url":"https:\/\/www.mobellinea.com\/de\/wie-kann-man-das-wohlbefinden-am-arbeitsplatz-verbessern\/","og_site_name":"Mobellinea","article_publisher":"https:\/\/www.facebook.com\/mobellineasl","article_published_time":"2024-05-13T09:42:00+00:00","article_modified_time":"2025-12-19T12:06:15+00:00","og_image":[{"width":1920,"height":900,"url":"https:\/\/www.mobellinea.com\/wp-content\/uploads\/2025\/11\/Blog_f01-17.jpg","type":"image\/jpeg"}],"author":"Anna","twitter_card":"summary_large_image","twitter_misc":{"Verfasst von":"Anna","Gesch\u00e4tzte Lesezeit":"2\u00a0Minuten"},"schema":{"@context":"https:\/\/schema.org","@graph":[{"@type":"Article","@id":"https:\/\/www.mobellinea.com\/de\/wie-kann-man-das-wohlbefinden-am-arbeitsplatz-verbessern\/#article","isPartOf":{"@id":"https:\/\/www.mobellinea.com\/de\/wie-kann-man-das-wohlbefinden-am-arbeitsplatz-verbessern\/"},"author":{"name":"Anna","@id":"https:\/\/mobellinea.com\/en\/#\/schema\/person\/518e40fa1dcd8c2ef7106c7561ae3ddb"},"headline":"Wie kann man das wohlbefinden am arbeitsplatz verbessern?","datePublished":"2024-05-13T09:42:00+00:00","dateModified":"2025-12-19T12:06:15+00:00","mainEntityOfPage":{"@id":"https:\/\/www.mobellinea.com\/de\/wie-kann-man-das-wohlbefinden-am-arbeitsplatz-verbessern\/"},"wordCount":275,"image":{"@id":"https:\/\/www.mobellinea.com\/de\/wie-kann-man-das-wohlbefinden-am-arbeitsplatz-verbessern\/#primaryimage"},"thumbnailUrl":"https:\/\/www.mobellinea.com\/wp-content\/uploads\/2025\/11\/Blog_f01-17.jpg","articleSection":["Trends","Wohlfahrt"],"inLanguage":"de"},{"@type":"WebPage","@id":"https:\/\/www.mobellinea.com\/de\/wie-kann-man-das-wohlbefinden-am-arbeitsplatz-verbessern\/","url":"https:\/\/www.mobellinea.com\/de\/wie-kann-man-das-wohlbefinden-am-arbeitsplatz-verbessern\/","name":"Wie kann man das wohlbefinden am arbeitsplatz verbessern? - Mobellinea","isPartOf":{"@id":"https:\/\/mobellinea.com\/en\/#website"},"primaryImageOfPage":{"@id":"https:\/\/www.mobellinea.com\/de\/wie-kann-man-das-wohlbefinden-am-arbeitsplatz-verbessern\/#primaryimage"},"image":{"@id":"https:\/\/www.mobellinea.com\/de\/wie-kann-man-das-wohlbefinden-am-arbeitsplatz-verbessern\/#primaryimage"},"thumbnailUrl":"https:\/\/www.mobellinea.com\/wp-content\/uploads\/2025\/11\/Blog_f01-17.jpg","datePublished":"2024-05-13T09:42:00+00:00","dateModified":"2025-12-19T12:06:15+00:00","author":{"@id":"https:\/\/mobellinea.com\/en\/#\/schema\/person\/518e40fa1dcd8c2ef7106c7561ae3ddb"},"description":"Bei der Auswahl von M\u00f6beln sollte das k\u00f6rperliche und geistige Wohlbefinden derjenigen, die die M\u00f6bel benutzen werden, im Vordergrund stehen. Von St\u00fchlen","breadcrumb":{"@id":"https:\/\/www.mobellinea.com\/de\/wie-kann-man-das-wohlbefinden-am-arbeitsplatz-verbessern\/#breadcrumb"},"inLanguage":"de","potentialAction":[{"@type":"ReadAction","target":["https:\/\/www.mobellinea.com\/de\/wie-kann-man-das-wohlbefinden-am-arbeitsplatz-verbessern\/"]}]},{"@type":"ImageObject","inLanguage":"de","@id":"https:\/\/www.mobellinea.com\/de\/wie-kann-man-das-wohlbefinden-am-arbeitsplatz-verbessern\/#primaryimage","url":"https:\/\/www.mobellinea.com\/wp-content\/uploads\/2025\/11\/Blog_f01-17.jpg","contentUrl":"https:\/\/www.mobellinea.com\/wp-content\/uploads\/2025\/11\/Blog_f01-17.jpg","width":1920,"height":900},{"@type":"BreadcrumbList","@id":"https:\/\/www.mobellinea.com\/de\/wie-kann-man-das-wohlbefinden-am-arbeitsplatz-verbessern\/#breadcrumb","itemListElement":[{"@type":"ListItem","position":1,"name":"Home","item":"https:\/\/www.mobellinea.com\/de\/home\/"},{"@type":"ListItem","position":2,"name":"Wohlfahrt","item":"https:\/\/www.mobellinea.com\/de\/category\/wohlfahrt\/"},{"@type":"ListItem","position":3,"name":"Wie kann man das wohlbefinden am arbeitsplatz verbessern?"}]},{"@type":"WebSite","@id":"https:\/\/mobellinea.com\/en\/#website","url":"https:\/\/mobellinea.com\/en\/","name":"MobelLinea","description":"Dise\u00f1amos y fabricamos soluciones de mobiliario para oficinas y espacios colectivos. Creamos entornos honestos, funcionales y humanos, pensados para mejorar la vida de las personas","alternateName":"Mobel Linea","potentialAction":[{"@type":"SearchAction","target":{"@type":"EntryPoint","urlTemplate":"https:\/\/mobellinea.com\/en\/?s={search_term_string}"},"query-input":{"@type":"PropertyValueSpecification","valueRequired":true,"valueName":"search_term_string"}}],"inLanguage":"de"},{"@type":"Person","@id":"https:\/\/mobellinea.com\/en\/#\/schema\/person\/518e40fa1dcd8c2ef7106c7561ae3ddb","name":"Anna","image":{"@type":"ImageObject","inLanguage":"de","@id":"https:\/\/secure.gravatar.com\/avatar\/8adc17f1354e8252029a3205a793c695de1d4150636fd00a689f76f96e8a4c98?s=96&d=mm&r=g","url":"https:\/\/secure.gravatar.com\/avatar\/8adc17f1354e8252029a3205a793c695de1d4150636fd00a689f76f96e8a4c98?s=96&d=mm&r=g","contentUrl":"https:\/\/secure.gravatar.com\/avatar\/8adc17f1354e8252029a3205a793c695de1d4150636fd00a689f76f96e8a4c98?s=96&d=mm&r=g","caption":"Anna"}}]}},"uagb_featured_image_src":{"full":["https:\/\/www.mobellinea.com\/wp-content\/uploads\/2025\/11\/Blog_f01-17.jpg",1920,900,false],"thumbnail":["https:\/\/www.mobellinea.com\/wp-content\/uploads\/2025\/11\/Blog_f01-17-150x150.jpg",150,150,true],"medium":["https:\/\/www.mobellinea.com\/wp-content\/uploads\/2025\/11\/Blog_f01-17-320x150.jpg",320,150,true],"medium_large":["https:\/\/www.mobellinea.com\/wp-content\/uploads\/2025\/11\/Blog_f01-17-680x319.jpg",680,319,true],"large":["https:\/\/www.mobellinea.com\/wp-content\/uploads\/2025\/11\/Blog_f01-17-1000x469.jpg",1000,469,true],"pieces_card":["https:\/\/www.mobellinea.com\/wp-content\/uploads\/2025\/11\/Blog_f01-17-140x173.jpg",140,173,true],"gform-image-choice-sm":["https:\/\/www.mobellinea.com\/wp-content\/uploads\/2025\/11\/Blog_f01-17.jpg",300,141,false],"gform-image-choice-md":["https:\/\/www.mobellinea.com\/wp-content\/uploads\/2025\/11\/Blog_f01-17.jpg",400,188,false],"gform-image-choice-lg":["https:\/\/www.mobellinea.com\/wp-content\/uploads\/2025\/11\/Blog_f01-17.jpg",600,281,false]},"uagb_author_info":{"display_name":"Anna","author_link":"https:\/\/www.mobellinea.com\/de\/author\/annareigmobellinea-es\/"},"uagb_comment_info":0,"uagb_excerpt":"Bei der Auswahl von M\u00f6beln sollte das k\u00f6rperliche und geistige Wohlbefinden derjenigen, die die M\u00f6bel benutzen werden, im Vordergrund stehen. Von St\u00fchlen bis hin zu Schreibtischen und weiteren M\u00f6belst\u00fccken sollten sie zur Produktivit\u00e4t und zum Komfort im Arbeitsbereich oder B\u00fcro beitragen. Wir stellen 3 Alternativen zur Steigerung des Wohlbefindens am Arbeitsplatz vor Arbeitsstuhl Finden Sie&hellip;","_links":{"self":[{"href":"https:\/\/www.mobellinea.com\/de\/wp-json\/wp\/v2\/posts\/5591","targetHints":{"allow":["GET"]}}],"collection":[{"href":"https:\/\/www.mobellinea.com\/de\/wp-json\/wp\/v2\/posts"}],"about":[{"href":"https:\/\/www.mobellinea.com\/de\/wp-json\/wp\/v2\/types\/post"}],"author":[{"embeddable":true,"href":"https:\/\/www.mobellinea.com\/de\/wp-json\/wp\/v2\/users\/8"}],"replies":[{"embeddable":true,"href":"https:\/\/www.mobellinea.com\/de\/wp-json\/wp\/v2\/comments?post=5591"}],"version-history":[{"count":5,"href":"https:\/\/www.mobellinea.com\/de\/wp-json\/wp\/v2\/posts\/5591\/revisions"}],"predecessor-version":[{"id":13810,"href":"https:\/\/www.mobellinea.com\/de\/wp-json\/wp\/v2\/posts\/5591\/revisions\/13810"}],"wp:featuredmedia":[{"embeddable":true,"href":"https:\/\/www.mobellinea.com\/de\/wp-json\/wp\/v2\/media\/17214"}],"wp:attachment":[{"href":"https:\/\/www.mobellinea.com\/de\/wp-json\/wp\/v2\/media?parent=5591"}],"wp:term":[{"taxonomy":"category","embeddable":true,"href":"https:\/\/www.mobellinea.com\/de\/wp-json\/wp\/v2\/categories?post=5591"},{"taxonomy":"post_tag","embeddable":true,"href":"https:\/\/www.mobellinea.com\/de\/wp-json\/wp\/v2\/tags?post=5591"}],"curies":[{"name":"wp","href":"https:\/\/api.w.org\/{rel}","templated":true}]}}