{"id":5578,"date":"2024-03-18T11:48:00","date_gmt":"2024-03-18T10:48:00","guid":{"rendered":"https:\/\/www.mobellinea.com\/vier-farben-die-arbeitsbereichen-persoenlichkeit-verleihen-teil-1\/"},"modified":"2026-04-13T09:35:08","modified_gmt":"2026-04-13T07:35:08","slug":"vier-farben-die-arbeitsbereichen-persoenlichkeit-verleihen-teil-1","status":"publish","type":"post","link":"https:\/\/www.mobellinea.com\/de\/vier-farben-die-arbeitsbereichen-persoenlichkeit-verleihen-teil-1\/","title":{"rendered":"Vier Farben, die Arbeitsbereichen Pers\u00f6nlichkeit Verleihen (Teil 1)"},"content":{"rendered":"\n<p class=\"wp-block-paragraph\">Die B\u00fcrogestaltung hat sich im Laufe der Zeit st\u00e4ndig weiterentwickelt und immer wieder tauchen neue Trends auf. Bei all diesen Ver\u00e4nderungen bleibt die Farbauswahl jedoch ein entscheidender Aspekt, da sie die Atmosph\u00e4re beeinflusst und den R\u00e4umlichkeiten ihren individuellen Charakter verleiht. Daher sollten Sie, bevor Sie die Farben f\u00fcr Ihr Studio oder Ihren Arbeitsbereich ausw\u00e4hlen, eine Reihe von Aspekten ber\u00fccksichtigen, damit Sie das f\u00fcr Ihre Bed\u00fcrfnisse perfekte Ambiente schaffen k\u00f6nnen. <\/p>\n\n<p class=\"wp-block-paragraph\">In diesem Blog-Beitrag m\u00f6chten wir vier leuchtende Farben pr\u00e4sentieren, die Arbeitsbereichen Pers\u00f6nlichkeit verleihen.<\/p>\n\n<p class=\"has-xx-large-font-size wp-block-paragraph\">1. Gelb<\/p>\n\n<p class=\"wp-block-paragraph\">Gelbt\u00f6ne wirken aufhellend und vermitteln ein Gef\u00fchl von Vitalit\u00e4t und Energie. Von M\u00f6beln bis hin zu dekorativen Accessoires empfiehlt es sich, die Farbe Gelb ma\u00dfvoll zu kombinieren und dort zu verwenden, wo Sie Kreativit\u00e4t und Freude f\u00f6rdern m\u00f6chten, z. B. in Besprechungsr\u00e4umen und Arbeitsr\u00e4umen. <\/p>\n\n<figure class=\"wp-block-image\"><img decoding=\"async\" class=\"lazyload\" src=\"data:image\/gif;base64,R0lGODlhAQABAIAAAAAAAP\/\/\/yH5BAEAAAAALAAAAAABAAEAAAIBRAA7\" data-src=\"https:\/\/www.mobellinea.com\/recursos\/archivos\/ubicacionForzada\/blogs\/POST_003\/Blog_f01.jpg\" alt=\"Imagen auxiliar\"\/><noscript><img decoding=\"async\" class=\"lazyload\" src=\"https:\/\/www.mobellinea.com\/recursos\/archivos\/ubicacionForzada\/blogs\/POST_003\/Blog_f01.jpg\" alt=\"Imagen auxiliar\"\/><\/noscript><\/figure>\n\n<p class=\"has-xx-large-font-size wp-block-paragraph\">2. Schwarz<\/p>\n\n<p class=\"wp-block-paragraph\">Schwarz ist eine Farbe, die nie aus der Mode kommt und eine der beliebtesten M\u00f6belfarben ist, da sie Eleganz und Professionalit\u00e4t ausstrahlt. Diese Farbe wird in Managementb\u00fcros, Besprechungsr\u00e4umen und anderen B\u00fcror\u00e4umen verwendet, da sie in Kombination mit anderen Farben modernere und minimalistischere Umgebungen schafft. <\/p>\n\n<figure class=\"wp-block-image\"><img decoding=\"async\" class=\"lazyload\" src=\"data:image\/gif;base64,R0lGODlhAQABAIAAAAAAAP\/\/\/yH5BAEAAAAALAAAAAABAAEAAAIBRAA7\" data-src=\"https:\/\/www.mobellinea.com\/recursos\/archivos\/ubicacionForzada\/blogs\/POST_003\/Blog_f02.jpg\" alt=\"Imagen auxiliar\"\/><noscript><img decoding=\"async\" class=\"lazyload\" src=\"https:\/\/www.mobellinea.com\/recursos\/archivos\/ubicacionForzada\/blogs\/POST_003\/Blog_f02.jpg\" alt=\"Imagen auxiliar\"\/><\/noscript><\/figure>\n\n<p class=\"has-xx-large-font-size wp-block-paragraph\">3. Rosa<\/p>\n\n<p class=\"wp-block-paragraph\">Mit seinen hellen T\u00f6nen strahlt Rosa W\u00e4rme aus und vermittelt in kleinen R\u00e4umen ein Gef\u00fchl von Ger\u00e4umigkeit. Diese Farbe ist vielseitig und l\u00e4sst sich leicht in jeden Einrichtungsstil integrieren. F\u00fcr konzentrierte Momente am Arbeitsplatz empfiehlt sich eine Kombination mit Wei\u00df, Schwarz oder Graut\u00f6nen. <\/p>\n\n<figure class=\"wp-block-image\"><img decoding=\"async\" class=\"lazyload\" src=\"data:image\/gif;base64,R0lGODlhAQABAIAAAAAAAP\/\/\/yH5BAEAAAAALAAAAAABAAEAAAIBRAA7\" data-src=\"https:\/\/www.mobellinea.com\/recursos\/archivos\/ubicacionForzada\/blogs\/POST_003\/Blog_f03.jpg\" alt=\"Imagen auxiliar\"\/><noscript><img decoding=\"async\" class=\"lazyload\" src=\"https:\/\/www.mobellinea.com\/recursos\/archivos\/ubicacionForzada\/blogs\/POST_003\/Blog_f03.jpg\" alt=\"Imagen auxiliar\"\/><\/noscript><\/figure>\n\n<p class=\"has-xx-large-font-size wp-block-paragraph\">4. Orange<\/p>\n\n<p class=\"wp-block-paragraph\">Orange ist eine Farbe, die Enthusiasmus, Freude und Begeisterung ausstrahlt, und dabei Dynamik und Aufmerksamkeit f\u00f6rdert. Oranget\u00f6ne k\u00f6nnen mit neutralen oder komplement\u00e4ren Farben kombiniert werden, um ein harmonisches Gleichgewicht in Ihrer Einrichtung zu schaffen. Ob in B\u00fcros, Speises\u00e4len, Ruhe- oder Aufenthaltsr\u00e4umen, sollte Orange mit Bedacht eingesetzt werden. <\/p>\n\n<figure class=\"wp-block-image\"><img decoding=\"async\" class=\"lazyload\" src=\"data:image\/gif;base64,R0lGODlhAQABAIAAAAAAAP\/\/\/yH5BAEAAAAALAAAAAABAAEAAAIBRAA7\" data-src=\"https:\/\/www.mobellinea.com\/recursos\/archivos\/ubicacionForzada\/blogs\/POST_003\/Blog_f04.jpg\" alt=\"Imagen auxiliar\"\/><noscript><img decoding=\"async\" class=\"lazyload\" src=\"https:\/\/www.mobellinea.com\/recursos\/archivos\/ubicacionForzada\/blogs\/POST_003\/Blog_f04.jpg\" alt=\"Imagen auxiliar\"\/><\/noscript><\/figure>\n\n<p class=\"wp-block-paragraph\">Mit den Farben, die Sie f\u00fcr Ihre M\u00f6bel und Ihre Dekoration w\u00e4hlen, k\u00f6nnen Sie Ihre Arbeitsbereiche positiv ver\u00e4ndern und ihnen eine einzigartige Pers\u00f6nlichkeit verleihen. Sei es mit der Leuchtkraft von Gelb, der Eleganz von Schwarz, der W\u00e4rme von Rosa oder der Energie von Orange. <\/p>\n\n<p class=\"wp-block-paragraph\">Bei der Auswahl der Farben sollten Sie stets darauf achten, welche Wirkung diese auf das Ambiente in Ihren R\u00e4umlichkeiten haben werden.<\/p>\n","protected":false},"excerpt":{"rendered":"<p>Die B\u00fcrogestaltung hat sich im Laufe der Zeit st\u00e4ndig weiterentwickelt und immer wieder tauchen neue Trends auf. Bei all diesen Ver\u00e4nderungen bleibt die Farbauswahl jedoch ein entscheidender Aspekt, da sie die Atmosph\u00e4re beeinflusst und den R\u00e4umlichkeiten ihren individuellen Charakter verleiht. Daher sollten Sie, bevor Sie die Farben f\u00fcr Ihr Studio oder Ihren Arbeitsbereich ausw\u00e4hlen, eine [&hellip;]<\/p>\n","protected":false},"author":8,"featured_media":5574,"comment_status":"closed","ping_status":"closed","sticky":false,"template":"","format":"standard","meta":{"_acf_changed":false,"_uag_custom_page_level_css":"","footnotes":""},"categories":[368],"tags":[],"class_list":["post-5578","post","type-post","status-publish","format-standard","has-post-thumbnail","hentry","category-trends"],"acf":[],"yoast_head":"<!-- This site is optimized with the Yoast SEO Premium plugin v26.6 (Yoast SEO v27.6) - https:\/\/yoast.com\/product\/yoast-seo-premium-wordpress\/ -->\n<title>Vier Farben, die Arbeitsbereichen Pers\u00f6nlichkeit Verleihen (Teil 1) - Mobellinea<\/title>\n<meta name=\"description\" content=\"Die B\u00fcrogestaltung hat sich im Laufe der Zeit st\u00e4ndig weiterentwickelt und immer wieder tauchen neue Trends auf. Bei all diesen Ver\u00e4nderungen bleibt die\" \/>\n<meta name=\"robots\" content=\"index, follow, max-snippet:-1, max-image-preview:large, max-video-preview:-1\" \/>\n<link rel=\"canonical\" href=\"https:\/\/www.mobellinea.com\/de\/vier-farben-die-arbeitsbereichen-persoenlichkeit-verleihen-teil-1\/\" \/>\n<meta property=\"og:locale\" content=\"de_DE\" \/>\n<meta property=\"og:type\" content=\"article\" \/>\n<meta property=\"og:title\" content=\"Vier Farben, die Arbeitsbereichen Pers\u00f6nlichkeit Verleihen (Teil 1)\" \/>\n<meta property=\"og:description\" content=\"Die B\u00fcrogestaltung hat sich im Laufe der Zeit st\u00e4ndig weiterentwickelt und immer wieder tauchen neue Trends auf. Bei all diesen Ver\u00e4nderungen bleibt die\" \/>\n<meta property=\"og:url\" content=\"https:\/\/www.mobellinea.com\/de\/vier-farben-die-arbeitsbereichen-persoenlichkeit-verleihen-teil-1\/\" \/>\n<meta property=\"og:site_name\" content=\"Mobellinea\" \/>\n<meta property=\"article:publisher\" content=\"https:\/\/www.facebook.com\/mobellineasl\" \/>\n<meta property=\"article:published_time\" content=\"2024-03-18T10:48:00+00:00\" \/>\n<meta property=\"article:modified_time\" content=\"2026-04-13T07:35:08+00:00\" \/>\n<meta property=\"og:image\" content=\"https:\/\/www.mobellinea.com\/wp-content\/uploads\/2025\/11\/Blog_f01-19.jpg\" \/>\n\t<meta property=\"og:image:width\" content=\"1920\" \/>\n\t<meta property=\"og:image:height\" content=\"900\" \/>\n\t<meta property=\"og:image:type\" content=\"image\/jpeg\" \/>\n<meta name=\"author\" content=\"Anna\" \/>\n<meta name=\"twitter:card\" content=\"summary_large_image\" \/>\n<meta name=\"twitter:label1\" content=\"Verfasst von\" \/>\n\t<meta name=\"twitter:data1\" content=\"Anna\" \/>\n\t<meta name=\"twitter:label2\" content=\"Gesch\u00e4tzte Lesezeit\" \/>\n\t<meta name=\"twitter:data2\" content=\"2\u00a0Minuten\" \/>\n<script type=\"application\/ld+json\" class=\"yoast-schema-graph\">{\"@context\":\"https:\\\/\\\/schema.org\",\"@graph\":[{\"@type\":\"Article\",\"@id\":\"https:\\\/\\\/www.mobellinea.com\\\/de\\\/vier-farben-die-arbeitsbereichen-persoenlichkeit-verleihen-teil-1\\\/#article\",\"isPartOf\":{\"@id\":\"https:\\\/\\\/www.mobellinea.com\\\/de\\\/vier-farben-die-arbeitsbereichen-persoenlichkeit-verleihen-teil-1\\\/\"},\"author\":{\"name\":\"Anna\",\"@id\":\"https:\\\/\\\/mobellinea.com\\\/en\\\/#\\\/schema\\\/person\\\/518e40fa1dcd8c2ef7106c7561ae3ddb\"},\"headline\":\"Vier Farben, die Arbeitsbereichen Pers\u00f6nlichkeit Verleihen (Teil 1)\",\"datePublished\":\"2024-03-18T10:48:00+00:00\",\"dateModified\":\"2026-04-13T07:35:08+00:00\",\"mainEntityOfPage\":{\"@id\":\"https:\\\/\\\/www.mobellinea.com\\\/de\\\/vier-farben-die-arbeitsbereichen-persoenlichkeit-verleihen-teil-1\\\/\"},\"wordCount\":390,\"image\":{\"@id\":\"https:\\\/\\\/www.mobellinea.com\\\/de\\\/vier-farben-die-arbeitsbereichen-persoenlichkeit-verleihen-teil-1\\\/#primaryimage\"},\"thumbnailUrl\":\"https:\\\/\\\/www.mobellinea.com\\\/wp-content\\\/uploads\\\/2025\\\/11\\\/Blog_f01-19.jpg\",\"articleSection\":[\"Trends\"],\"inLanguage\":\"de\"},{\"@type\":\"WebPage\",\"@id\":\"https:\\\/\\\/www.mobellinea.com\\\/de\\\/vier-farben-die-arbeitsbereichen-persoenlichkeit-verleihen-teil-1\\\/\",\"url\":\"https:\\\/\\\/www.mobellinea.com\\\/de\\\/vier-farben-die-arbeitsbereichen-persoenlichkeit-verleihen-teil-1\\\/\",\"name\":\"Vier Farben, die Arbeitsbereichen Pers\u00f6nlichkeit Verleihen (Teil 1) - Mobellinea\",\"isPartOf\":{\"@id\":\"https:\\\/\\\/mobellinea.com\\\/en\\\/#website\"},\"primaryImageOfPage\":{\"@id\":\"https:\\\/\\\/www.mobellinea.com\\\/de\\\/vier-farben-die-arbeitsbereichen-persoenlichkeit-verleihen-teil-1\\\/#primaryimage\"},\"image\":{\"@id\":\"https:\\\/\\\/www.mobellinea.com\\\/de\\\/vier-farben-die-arbeitsbereichen-persoenlichkeit-verleihen-teil-1\\\/#primaryimage\"},\"thumbnailUrl\":\"https:\\\/\\\/www.mobellinea.com\\\/wp-content\\\/uploads\\\/2025\\\/11\\\/Blog_f01-19.jpg\",\"datePublished\":\"2024-03-18T10:48:00+00:00\",\"dateModified\":\"2026-04-13T07:35:08+00:00\",\"author\":{\"@id\":\"https:\\\/\\\/mobellinea.com\\\/en\\\/#\\\/schema\\\/person\\\/518e40fa1dcd8c2ef7106c7561ae3ddb\"},\"description\":\"Die B\u00fcrogestaltung hat sich im Laufe der Zeit st\u00e4ndig weiterentwickelt und immer wieder tauchen neue Trends auf. Bei all diesen Ver\u00e4nderungen bleibt die\",\"breadcrumb\":{\"@id\":\"https:\\\/\\\/www.mobellinea.com\\\/de\\\/vier-farben-die-arbeitsbereichen-persoenlichkeit-verleihen-teil-1\\\/#breadcrumb\"},\"inLanguage\":\"de\",\"potentialAction\":[{\"@type\":\"ReadAction\",\"target\":[\"https:\\\/\\\/www.mobellinea.com\\\/de\\\/vier-farben-die-arbeitsbereichen-persoenlichkeit-verleihen-teil-1\\\/\"]}]},{\"@type\":\"ImageObject\",\"inLanguage\":\"de\",\"@id\":\"https:\\\/\\\/www.mobellinea.com\\\/de\\\/vier-farben-die-arbeitsbereichen-persoenlichkeit-verleihen-teil-1\\\/#primaryimage\",\"url\":\"https:\\\/\\\/www.mobellinea.com\\\/wp-content\\\/uploads\\\/2025\\\/11\\\/Blog_f01-19.jpg\",\"contentUrl\":\"https:\\\/\\\/www.mobellinea.com\\\/wp-content\\\/uploads\\\/2025\\\/11\\\/Blog_f01-19.jpg\",\"width\":1920,\"height\":900},{\"@type\":\"BreadcrumbList\",\"@id\":\"https:\\\/\\\/www.mobellinea.com\\\/de\\\/vier-farben-die-arbeitsbereichen-persoenlichkeit-verleihen-teil-1\\\/#breadcrumb\",\"itemListElement\":[{\"@type\":\"ListItem\",\"position\":1,\"name\":\"Home\",\"item\":\"https:\\\/\\\/www.mobellinea.com\\\/de\\\/home\\\/\"},{\"@type\":\"ListItem\",\"position\":2,\"name\":\"Trends\",\"item\":\"https:\\\/\\\/www.mobellinea.com\\\/de\\\/category\\\/trends\\\/\"},{\"@type\":\"ListItem\",\"position\":3,\"name\":\"Vier Farben, die Arbeitsbereichen Pers\u00f6nlichkeit Verleihen (Teil 1)\"}]},{\"@type\":\"WebSite\",\"@id\":\"https:\\\/\\\/mobellinea.com\\\/en\\\/#website\",\"url\":\"https:\\\/\\\/mobellinea.com\\\/en\\\/\",\"name\":\"MobelLinea\",\"description\":\"Dise\u00f1amos y fabricamos soluciones de mobiliario para oficinas y espacios colectivos. Creamos entornos honestos, funcionales y humanos, pensados para mejorar la vida de las personas\",\"alternateName\":\"Mobel Linea\",\"potentialAction\":[{\"@type\":\"SearchAction\",\"target\":{\"@type\":\"EntryPoint\",\"urlTemplate\":\"https:\\\/\\\/mobellinea.com\\\/en\\\/?s={search_term_string}\"},\"query-input\":{\"@type\":\"PropertyValueSpecification\",\"valueRequired\":true,\"valueName\":\"search_term_string\"}}],\"inLanguage\":\"de\"},{\"@type\":\"Person\",\"@id\":\"https:\\\/\\\/mobellinea.com\\\/en\\\/#\\\/schema\\\/person\\\/518e40fa1dcd8c2ef7106c7561ae3ddb\",\"name\":\"Anna\",\"image\":{\"@type\":\"ImageObject\",\"inLanguage\":\"de\",\"@id\":\"https:\\\/\\\/secure.gravatar.com\\\/avatar\\\/8adc17f1354e8252029a3205a793c695de1d4150636fd00a689f76f96e8a4c98?s=96&d=mm&r=g\",\"url\":\"https:\\\/\\\/secure.gravatar.com\\\/avatar\\\/8adc17f1354e8252029a3205a793c695de1d4150636fd00a689f76f96e8a4c98?s=96&d=mm&r=g\",\"contentUrl\":\"https:\\\/\\\/secure.gravatar.com\\\/avatar\\\/8adc17f1354e8252029a3205a793c695de1d4150636fd00a689f76f96e8a4c98?s=96&d=mm&r=g\",\"caption\":\"Anna\"}}]}<\/script>\n<!-- \/ Yoast SEO Premium plugin. -->","yoast_head_json":{"title":"Vier Farben, die Arbeitsbereichen Pers\u00f6nlichkeit Verleihen (Teil 1) - Mobellinea","description":"Die B\u00fcrogestaltung hat sich im Laufe der Zeit st\u00e4ndig weiterentwickelt und immer wieder tauchen neue Trends auf. Bei all diesen Ver\u00e4nderungen bleibt die","robots":{"index":"index","follow":"follow","max-snippet":"max-snippet:-1","max-image-preview":"max-image-preview:large","max-video-preview":"max-video-preview:-1"},"canonical":"https:\/\/www.mobellinea.com\/de\/vier-farben-die-arbeitsbereichen-persoenlichkeit-verleihen-teil-1\/","og_locale":"de_DE","og_type":"article","og_title":"Vier Farben, die Arbeitsbereichen Pers\u00f6nlichkeit Verleihen (Teil 1)","og_description":"Die B\u00fcrogestaltung hat sich im Laufe der Zeit st\u00e4ndig weiterentwickelt und immer wieder tauchen neue Trends auf. Bei all diesen Ver\u00e4nderungen bleibt die","og_url":"https:\/\/www.mobellinea.com\/de\/vier-farben-die-arbeitsbereichen-persoenlichkeit-verleihen-teil-1\/","og_site_name":"Mobellinea","article_publisher":"https:\/\/www.facebook.com\/mobellineasl","article_published_time":"2024-03-18T10:48:00+00:00","article_modified_time":"2026-04-13T07:35:08+00:00","og_image":[{"width":1920,"height":900,"url":"https:\/\/www.mobellinea.com\/wp-content\/uploads\/2025\/11\/Blog_f01-19.jpg","type":"image\/jpeg"}],"author":"Anna","twitter_card":"summary_large_image","twitter_misc":{"Verfasst von":"Anna","Gesch\u00e4tzte Lesezeit":"2\u00a0Minuten"},"schema":{"@context":"https:\/\/schema.org","@graph":[{"@type":"Article","@id":"https:\/\/www.mobellinea.com\/de\/vier-farben-die-arbeitsbereichen-persoenlichkeit-verleihen-teil-1\/#article","isPartOf":{"@id":"https:\/\/www.mobellinea.com\/de\/vier-farben-die-arbeitsbereichen-persoenlichkeit-verleihen-teil-1\/"},"author":{"name":"Anna","@id":"https:\/\/mobellinea.com\/en\/#\/schema\/person\/518e40fa1dcd8c2ef7106c7561ae3ddb"},"headline":"Vier Farben, die Arbeitsbereichen Pers\u00f6nlichkeit Verleihen (Teil 1)","datePublished":"2024-03-18T10:48:00+00:00","dateModified":"2026-04-13T07:35:08+00:00","mainEntityOfPage":{"@id":"https:\/\/www.mobellinea.com\/de\/vier-farben-die-arbeitsbereichen-persoenlichkeit-verleihen-teil-1\/"},"wordCount":390,"image":{"@id":"https:\/\/www.mobellinea.com\/de\/vier-farben-die-arbeitsbereichen-persoenlichkeit-verleihen-teil-1\/#primaryimage"},"thumbnailUrl":"https:\/\/www.mobellinea.com\/wp-content\/uploads\/2025\/11\/Blog_f01-19.jpg","articleSection":["Trends"],"inLanguage":"de"},{"@type":"WebPage","@id":"https:\/\/www.mobellinea.com\/de\/vier-farben-die-arbeitsbereichen-persoenlichkeit-verleihen-teil-1\/","url":"https:\/\/www.mobellinea.com\/de\/vier-farben-die-arbeitsbereichen-persoenlichkeit-verleihen-teil-1\/","name":"Vier Farben, die Arbeitsbereichen Pers\u00f6nlichkeit Verleihen (Teil 1) - Mobellinea","isPartOf":{"@id":"https:\/\/mobellinea.com\/en\/#website"},"primaryImageOfPage":{"@id":"https:\/\/www.mobellinea.com\/de\/vier-farben-die-arbeitsbereichen-persoenlichkeit-verleihen-teil-1\/#primaryimage"},"image":{"@id":"https:\/\/www.mobellinea.com\/de\/vier-farben-die-arbeitsbereichen-persoenlichkeit-verleihen-teil-1\/#primaryimage"},"thumbnailUrl":"https:\/\/www.mobellinea.com\/wp-content\/uploads\/2025\/11\/Blog_f01-19.jpg","datePublished":"2024-03-18T10:48:00+00:00","dateModified":"2026-04-13T07:35:08+00:00","author":{"@id":"https:\/\/mobellinea.com\/en\/#\/schema\/person\/518e40fa1dcd8c2ef7106c7561ae3ddb"},"description":"Die B\u00fcrogestaltung hat sich im Laufe der Zeit st\u00e4ndig weiterentwickelt und immer wieder tauchen neue Trends auf. Bei all diesen Ver\u00e4nderungen bleibt die","breadcrumb":{"@id":"https:\/\/www.mobellinea.com\/de\/vier-farben-die-arbeitsbereichen-persoenlichkeit-verleihen-teil-1\/#breadcrumb"},"inLanguage":"de","potentialAction":[{"@type":"ReadAction","target":["https:\/\/www.mobellinea.com\/de\/vier-farben-die-arbeitsbereichen-persoenlichkeit-verleihen-teil-1\/"]}]},{"@type":"ImageObject","inLanguage":"de","@id":"https:\/\/www.mobellinea.com\/de\/vier-farben-die-arbeitsbereichen-persoenlichkeit-verleihen-teil-1\/#primaryimage","url":"https:\/\/www.mobellinea.com\/wp-content\/uploads\/2025\/11\/Blog_f01-19.jpg","contentUrl":"https:\/\/www.mobellinea.com\/wp-content\/uploads\/2025\/11\/Blog_f01-19.jpg","width":1920,"height":900},{"@type":"BreadcrumbList","@id":"https:\/\/www.mobellinea.com\/de\/vier-farben-die-arbeitsbereichen-persoenlichkeit-verleihen-teil-1\/#breadcrumb","itemListElement":[{"@type":"ListItem","position":1,"name":"Home","item":"https:\/\/www.mobellinea.com\/de\/home\/"},{"@type":"ListItem","position":2,"name":"Trends","item":"https:\/\/www.mobellinea.com\/de\/category\/trends\/"},{"@type":"ListItem","position":3,"name":"Vier Farben, die Arbeitsbereichen Pers\u00f6nlichkeit Verleihen (Teil 1)"}]},{"@type":"WebSite","@id":"https:\/\/mobellinea.com\/en\/#website","url":"https:\/\/mobellinea.com\/en\/","name":"MobelLinea","description":"Dise\u00f1amos y fabricamos soluciones de mobiliario para oficinas y espacios colectivos. Creamos entornos honestos, funcionales y humanos, pensados para mejorar la vida de las personas","alternateName":"Mobel Linea","potentialAction":[{"@type":"SearchAction","target":{"@type":"EntryPoint","urlTemplate":"https:\/\/mobellinea.com\/en\/?s={search_term_string}"},"query-input":{"@type":"PropertyValueSpecification","valueRequired":true,"valueName":"search_term_string"}}],"inLanguage":"de"},{"@type":"Person","@id":"https:\/\/mobellinea.com\/en\/#\/schema\/person\/518e40fa1dcd8c2ef7106c7561ae3ddb","name":"Anna","image":{"@type":"ImageObject","inLanguage":"de","@id":"https:\/\/secure.gravatar.com\/avatar\/8adc17f1354e8252029a3205a793c695de1d4150636fd00a689f76f96e8a4c98?s=96&d=mm&r=g","url":"https:\/\/secure.gravatar.com\/avatar\/8adc17f1354e8252029a3205a793c695de1d4150636fd00a689f76f96e8a4c98?s=96&d=mm&r=g","contentUrl":"https:\/\/secure.gravatar.com\/avatar\/8adc17f1354e8252029a3205a793c695de1d4150636fd00a689f76f96e8a4c98?s=96&d=mm&r=g","caption":"Anna"}}]}},"uagb_featured_image_src":{"full":["https:\/\/www.mobellinea.com\/wp-content\/uploads\/2025\/11\/Blog_f01-19.jpg",1920,900,false],"thumbnail":["https:\/\/www.mobellinea.com\/wp-content\/uploads\/2025\/11\/Blog_f01-19-150x150.jpg",150,150,true],"medium":["https:\/\/www.mobellinea.com\/wp-content\/uploads\/2025\/11\/Blog_f01-19-320x150.jpg",320,150,true],"medium_large":["https:\/\/www.mobellinea.com\/wp-content\/uploads\/2025\/11\/Blog_f01-19-680x319.jpg",680,319,true],"large":["https:\/\/www.mobellinea.com\/wp-content\/uploads\/2025\/11\/Blog_f01-19-1000x469.jpg",1000,469,true],"pieces_card":["https:\/\/www.mobellinea.com\/wp-content\/uploads\/2025\/11\/Blog_f01-19-140x173.jpg",140,173,true],"gform-image-choice-sm":["https:\/\/www.mobellinea.com\/wp-content\/uploads\/2025\/11\/Blog_f01-19.jpg",300,141,false],"gform-image-choice-md":["https:\/\/www.mobellinea.com\/wp-content\/uploads\/2025\/11\/Blog_f01-19.jpg",400,188,false],"gform-image-choice-lg":["https:\/\/www.mobellinea.com\/wp-content\/uploads\/2025\/11\/Blog_f01-19.jpg",600,281,false]},"uagb_author_info":{"display_name":"Anna","author_link":"https:\/\/www.mobellinea.com\/de\/author\/annareigmobellinea-es\/"},"uagb_comment_info":0,"uagb_excerpt":"Die B\u00fcrogestaltung hat sich im Laufe der Zeit st\u00e4ndig weiterentwickelt und immer wieder tauchen neue Trends auf. Bei all diesen Ver\u00e4nderungen bleibt die Farbauswahl jedoch ein entscheidender Aspekt, da sie die Atmosph\u00e4re beeinflusst und den R\u00e4umlichkeiten ihren individuellen Charakter verleiht. Daher sollten Sie, bevor Sie die Farben f\u00fcr Ihr Studio oder Ihren Arbeitsbereich ausw\u00e4hlen, eine&hellip;","_links":{"self":[{"href":"https:\/\/www.mobellinea.com\/de\/wp-json\/wp\/v2\/posts\/5578","targetHints":{"allow":["GET"]}}],"collection":[{"href":"https:\/\/www.mobellinea.com\/de\/wp-json\/wp\/v2\/posts"}],"about":[{"href":"https:\/\/www.mobellinea.com\/de\/wp-json\/wp\/v2\/types\/post"}],"author":[{"embeddable":true,"href":"https:\/\/www.mobellinea.com\/de\/wp-json\/wp\/v2\/users\/8"}],"replies":[{"embeddable":true,"href":"https:\/\/www.mobellinea.com\/de\/wp-json\/wp\/v2\/comments?post=5578"}],"version-history":[{"count":2,"href":"https:\/\/www.mobellinea.com\/de\/wp-json\/wp\/v2\/posts\/5578\/revisions"}],"predecessor-version":[{"id":5600,"href":"https:\/\/www.mobellinea.com\/de\/wp-json\/wp\/v2\/posts\/5578\/revisions\/5600"}],"wp:featuredmedia":[{"embeddable":true,"href":"https:\/\/www.mobellinea.com\/de\/wp-json\/wp\/v2\/media\/5574"}],"wp:attachment":[{"href":"https:\/\/www.mobellinea.com\/de\/wp-json\/wp\/v2\/media?parent=5578"}],"wp:term":[{"taxonomy":"category","embeddable":true,"href":"https:\/\/www.mobellinea.com\/de\/wp-json\/wp\/v2\/categories?post=5578"},{"taxonomy":"post_tag","embeddable":true,"href":"https:\/\/www.mobellinea.com\/de\/wp-json\/wp\/v2\/tags?post=5578"}],"curies":[{"name":"wp","href":"https:\/\/api.w.org\/{rel}","templated":true}]}}