{"id":18707,"date":"2026-03-25T15:51:12","date_gmt":"2026-03-25T14:51:12","guid":{"rendered":"https:\/\/www.mobellinea.com\/?p=18707"},"modified":"2026-03-27T10:32:36","modified_gmt":"2026-03-27T09:32:36","slug":"mobel-linea-auf-der-workspace-expo-paris-2026-wir-erschaffen-umgebungen","status":"publish","type":"post","link":"https:\/\/www.mobellinea.com\/de\/mobel-linea-auf-der-workspace-expo-paris-2026-wir-erschaffen-umgebungen\/","title":{"rendered":"Mobel Linea auf der Workspace Expo Paris 2026 \u2013 Wir erschaffen Umgebungen"},"content":{"rendered":"\n<p class=\"wp-block-paragraph\">Vom <strong>24. bis 26. M\u00e4rz 2026 kehrt Mobel Linea nach Paris zur\u00fcck, um an der Workspace Expo<\/strong>, der f\u00fchrenden internationalen Messe f\u00fcr B\u00fcrom\u00f6bel und Gestaltung von Arbeitsr\u00e4umen, teilzunehmen. Die Veranstaltung vereint jedes Jahr mehr als 20.000 Fachbesucher mit 300 Ausstellern und etablierte sich als entscheidende Gelegenheit, innovative L\u00f6sungen mit den Schwerpunkten Design, Ergonomie und Leistungsf\u00e4higkeit von Arbeitsumgebungen vorzustellen. <\/p>\n\n<p class=\"wp-block-paragraph\"><br\/>Auf der diesj\u00e4hrigen Veranstaltung pr\u00e4sentiert Mobel Linea <strong>einen 112 m2 gro\u00dfen Stand<\/strong>, der ein neues, im Januar 2026 eingef\u00fchrtes, Image und seine Stellung als Marke einf\u00fchrt. Das Konzept ist als umfassende Umgebung angelegt, in der der Besucher verschiedene Szenarien durchl\u00e4uft und unmittelbar erlebt, welches Verst\u00e4ndnis von Arbeitsr\u00e4umen die Marke besitzt.. <\/p>\n\n<p class=\"wp-block-paragraph\"><br\/>Der Stand ist durch leichte, lichtdurchl\u00e4ssige Paneelen in neutralen, lichtfilternden T\u00f6nen strukturiert, die die einzelnen Bereiche subtil voneinander abgrenzen. So entsteht ein flie\u00dfender Gesamteindruck und die St\u00e4rkung einer nahbaren, zeitgem\u00e4\u00dfen Identit\u00e4t. Die Architektur des Raumes begleitet den Rundgang und erm\u00f6glicht es jeder Kollektion, mit der n\u00e4chsten in Dialog zu treten. Dadurch entsteht ein stimmiges und immersives Erlebnis. <\/p>\n\n<p class=\"wp-block-paragraph\"><\/p>\n\n<figure class=\"wp-block-gallery has-nested-images columns-default is-cropped wp-block-gallery-1 is-layout-flex wp-block-gallery-is-layout-flex\">\n<figure class=\"wp-block-image size-large\"><img decoding=\"async\" data-id=\"18966\" src=\"data:image\/gif;base64,R0lGODlhAQABAIAAAAAAAP\/\/\/yH5BAEAAAAALAAAAAABAAEAAAIBRAA7\" data-src=\"https:\/\/www.mobellinea.com\/wp-content\/uploads\/2026\/03\/0241471_ret-1000x631.jpg\" alt=\"\" class=\"wp-image-18966 lazyload\"\/><noscript><img decoding=\"async\" width=\"1000\" height=\"631\" data-id=\"18966\" src=\"https:\/\/www.mobellinea.com\/wp-content\/uploads\/2026\/03\/0241471_ret-1000x631.jpg\" alt=\"\" class=\"wp-image-18966 lazyload\" srcset=\"https:\/\/www.mobellinea.com\/wp-content\/uploads\/2026\/03\/0241471_ret-1000x631.jpg 1000w, https:\/\/www.mobellinea.com\/wp-content\/uploads\/2026\/03\/0241471_ret-320x202.jpg 320w, https:\/\/www.mobellinea.com\/wp-content\/uploads\/2026\/03\/0241471_ret-680x429.jpg 680w\" sizes=\"(max-width: 1000px) 100vw, 1000px\" \/><\/noscript><\/figure>\n<\/figure>\n\n<div style=\"height:26px\" aria-hidden=\"true\" class=\"wp-block-spacer\"><\/div>\n\n<figure class=\"wp-block-image size-large\"><img decoding=\"async\" src=\"data:image\/gif;base64,R0lGODlhAQABAIAAAAAAAP\/\/\/yH5BAEAAAAALAAAAAABAAEAAAIBRAA7\" data-src=\"https:\/\/www.mobellinea.com\/wp-content\/uploads\/2026\/03\/0241491_ret-1000x687.jpg\" alt=\"\" class=\"wp-image-18967 lazyload\"\/><noscript><img decoding=\"async\" width=\"1000\" height=\"687\" src=\"https:\/\/www.mobellinea.com\/wp-content\/uploads\/2026\/03\/0241491_ret-1000x687.jpg\" alt=\"\" class=\"wp-image-18967 lazyload\" srcset=\"https:\/\/www.mobellinea.com\/wp-content\/uploads\/2026\/03\/0241491_ret-1000x687.jpg 1000w, https:\/\/www.mobellinea.com\/wp-content\/uploads\/2026\/03\/0241491_ret-320x220.jpg 320w, https:\/\/www.mobellinea.com\/wp-content\/uploads\/2026\/03\/0241491_ret-680x467.jpg 680w\" sizes=\"(max-width: 1000px) 100vw, 1000px\" \/><\/noscript><\/figure>\n\n<p class=\"has-tiny-font-size wp-block-paragraph\">Fotografie: Jordi Anguera<\/p>\n\n<p class=\"wp-block-paragraph\"><br\/>Der Rundgang ist in <strong>drei gro\u00dfe Bereiche gegliedert: eine Begr\u00fc\u00dfungs- und Empfangsumgebung, einen operativen Bereich und eine Managementabteilung sowie eine Lounge-, Soft-Seating und Caf\u00e9fl\u00e4che.<\/strong><\/p>\n\n<p class=\"wp-block-paragraph\"><br\/>In der <strong>Willkommensumgebung <\/strong>stellt Mobel Linea die neue Reihe an Empfangstischen <strong>Eira<\/strong> vor. Sie soll einen nahbaren und gepflegten ersten Eindruck vermitteln. Eira zeichnet sich durch ausgewogene Volumen, geschwungene Linien und ein modulares System aus, das es erm\u00f6glicht, jeden Empfangstisch auf den Projektbedarf abzustimmen und Zubeh\u00f6r mit erweiterter Funktionalit\u00e4t einzubinden. Daneben bietet das Schlie\u00dffachsystem <strong>Lok<\/strong> L\u00f6sungen f\u00fcr die Organisation gemeinsam genutzter R\u00e4ume und st\u00e4rkt die Funktion des Eingangsbereichs mit einem vielseitigen Konzept, das mit der Architektur der Umgebung im Einklang steht.  <\/p>\n\n<p class=\"wp-block-paragraph\"><\/p>\n\n<figure class=\"wp-block-image size-large\"><img decoding=\"async\" src=\"data:image\/gif;base64,R0lGODlhAQABAIAAAAAAAP\/\/\/yH5BAEAAAAALAAAAAABAAEAAAIBRAA7\" data-src=\"https:\/\/www.mobellinea.com\/wp-content\/uploads\/2026\/03\/0241663-1000x667.jpg\" alt=\"\" class=\"wp-image-18968 lazyload\"\/><noscript><img decoding=\"async\" width=\"1000\" height=\"667\" src=\"https:\/\/www.mobellinea.com\/wp-content\/uploads\/2026\/03\/0241663-1000x667.jpg\" alt=\"\" class=\"wp-image-18968 lazyload\" srcset=\"https:\/\/www.mobellinea.com\/wp-content\/uploads\/2026\/03\/0241663-1000x667.jpg 1000w, https:\/\/www.mobellinea.com\/wp-content\/uploads\/2026\/03\/0241663-320x213.jpg 320w, https:\/\/www.mobellinea.com\/wp-content\/uploads\/2026\/03\/0241663-680x453.jpg 680w\" sizes=\"(max-width: 1000px) 100vw, 1000px\" \/><\/noscript><\/figure>\n\n<div style=\"height:26px\" aria-hidden=\"true\" class=\"wp-block-spacer\"><\/div>\n\n<figure class=\"wp-block-gallery has-nested-images columns-default is-cropped wp-block-gallery-2 is-layout-flex wp-block-gallery-is-layout-flex\">\n<figure class=\"wp-block-image size-large\"><img decoding=\"async\" data-id=\"18970\" src=\"data:image\/gif;base64,R0lGODlhAQABAIAAAAAAAP\/\/\/yH5BAEAAAAALAAAAAABAAEAAAIBRAA7\" data-src=\"https:\/\/www.mobellinea.com\/wp-content\/uploads\/2026\/03\/0241865_1-1000x1500.jpg\" alt=\"\" class=\"wp-image-18970 lazyload\"\/><noscript><img decoding=\"async\" width=\"1000\" height=\"1500\" data-id=\"18970\" src=\"https:\/\/www.mobellinea.com\/wp-content\/uploads\/2026\/03\/0241865_1-1000x1500.jpg\" alt=\"\" class=\"wp-image-18970 lazyload\" srcset=\"https:\/\/www.mobellinea.com\/wp-content\/uploads\/2026\/03\/0241865_1-1000x1500.jpg 1000w, https:\/\/www.mobellinea.com\/wp-content\/uploads\/2026\/03\/0241865_1-320x480.jpg 320w, https:\/\/www.mobellinea.com\/wp-content\/uploads\/2026\/03\/0241865_1-680x1020.jpg 680w, https:\/\/www.mobellinea.com\/wp-content\/uploads\/2026\/03\/0241865_1-scaled.jpg 1707w\" sizes=\"(max-width: 1000px) 100vw, 1000px\" \/><\/noscript><\/figure>\n\n\n\n<figure class=\"wp-block-image size-large\"><img decoding=\"async\" data-id=\"18969\" src=\"data:image\/gif;base64,R0lGODlhAQABAIAAAAAAAP\/\/\/yH5BAEAAAAALAAAAAABAAEAAAIBRAA7\" data-src=\"https:\/\/www.mobellinea.com\/wp-content\/uploads\/2026\/03\/0242379-1000x1500.jpg\" alt=\"\" class=\"wp-image-18969 lazyload\"\/><noscript><img decoding=\"async\" width=\"1000\" height=\"1500\" data-id=\"18969\" src=\"https:\/\/www.mobellinea.com\/wp-content\/uploads\/2026\/03\/0242379-1000x1500.jpg\" alt=\"\" class=\"wp-image-18969 lazyload\" srcset=\"https:\/\/www.mobellinea.com\/wp-content\/uploads\/2026\/03\/0242379-1000x1500.jpg 1000w, https:\/\/www.mobellinea.com\/wp-content\/uploads\/2026\/03\/0242379-320x480.jpg 320w, https:\/\/www.mobellinea.com\/wp-content\/uploads\/2026\/03\/0242379-680x1020.jpg 680w, https:\/\/www.mobellinea.com\/wp-content\/uploads\/2026\/03\/0242379-scaled.jpg 1707w\" sizes=\"(max-width: 1000px) 100vw, 1000px\" \/><\/noscript><\/figure>\n<\/figure>\n\n<p class=\"has-tiny-font-size wp-block-paragraph\">Fotografie: Jordi Anguera<\/p>\n\n<p class=\"wp-block-paragraph\"><br\/>Im <strong>Leitungsabschnitt<\/strong> nimmt die neue Reihe Mestral eine zentrale Stellung ein. Mestral wurde f\u00fcr repr\u00e4sentative Umgebungen entworfen und vermittelt anhand einer reinen Formensprache sowie sanfte Umf\u00e4nge Klarheit, Ausgewogenheit und setzt Ma\u00dfst\u00e4be. Die Kollektion bietet anhand von Einzelschreibtischen, Besprechungs- und Konferenztischen sich auf unterschiedliche Arbeitsdynamiken abstimmbare Gestaltungsm\u00f6glichkeiten. Die Umgebung wird durch die Besprechungsst\u00fchle <strong>Weekly Meet<\/strong> mit organischem, umh\u00fcllendem Design und durch das operative Modell<strong> Levita<\/strong>, ein italienisches Design <strong>von Trevor Hollard<\/strong>, vervollst\u00e4ndigt. Dank seiner Eleganz und Raffinesse lassen sich B\u00fcros, Besprechungsr\u00e4ume und Arbeitsbereiche in inspirierende Umgebungen verwandeln.   <\/p>\n\n<figure class=\"wp-block-gallery has-nested-images columns-default is-cropped wp-block-gallery-3 is-layout-flex wp-block-gallery-is-layout-flex\">\n<figure class=\"wp-block-image size-large\"><img decoding=\"async\" data-id=\"18971\" src=\"data:image\/gif;base64,R0lGODlhAQABAIAAAAAAAP\/\/\/yH5BAEAAAAALAAAAAABAAEAAAIBRAA7\" data-src=\"https:\/\/www.mobellinea.com\/wp-content\/uploads\/2026\/03\/0241640_1-1000x1500.jpg\" alt=\"\" class=\"wp-image-18971 lazyload\"\/><noscript><img decoding=\"async\" width=\"1000\" height=\"1500\" data-id=\"18971\" src=\"https:\/\/www.mobellinea.com\/wp-content\/uploads\/2026\/03\/0241640_1-1000x1500.jpg\" alt=\"\" class=\"wp-image-18971 lazyload\" srcset=\"https:\/\/www.mobellinea.com\/wp-content\/uploads\/2026\/03\/0241640_1-1000x1500.jpg 1000w, https:\/\/www.mobellinea.com\/wp-content\/uploads\/2026\/03\/0241640_1-320x480.jpg 320w, https:\/\/www.mobellinea.com\/wp-content\/uploads\/2026\/03\/0241640_1-680x1020.jpg 680w, https:\/\/www.mobellinea.com\/wp-content\/uploads\/2026\/03\/0241640_1-scaled.jpg 1707w\" sizes=\"(max-width: 1000px) 100vw, 1000px\" \/><\/noscript><\/figure>\n\n\n\n<figure class=\"wp-block-image size-large\"><img decoding=\"async\" data-id=\"18976\" src=\"data:image\/gif;base64,R0lGODlhAQABAIAAAAAAAP\/\/\/yH5BAEAAAAALAAAAAABAAEAAAIBRAA7\" data-src=\"https:\/\/www.mobellinea.com\/wp-content\/uploads\/2026\/03\/0242187_1-1000x1500.jpg\" alt=\"\" class=\"wp-image-18976 lazyload\"\/><noscript><img decoding=\"async\" width=\"1000\" height=\"1500\" data-id=\"18976\" src=\"https:\/\/www.mobellinea.com\/wp-content\/uploads\/2026\/03\/0242187_1-1000x1500.jpg\" alt=\"\" class=\"wp-image-18976 lazyload\" srcset=\"https:\/\/www.mobellinea.com\/wp-content\/uploads\/2026\/03\/0242187_1-1000x1500.jpg 1000w, https:\/\/www.mobellinea.com\/wp-content\/uploads\/2026\/03\/0242187_1-320x480.jpg 320w, https:\/\/www.mobellinea.com\/wp-content\/uploads\/2026\/03\/0242187_1-680x1020.jpg 680w, https:\/\/www.mobellinea.com\/wp-content\/uploads\/2026\/03\/0242187_1-scaled.jpg 1707w\" sizes=\"(max-width: 1000px) 100vw, 1000px\" \/><\/noscript><\/figure>\n\n\n\n<figure class=\"wp-block-image size-large\"><img decoding=\"async\" data-id=\"18973\" src=\"data:image\/gif;base64,R0lGODlhAQABAIAAAAAAAP\/\/\/yH5BAEAAAAALAAAAAABAAEAAAIBRAA7\" data-src=\"https:\/\/www.mobellinea.com\/wp-content\/uploads\/2026\/03\/0241944-1000x1500.jpg\" alt=\"\" class=\"wp-image-18973 lazyload\"\/><noscript><img decoding=\"async\" width=\"1000\" height=\"1500\" data-id=\"18973\" src=\"https:\/\/www.mobellinea.com\/wp-content\/uploads\/2026\/03\/0241944-1000x1500.jpg\" alt=\"\" class=\"wp-image-18973 lazyload\" srcset=\"https:\/\/www.mobellinea.com\/wp-content\/uploads\/2026\/03\/0241944-1000x1500.jpg 1000w, https:\/\/www.mobellinea.com\/wp-content\/uploads\/2026\/03\/0241944-320x480.jpg 320w, https:\/\/www.mobellinea.com\/wp-content\/uploads\/2026\/03\/0241944-680x1020.jpg 680w, https:\/\/www.mobellinea.com\/wp-content\/uploads\/2026\/03\/0241944-scaled.jpg 1707w\" sizes=\"(max-width: 1000px) 100vw, 1000px\" \/><\/noscript><\/figure>\n\n\n\n<figure class=\"wp-block-image size-large\"><img decoding=\"async\" data-id=\"18977\" src=\"data:image\/gif;base64,R0lGODlhAQABAIAAAAAAAP\/\/\/yH5BAEAAAAALAAAAAABAAEAAAIBRAA7\" data-src=\"https:\/\/www.mobellinea.com\/wp-content\/uploads\/2026\/03\/0241926_1-1000x1500.jpg\" alt=\"\" class=\"wp-image-18977 lazyload\"\/><noscript><img decoding=\"async\" width=\"1000\" height=\"1500\" data-id=\"18977\" src=\"https:\/\/www.mobellinea.com\/wp-content\/uploads\/2026\/03\/0241926_1-1000x1500.jpg\" alt=\"\" class=\"wp-image-18977 lazyload\" srcset=\"https:\/\/www.mobellinea.com\/wp-content\/uploads\/2026\/03\/0241926_1-1000x1500.jpg 1000w, https:\/\/www.mobellinea.com\/wp-content\/uploads\/2026\/03\/0241926_1-320x480.jpg 320w, https:\/\/www.mobellinea.com\/wp-content\/uploads\/2026\/03\/0241926_1-680x1020.jpg 680w, https:\/\/www.mobellinea.com\/wp-content\/uploads\/2026\/03\/0241926_1-scaled.jpg 1707w\" sizes=\"(max-width: 1000px) 100vw, 1000px\" \/><\/noscript><\/figure>\n<\/figure>\n\n<div style=\"height:26px\" aria-hidden=\"true\" class=\"wp-block-spacer\"><\/div>\n\n<figure class=\"wp-block-gallery has-nested-images columns-default is-cropped wp-block-gallery-4 is-layout-flex wp-block-gallery-is-layout-flex\">\n<figure class=\"wp-block-image size-large\"><img decoding=\"async\" data-id=\"19080\" src=\"data:image\/gif;base64,R0lGODlhAQABAIAAAAAAAP\/\/\/yH5BAEAAAAALAAAAAABAAEAAAIBRAA7\" data-src=\"https:\/\/www.mobellinea.com\/wp-content\/uploads\/2026\/03\/0241706_1-1-1000x1500.jpg\" alt=\"\" class=\"wp-image-19080 lazyload\"\/><noscript><img decoding=\"async\" width=\"1000\" height=\"1500\" data-id=\"19080\" src=\"https:\/\/www.mobellinea.com\/wp-content\/uploads\/2026\/03\/0241706_1-1-1000x1500.jpg\" alt=\"\" class=\"wp-image-19080 lazyload\" srcset=\"https:\/\/www.mobellinea.com\/wp-content\/uploads\/2026\/03\/0241706_1-1-1000x1500.jpg 1000w, https:\/\/www.mobellinea.com\/wp-content\/uploads\/2026\/03\/0241706_1-1-320x480.jpg 320w, https:\/\/www.mobellinea.com\/wp-content\/uploads\/2026\/03\/0241706_1-1-680x1020.jpg 680w, https:\/\/www.mobellinea.com\/wp-content\/uploads\/2026\/03\/0241706_1-1-scaled.jpg 1707w\" sizes=\"(max-width: 1000px) 100vw, 1000px\" \/><\/noscript><\/figure>\n\n\n\n<figure class=\"wp-block-image size-large\"><img decoding=\"async\" data-id=\"18975\" src=\"data:image\/gif;base64,R0lGODlhAQABAIAAAAAAAP\/\/\/yH5BAEAAAAALAAAAAABAAEAAAIBRAA7\" data-src=\"https:\/\/www.mobellinea.com\/wp-content\/uploads\/2026\/03\/0241814-1000x1500.jpg\" alt=\"\" class=\"wp-image-18975 lazyload\"\/><noscript><img decoding=\"async\" width=\"1000\" height=\"1500\" data-id=\"18975\" src=\"https:\/\/www.mobellinea.com\/wp-content\/uploads\/2026\/03\/0241814-1000x1500.jpg\" alt=\"\" class=\"wp-image-18975 lazyload\" srcset=\"https:\/\/www.mobellinea.com\/wp-content\/uploads\/2026\/03\/0241814-1000x1500.jpg 1000w, https:\/\/www.mobellinea.com\/wp-content\/uploads\/2026\/03\/0241814-320x480.jpg 320w, https:\/\/www.mobellinea.com\/wp-content\/uploads\/2026\/03\/0241814-680x1020.jpg 680w, https:\/\/www.mobellinea.com\/wp-content\/uploads\/2026\/03\/0241814-scaled.jpg 1707w\" sizes=\"(max-width: 1000px) 100vw, 1000px\" \/><\/noscript><\/figure>\n<\/figure>\n\n<p class=\"has-tiny-font-size wp-block-paragraph\">Fotografie: Jordi Anguera<\/p>\n\n<p class=\"wp-block-paragraph\"><br\/>Der<strong> Lounge- und Soft-Seating-Bereich<\/strong> wurde als Raum f\u00fcr Pausen und Begegnungen entwickelt. Die mit einer Farbenpalette aus Terrakottat\u00f6nen und warmem Material gestaltete Umgebung besteht aus den Sofas <strong>Push<\/strong>, den Beistelltischen Domus und Bros sowie dem hohen Tisch <strong>Rol<\/strong> . Er wird durch die Hocker <strong>Mokka tall <\/strong>abgerundet und bietet einen Winkel, der zum Gespr\u00e4ch, zur Entspannung und zur Entdeckung der von der Firma vorgestellten neuen Oberfl\u00e4chen und Farben einl\u00e4dt. In die gleiche Umgebung ist die Akustikkabine<strong> Domus L<\/strong> eingebunden. Sie dient als R\u00fcckzugsort im offenen Raum und erm\u00f6glicht dank ihrer hohen akustischen Leistung der Klasse A Privatsph\u00e4re und Konzentration.  <\/p>\n\n<figure class=\"wp-block-gallery has-nested-images columns-default is-cropped wp-block-gallery-5 is-layout-flex wp-block-gallery-is-layout-flex\">\n<figure class=\"wp-block-image size-large\"><img decoding=\"async\" data-id=\"18981\" src=\"data:image\/gif;base64,R0lGODlhAQABAIAAAAAAAP\/\/\/yH5BAEAAAAALAAAAAABAAEAAAIBRAA7\" data-src=\"https:\/\/www.mobellinea.com\/wp-content\/uploads\/2026\/03\/0241802-2-1000x1500.jpg\" alt=\"\" class=\"wp-image-18981 lazyload\"\/><noscript><img decoding=\"async\" width=\"1000\" height=\"1500\" data-id=\"18981\" src=\"https:\/\/www.mobellinea.com\/wp-content\/uploads\/2026\/03\/0241802-2-1000x1500.jpg\" alt=\"\" class=\"wp-image-18981 lazyload\" srcset=\"https:\/\/www.mobellinea.com\/wp-content\/uploads\/2026\/03\/0241802-2-1000x1500.jpg 1000w, https:\/\/www.mobellinea.com\/wp-content\/uploads\/2026\/03\/0241802-2-320x480.jpg 320w, https:\/\/www.mobellinea.com\/wp-content\/uploads\/2026\/03\/0241802-2-680x1020.jpg 680w, https:\/\/www.mobellinea.com\/wp-content\/uploads\/2026\/03\/0241802-2-scaled.jpg 1707w\" sizes=\"(max-width: 1000px) 100vw, 1000px\" \/><\/noscript><\/figure>\n\n\n\n<figure class=\"wp-block-image size-large\"><img decoding=\"async\" data-id=\"19082\" src=\"data:image\/gif;base64,R0lGODlhAQABAIAAAAAAAP\/\/\/yH5BAEAAAAALAAAAAABAAEAAAIBRAA7\" data-src=\"https:\/\/www.mobellinea.com\/wp-content\/uploads\/2026\/03\/0242200-1-1000x1500.jpg\" alt=\"\" class=\"wp-image-19082 lazyload\"\/><noscript><img decoding=\"async\" width=\"1000\" height=\"1500\" data-id=\"19082\" src=\"https:\/\/www.mobellinea.com\/wp-content\/uploads\/2026\/03\/0242200-1-1000x1500.jpg\" alt=\"\" class=\"wp-image-19082 lazyload\" srcset=\"https:\/\/www.mobellinea.com\/wp-content\/uploads\/2026\/03\/0242200-1-1000x1500.jpg 1000w, https:\/\/www.mobellinea.com\/wp-content\/uploads\/2026\/03\/0242200-1-320x480.jpg 320w, https:\/\/www.mobellinea.com\/wp-content\/uploads\/2026\/03\/0242200-1-680x1020.jpg 680w, https:\/\/www.mobellinea.com\/wp-content\/uploads\/2026\/03\/0242200-1-scaled.jpg 1707w\" sizes=\"(max-width: 1000px) 100vw, 1000px\" \/><\/noscript><\/figure>\n<\/figure>\n\n<div style=\"height:26px\" aria-hidden=\"true\" class=\"wp-block-spacer\"><\/div>\n\n<figure class=\"wp-block-gallery has-nested-images columns-default is-cropped wp-block-gallery-6 is-layout-flex wp-block-gallery-is-layout-flex\">\n<figure class=\"wp-block-image size-large\"><img decoding=\"async\" data-id=\"18978\" src=\"data:image\/gif;base64,R0lGODlhAQABAIAAAAAAAP\/\/\/yH5BAEAAAAALAAAAAABAAEAAAIBRAA7\" data-src=\"https:\/\/www.mobellinea.com\/wp-content\/uploads\/2026\/03\/0241538-1000x1500.jpg\" alt=\"\" class=\"wp-image-18978 lazyload\"\/><noscript><img decoding=\"async\" width=\"1000\" height=\"1500\" data-id=\"18978\" src=\"https:\/\/www.mobellinea.com\/wp-content\/uploads\/2026\/03\/0241538-1000x1500.jpg\" alt=\"\" class=\"wp-image-18978 lazyload\" srcset=\"https:\/\/www.mobellinea.com\/wp-content\/uploads\/2026\/03\/0241538-1000x1500.jpg 1000w, https:\/\/www.mobellinea.com\/wp-content\/uploads\/2026\/03\/0241538-320x480.jpg 320w, https:\/\/www.mobellinea.com\/wp-content\/uploads\/2026\/03\/0241538-680x1020.jpg 680w, https:\/\/www.mobellinea.com\/wp-content\/uploads\/2026\/03\/0241538-scaled.jpg 1707w\" sizes=\"(max-width: 1000px) 100vw, 1000px\" \/><\/noscript><\/figure>\n\n\n\n<figure class=\"wp-block-image size-large\"><img decoding=\"async\" data-id=\"18980\" src=\"data:image\/gif;base64,R0lGODlhAQABAIAAAAAAAP\/\/\/yH5BAEAAAAALAAAAAABAAEAAAIBRAA7\" data-src=\"https:\/\/www.mobellinea.com\/wp-content\/uploads\/2026\/03\/0241579-1000x1500.jpg\" alt=\"\" class=\"wp-image-18980 lazyload\"\/><noscript><img decoding=\"async\" width=\"1000\" height=\"1500\" data-id=\"18980\" src=\"https:\/\/www.mobellinea.com\/wp-content\/uploads\/2026\/03\/0241579-1000x1500.jpg\" alt=\"\" class=\"wp-image-18980 lazyload\" srcset=\"https:\/\/www.mobellinea.com\/wp-content\/uploads\/2026\/03\/0241579-1000x1500.jpg 1000w, https:\/\/www.mobellinea.com\/wp-content\/uploads\/2026\/03\/0241579-320x480.jpg 320w, https:\/\/www.mobellinea.com\/wp-content\/uploads\/2026\/03\/0241579-680x1020.jpg 680w, https:\/\/www.mobellinea.com\/wp-content\/uploads\/2026\/03\/0241579-scaled.jpg 1707w\" sizes=\"(max-width: 1000px) 100vw, 1000px\" \/><\/noscript><\/figure>\n<\/figure>\n\n<p class=\"has-tiny-font-size wp-block-paragraph\">Fotografie: Jordi Anguera<\/p>\n\n<p class=\"wp-block-paragraph\"><br\/>Anhand dieses Vorschlags<strong> l\u00e4dt Mobel Linea um Gehen, Platznehmen, Materialienber\u00fchren und zum Verst\u00e4ndnis dessen ein, wie Design, Funktionst\u00fcchtigkeit und Identit\u00e4t bei der Gestaltung von Umgebungen durch ein verbessertes Arbeits- und gemeinschaftliches Zusammenleben zusammenwirken.<\/strong><\/p>\n\n<p class=\"wp-block-paragraph\"><br\/>Workspace Expo Paris 2026 wird somit zur B\u00fchne, auf der die Marke ihre Verpflichtung bekr\u00e4ftigt &#8211; Die Gestaltung von Umgebungen, die einen Ansto\u00df verleihen, inspirieren und verbinden<\/p>\n\n<p class=\"wp-block-paragraph\"><\/p>\n\n<hr class=\"wp-block-separator has-alpha-channel-opacity\"\/>\n\n<p class=\"wp-block-paragraph\"><strong>Produkte am Stand <\/strong><\/p>\n\n<div class=\"wp-block-uagb-container uagb-block-c74c2be7 alignfull uagb-is-root-container\"><div class=\"uagb-container-inner-blocks-wrap\">\n<div class=\"wp-block-uagb-container uagb-block-72dbb054\">\n<div class=\"wp-block-uagb-image uagb-block-19aed28d wp-block-uagb-image--layout-default wp-block-uagb-image--effect-static wp-block-uagb-image--align-none\"><figure class=\"wp-block-uagb-image__figure\"><img decoding=\"async\" data-srcset=\"https:\/\/www.mobellinea.com\/wp-content\/uploads\/2025\/11\/lok_d_1.jpg ,https:\/\/www.mobellinea.com\/wp-content\/uploads\/2025\/11\/lok_d_1.jpg 780w, https:\/\/www.mobellinea.com\/wp-content\/uploads\/2025\/11\/lok_d_1.jpg 360w\" sizes=\"auto, (max-width: 480px) 150px\" src=\"data:image\/gif;base64,R0lGODlhAQABAIAAAAAAAP\/\/\/yH5BAEAAAAALAAAAAABAAEAAAIBRAA7\" data-src=\"https:\/\/www.mobellinea.com\/wp-content\/uploads\/2025\/11\/lok_d_1.jpg\" alt=\"\" class=\"uag-image-2666 lazyload\" width=\"563\" height=\"697\" title=\"lok_d_1\" loading=\"lazy\" role=\"img\"><noscript><img decoding=\"async\" srcset=\"https:\/\/www.mobellinea.com\/wp-content\/uploads\/2025\/11\/lok_d_1.jpg ,https:\/\/www.mobellinea.com\/wp-content\/uploads\/2025\/11\/lok_d_1.jpg 780w, https:\/\/www.mobellinea.com\/wp-content\/uploads\/2025\/11\/lok_d_1.jpg 360w\" sizes=\"auto, (max-width: 480px) 150px\" src=\"https:\/\/www.mobellinea.com\/wp-content\/uploads\/2025\/11\/lok_d_1.jpg\" alt=\"\" class=\"uag-image-2666 lazyload\" width=\"563\" height=\"697\" title=\"lok_d_1\" loading=\"lazy\" role=\"img\"><\/noscript><\/figure><\/div>\n\n\n\n<div class=\"wp-block-buttons is-content-justification-center is-layout-flex wp-container-core-buttons-is-layout-1ee1f49e wp-block-buttons-is-layout-flex\">\n<div class=\"wp-block-button\"><a class=\"wp-block-button__link wp-element-button\" href=\"https:\/\/www.mobellinea.com\/de\/produkt\/stauraum\/schliesfacher\/lok\/\">lok<\/a><\/div>\n<\/div>\n<\/div>\n\n\n\n<div class=\"wp-block-uagb-container uagb-block-1cfc0d22\">\n<div class=\"wp-block-uagb-image uagb-block-0e0809ca wp-block-uagb-image--layout-default wp-block-uagb-image--effect-static wp-block-uagb-image--align-none\"><figure class=\"wp-block-uagb-image__figure\"><img decoding=\"async\" data-srcset=\"https:\/\/www.mobellinea.com\/wp-content\/uploads\/2025\/11\/olive_d_1-1.jpg ,https:\/\/www.mobellinea.com\/wp-content\/uploads\/2025\/11\/olive_d_1-1.jpg 780w, https:\/\/www.mobellinea.com\/wp-content\/uploads\/2025\/11\/olive_d_1-1.jpg 360w\" sizes=\"auto, (max-width: 480px) 150px\" src=\"data:image\/gif;base64,R0lGODlhAQABAIAAAAAAAP\/\/\/yH5BAEAAAAALAAAAAABAAEAAAIBRAA7\" data-src=\"https:\/\/www.mobellinea.com\/wp-content\/uploads\/2025\/11\/olive_d_1-1.jpg\" alt=\"\" class=\"uag-image-1571 lazyload\" width=\"563\" height=\"697\" title=\"olive_d_1\" loading=\"lazy\" role=\"img\"><noscript><img decoding=\"async\" srcset=\"https:\/\/www.mobellinea.com\/wp-content\/uploads\/2025\/11\/olive_d_1-1.jpg ,https:\/\/www.mobellinea.com\/wp-content\/uploads\/2025\/11\/olive_d_1-1.jpg 780w, https:\/\/www.mobellinea.com\/wp-content\/uploads\/2025\/11\/olive_d_1-1.jpg 360w\" sizes=\"auto, (max-width: 480px) 150px\" src=\"https:\/\/www.mobellinea.com\/wp-content\/uploads\/2025\/11\/olive_d_1-1.jpg\" alt=\"\" class=\"uag-image-1571 lazyload\" width=\"563\" height=\"697\" title=\"olive_d_1\" loading=\"lazy\" role=\"img\"><\/noscript><\/figure><\/div>\n\n\n\n<div class=\"wp-block-buttons is-content-justification-center is-layout-flex wp-container-core-buttons-is-layout-1ee1f49e wp-block-buttons-is-layout-flex\">\n<div class=\"wp-block-button\"><a class=\"wp-block-button__link wp-element-button\" href=\"https:\/\/www.mobellinea.com\/de\/produkt\/stuhle\/betrieb\/olive\/\">olive<\/a><\/div>\n<\/div>\n<\/div>\n\n\n\n<div class=\"wp-block-uagb-container uagb-block-05876981\">\n<div class=\"wp-block-uagb-image uagb-block-c3917d84 wp-block-uagb-image--layout-default wp-block-uagb-image--effect-static wp-block-uagb-image--align-none\"><figure class=\"wp-block-uagb-image__figure\"><img decoding=\"async\" data-srcset=\"https:\/\/www.mobellinea.com\/wp-content\/uploads\/2025\/11\/levita_d_coleccion-ms.jpg ,https:\/\/www.mobellinea.com\/wp-content\/uploads\/2025\/11\/levita_d_coleccion-ms.jpg 780w, https:\/\/www.mobellinea.com\/wp-content\/uploads\/2025\/11\/levita_d_coleccion-ms.jpg 360w\" sizes=\"auto, (max-width: 480px) 150px\" src=\"data:image\/gif;base64,R0lGODlhAQABAIAAAAAAAP\/\/\/yH5BAEAAAAALAAAAAABAAEAAAIBRAA7\" data-src=\"https:\/\/www.mobellinea.com\/wp-content\/uploads\/2025\/11\/levita_d_coleccion-ms.jpg\" alt=\"\" class=\"uag-image-13437 lazyload\" width=\"563\" height=\"697\" title=\"levita_d_coleccion ms\" loading=\"lazy\" role=\"img\"><noscript><img decoding=\"async\" srcset=\"https:\/\/www.mobellinea.com\/wp-content\/uploads\/2025\/11\/levita_d_coleccion-ms.jpg ,https:\/\/www.mobellinea.com\/wp-content\/uploads\/2025\/11\/levita_d_coleccion-ms.jpg 780w, https:\/\/www.mobellinea.com\/wp-content\/uploads\/2025\/11\/levita_d_coleccion-ms.jpg 360w\" sizes=\"auto, (max-width: 480px) 150px\" src=\"https:\/\/www.mobellinea.com\/wp-content\/uploads\/2025\/11\/levita_d_coleccion-ms.jpg\" alt=\"\" class=\"uag-image-13437 lazyload\" width=\"563\" height=\"697\" title=\"levita_d_coleccion ms\" loading=\"lazy\" role=\"img\"><\/noscript><\/figure><\/div>\n\n\n\n<div class=\"wp-block-buttons is-content-justification-center is-layout-flex wp-container-core-buttons-is-layout-1ee1f49e wp-block-buttons-is-layout-flex\">\n<div class=\"wp-block-button\"><a class=\"wp-block-button__link wp-element-button\" href=\"https:\/\/www.mobellinea.com\/de\/produkt\/stuhle\/betrieb\/levita\/\">levita<\/a><\/div>\n<\/div>\n<\/div>\n\n\n\n<div class=\"wp-block-uagb-container uagb-block-04e604a8\">\n<div class=\"wp-block-uagb-image uagb-block-38cfc74a wp-block-uagb-image--layout-default wp-block-uagb-image--effect-static wp-block-uagb-image--align-none\"><figure class=\"wp-block-uagb-image__figure\"><img decoding=\"async\" data-srcset=\"https:\/\/www.mobellinea.com\/wp-content\/uploads\/2025\/11\/weekly_meet_d_1.jpg ,https:\/\/www.mobellinea.com\/wp-content\/uploads\/2025\/11\/weekly_meet_d_1.jpg 780w, https:\/\/www.mobellinea.com\/wp-content\/uploads\/2025\/11\/weekly_meet_d_1.jpg 360w\" sizes=\"auto, (max-width: 480px) 150px\" src=\"data:image\/gif;base64,R0lGODlhAQABAIAAAAAAAP\/\/\/yH5BAEAAAAALAAAAAABAAEAAAIBRAA7\" data-src=\"https:\/\/www.mobellinea.com\/wp-content\/uploads\/2025\/11\/weekly_meet_d_1.jpg\" alt=\"\" class=\"uag-image-1628 lazyload\" width=\"563\" height=\"697\" title=\"weekly_meet_d_1\" loading=\"lazy\" role=\"img\"><noscript><img decoding=\"async\" srcset=\"https:\/\/www.mobellinea.com\/wp-content\/uploads\/2025\/11\/weekly_meet_d_1.jpg ,https:\/\/www.mobellinea.com\/wp-content\/uploads\/2025\/11\/weekly_meet_d_1.jpg 780w, https:\/\/www.mobellinea.com\/wp-content\/uploads\/2025\/11\/weekly_meet_d_1.jpg 360w\" sizes=\"auto, (max-width: 480px) 150px\" src=\"https:\/\/www.mobellinea.com\/wp-content\/uploads\/2025\/11\/weekly_meet_d_1.jpg\" alt=\"\" class=\"uag-image-1628 lazyload\" width=\"563\" height=\"697\" title=\"weekly_meet_d_1\" loading=\"lazy\" role=\"img\"><\/noscript><\/figure><\/div>\n\n\n\n<div class=\"wp-block-buttons is-content-justification-center is-layout-flex wp-container-core-buttons-is-layout-1ee1f49e wp-block-buttons-is-layout-flex\">\n<div class=\"wp-block-button\"><a class=\"wp-block-button__link wp-element-button\" href=\"https:\/\/www.mobellinea.com\/de\/produkt\/kollektionen\/weekly-meet\/\">weekly meet<\/a><\/div>\n<\/div>\n<\/div>\n<\/div><\/div>\n\n<div class=\"wp-block-uagb-container uagb-block-8491c2e2 alignfull uagb-is-root-container\"><div class=\"uagb-container-inner-blocks-wrap\">\n<div class=\"wp-block-uagb-container uagb-block-9d7d93a5\">\n<div class=\"wp-block-uagb-image uagb-block-d091e7e7 wp-block-uagb-image--layout-default wp-block-uagb-image--effect-static wp-block-uagb-image--align-none\"><figure class=\"wp-block-uagb-image__figure\"><img decoding=\"async\" data-srcset=\"https:\/\/www.mobellinea.com\/wp-content\/uploads\/2025\/11\/push_sofa_d_1.jpg ,https:\/\/www.mobellinea.com\/wp-content\/uploads\/2025\/11\/push_sofa_d_1.jpg 780w, https:\/\/www.mobellinea.com\/wp-content\/uploads\/2025\/11\/push_sofa_d_1.jpg 360w\" sizes=\"auto, (max-width: 480px) 150px\" src=\"data:image\/gif;base64,R0lGODlhAQABAIAAAAAAAP\/\/\/yH5BAEAAAAALAAAAAABAAEAAAIBRAA7\" data-src=\"https:\/\/www.mobellinea.com\/wp-content\/uploads\/2025\/11\/push_sofa_d_1.jpg\" alt=\"\" class=\"uag-image-667 lazyload\" width=\"563\" height=\"697\" title=\"push_sofa_d_1\" loading=\"lazy\" role=\"img\"><noscript><img decoding=\"async\" srcset=\"https:\/\/www.mobellinea.com\/wp-content\/uploads\/2025\/11\/push_sofa_d_1.jpg ,https:\/\/www.mobellinea.com\/wp-content\/uploads\/2025\/11\/push_sofa_d_1.jpg 780w, https:\/\/www.mobellinea.com\/wp-content\/uploads\/2025\/11\/push_sofa_d_1.jpg 360w\" sizes=\"auto, (max-width: 480px) 150px\" src=\"https:\/\/www.mobellinea.com\/wp-content\/uploads\/2025\/11\/push_sofa_d_1.jpg\" alt=\"\" class=\"uag-image-667 lazyload\" width=\"563\" height=\"697\" title=\"push_sofa_d_1\" loading=\"lazy\" role=\"img\"><\/noscript><\/figure><\/div>\n\n\n\n<div class=\"wp-block-buttons is-content-justification-center is-layout-flex wp-container-core-buttons-is-layout-1ee1f49e wp-block-buttons-is-layout-flex\">\n<div class=\"wp-block-button\"><a class=\"wp-block-button__link wp-element-button\" href=\"https:\/\/www.mobellinea.com\/de\/produkt\/akustische-losungen\/akustik-soft-seating\/push-2\/\">push<\/a><\/div>\n<\/div>\n<\/div>\n\n\n\n<div class=\"wp-block-uagb-container uagb-block-3fd8d655\">\n<div class=\"wp-block-uagb-image uagb-block-665db7dd wp-block-uagb-image--layout-default wp-block-uagb-image--effect-static wp-block-uagb-image--align-none\"><figure class=\"wp-block-uagb-image__figure\"><img decoding=\"async\" data-srcset=\"https:\/\/www.mobellinea.com\/wp-content\/uploads\/2025\/11\/bros_d_1.jpg ,https:\/\/www.mobellinea.com\/wp-content\/uploads\/2025\/11\/bros_d_1.jpg 780w, https:\/\/www.mobellinea.com\/wp-content\/uploads\/2025\/11\/bros_d_1.jpg 360w\" sizes=\"auto, (max-width: 480px) 150px\" src=\"data:image\/gif;base64,R0lGODlhAQABAIAAAAAAAP\/\/\/yH5BAEAAAAALAAAAAABAAEAAAIBRAA7\" data-src=\"https:\/\/www.mobellinea.com\/wp-content\/uploads\/2025\/11\/bros_d_1.jpg\" alt=\"\" class=\"uag-image-1920 lazyload\" width=\"563\" height=\"697\" title=\"bros_d_1\" loading=\"lazy\" role=\"img\"><noscript><img decoding=\"async\" srcset=\"https:\/\/www.mobellinea.com\/wp-content\/uploads\/2025\/11\/bros_d_1.jpg ,https:\/\/www.mobellinea.com\/wp-content\/uploads\/2025\/11\/bros_d_1.jpg 780w, https:\/\/www.mobellinea.com\/wp-content\/uploads\/2025\/11\/bros_d_1.jpg 360w\" sizes=\"auto, (max-width: 480px) 150px\" src=\"https:\/\/www.mobellinea.com\/wp-content\/uploads\/2025\/11\/bros_d_1.jpg\" alt=\"\" class=\"uag-image-1920 lazyload\" width=\"563\" height=\"697\" title=\"bros_d_1\" loading=\"lazy\" role=\"img\"><\/noscript><\/figure><\/div>\n\n\n\n<div class=\"wp-block-buttons is-content-justification-center is-layout-flex wp-container-core-buttons-is-layout-1ee1f49e wp-block-buttons-is-layout-flex\">\n<div class=\"wp-block-button\"><a class=\"wp-block-button__link wp-element-button\" href=\"https:\/\/www.mobellinea.com\/de\/produkt\/tische\/beistell-und-zentrale-tische\/bros-4\/\">bros<\/a><\/div>\n<\/div>\n<\/div>\n\n\n\n<div class=\"wp-block-uagb-container uagb-block-e90b3ceb\">\n<div class=\"wp-block-uagb-image uagb-block-0f0ace0b wp-block-uagb-image--layout-default wp-block-uagb-image--effect-static wp-block-uagb-image--align-none\"><figure class=\"wp-block-uagb-image__figure\"><img decoding=\"async\" data-srcset=\"https:\/\/www.mobellinea.com\/wp-content\/uploads\/2025\/11\/domus_mesa_d.jpg ,https:\/\/www.mobellinea.com\/wp-content\/uploads\/2025\/11\/domus_mesa_d.jpg 780w, https:\/\/www.mobellinea.com\/wp-content\/uploads\/2025\/11\/domus_mesa_d.jpg 360w\" sizes=\"auto, (max-width: 480px) 150px\" src=\"data:image\/gif;base64,R0lGODlhAQABAIAAAAAAAP\/\/\/yH5BAEAAAAALAAAAAABAAEAAAIBRAA7\" data-src=\"https:\/\/www.mobellinea.com\/wp-content\/uploads\/2025\/11\/domus_mesa_d.jpg\" alt=\"\" class=\"uag-image-4378 lazyload\" width=\"563\" height=\"697\" title=\"domus_mesa_d\" loading=\"lazy\" role=\"img\"><noscript><img decoding=\"async\" srcset=\"https:\/\/www.mobellinea.com\/wp-content\/uploads\/2025\/11\/domus_mesa_d.jpg ,https:\/\/www.mobellinea.com\/wp-content\/uploads\/2025\/11\/domus_mesa_d.jpg 780w, https:\/\/www.mobellinea.com\/wp-content\/uploads\/2025\/11\/domus_mesa_d.jpg 360w\" sizes=\"auto, (max-width: 480px) 150px\" src=\"https:\/\/www.mobellinea.com\/wp-content\/uploads\/2025\/11\/domus_mesa_d.jpg\" alt=\"\" class=\"uag-image-4378 lazyload\" width=\"563\" height=\"697\" title=\"domus_mesa_d\" loading=\"lazy\" role=\"img\"><\/noscript><\/figure><\/div>\n\n\n\n<div class=\"wp-block-buttons is-content-justification-center is-layout-flex wp-container-core-buttons-is-layout-1ee1f49e wp-block-buttons-is-layout-flex\">\n<div class=\"wp-block-button\"><a class=\"wp-block-button__link wp-element-button\" href=\"https:\/\/www.mobellinea.com\/de\/produkt\/tische\/beistell-und-zentrale-tische\/domus\/\">domus<\/a><\/div>\n<\/div>\n<\/div>\n\n\n\n<div class=\"wp-block-uagb-container uagb-block-8ab8cee7\">\n<div class=\"wp-block-uagb-image uagb-block-1466e14a wp-block-uagb-image--layout-default wp-block-uagb-image--effect-static wp-block-uagb-image--align-none\"><figure class=\"wp-block-uagb-image__figure\"><img decoding=\"async\" data-srcset=\"https:\/\/www.mobellinea.com\/wp-content\/uploads\/2025\/11\/esmou_trolley_d_1.jpg ,https:\/\/www.mobellinea.com\/wp-content\/uploads\/2025\/11\/esmou_trolley_d_1.jpg 780w, https:\/\/www.mobellinea.com\/wp-content\/uploads\/2025\/11\/esmou_trolley_d_1.jpg 360w\" sizes=\"auto, (max-width: 480px) 150px\" src=\"data:image\/gif;base64,R0lGODlhAQABAIAAAAAAAP\/\/\/yH5BAEAAAAALAAAAAABAAEAAAIBRAA7\" data-src=\"https:\/\/www.mobellinea.com\/wp-content\/uploads\/2025\/11\/esmou_trolley_d_1.jpg\" alt=\"\" class=\"uag-image-2050 lazyload\" width=\"563\" height=\"697\" title=\"esmou_trolley_d_1\" loading=\"lazy\" role=\"img\"><noscript><img decoding=\"async\" srcset=\"https:\/\/www.mobellinea.com\/wp-content\/uploads\/2025\/11\/esmou_trolley_d_1.jpg ,https:\/\/www.mobellinea.com\/wp-content\/uploads\/2025\/11\/esmou_trolley_d_1.jpg 780w, https:\/\/www.mobellinea.com\/wp-content\/uploads\/2025\/11\/esmou_trolley_d_1.jpg 360w\" sizes=\"auto, (max-width: 480px) 150px\" src=\"https:\/\/www.mobellinea.com\/wp-content\/uploads\/2025\/11\/esmou_trolley_d_1.jpg\" alt=\"\" class=\"uag-image-2050 lazyload\" width=\"563\" height=\"697\" title=\"esmou_trolley_d_1\" loading=\"lazy\" role=\"img\"><\/noscript><\/figure><\/div>\n\n\n\n<div class=\"wp-block-buttons is-content-justification-center is-layout-flex wp-container-core-buttons-is-layout-1ee1f49e wp-block-buttons-is-layout-flex\">\n<div class=\"wp-block-button\"><a class=\"wp-block-button__link wp-element-button\" href=\"https:\/\/www.mobellinea.com\/de\/produkt\/kollektionen\/esmou\/esmou-trolley\/\">esmou trolley M<\/a><\/div>\n<\/div>\n<\/div>\n<\/div><\/div>\n\n<div class=\"wp-block-uagb-container uagb-block-ed170d3e alignfull uagb-is-root-container\"><div class=\"uagb-container-inner-blocks-wrap\">\n<div class=\"wp-block-uagb-container uagb-block-99f14334\">\n<div class=\"wp-block-uagb-image uagb-block-f9a19bf6 wp-block-uagb-image--layout-default wp-block-uagb-image--effect-static wp-block-uagb-image--align-none\"><figure class=\"wp-block-uagb-image__figure\"><img decoding=\"async\" data-srcset=\"https:\/\/www.mobellinea.com\/wp-content\/uploads\/2025\/11\/rol_alta_d_1.jpg ,https:\/\/www.mobellinea.com\/wp-content\/uploads\/2025\/11\/rol_alta_d_1.jpg 780w, https:\/\/www.mobellinea.com\/wp-content\/uploads\/2025\/11\/rol_alta_d_1.jpg 360w\" sizes=\"auto, (max-width: 480px) 150px\" src=\"data:image\/gif;base64,R0lGODlhAQABAIAAAAAAAP\/\/\/yH5BAEAAAAALAAAAAABAAEAAAIBRAA7\" data-src=\"https:\/\/www.mobellinea.com\/wp-content\/uploads\/2025\/11\/rol_alta_d_1.jpg\" alt=\"\" class=\"uag-image-2130 lazyload\" width=\"563\" height=\"697\" title=\"rol_alta_d_1\" loading=\"lazy\" role=\"img\"><noscript><img decoding=\"async\" srcset=\"https:\/\/www.mobellinea.com\/wp-content\/uploads\/2025\/11\/rol_alta_d_1.jpg ,https:\/\/www.mobellinea.com\/wp-content\/uploads\/2025\/11\/rol_alta_d_1.jpg 780w, https:\/\/www.mobellinea.com\/wp-content\/uploads\/2025\/11\/rol_alta_d_1.jpg 360w\" sizes=\"auto, (max-width: 480px) 150px\" src=\"https:\/\/www.mobellinea.com\/wp-content\/uploads\/2025\/11\/rol_alta_d_1.jpg\" alt=\"\" class=\"uag-image-2130 lazyload\" width=\"563\" height=\"697\" title=\"rol_alta_d_1\" loading=\"lazy\" role=\"img\"><\/noscript><\/figure><\/div>\n\n\n\n<div class=\"wp-block-buttons is-content-justification-center is-layout-flex wp-container-core-buttons-is-layout-1ee1f49e wp-block-buttons-is-layout-flex\">\n<div class=\"wp-block-button\"><a class=\"wp-block-button__link wp-element-button\" href=\"https:\/\/www.mobellinea.com\/de\/produkt\/tische\/hohe\/rol-3\/\">rol<\/a><\/div>\n<\/div>\n<\/div>\n\n\n\n<div class=\"wp-block-uagb-container uagb-block-9e7873f3\">\n<div class=\"wp-block-uagb-image uagb-block-41319ba5 wp-block-uagb-image--layout-default wp-block-uagb-image--effect-static wp-block-uagb-image--align-none\"><figure class=\"wp-block-uagb-image__figure\"><img decoding=\"async\" data-srcset=\"https:\/\/www.mobellinea.com\/wp-content\/uploads\/2025\/11\/mokka_tall_d_1.jpg ,https:\/\/www.mobellinea.com\/wp-content\/uploads\/2025\/11\/mokka_tall_d_1.jpg 780w, https:\/\/www.mobellinea.com\/wp-content\/uploads\/2025\/11\/mokka_tall_d_1.jpg 360w\" sizes=\"auto, (max-width: 480px) 150px\" src=\"data:image\/gif;base64,R0lGODlhAQABAIAAAAAAAP\/\/\/yH5BAEAAAAALAAAAAABAAEAAAIBRAA7\" data-src=\"https:\/\/www.mobellinea.com\/wp-content\/uploads\/2025\/11\/mokka_tall_d_1.jpg\" alt=\"\" class=\"uag-image-904 lazyload\" width=\"563\" height=\"697\" title=\"\" loading=\"lazy\" role=\"img\"><noscript><img decoding=\"async\" srcset=\"https:\/\/www.mobellinea.com\/wp-content\/uploads\/2025\/11\/mokka_tall_d_1.jpg ,https:\/\/www.mobellinea.com\/wp-content\/uploads\/2025\/11\/mokka_tall_d_1.jpg 780w, https:\/\/www.mobellinea.com\/wp-content\/uploads\/2025\/11\/mokka_tall_d_1.jpg 360w\" sizes=\"auto, (max-width: 480px) 150px\" src=\"https:\/\/www.mobellinea.com\/wp-content\/uploads\/2025\/11\/mokka_tall_d_1.jpg\" alt=\"\" class=\"uag-image-904 lazyload\" width=\"563\" height=\"697\" title=\"\" loading=\"lazy\" role=\"img\"><\/noscript><\/figure><\/div>\n\n\n\n<div class=\"wp-block-buttons is-content-justification-center is-layout-flex wp-container-core-buttons-is-layout-1ee1f49e wp-block-buttons-is-layout-flex\">\n<div class=\"wp-block-button\"><a class=\"wp-block-button__link wp-element-button\" href=\"https:\/\/www.mobellinea.com\/de\/produkt\/stuhle\/beistellmobel-und-cafeteria\/mokka-tall\/\">mokka tall<\/a><\/div>\n<\/div>\n<\/div>\n\n\n\n<div class=\"wp-block-uagb-container uagb-block-9edf60cb\">\n<div class=\"wp-block-uagb-image uagb-block-07b6dcfa wp-block-uagb-image--layout-default wp-block-uagb-image--effect-static wp-block-uagb-image--align-none\"><figure class=\"wp-block-uagb-image__figure\"><img decoding=\"async\" data-srcset=\"https:\/\/www.mobellinea.com\/wp-content\/uploads\/2025\/11\/domus_l_d_1-1.jpg ,https:\/\/www.mobellinea.com\/wp-content\/uploads\/2025\/11\/domus_l_d_1-1.jpg 780w, https:\/\/www.mobellinea.com\/wp-content\/uploads\/2025\/11\/domus_l_d_1-1.jpg 360w\" sizes=\"auto, (max-width: 480px) 150px\" src=\"data:image\/gif;base64,R0lGODlhAQABAIAAAAAAAP\/\/\/yH5BAEAAAAALAAAAAABAAEAAAIBRAA7\" data-src=\"https:\/\/www.mobellinea.com\/wp-content\/uploads\/2025\/11\/domus_l_d_1-1.jpg\" alt=\"\" class=\"uag-image-1415 lazyload\" width=\"563\" height=\"697\" title=\"domus_l_d_1\" loading=\"lazy\" role=\"img\"><noscript><img decoding=\"async\" srcset=\"https:\/\/www.mobellinea.com\/wp-content\/uploads\/2025\/11\/domus_l_d_1-1.jpg ,https:\/\/www.mobellinea.com\/wp-content\/uploads\/2025\/11\/domus_l_d_1-1.jpg 780w, https:\/\/www.mobellinea.com\/wp-content\/uploads\/2025\/11\/domus_l_d_1-1.jpg 360w\" sizes=\"auto, (max-width: 480px) 150px\" src=\"https:\/\/www.mobellinea.com\/wp-content\/uploads\/2025\/11\/domus_l_d_1-1.jpg\" alt=\"\" class=\"uag-image-1415 lazyload\" width=\"563\" height=\"697\" title=\"domus_l_d_1\" loading=\"lazy\" role=\"img\"><\/noscript><\/figure><\/div>\n\n\n\n<div class=\"wp-block-buttons is-content-justification-center is-layout-flex wp-container-core-buttons-is-layout-1ee1f49e wp-block-buttons-is-layout-flex\">\n<div class=\"wp-block-button\"><a class=\"wp-block-button__link wp-element-button\" href=\"https:\/\/www.mobellinea.com\/de\/produkt\/akustische-losungen\/domus-l\/\">domus L<\/a><\/div>\n<\/div>\n<\/div>\n\n\n\n<div class=\"wp-block-uagb-container uagb-block-10e1eb91\"><\/div>\n<\/div><\/div>\n\n<p class=\"wp-block-paragraph\"><\/p>\n","protected":false},"excerpt":{"rendered":"<p>Vom 24. bis 26. M\u00e4rz 2026 kehrt Mobel Linea nach Paris zur\u00fcck, um an der Workspace Expo, der f\u00fchrenden internationalen Messe f\u00fcr B\u00fcrom\u00f6bel und Gestaltung von Arbeitsr\u00e4umen, teilzunehmen. Die Veranstaltung vereint jedes Jahr mehr als 20.000 Fachbesucher mit 300 Ausstellern und etablierte sich als entscheidende Gelegenheit, innovative L\u00f6sungen mit den Schwerpunkten Design, Ergonomie und Leistungsf\u00e4higkeit [&hellip;]<\/p>\n","protected":false},"author":8,"featured_media":18999,"comment_status":"closed","ping_status":"closed","sticky":false,"template":"","format":"standard","meta":{"_acf_changed":false,"_uag_custom_page_level_css":"","footnotes":""},"categories":[361,373],"tags":[],"class_list":["post-18707","post","type-post","status-publish","format-standard","has-post-thumbnail","hentry","category-nachrichten","category-veranstaltungen"],"acf":[],"yoast_head":"<!-- This site is optimized with the Yoast SEO Premium plugin v26.6 (Yoast SEO v27.6) - https:\/\/yoast.com\/product\/yoast-seo-premium-wordpress\/ -->\n<title>Mobel Linea auf der Workspace Expo Paris 2026 \u2013 Wir erschaffen Umgebungen - Mobellinea<\/title>\n<meta name=\"description\" content=\"Vom 24. bis 26. M\u00e4rz 2026 kehrt Mobel Linea nach Paris zur\u00fcck, um an der Workspace Expo, der f\u00fchrenden internationalen Messe f\u00fcr B\u00fcrom\u00f6bel und Gestaltung\" \/>\n<meta name=\"robots\" content=\"index, follow, max-snippet:-1, max-image-preview:large, max-video-preview:-1\" \/>\n<link rel=\"canonical\" href=\"https:\/\/www.mobellinea.com\/de\/mobel-linea-auf-der-workspace-expo-paris-2026-wir-erschaffen-umgebungen\/\" \/>\n<meta property=\"og:locale\" content=\"de_DE\" \/>\n<meta property=\"og:type\" content=\"article\" \/>\n<meta property=\"og:title\" content=\"Mobel Linea auf der Workspace Expo Paris 2026 \u2013 Wir erschaffen Umgebungen\" \/>\n<meta property=\"og:description\" content=\"Vom 24. bis 26. M\u00e4rz 2026 kehrt Mobel Linea nach Paris zur\u00fcck, um an der Workspace Expo, der f\u00fchrenden internationalen Messe f\u00fcr B\u00fcrom\u00f6bel und Gestaltung\" \/>\n<meta property=\"og:url\" content=\"https:\/\/www.mobellinea.com\/de\/mobel-linea-auf-der-workspace-expo-paris-2026-wir-erschaffen-umgebungen\/\" \/>\n<meta property=\"og:site_name\" content=\"Mobellinea\" \/>\n<meta property=\"article:publisher\" content=\"https:\/\/www.facebook.com\/mobellineasl\" \/>\n<meta property=\"article:published_time\" content=\"2026-03-25T14:51:12+00:00\" \/>\n<meta property=\"article:modified_time\" content=\"2026-03-27T09:32:36+00:00\" \/>\n<meta property=\"og:image\" content=\"https:\/\/www.mobellinea.com\/wp-content\/uploads\/2026\/03\/0241855-scaled.jpg\" \/>\n\t<meta property=\"og:image:width\" content=\"1707\" \/>\n\t<meta property=\"og:image:height\" content=\"2560\" \/>\n\t<meta property=\"og:image:type\" content=\"image\/jpeg\" \/>\n<meta name=\"author\" content=\"Anna\" \/>\n<meta name=\"twitter:card\" content=\"summary_large_image\" \/>\n<meta name=\"twitter:label1\" content=\"Verfasst von\" \/>\n\t<meta name=\"twitter:data1\" content=\"Anna\" \/>\n\t<meta name=\"twitter:label2\" content=\"Gesch\u00e4tzte Lesezeit\" \/>\n\t<meta name=\"twitter:data2\" content=\"3\u00a0Minuten\" \/>\n<script type=\"application\/ld+json\" class=\"yoast-schema-graph\">{\"@context\":\"https:\\\/\\\/schema.org\",\"@graph\":[{\"@type\":\"Article\",\"@id\":\"https:\\\/\\\/www.mobellinea.com\\\/de\\\/mobel-linea-auf-der-workspace-expo-paris-2026-wir-erschaffen-umgebungen\\\/#article\",\"isPartOf\":{\"@id\":\"https:\\\/\\\/www.mobellinea.com\\\/de\\\/mobel-linea-auf-der-workspace-expo-paris-2026-wir-erschaffen-umgebungen\\\/\"},\"author\":{\"name\":\"Anna\",\"@id\":\"https:\\\/\\\/mobellinea.com\\\/en\\\/#\\\/schema\\\/person\\\/518e40fa1dcd8c2ef7106c7561ae3ddb\"},\"headline\":\"Mobel Linea auf der Workspace Expo Paris 2026 \u2013 Wir erschaffen Umgebungen\",\"datePublished\":\"2026-03-25T14:51:12+00:00\",\"dateModified\":\"2026-03-27T09:32:36+00:00\",\"mainEntityOfPage\":{\"@id\":\"https:\\\/\\\/www.mobellinea.com\\\/de\\\/mobel-linea-auf-der-workspace-expo-paris-2026-wir-erschaffen-umgebungen\\\/\"},\"wordCount\":610,\"image\":{\"@id\":\"https:\\\/\\\/www.mobellinea.com\\\/de\\\/mobel-linea-auf-der-workspace-expo-paris-2026-wir-erschaffen-umgebungen\\\/#primaryimage\"},\"thumbnailUrl\":\"https:\\\/\\\/www.mobellinea.com\\\/wp-content\\\/uploads\\\/2026\\\/03\\\/0241855-scaled.jpg\",\"articleSection\":[\"Nachrichten\",\"Veranstaltungen\"],\"inLanguage\":\"de\"},{\"@type\":\"WebPage\",\"@id\":\"https:\\\/\\\/www.mobellinea.com\\\/de\\\/mobel-linea-auf-der-workspace-expo-paris-2026-wir-erschaffen-umgebungen\\\/\",\"url\":\"https:\\\/\\\/www.mobellinea.com\\\/de\\\/mobel-linea-auf-der-workspace-expo-paris-2026-wir-erschaffen-umgebungen\\\/\",\"name\":\"Mobel Linea auf der Workspace Expo Paris 2026 \u2013 Wir erschaffen Umgebungen - Mobellinea\",\"isPartOf\":{\"@id\":\"https:\\\/\\\/mobellinea.com\\\/en\\\/#website\"},\"primaryImageOfPage\":{\"@id\":\"https:\\\/\\\/www.mobellinea.com\\\/de\\\/mobel-linea-auf-der-workspace-expo-paris-2026-wir-erschaffen-umgebungen\\\/#primaryimage\"},\"image\":{\"@id\":\"https:\\\/\\\/www.mobellinea.com\\\/de\\\/mobel-linea-auf-der-workspace-expo-paris-2026-wir-erschaffen-umgebungen\\\/#primaryimage\"},\"thumbnailUrl\":\"https:\\\/\\\/www.mobellinea.com\\\/wp-content\\\/uploads\\\/2026\\\/03\\\/0241855-scaled.jpg\",\"datePublished\":\"2026-03-25T14:51:12+00:00\",\"dateModified\":\"2026-03-27T09:32:36+00:00\",\"author\":{\"@id\":\"https:\\\/\\\/mobellinea.com\\\/en\\\/#\\\/schema\\\/person\\\/518e40fa1dcd8c2ef7106c7561ae3ddb\"},\"description\":\"Vom 24. bis 26. M\u00e4rz 2026 kehrt Mobel Linea nach Paris zur\u00fcck, um an der Workspace Expo, der f\u00fchrenden internationalen Messe f\u00fcr B\u00fcrom\u00f6bel und Gestaltung\",\"breadcrumb\":{\"@id\":\"https:\\\/\\\/www.mobellinea.com\\\/de\\\/mobel-linea-auf-der-workspace-expo-paris-2026-wir-erschaffen-umgebungen\\\/#breadcrumb\"},\"inLanguage\":\"de\",\"potentialAction\":[{\"@type\":\"ReadAction\",\"target\":[\"https:\\\/\\\/www.mobellinea.com\\\/de\\\/mobel-linea-auf-der-workspace-expo-paris-2026-wir-erschaffen-umgebungen\\\/\"]}]},{\"@type\":\"ImageObject\",\"inLanguage\":\"de\",\"@id\":\"https:\\\/\\\/www.mobellinea.com\\\/de\\\/mobel-linea-auf-der-workspace-expo-paris-2026-wir-erschaffen-umgebungen\\\/#primaryimage\",\"url\":\"https:\\\/\\\/www.mobellinea.com\\\/wp-content\\\/uploads\\\/2026\\\/03\\\/0241855-scaled.jpg\",\"contentUrl\":\"https:\\\/\\\/www.mobellinea.com\\\/wp-content\\\/uploads\\\/2026\\\/03\\\/0241855-scaled.jpg\",\"width\":1707,\"height\":2560},{\"@type\":\"BreadcrumbList\",\"@id\":\"https:\\\/\\\/www.mobellinea.com\\\/de\\\/mobel-linea-auf-der-workspace-expo-paris-2026-wir-erschaffen-umgebungen\\\/#breadcrumb\",\"itemListElement\":[{\"@type\":\"ListItem\",\"position\":1,\"name\":\"Home\",\"item\":\"https:\\\/\\\/www.mobellinea.com\\\/de\\\/home\\\/\"},{\"@type\":\"ListItem\",\"position\":2,\"name\":\"Nachrichten\",\"item\":\"https:\\\/\\\/www.mobellinea.com\\\/de\\\/category\\\/nachrichten\\\/\"},{\"@type\":\"ListItem\",\"position\":3,\"name\":\"Mobel Linea auf der Workspace Expo Paris 2026 \u2013 Wir erschaffen Umgebungen\"}]},{\"@type\":\"WebSite\",\"@id\":\"https:\\\/\\\/mobellinea.com\\\/en\\\/#website\",\"url\":\"https:\\\/\\\/mobellinea.com\\\/en\\\/\",\"name\":\"MobelLinea\",\"description\":\"Dise\u00f1amos y fabricamos soluciones de mobiliario para oficinas y espacios colectivos. Creamos entornos honestos, funcionales y humanos, pensados para mejorar la vida de las personas\",\"alternateName\":\"Mobel Linea\",\"potentialAction\":[{\"@type\":\"SearchAction\",\"target\":{\"@type\":\"EntryPoint\",\"urlTemplate\":\"https:\\\/\\\/mobellinea.com\\\/en\\\/?s={search_term_string}\"},\"query-input\":{\"@type\":\"PropertyValueSpecification\",\"valueRequired\":true,\"valueName\":\"search_term_string\"}}],\"inLanguage\":\"de\"},{\"@type\":\"Person\",\"@id\":\"https:\\\/\\\/mobellinea.com\\\/en\\\/#\\\/schema\\\/person\\\/518e40fa1dcd8c2ef7106c7561ae3ddb\",\"name\":\"Anna\",\"image\":{\"@type\":\"ImageObject\",\"inLanguage\":\"de\",\"@id\":\"https:\\\/\\\/secure.gravatar.com\\\/avatar\\\/8adc17f1354e8252029a3205a793c695de1d4150636fd00a689f76f96e8a4c98?s=96&d=mm&r=g\",\"url\":\"https:\\\/\\\/secure.gravatar.com\\\/avatar\\\/8adc17f1354e8252029a3205a793c695de1d4150636fd00a689f76f96e8a4c98?s=96&d=mm&r=g\",\"contentUrl\":\"https:\\\/\\\/secure.gravatar.com\\\/avatar\\\/8adc17f1354e8252029a3205a793c695de1d4150636fd00a689f76f96e8a4c98?s=96&d=mm&r=g\",\"caption\":\"Anna\"}}]}<\/script>\n<!-- \/ Yoast SEO Premium plugin. -->","yoast_head_json":{"title":"Mobel Linea auf der Workspace Expo Paris 2026 \u2013 Wir erschaffen Umgebungen - Mobellinea","description":"Vom 24. bis 26. M\u00e4rz 2026 kehrt Mobel Linea nach Paris zur\u00fcck, um an der Workspace Expo, der f\u00fchrenden internationalen Messe f\u00fcr B\u00fcrom\u00f6bel und Gestaltung","robots":{"index":"index","follow":"follow","max-snippet":"max-snippet:-1","max-image-preview":"max-image-preview:large","max-video-preview":"max-video-preview:-1"},"canonical":"https:\/\/www.mobellinea.com\/de\/mobel-linea-auf-der-workspace-expo-paris-2026-wir-erschaffen-umgebungen\/","og_locale":"de_DE","og_type":"article","og_title":"Mobel Linea auf der Workspace Expo Paris 2026 \u2013 Wir erschaffen Umgebungen","og_description":"Vom 24. bis 26. M\u00e4rz 2026 kehrt Mobel Linea nach Paris zur\u00fcck, um an der Workspace Expo, der f\u00fchrenden internationalen Messe f\u00fcr B\u00fcrom\u00f6bel und Gestaltung","og_url":"https:\/\/www.mobellinea.com\/de\/mobel-linea-auf-der-workspace-expo-paris-2026-wir-erschaffen-umgebungen\/","og_site_name":"Mobellinea","article_publisher":"https:\/\/www.facebook.com\/mobellineasl","article_published_time":"2026-03-25T14:51:12+00:00","article_modified_time":"2026-03-27T09:32:36+00:00","og_image":[{"width":1707,"height":2560,"url":"https:\/\/www.mobellinea.com\/wp-content\/uploads\/2026\/03\/0241855-scaled.jpg","type":"image\/jpeg"}],"author":"Anna","twitter_card":"summary_large_image","twitter_misc":{"Verfasst von":"Anna","Gesch\u00e4tzte Lesezeit":"3\u00a0Minuten"},"schema":{"@context":"https:\/\/schema.org","@graph":[{"@type":"Article","@id":"https:\/\/www.mobellinea.com\/de\/mobel-linea-auf-der-workspace-expo-paris-2026-wir-erschaffen-umgebungen\/#article","isPartOf":{"@id":"https:\/\/www.mobellinea.com\/de\/mobel-linea-auf-der-workspace-expo-paris-2026-wir-erschaffen-umgebungen\/"},"author":{"name":"Anna","@id":"https:\/\/mobellinea.com\/en\/#\/schema\/person\/518e40fa1dcd8c2ef7106c7561ae3ddb"},"headline":"Mobel Linea auf der Workspace Expo Paris 2026 \u2013 Wir erschaffen Umgebungen","datePublished":"2026-03-25T14:51:12+00:00","dateModified":"2026-03-27T09:32:36+00:00","mainEntityOfPage":{"@id":"https:\/\/www.mobellinea.com\/de\/mobel-linea-auf-der-workspace-expo-paris-2026-wir-erschaffen-umgebungen\/"},"wordCount":610,"image":{"@id":"https:\/\/www.mobellinea.com\/de\/mobel-linea-auf-der-workspace-expo-paris-2026-wir-erschaffen-umgebungen\/#primaryimage"},"thumbnailUrl":"https:\/\/www.mobellinea.com\/wp-content\/uploads\/2026\/03\/0241855-scaled.jpg","articleSection":["Nachrichten","Veranstaltungen"],"inLanguage":"de"},{"@type":"WebPage","@id":"https:\/\/www.mobellinea.com\/de\/mobel-linea-auf-der-workspace-expo-paris-2026-wir-erschaffen-umgebungen\/","url":"https:\/\/www.mobellinea.com\/de\/mobel-linea-auf-der-workspace-expo-paris-2026-wir-erschaffen-umgebungen\/","name":"Mobel Linea auf der Workspace Expo Paris 2026 \u2013 Wir erschaffen Umgebungen - Mobellinea","isPartOf":{"@id":"https:\/\/mobellinea.com\/en\/#website"},"primaryImageOfPage":{"@id":"https:\/\/www.mobellinea.com\/de\/mobel-linea-auf-der-workspace-expo-paris-2026-wir-erschaffen-umgebungen\/#primaryimage"},"image":{"@id":"https:\/\/www.mobellinea.com\/de\/mobel-linea-auf-der-workspace-expo-paris-2026-wir-erschaffen-umgebungen\/#primaryimage"},"thumbnailUrl":"https:\/\/www.mobellinea.com\/wp-content\/uploads\/2026\/03\/0241855-scaled.jpg","datePublished":"2026-03-25T14:51:12+00:00","dateModified":"2026-03-27T09:32:36+00:00","author":{"@id":"https:\/\/mobellinea.com\/en\/#\/schema\/person\/518e40fa1dcd8c2ef7106c7561ae3ddb"},"description":"Vom 24. bis 26. M\u00e4rz 2026 kehrt Mobel Linea nach Paris zur\u00fcck, um an der Workspace Expo, der f\u00fchrenden internationalen Messe f\u00fcr B\u00fcrom\u00f6bel und Gestaltung","breadcrumb":{"@id":"https:\/\/www.mobellinea.com\/de\/mobel-linea-auf-der-workspace-expo-paris-2026-wir-erschaffen-umgebungen\/#breadcrumb"},"inLanguage":"de","potentialAction":[{"@type":"ReadAction","target":["https:\/\/www.mobellinea.com\/de\/mobel-linea-auf-der-workspace-expo-paris-2026-wir-erschaffen-umgebungen\/"]}]},{"@type":"ImageObject","inLanguage":"de","@id":"https:\/\/www.mobellinea.com\/de\/mobel-linea-auf-der-workspace-expo-paris-2026-wir-erschaffen-umgebungen\/#primaryimage","url":"https:\/\/www.mobellinea.com\/wp-content\/uploads\/2026\/03\/0241855-scaled.jpg","contentUrl":"https:\/\/www.mobellinea.com\/wp-content\/uploads\/2026\/03\/0241855-scaled.jpg","width":1707,"height":2560},{"@type":"BreadcrumbList","@id":"https:\/\/www.mobellinea.com\/de\/mobel-linea-auf-der-workspace-expo-paris-2026-wir-erschaffen-umgebungen\/#breadcrumb","itemListElement":[{"@type":"ListItem","position":1,"name":"Home","item":"https:\/\/www.mobellinea.com\/de\/home\/"},{"@type":"ListItem","position":2,"name":"Nachrichten","item":"https:\/\/www.mobellinea.com\/de\/category\/nachrichten\/"},{"@type":"ListItem","position":3,"name":"Mobel Linea auf der Workspace Expo Paris 2026 \u2013 Wir erschaffen Umgebungen"}]},{"@type":"WebSite","@id":"https:\/\/mobellinea.com\/en\/#website","url":"https:\/\/mobellinea.com\/en\/","name":"MobelLinea","description":"Dise\u00f1amos y fabricamos soluciones de mobiliario para oficinas y espacios colectivos. Creamos entornos honestos, funcionales y humanos, pensados para mejorar la vida de las personas","alternateName":"Mobel Linea","potentialAction":[{"@type":"SearchAction","target":{"@type":"EntryPoint","urlTemplate":"https:\/\/mobellinea.com\/en\/?s={search_term_string}"},"query-input":{"@type":"PropertyValueSpecification","valueRequired":true,"valueName":"search_term_string"}}],"inLanguage":"de"},{"@type":"Person","@id":"https:\/\/mobellinea.com\/en\/#\/schema\/person\/518e40fa1dcd8c2ef7106c7561ae3ddb","name":"Anna","image":{"@type":"ImageObject","inLanguage":"de","@id":"https:\/\/secure.gravatar.com\/avatar\/8adc17f1354e8252029a3205a793c695de1d4150636fd00a689f76f96e8a4c98?s=96&d=mm&r=g","url":"https:\/\/secure.gravatar.com\/avatar\/8adc17f1354e8252029a3205a793c695de1d4150636fd00a689f76f96e8a4c98?s=96&d=mm&r=g","contentUrl":"https:\/\/secure.gravatar.com\/avatar\/8adc17f1354e8252029a3205a793c695de1d4150636fd00a689f76f96e8a4c98?s=96&d=mm&r=g","caption":"Anna"}}]}},"uagb_featured_image_src":{"full":["https:\/\/www.mobellinea.com\/wp-content\/uploads\/2026\/03\/0241855-scaled.jpg",1707,2560,false],"thumbnail":["https:\/\/www.mobellinea.com\/wp-content\/uploads\/2026\/03\/0241855-150x150.jpg",150,150,true],"medium":["https:\/\/www.mobellinea.com\/wp-content\/uploads\/2026\/03\/0241855-320x480.jpg",320,480,true],"medium_large":["https:\/\/www.mobellinea.com\/wp-content\/uploads\/2026\/03\/0241855-680x1020.jpg",680,1020,true],"large":["https:\/\/www.mobellinea.com\/wp-content\/uploads\/2026\/03\/0241855-1000x1500.jpg",1000,1500,true],"pieces_card":["https:\/\/www.mobellinea.com\/wp-content\/uploads\/2026\/03\/0241855-140x173.jpg",140,173,true],"gform-image-choice-sm":["https:\/\/www.mobellinea.com\/wp-content\/uploads\/2026\/03\/0241855-scaled.jpg",200,300,false],"gform-image-choice-md":["https:\/\/www.mobellinea.com\/wp-content\/uploads\/2026\/03\/0241855-scaled.jpg",267,400,false],"gform-image-choice-lg":["https:\/\/www.mobellinea.com\/wp-content\/uploads\/2026\/03\/0241855-scaled.jpg",400,600,false]},"uagb_author_info":{"display_name":"Anna","author_link":"https:\/\/www.mobellinea.com\/de\/author\/annareigmobellinea-es\/"},"uagb_comment_info":0,"uagb_excerpt":"Vom 24. bis 26. M\u00e4rz 2026 kehrt Mobel Linea nach Paris zur\u00fcck, um an der Workspace Expo, der f\u00fchrenden internationalen Messe f\u00fcr B\u00fcrom\u00f6bel und Gestaltung von Arbeitsr\u00e4umen, teilzunehmen. Die Veranstaltung vereint jedes Jahr mehr als 20.000 Fachbesucher mit 300 Ausstellern und etablierte sich als entscheidende Gelegenheit, innovative L\u00f6sungen mit den Schwerpunkten Design, Ergonomie und Leistungsf\u00e4higkeit&hellip;","_links":{"self":[{"href":"https:\/\/www.mobellinea.com\/de\/wp-json\/wp\/v2\/posts\/18707","targetHints":{"allow":["GET"]}}],"collection":[{"href":"https:\/\/www.mobellinea.com\/de\/wp-json\/wp\/v2\/posts"}],"about":[{"href":"https:\/\/www.mobellinea.com\/de\/wp-json\/wp\/v2\/types\/post"}],"author":[{"embeddable":true,"href":"https:\/\/www.mobellinea.com\/de\/wp-json\/wp\/v2\/users\/8"}],"replies":[{"embeddable":true,"href":"https:\/\/www.mobellinea.com\/de\/wp-json\/wp\/v2\/comments?post=18707"}],"version-history":[{"count":8,"href":"https:\/\/www.mobellinea.com\/de\/wp-json\/wp\/v2\/posts\/18707\/revisions"}],"predecessor-version":[{"id":19146,"href":"https:\/\/www.mobellinea.com\/de\/wp-json\/wp\/v2\/posts\/18707\/revisions\/19146"}],"wp:featuredmedia":[{"embeddable":true,"href":"https:\/\/www.mobellinea.com\/de\/wp-json\/wp\/v2\/media\/18999"}],"wp:attachment":[{"href":"https:\/\/www.mobellinea.com\/de\/wp-json\/wp\/v2\/media?parent=18707"}],"wp:term":[{"taxonomy":"category","embeddable":true,"href":"https:\/\/www.mobellinea.com\/de\/wp-json\/wp\/v2\/categories?post=18707"},{"taxonomy":"post_tag","embeddable":true,"href":"https:\/\/www.mobellinea.com\/de\/wp-json\/wp\/v2\/tags?post=18707"}],"curies":[{"name":"wp","href":"https:\/\/api.w.org\/{rel}","templated":true}]}}