{"id":18189,"date":"2026-02-11T09:46:19","date_gmt":"2026-02-11T08:46:19","guid":{"rendered":"https:\/\/www.mobellinea.com\/?p=18189"},"modified":"2026-02-11T09:46:27","modified_gmt":"2026-02-11T08:46:27","slug":"trendfarben-2026-im-interior-design","status":"publish","type":"post","link":"https:\/\/www.mobellinea.com\/de\/trendfarben-2026-im-interior-design\/","title":{"rendered":"Trendfarben 2026 im Interior Design"},"content":{"rendered":"\n<p class=\"wp-block-paragraph\">Im Jahr 2026 wird Farbe wieder eine wichtige Rolle beim Interior Design spielen. Nachdem jahrelang k\u00fchle neutrale Farben und uniforme L\u00f6sungen vorherrschten, setzen die neuen Farbpaletten nun auf Farbt\u00f6ne mit Tiefe, W\u00e4rme und emotionaler Bedeutung. Farben, die Stimmungen erzeugen, das Wohlbefinden steigern und die Identit\u00e4t von Umgebungen pr\u00e4gen.  <\/p>\n\n<p class=\"wp-block-paragraph\">Dies sind die Farbtrends, die das Jahr pr\u00e4gen werden.<\/p>\n\n<div style=\"height:50px\" aria-hidden=\"true\" class=\"wp-block-spacer\"><\/div>\n\n<div class=\"wp-block-uagb-advanced-heading uagb-block-997a0649\"><h4 class=\"uagb-heading-text\">Warme Neutralt\u00f6ne, die neue Grundfarbe des Interiour Designs<\/h4><\/div>\n\n<p class=\"wp-block-paragraph\">Reines Wei\u00df und k\u00fchle Graut\u00f6ne werden durch reichhaltigere, freundlichere und nat\u00fcrlichere Neutralt\u00f6ne erg\u00e4nzt. Sandfarben, Br\u00e4unliches Beige, Taupe und Kamelbraun etablieren sich als neue Farbpalette. <\/p>\n\n<p class=\"wp-block-paragraph\">Diese Farben sorgen f\u00fcr visuellen Komfort, mildern k\u00fcnstliches Licht und schaffen eine angenehmere Umgebung. Sie dienen als wandelbarer Hintergrund, der die Integration nat\u00fcrlicher Materialien und Farbakzente erm\u00f6glicht, ohne den Raum zu \u00fcberladen. <\/p>\n\t\t<div \t\t\tclass=\"banner wp-block-tms-banner layout-cover-start theme-light is-content-empty\">\n\n\t\t\t\n\t\t\t\t\t\t\t<div class=\"banner-media\">\n\n\t\t\t\t\t\t\t\t\t\t\t<img decoding=\"async\" width=\"1920\" height=\"900\" src=\"data:image\/gif;base64,R0lGODlhAQABAIAAAAAAAP\/\/\/yH5BAEAAAAALAAAAAABAAEAAAIBRAA7\" data-src=\"https:\/\/www.mobellinea.com\/wp-content\/uploads\/2026\/02\/blog_tendencies-2026_01.jpg\" class=\"attachment-full size-full lazyload\" alt=\"\" data-srcset=\"https:\/\/www.mobellinea.com\/wp-content\/uploads\/2026\/02\/blog_tendencies-2026_01.jpg 1920w, https:\/\/www.mobellinea.com\/wp-content\/uploads\/2026\/02\/blog_tendencies-2026_01-320x150.jpg 320w, https:\/\/www.mobellinea.com\/wp-content\/uploads\/2026\/02\/blog_tendencies-2026_01-1000x469.jpg 1000w, https:\/\/www.mobellinea.com\/wp-content\/uploads\/2026\/02\/blog_tendencies-2026_01-680x319.jpg 680w\" sizes=\"(max-width: 1920px) 100vw, 1920px\" \/><noscript><img decoding=\"async\" width=\"1920\" height=\"900\" src=\"https:\/\/www.mobellinea.com\/wp-content\/uploads\/2026\/02\/blog_tendencies-2026_01.jpg\" class=\"attachment-full size-full lazyload\" alt=\"\" srcset=\"https:\/\/www.mobellinea.com\/wp-content\/uploads\/2026\/02\/blog_tendencies-2026_01.jpg 1920w, https:\/\/www.mobellinea.com\/wp-content\/uploads\/2026\/02\/blog_tendencies-2026_01-320x150.jpg 320w, https:\/\/www.mobellinea.com\/wp-content\/uploads\/2026\/02\/blog_tendencies-2026_01-1000x469.jpg 1000w, https:\/\/www.mobellinea.com\/wp-content\/uploads\/2026\/02\/blog_tendencies-2026_01-680x319.jpg 680w\" sizes=\"(max-width: 1920px) 100vw, 1920px\" \/><\/noscript>\t\t\t\t\t\n\t\t\t\t\t\n\t\t\t\t\t\n\t\t\t\t<\/div>\n\t\t\t\n\t\t<\/div>\n\t\t\n<div style=\"height:50px\" aria-hidden=\"true\" class=\"wp-block-spacer\"><\/div>\n\n<div class=\"wp-block-uagb-advanced-heading uagb-block-c4fe6db6\"><h4 class=\"uagb-heading-text\">Schokoladenbraun oder Espresso, Tiefe und dezenter Luxus<\/h4><\/div>\n\n<p class=\"wp-block-paragraph\">Dunkle Braunt\u00f6ne verst\u00e4rken den Trend des \u201equite luxury\u201c. Schokolade und Espresso stellen eine Weiterentwicklung der Terrakotta-T\u00f6ne dar und verleihen optische Tiefe, Eleganz und ein Gef\u00fchl von langlebiger Qualit\u00e4t.<\/p>\n\n<p class=\"wp-block-paragraph\">In Kombination mit Holz, edlen Textilien oder matten Metallen entstehen schlichte, zeitlose R\u00e4ume mit einer starken Materialpr\u00e4senz.<\/p>\n\n<p class=\"wp-block-paragraph\"><\/p>\n\n<div class=\"wp-block-uagb-advanced-heading uagb-block-5db6185f\"><h4 class=\"uagb-heading-text\">Tiefes Rot, emotionale Akzentuierung<\/h4><\/div>\n\n<p class=\"wp-block-paragraph\">Rubinrot und Burgunderrot erleben ein starkes Comeback, dienen jedoch stets als Akzentfarben. Auf Polsterungen oder bestimmten Details angewendet, verleihen sie Charakter, Energie und Raffinesse. <\/p>\n\n<p class=\"wp-block-paragraph\">Es handelt sich um Farben, welche R\u00e4umen Pers\u00f6nlichkeit einhauchen, ohne das allgemeine Gleichgewicht der Farbpalette zu st\u00f6ren.<\/p>\n\t\t<div \t\t\tclass=\"banner wp-block-tms-banner layout-cover-start theme-light is-content-empty\">\n\n\t\t\t\n\t\t\t\t\t\t\t<div class=\"banner-media\">\n\n\t\t\t\t\t\t\t\t\t\t\t<img decoding=\"async\" width=\"1920\" height=\"900\" src=\"data:image\/gif;base64,R0lGODlhAQABAIAAAAAAAP\/\/\/yH5BAEAAAAALAAAAAABAAEAAAIBRAA7\" data-src=\"https:\/\/www.mobellinea.com\/wp-content\/uploads\/2026\/02\/blog_tendencies-2026_02.jpg\" class=\"attachment-full size-full lazyload\" alt=\"\" data-srcset=\"https:\/\/www.mobellinea.com\/wp-content\/uploads\/2026\/02\/blog_tendencies-2026_02.jpg 1920w, https:\/\/www.mobellinea.com\/wp-content\/uploads\/2026\/02\/blog_tendencies-2026_02-320x150.jpg 320w, https:\/\/www.mobellinea.com\/wp-content\/uploads\/2026\/02\/blog_tendencies-2026_02-1000x469.jpg 1000w, https:\/\/www.mobellinea.com\/wp-content\/uploads\/2026\/02\/blog_tendencies-2026_02-680x319.jpg 680w\" sizes=\"(max-width: 1920px) 100vw, 1920px\" \/><noscript><img decoding=\"async\" width=\"1920\" height=\"900\" src=\"https:\/\/www.mobellinea.com\/wp-content\/uploads\/2026\/02\/blog_tendencies-2026_02.jpg\" class=\"attachment-full size-full lazyload\" alt=\"\" srcset=\"https:\/\/www.mobellinea.com\/wp-content\/uploads\/2026\/02\/blog_tendencies-2026_02.jpg 1920w, https:\/\/www.mobellinea.com\/wp-content\/uploads\/2026\/02\/blog_tendencies-2026_02-320x150.jpg 320w, https:\/\/www.mobellinea.com\/wp-content\/uploads\/2026\/02\/blog_tendencies-2026_02-1000x469.jpg 1000w, https:\/\/www.mobellinea.com\/wp-content\/uploads\/2026\/02\/blog_tendencies-2026_02-680x319.jpg 680w\" sizes=\"(max-width: 1920px) 100vw, 1920px\" \/><\/noscript>\t\t\t\t\t\n\t\t\t\t\t\n\t\t\t\t\t\n\t\t\t\t<\/div>\n\t\t\t\n\t\t<\/div>\n\t\t\n<div style=\"height:50px\" aria-hidden=\"true\" class=\"wp-block-spacer\"><\/div>\n\n<div class=\"wp-block-uagb-advanced-heading uagb-block-b6840400\"><h4 class=\"uagb-heading-text\">Biophile Gr\u00fcnfl\u00e4chen, Verbindung zur Natur<\/h4><\/div>\n\n<p class=\"wp-block-paragraph\">Der Einfluss des biophilen Designs spiegelt sich deutlich in der Farbpalette 2026 wider. Salbeigr\u00fcnvermittelt Ruhe, Ausgeglichenheit und Verbundenheit mit der Au\u00dfenwelt.<\/p>\n\n<p class=\"wp-block-paragraph\">Ein tiefes Olivgr\u00fcn mit einer erdigen Note, das eine Verbindung zur Natur herstellt.<\/p>\n\n<p class=\"wp-block-paragraph\">Angewandt auf W\u00e4nden, Polstern oder M\u00f6beln tragen diese Farbt\u00f6ne dazu bei, ges\u00fcndere R\u00e4ume zu schaffen, insbesondere in Arbeitsumgebungen, wo sie die Konzentration f\u00f6rdern und Stress reduzieren.<\/p>\n\t\t<div \t\t\tclass=\"banner wp-block-tms-banner layout-cover-start theme-light is-content-empty\">\n\n\t\t\t\n\t\t\t\t\t\t\t<div class=\"banner-media\">\n\n\t\t\t\t\t\t\t\t\t\t\t<img decoding=\"async\" width=\"1920\" height=\"900\" src=\"data:image\/gif;base64,R0lGODlhAQABAIAAAAAAAP\/\/\/yH5BAEAAAAALAAAAAABAAEAAAIBRAA7\" data-src=\"https:\/\/www.mobellinea.com\/wp-content\/uploads\/2026\/02\/blog_tendencies-2026_03.jpg\" class=\"attachment-full size-full lazyload\" alt=\"\" data-srcset=\"https:\/\/www.mobellinea.com\/wp-content\/uploads\/2026\/02\/blog_tendencies-2026_03.jpg 1920w, https:\/\/www.mobellinea.com\/wp-content\/uploads\/2026\/02\/blog_tendencies-2026_03-320x150.jpg 320w, https:\/\/www.mobellinea.com\/wp-content\/uploads\/2026\/02\/blog_tendencies-2026_03-1000x469.jpg 1000w, https:\/\/www.mobellinea.com\/wp-content\/uploads\/2026\/02\/blog_tendencies-2026_03-680x319.jpg 680w\" sizes=\"(max-width: 1920px) 100vw, 1920px\" \/><noscript><img decoding=\"async\" width=\"1920\" height=\"900\" src=\"https:\/\/www.mobellinea.com\/wp-content\/uploads\/2026\/02\/blog_tendencies-2026_03.jpg\" class=\"attachment-full size-full lazyload\" alt=\"\" srcset=\"https:\/\/www.mobellinea.com\/wp-content\/uploads\/2026\/02\/blog_tendencies-2026_03.jpg 1920w, https:\/\/www.mobellinea.com\/wp-content\/uploads\/2026\/02\/blog_tendencies-2026_03-320x150.jpg 320w, https:\/\/www.mobellinea.com\/wp-content\/uploads\/2026\/02\/blog_tendencies-2026_03-1000x469.jpg 1000w, https:\/\/www.mobellinea.com\/wp-content\/uploads\/2026\/02\/blog_tendencies-2026_03-680x319.jpg 680w\" sizes=\"(max-width: 1920px) 100vw, 1920px\" \/><\/noscript>\t\t\t\t\t\n\t\t\t\t\t\n\t\t\t\t\t\n\t\t\t\t<\/div>\n\t\t\t\n\t\t<\/div>\n\t\t\n<div style=\"height:50px\" aria-hidden=\"true\" class=\"wp-block-spacer\"><\/div>\n\n<div class=\"wp-block-uagb-advanced-heading uagb-block-0bcd2cea\"><h4 class=\"uagb-heading-text\">\u201eCalming Blue\u201c, das humanere Blau<\/h4><\/div>\n\n<p class=\"wp-block-paragraph\">Ein sanftes Blau, pudrig und ausgewogen, mit grauen oder leicht warmen Nuancen, entwickelt, um Ruhe, Stabilit\u00e4t und geistige Klarheit zu f\u00f6rdern.<\/p>\n\n<p class=\"wp-block-paragraph\">Wir finden es an W\u00e4nden, auf Tapeten oder als Hintergrundfarbe, kombiniert mit hellem oder dunklem Naturholz und Materialien mit weicher Textur.<\/p>\n\n<p class=\"wp-block-paragraph\"><\/p>\n\n<div class=\"wp-block-uagb-advanced-heading uagb-block-3de3ea6d\"><h4 class=\"uagb-heading-text\">Elektrisches Blau f\u00fcr die besonders Mutigen<\/h4><\/div>\n\n<p class=\"wp-block-paragraph\">Ein kr\u00e4ftiges, leuchtendes Kobaltblau, das sich hervorragend f\u00fcr moderne Akzente eignet.<br\/><br\/><\/p>\n\t\t<div \t\t\tclass=\"banner wp-block-tms-banner layout-cover-start theme-light is-content-empty\">\n\n\t\t\t\n\t\t\t\t\t\t\t<div class=\"banner-media\">\n\n\t\t\t\t\t\t\t\t\t\t\t<img decoding=\"async\" width=\"1920\" height=\"900\" src=\"data:image\/gif;base64,R0lGODlhAQABAIAAAAAAAP\/\/\/yH5BAEAAAAALAAAAAABAAEAAAIBRAA7\" data-src=\"https:\/\/www.mobellinea.com\/wp-content\/uploads\/2026\/02\/blog_tendencies-2026_04.jpg\" class=\"attachment-full size-full lazyload\" alt=\"\" data-srcset=\"https:\/\/www.mobellinea.com\/wp-content\/uploads\/2026\/02\/blog_tendencies-2026_04.jpg 1920w, https:\/\/www.mobellinea.com\/wp-content\/uploads\/2026\/02\/blog_tendencies-2026_04-320x150.jpg 320w, https:\/\/www.mobellinea.com\/wp-content\/uploads\/2026\/02\/blog_tendencies-2026_04-1000x469.jpg 1000w, https:\/\/www.mobellinea.com\/wp-content\/uploads\/2026\/02\/blog_tendencies-2026_04-680x319.jpg 680w\" sizes=\"(max-width: 1920px) 100vw, 1920px\" \/><noscript><img decoding=\"async\" width=\"1920\" height=\"900\" src=\"https:\/\/www.mobellinea.com\/wp-content\/uploads\/2026\/02\/blog_tendencies-2026_04.jpg\" class=\"attachment-full size-full lazyload\" alt=\"\" srcset=\"https:\/\/www.mobellinea.com\/wp-content\/uploads\/2026\/02\/blog_tendencies-2026_04.jpg 1920w, https:\/\/www.mobellinea.com\/wp-content\/uploads\/2026\/02\/blog_tendencies-2026_04-320x150.jpg 320w, https:\/\/www.mobellinea.com\/wp-content\/uploads\/2026\/02\/blog_tendencies-2026_04-1000x469.jpg 1000w, https:\/\/www.mobellinea.com\/wp-content\/uploads\/2026\/02\/blog_tendencies-2026_04-680x319.jpg 680w\" sizes=\"(max-width: 1920px) 100vw, 1920px\" \/><\/noscript>\t\t\t\t\t\n\t\t\t\t\t\n\t\t\t\t\t\n\t\t\t\t<\/div>\n\t\t\t\n\t\t<\/div>\n\t\t\n<div style=\"height:50px\" aria-hidden=\"true\" class=\"wp-block-spacer\"><\/div>\n\n<div class=\"wp-block-uagb-advanced-heading uagb-block-982d85fc\"><h4 class=\"uagb-heading-text\">Gelb, die ideale Erg\u00e4nzung der Farbpalette<\/h4><\/div>\n\n<p class=\"wp-block-paragraph\">Gelb erscheint als visueller Energiepunkt und Leuchtkraft, in Butter- oder zartem Zitronenton. Es verst\u00e4rkt das Gef\u00fchl von Optimismus und Wohlbefinden und gleicht Farbpaletten aus, die von warmen, neutralen T\u00f6nen dominiert werden. <\/p>\n\n<p class=\"wp-block-paragraph\">Moderat eingesetzt, sorgt es f\u00fcr Dynamik, ohne aufdringlich zu wirken.<\/p>\n\t\t<div \t\t\tclass=\"banner wp-block-tms-banner layout-cover-start theme-light is-content-empty\">\n\n\t\t\t\n\t\t\t\t\t\t\t<div class=\"banner-media\">\n\n\t\t\t\t\t\t\t\t\t\t\t<img decoding=\"async\" width=\"1920\" height=\"900\" src=\"data:image\/gif;base64,R0lGODlhAQABAIAAAAAAAP\/\/\/yH5BAEAAAAALAAAAAABAAEAAAIBRAA7\" data-src=\"https:\/\/www.mobellinea.com\/wp-content\/uploads\/2026\/02\/blog_tendencies-2026_05.jpg\" class=\"attachment-full size-full lazyload\" alt=\"\" data-srcset=\"https:\/\/www.mobellinea.com\/wp-content\/uploads\/2026\/02\/blog_tendencies-2026_05.jpg 1920w, https:\/\/www.mobellinea.com\/wp-content\/uploads\/2026\/02\/blog_tendencies-2026_05-320x150.jpg 320w, https:\/\/www.mobellinea.com\/wp-content\/uploads\/2026\/02\/blog_tendencies-2026_05-1000x469.jpg 1000w, https:\/\/www.mobellinea.com\/wp-content\/uploads\/2026\/02\/blog_tendencies-2026_05-680x319.jpg 680w\" sizes=\"(max-width: 1920px) 100vw, 1920px\" \/><noscript><img decoding=\"async\" width=\"1920\" height=\"900\" src=\"https:\/\/www.mobellinea.com\/wp-content\/uploads\/2026\/02\/blog_tendencies-2026_05.jpg\" class=\"attachment-full size-full lazyload\" alt=\"\" srcset=\"https:\/\/www.mobellinea.com\/wp-content\/uploads\/2026\/02\/blog_tendencies-2026_05.jpg 1920w, https:\/\/www.mobellinea.com\/wp-content\/uploads\/2026\/02\/blog_tendencies-2026_05-320x150.jpg 320w, https:\/\/www.mobellinea.com\/wp-content\/uploads\/2026\/02\/blog_tendencies-2026_05-1000x469.jpg 1000w, https:\/\/www.mobellinea.com\/wp-content\/uploads\/2026\/02\/blog_tendencies-2026_05-680x319.jpg 680w\" sizes=\"(max-width: 1920px) 100vw, 1920px\" \/><\/noscript>\t\t\t\t\t\n\t\t\t\t\t\n\t\t\t\t\t\n\t\t\t\t<\/div>\n\t\t\t\n\t\t<\/div>\n\t\t\n<div style=\"height:50px\" aria-hidden=\"true\" class=\"wp-block-spacer\"><\/div>\n\n<div class=\"wp-block-uagb-advanced-heading uagb-block-2d2faf89\"><h4 class=\"uagb-heading-text\">Cloud Dancer, Pantone 2026<\/h4><\/div>\n\n<p class=\"wp-block-paragraph\">Wei\u00df verschwindet nicht, wird aber w\u00e4rmer, sanfter und n\u00e4her am Menschen. Cloud Dancer, der von Pantone vorgeschlagene Farbton, bewahrt die Leuchtkraft ohne K\u00e4lte, gleicht tiefe Farben aus und vermittelt ein Gef\u00fchl von zeitloser Ruhe.<\/p>\n\n<p class=\"wp-block-paragraph\">Ein zeitgem\u00e4\u00dfes Wei\u00df, das als perfekte Basis f\u00fcr die Farbpaletten von 2026 dient.<\/p>\n\t\t<div \t\t\tclass=\"banner wp-block-tms-banner layout-cover-start theme-light is-content-empty\">\n\n\t\t\t\n\t\t\t\t\t\t\t<div class=\"banner-media\">\n\n\t\t\t\t\t\t\t\t\t\t\t<img decoding=\"async\" width=\"1920\" height=\"900\" src=\"data:image\/gif;base64,R0lGODlhAQABAIAAAAAAAP\/\/\/yH5BAEAAAAALAAAAAABAAEAAAIBRAA7\" data-src=\"https:\/\/www.mobellinea.com\/wp-content\/uploads\/2026\/02\/blog_tendencies-2026_06.jpg\" class=\"attachment-full size-full lazyload\" alt=\"\" data-srcset=\"https:\/\/www.mobellinea.com\/wp-content\/uploads\/2026\/02\/blog_tendencies-2026_06.jpg 1920w, https:\/\/www.mobellinea.com\/wp-content\/uploads\/2026\/02\/blog_tendencies-2026_06-320x150.jpg 320w, https:\/\/www.mobellinea.com\/wp-content\/uploads\/2026\/02\/blog_tendencies-2026_06-1000x469.jpg 1000w, https:\/\/www.mobellinea.com\/wp-content\/uploads\/2026\/02\/blog_tendencies-2026_06-680x319.jpg 680w\" sizes=\"(max-width: 1920px) 100vw, 1920px\" \/><noscript><img decoding=\"async\" width=\"1920\" height=\"900\" src=\"https:\/\/www.mobellinea.com\/wp-content\/uploads\/2026\/02\/blog_tendencies-2026_06.jpg\" class=\"attachment-full size-full lazyload\" alt=\"\" srcset=\"https:\/\/www.mobellinea.com\/wp-content\/uploads\/2026\/02\/blog_tendencies-2026_06.jpg 1920w, https:\/\/www.mobellinea.com\/wp-content\/uploads\/2026\/02\/blog_tendencies-2026_06-320x150.jpg 320w, https:\/\/www.mobellinea.com\/wp-content\/uploads\/2026\/02\/blog_tendencies-2026_06-1000x469.jpg 1000w, https:\/\/www.mobellinea.com\/wp-content\/uploads\/2026\/02\/blog_tendencies-2026_06-680x319.jpg 680w\" sizes=\"(max-width: 1920px) 100vw, 1920px\" \/><\/noscript>\t\t\t\t\t\n\t\t\t\t\t\n\t\t\t\t\t\n\t\t\t\t<\/div>\n\t\t\t\n\t\t<\/div>\n\t\t","protected":false},"excerpt":{"rendered":"<p>Im Jahr 2026 wird Farbe wieder eine wichtige Rolle beim Interior Design spielen. Nachdem jahrelang k\u00fchle neutrale Farben und uniforme L\u00f6sungen vorherrschten, setzen die neuen Farbpaletten nun auf Farbt\u00f6ne mit Tiefe, W\u00e4rme und emotionaler Bedeutung. Farben, die Stimmungen erzeugen, das Wohlbefinden steigern und die Identit\u00e4t von Umgebungen pr\u00e4gen. Dies sind die Farbtrends, die das Jahr [&hellip;]<\/p>\n","protected":false},"author":9,"featured_media":18188,"comment_status":"closed","ping_status":"closed","sticky":false,"template":"","format":"standard","meta":{"_acf_changed":false,"_uag_custom_page_level_css":"","footnotes":""},"categories":[368],"tags":[],"class_list":["post-18189","post","type-post","status-publish","format-standard","has-post-thumbnail","hentry","category-trends"],"acf":[],"yoast_head":"<!-- This site is optimized with the Yoast SEO Premium plugin v26.6 (Yoast SEO v27.6) - https:\/\/yoast.com\/product\/yoast-seo-premium-wordpress\/ -->\n<title>Trendfarben 2026 im Interior Design - Mobellinea<\/title>\n<meta name=\"description\" content=\"Im Jahr 2026 wird Farbe wieder eine wichtige Rolle beim Interior Design spielen. Nachdem jahrelang k\u00fchle neutrale Farben und uniforme L\u00f6sungen\" \/>\n<meta name=\"robots\" content=\"index, follow, max-snippet:-1, max-image-preview:large, max-video-preview:-1\" \/>\n<link rel=\"canonical\" href=\"https:\/\/www.mobellinea.com\/de\/trendfarben-2026-im-interior-design\/\" \/>\n<meta property=\"og:locale\" content=\"de_DE\" \/>\n<meta property=\"og:type\" content=\"article\" \/>\n<meta property=\"og:title\" content=\"Trendfarben 2026 im Interior Design\" \/>\n<meta property=\"og:description\" content=\"Im Jahr 2026 wird Farbe wieder eine wichtige Rolle beim Interior Design spielen. Nachdem jahrelang k\u00fchle neutrale Farben und uniforme L\u00f6sungen\" \/>\n<meta property=\"og:url\" content=\"https:\/\/www.mobellinea.com\/de\/trendfarben-2026-im-interior-design\/\" \/>\n<meta property=\"og:site_name\" content=\"Mobellinea\" \/>\n<meta property=\"article:publisher\" content=\"https:\/\/www.facebook.com\/mobellineasl\" \/>\n<meta property=\"article:published_time\" content=\"2026-02-11T08:46:19+00:00\" \/>\n<meta property=\"article:modified_time\" content=\"2026-02-11T08:46:27+00:00\" \/>\n<meta property=\"og:image\" content=\"https:\/\/www.mobellinea.com\/wp-content\/uploads\/2026\/02\/blog_tendencies-2026_portada.jpg\" \/>\n\t<meta property=\"og:image:width\" content=\"1920\" \/>\n\t<meta property=\"og:image:height\" content=\"1080\" \/>\n\t<meta property=\"og:image:type\" content=\"image\/jpeg\" \/>\n<meta name=\"author\" content=\"Berta\" \/>\n<meta name=\"twitter:card\" content=\"summary_large_image\" \/>\n<meta name=\"twitter:label1\" content=\"Verfasst von\" \/>\n\t<meta name=\"twitter:data1\" content=\"Berta\" \/>\n\t<meta name=\"twitter:label2\" content=\"Gesch\u00e4tzte Lesezeit\" \/>\n\t<meta name=\"twitter:data2\" content=\"2\u00a0Minuten\" \/>\n<script type=\"application\/ld+json\" class=\"yoast-schema-graph\">{\"@context\":\"https:\\\/\\\/schema.org\",\"@graph\":[{\"@type\":\"Article\",\"@id\":\"https:\\\/\\\/www.mobellinea.com\\\/de\\\/trendfarben-2026-im-interior-design\\\/#article\",\"isPartOf\":{\"@id\":\"https:\\\/\\\/www.mobellinea.com\\\/de\\\/trendfarben-2026-im-interior-design\\\/\"},\"author\":{\"name\":\"Berta\",\"@id\":\"https:\\\/\\\/mobellinea.com\\\/en\\\/#\\\/schema\\\/person\\\/4686c545617d8400cb370b9e402ee5fd\"},\"headline\":\"Trendfarben 2026 im Interior Design\",\"datePublished\":\"2026-02-11T08:46:19+00:00\",\"dateModified\":\"2026-02-11T08:46:27+00:00\",\"mainEntityOfPage\":{\"@id\":\"https:\\\/\\\/www.mobellinea.com\\\/de\\\/trendfarben-2026-im-interior-design\\\/\"},\"wordCount\":501,\"image\":{\"@id\":\"https:\\\/\\\/www.mobellinea.com\\\/de\\\/trendfarben-2026-im-interior-design\\\/#primaryimage\"},\"thumbnailUrl\":\"https:\\\/\\\/www.mobellinea.com\\\/wp-content\\\/uploads\\\/2026\\\/02\\\/blog_tendencies-2026_portada.jpg\",\"articleSection\":[\"Trends\"],\"inLanguage\":\"de\"},{\"@type\":\"WebPage\",\"@id\":\"https:\\\/\\\/www.mobellinea.com\\\/de\\\/trendfarben-2026-im-interior-design\\\/\",\"url\":\"https:\\\/\\\/www.mobellinea.com\\\/de\\\/trendfarben-2026-im-interior-design\\\/\",\"name\":\"Trendfarben 2026 im Interior Design - Mobellinea\",\"isPartOf\":{\"@id\":\"https:\\\/\\\/mobellinea.com\\\/en\\\/#website\"},\"primaryImageOfPage\":{\"@id\":\"https:\\\/\\\/www.mobellinea.com\\\/de\\\/trendfarben-2026-im-interior-design\\\/#primaryimage\"},\"image\":{\"@id\":\"https:\\\/\\\/www.mobellinea.com\\\/de\\\/trendfarben-2026-im-interior-design\\\/#primaryimage\"},\"thumbnailUrl\":\"https:\\\/\\\/www.mobellinea.com\\\/wp-content\\\/uploads\\\/2026\\\/02\\\/blog_tendencies-2026_portada.jpg\",\"datePublished\":\"2026-02-11T08:46:19+00:00\",\"dateModified\":\"2026-02-11T08:46:27+00:00\",\"author\":{\"@id\":\"https:\\\/\\\/mobellinea.com\\\/en\\\/#\\\/schema\\\/person\\\/4686c545617d8400cb370b9e402ee5fd\"},\"description\":\"Im Jahr 2026 wird Farbe wieder eine wichtige Rolle beim Interior Design spielen. Nachdem jahrelang k\u00fchle neutrale Farben und uniforme L\u00f6sungen\",\"breadcrumb\":{\"@id\":\"https:\\\/\\\/www.mobellinea.com\\\/de\\\/trendfarben-2026-im-interior-design\\\/#breadcrumb\"},\"inLanguage\":\"de\",\"potentialAction\":[{\"@type\":\"ReadAction\",\"target\":[\"https:\\\/\\\/www.mobellinea.com\\\/de\\\/trendfarben-2026-im-interior-design\\\/\"]}]},{\"@type\":\"ImageObject\",\"inLanguage\":\"de\",\"@id\":\"https:\\\/\\\/www.mobellinea.com\\\/de\\\/trendfarben-2026-im-interior-design\\\/#primaryimage\",\"url\":\"https:\\\/\\\/www.mobellinea.com\\\/wp-content\\\/uploads\\\/2026\\\/02\\\/blog_tendencies-2026_portada.jpg\",\"contentUrl\":\"https:\\\/\\\/www.mobellinea.com\\\/wp-content\\\/uploads\\\/2026\\\/02\\\/blog_tendencies-2026_portada.jpg\",\"width\":1920,\"height\":1080},{\"@type\":\"BreadcrumbList\",\"@id\":\"https:\\\/\\\/www.mobellinea.com\\\/de\\\/trendfarben-2026-im-interior-design\\\/#breadcrumb\",\"itemListElement\":[{\"@type\":\"ListItem\",\"position\":1,\"name\":\"Home\",\"item\":\"https:\\\/\\\/www.mobellinea.com\\\/de\\\/home\\\/\"},{\"@type\":\"ListItem\",\"position\":2,\"name\":\"Trends\",\"item\":\"https:\\\/\\\/www.mobellinea.com\\\/de\\\/category\\\/trends\\\/\"},{\"@type\":\"ListItem\",\"position\":3,\"name\":\"Trendfarben 2026 im Interior Design\"}]},{\"@type\":\"WebSite\",\"@id\":\"https:\\\/\\\/mobellinea.com\\\/en\\\/#website\",\"url\":\"https:\\\/\\\/mobellinea.com\\\/en\\\/\",\"name\":\"MobelLinea\",\"description\":\"Dise\u00f1amos y fabricamos soluciones de mobiliario para oficinas y espacios colectivos. Creamos entornos honestos, funcionales y humanos, pensados para mejorar la vida de las personas\",\"alternateName\":\"Mobel Linea\",\"potentialAction\":[{\"@type\":\"SearchAction\",\"target\":{\"@type\":\"EntryPoint\",\"urlTemplate\":\"https:\\\/\\\/mobellinea.com\\\/en\\\/?s={search_term_string}\"},\"query-input\":{\"@type\":\"PropertyValueSpecification\",\"valueRequired\":true,\"valueName\":\"search_term_string\"}}],\"inLanguage\":\"de\"},{\"@type\":\"Person\",\"@id\":\"https:\\\/\\\/mobellinea.com\\\/en\\\/#\\\/schema\\\/person\\\/4686c545617d8400cb370b9e402ee5fd\",\"name\":\"Berta\",\"image\":{\"@type\":\"ImageObject\",\"inLanguage\":\"de\",\"@id\":\"https:\\\/\\\/secure.gravatar.com\\\/avatar\\\/6c5496239b67ae8e88e23e30e3422abf21b98b3a66bda5818b42b06678a996ee?s=96&d=mm&r=g\",\"url\":\"https:\\\/\\\/secure.gravatar.com\\\/avatar\\\/6c5496239b67ae8e88e23e30e3422abf21b98b3a66bda5818b42b06678a996ee?s=96&d=mm&r=g\",\"contentUrl\":\"https:\\\/\\\/secure.gravatar.com\\\/avatar\\\/6c5496239b67ae8e88e23e30e3422abf21b98b3a66bda5818b42b06678a996ee?s=96&d=mm&r=g\",\"caption\":\"Berta\"}}]}<\/script>\n<!-- \/ Yoast SEO Premium plugin. -->","yoast_head_json":{"title":"Trendfarben 2026 im Interior Design - Mobellinea","description":"Im Jahr 2026 wird Farbe wieder eine wichtige Rolle beim Interior Design spielen. Nachdem jahrelang k\u00fchle neutrale Farben und uniforme L\u00f6sungen","robots":{"index":"index","follow":"follow","max-snippet":"max-snippet:-1","max-image-preview":"max-image-preview:large","max-video-preview":"max-video-preview:-1"},"canonical":"https:\/\/www.mobellinea.com\/de\/trendfarben-2026-im-interior-design\/","og_locale":"de_DE","og_type":"article","og_title":"Trendfarben 2026 im Interior Design","og_description":"Im Jahr 2026 wird Farbe wieder eine wichtige Rolle beim Interior Design spielen. Nachdem jahrelang k\u00fchle neutrale Farben und uniforme L\u00f6sungen","og_url":"https:\/\/www.mobellinea.com\/de\/trendfarben-2026-im-interior-design\/","og_site_name":"Mobellinea","article_publisher":"https:\/\/www.facebook.com\/mobellineasl","article_published_time":"2026-02-11T08:46:19+00:00","article_modified_time":"2026-02-11T08:46:27+00:00","og_image":[{"width":1920,"height":1080,"url":"https:\/\/www.mobellinea.com\/wp-content\/uploads\/2026\/02\/blog_tendencies-2026_portada.jpg","type":"image\/jpeg"}],"author":"Berta","twitter_card":"summary_large_image","twitter_misc":{"Verfasst von":"Berta","Gesch\u00e4tzte Lesezeit":"2\u00a0Minuten"},"schema":{"@context":"https:\/\/schema.org","@graph":[{"@type":"Article","@id":"https:\/\/www.mobellinea.com\/de\/trendfarben-2026-im-interior-design\/#article","isPartOf":{"@id":"https:\/\/www.mobellinea.com\/de\/trendfarben-2026-im-interior-design\/"},"author":{"name":"Berta","@id":"https:\/\/mobellinea.com\/en\/#\/schema\/person\/4686c545617d8400cb370b9e402ee5fd"},"headline":"Trendfarben 2026 im Interior Design","datePublished":"2026-02-11T08:46:19+00:00","dateModified":"2026-02-11T08:46:27+00:00","mainEntityOfPage":{"@id":"https:\/\/www.mobellinea.com\/de\/trendfarben-2026-im-interior-design\/"},"wordCount":501,"image":{"@id":"https:\/\/www.mobellinea.com\/de\/trendfarben-2026-im-interior-design\/#primaryimage"},"thumbnailUrl":"https:\/\/www.mobellinea.com\/wp-content\/uploads\/2026\/02\/blog_tendencies-2026_portada.jpg","articleSection":["Trends"],"inLanguage":"de"},{"@type":"WebPage","@id":"https:\/\/www.mobellinea.com\/de\/trendfarben-2026-im-interior-design\/","url":"https:\/\/www.mobellinea.com\/de\/trendfarben-2026-im-interior-design\/","name":"Trendfarben 2026 im Interior Design - Mobellinea","isPartOf":{"@id":"https:\/\/mobellinea.com\/en\/#website"},"primaryImageOfPage":{"@id":"https:\/\/www.mobellinea.com\/de\/trendfarben-2026-im-interior-design\/#primaryimage"},"image":{"@id":"https:\/\/www.mobellinea.com\/de\/trendfarben-2026-im-interior-design\/#primaryimage"},"thumbnailUrl":"https:\/\/www.mobellinea.com\/wp-content\/uploads\/2026\/02\/blog_tendencies-2026_portada.jpg","datePublished":"2026-02-11T08:46:19+00:00","dateModified":"2026-02-11T08:46:27+00:00","author":{"@id":"https:\/\/mobellinea.com\/en\/#\/schema\/person\/4686c545617d8400cb370b9e402ee5fd"},"description":"Im Jahr 2026 wird Farbe wieder eine wichtige Rolle beim Interior Design spielen. Nachdem jahrelang k\u00fchle neutrale Farben und uniforme L\u00f6sungen","breadcrumb":{"@id":"https:\/\/www.mobellinea.com\/de\/trendfarben-2026-im-interior-design\/#breadcrumb"},"inLanguage":"de","potentialAction":[{"@type":"ReadAction","target":["https:\/\/www.mobellinea.com\/de\/trendfarben-2026-im-interior-design\/"]}]},{"@type":"ImageObject","inLanguage":"de","@id":"https:\/\/www.mobellinea.com\/de\/trendfarben-2026-im-interior-design\/#primaryimage","url":"https:\/\/www.mobellinea.com\/wp-content\/uploads\/2026\/02\/blog_tendencies-2026_portada.jpg","contentUrl":"https:\/\/www.mobellinea.com\/wp-content\/uploads\/2026\/02\/blog_tendencies-2026_portada.jpg","width":1920,"height":1080},{"@type":"BreadcrumbList","@id":"https:\/\/www.mobellinea.com\/de\/trendfarben-2026-im-interior-design\/#breadcrumb","itemListElement":[{"@type":"ListItem","position":1,"name":"Home","item":"https:\/\/www.mobellinea.com\/de\/home\/"},{"@type":"ListItem","position":2,"name":"Trends","item":"https:\/\/www.mobellinea.com\/de\/category\/trends\/"},{"@type":"ListItem","position":3,"name":"Trendfarben 2026 im Interior Design"}]},{"@type":"WebSite","@id":"https:\/\/mobellinea.com\/en\/#website","url":"https:\/\/mobellinea.com\/en\/","name":"MobelLinea","description":"Dise\u00f1amos y fabricamos soluciones de mobiliario para oficinas y espacios colectivos. Creamos entornos honestos, funcionales y humanos, pensados para mejorar la vida de las personas","alternateName":"Mobel Linea","potentialAction":[{"@type":"SearchAction","target":{"@type":"EntryPoint","urlTemplate":"https:\/\/mobellinea.com\/en\/?s={search_term_string}"},"query-input":{"@type":"PropertyValueSpecification","valueRequired":true,"valueName":"search_term_string"}}],"inLanguage":"de"},{"@type":"Person","@id":"https:\/\/mobellinea.com\/en\/#\/schema\/person\/4686c545617d8400cb370b9e402ee5fd","name":"Berta","image":{"@type":"ImageObject","inLanguage":"de","@id":"https:\/\/secure.gravatar.com\/avatar\/6c5496239b67ae8e88e23e30e3422abf21b98b3a66bda5818b42b06678a996ee?s=96&d=mm&r=g","url":"https:\/\/secure.gravatar.com\/avatar\/6c5496239b67ae8e88e23e30e3422abf21b98b3a66bda5818b42b06678a996ee?s=96&d=mm&r=g","contentUrl":"https:\/\/secure.gravatar.com\/avatar\/6c5496239b67ae8e88e23e30e3422abf21b98b3a66bda5818b42b06678a996ee?s=96&d=mm&r=g","caption":"Berta"}}]}},"uagb_featured_image_src":{"full":["https:\/\/www.mobellinea.com\/wp-content\/uploads\/2026\/02\/blog_tendencies-2026_portada.jpg",1920,1080,false],"thumbnail":["https:\/\/www.mobellinea.com\/wp-content\/uploads\/2026\/02\/blog_tendencies-2026_portada-150x150.jpg",150,150,true],"medium":["https:\/\/www.mobellinea.com\/wp-content\/uploads\/2026\/02\/blog_tendencies-2026_portada-320x180.jpg",320,180,true],"medium_large":["https:\/\/www.mobellinea.com\/wp-content\/uploads\/2026\/02\/blog_tendencies-2026_portada-680x383.jpg",680,383,true],"large":["https:\/\/www.mobellinea.com\/wp-content\/uploads\/2026\/02\/blog_tendencies-2026_portada-1000x563.jpg",1000,563,true],"pieces_card":["https:\/\/www.mobellinea.com\/wp-content\/uploads\/2026\/02\/blog_tendencies-2026_portada-140x173.jpg",140,173,true],"gform-image-choice-sm":["https:\/\/www.mobellinea.com\/wp-content\/uploads\/2026\/02\/blog_tendencies-2026_portada.jpg",300,169,false],"gform-image-choice-md":["https:\/\/www.mobellinea.com\/wp-content\/uploads\/2026\/02\/blog_tendencies-2026_portada.jpg",400,225,false],"gform-image-choice-lg":["https:\/\/www.mobellinea.com\/wp-content\/uploads\/2026\/02\/blog_tendencies-2026_portada.jpg",600,338,false]},"uagb_author_info":{"display_name":"Berta","author_link":"https:\/\/www.mobellinea.com\/de\/author\/bertamobellinea-es\/"},"uagb_comment_info":0,"uagb_excerpt":"Im Jahr 2026 wird Farbe wieder eine wichtige Rolle beim Interior Design spielen. Nachdem jahrelang k\u00fchle neutrale Farben und uniforme L\u00f6sungen vorherrschten, setzen die neuen Farbpaletten nun auf Farbt\u00f6ne mit Tiefe, W\u00e4rme und emotionaler Bedeutung. Farben, die Stimmungen erzeugen, das Wohlbefinden steigern und die Identit\u00e4t von Umgebungen pr\u00e4gen. Dies sind die Farbtrends, die das Jahr&hellip;","_links":{"self":[{"href":"https:\/\/www.mobellinea.com\/de\/wp-json\/wp\/v2\/posts\/18189","targetHints":{"allow":["GET"]}}],"collection":[{"href":"https:\/\/www.mobellinea.com\/de\/wp-json\/wp\/v2\/posts"}],"about":[{"href":"https:\/\/www.mobellinea.com\/de\/wp-json\/wp\/v2\/types\/post"}],"author":[{"embeddable":true,"href":"https:\/\/www.mobellinea.com\/de\/wp-json\/wp\/v2\/users\/9"}],"replies":[{"embeddable":true,"href":"https:\/\/www.mobellinea.com\/de\/wp-json\/wp\/v2\/comments?post=18189"}],"version-history":[{"count":1,"href":"https:\/\/www.mobellinea.com\/de\/wp-json\/wp\/v2\/posts\/18189\/revisions"}],"predecessor-version":[{"id":18196,"href":"https:\/\/www.mobellinea.com\/de\/wp-json\/wp\/v2\/posts\/18189\/revisions\/18196"}],"wp:featuredmedia":[{"embeddable":true,"href":"https:\/\/www.mobellinea.com\/de\/wp-json\/wp\/v2\/media\/18188"}],"wp:attachment":[{"href":"https:\/\/www.mobellinea.com\/de\/wp-json\/wp\/v2\/media?parent=18189"}],"wp:term":[{"taxonomy":"category","embeddable":true,"href":"https:\/\/www.mobellinea.com\/de\/wp-json\/wp\/v2\/categories?post=18189"},{"taxonomy":"post_tag","embeddable":true,"href":"https:\/\/www.mobellinea.com\/de\/wp-json\/wp\/v2\/tags?post=18189"}],"curies":[{"name":"wp","href":"https:\/\/api.w.org\/{rel}","templated":true}]}}