{"id":6065,"date":"2025-11-28T14:23:28","date_gmt":"2025-11-28T13:23:28","guid":{"rendered":"https:\/\/www.mobellinea.com\/olive-color-i-formes-organiques-per-a-entorns-vibrants-i-sofisticats\/"},"modified":"2025-12-23T12:51:01","modified_gmt":"2025-12-23T11:51:01","slug":"olive-color-i-formes-organiques-per-a-entorns-vibrants-i-sofisticats","status":"publish","type":"post","link":"https:\/\/www.mobellinea.com\/ca\/olive-color-i-formes-organiques-per-a-entorns-vibrants-i-sofisticats\/","title":{"rendered":"Olive: Color i formes org\u00e0niques per a entorns vibrants i sofisticats."},"content":{"rendered":"\n<p class=\"wp-block-paragraph\">Treballar amb comoditat no est\u00e0 renyit amb reflectir qui som. Olive neix amb aquesta idea: una cadira operativa de disseny itali\u00e0 i fabricada a Europa que aporta vitalitat, dinamisme i sofisticaci\u00f3 a qualsevol entorn. <\/p>\n\n<p class=\"has-xx-large-font-size wp-block-paragraph\">Volums que inspiren<\/p>\n\n<p class=\"wp-block-paragraph\">Olive es reconeix per la seva silueta arrodonida i org\u00e0nica, en plena sintonia amb les tend\u00e8ncies actuals i en di\u00e0leg amb la transpar\u00e8ncia de la malla. Cada corba transmet lleugeresa i converteix la cadira en una pe\u00e7a singular i sofisticada. <\/p>\n\n<figure class=\"wp-block-gallery has-nested-images columns-default is-cropped wp-block-gallery-1 is-layout-flex wp-block-gallery-is-layout-flex\">\n<figure class=\"wp-block-image size-large\"><img decoding=\"async\" data-id=\"4596\" src=\"data:image\/gif;base64,R0lGODlhAQABAIAAAAAAAP\/\/\/yH5BAEAAAAALAAAAAABAAEAAAIBRAA7\" data-src=\"https:\/\/www.mobellinea.com\/wp-content\/uploads\/2025\/11\/blog_f03-1000x469.jpg\" alt=\"\" class=\"wp-image-4596 lazyload\"\/><noscript><img decoding=\"async\" width=\"1000\" height=\"469\" data-id=\"4596\" src=\"https:\/\/www.mobellinea.com\/wp-content\/uploads\/2025\/11\/blog_f03-1000x469.jpg\" alt=\"\" class=\"wp-image-4596 lazyload\" srcset=\"https:\/\/www.mobellinea.com\/wp-content\/uploads\/2025\/11\/blog_f03-1000x469.jpg 1000w, https:\/\/www.mobellinea.com\/wp-content\/uploads\/2025\/11\/blog_f03-320x150.jpg 320w, https:\/\/www.mobellinea.com\/wp-content\/uploads\/2025\/11\/blog_f03-680x319.jpg 680w, https:\/\/www.mobellinea.com\/wp-content\/uploads\/2025\/11\/blog_f03.jpg 1920w\" sizes=\"(max-width: 1000px) 100vw, 1000px\" \/><\/noscript><\/figure>\n<\/figure>\n\n<p class=\"has-xx-large-font-size wp-block-paragraph\">El poder del color<\/p>\n\n<p class=\"wp-block-paragraph\">El suport de malla i l&#8217;estructura es fonen en un mateix to, generant una silueta cont\u00ednua que transmet modernitat i coher\u00e8ncia visual. Un gest de disseny que transforma la funcionalitat en est\u00e8tica.<br\/><br\/>Disponible en cinc colors que aporten personalitat i connecten amb l&#8217;ess\u00e8ncia de cada entorn i amb la identitat dels qui l&#8217;habiten.  <\/p>\n\n<figure class=\"wp-block-gallery has-nested-images columns-default is-cropped wp-block-gallery-2 is-layout-flex wp-block-gallery-is-layout-flex\">\n<figure class=\"wp-block-image size-large\"><img decoding=\"async\" data-id=\"4594\" src=\"data:image\/gif;base64,R0lGODlhAQABAIAAAAAAAP\/\/\/yH5BAEAAAAALAAAAAABAAEAAAIBRAA7\" data-src=\"https:\/\/www.mobellinea.com\/wp-content\/uploads\/2025\/11\/blog_f02-1000x469.jpg\" alt=\"\" class=\"wp-image-4594 lazyload\"\/><noscript><img decoding=\"async\" width=\"1000\" height=\"469\" data-id=\"4594\" src=\"https:\/\/www.mobellinea.com\/wp-content\/uploads\/2025\/11\/blog_f02-1000x469.jpg\" alt=\"\" class=\"wp-image-4594 lazyload\" srcset=\"https:\/\/www.mobellinea.com\/wp-content\/uploads\/2025\/11\/blog_f02-1000x469.jpg 1000w, https:\/\/www.mobellinea.com\/wp-content\/uploads\/2025\/11\/blog_f02-320x150.jpg 320w, https:\/\/www.mobellinea.com\/wp-content\/uploads\/2025\/11\/blog_f02-680x319.jpg 680w, https:\/\/www.mobellinea.com\/wp-content\/uploads\/2025\/11\/blog_f02.jpg 1920w\" sizes=\"(max-width: 1000px) 100vw, 1000px\" \/><\/noscript><\/figure>\n<\/figure>\n\n<p class=\"has-xx-large-font-size wp-block-paragraph\">Pensada per llargues jornades<\/p>\n\n<p class=\"wp-block-paragraph\">Darrere del seu disseny sofisticat, Olive amaga una ergonomia que s&#8217;adapta a tu:<\/p>\n\n<ul class=\"wp-block-list\">\n<li>Malla flexible i transpirable que s&#8217;adapta al cos, respirant de manera natural i oferint un confort que acompanya sense pesadesa, juntament amb un seient amb escuma injectada d&#8217;alta densitat.<\/li>\n\n\n\n<li>Suport regulable en altura amb suport lumbar personalitzable, s&#8217;ajusta amb precisi\u00f3 a cada cos.<\/li>\n\n\n\n<li>Cap\u00e7al de malla regulable en altura perfecte per a alliberar tensi\u00f3 en coll i espatlles.<\/li>\n\n\n\n<li>Mecanisme sincronitzat entre el respatller i el seient amb 5 posicions que s&#8217;adapta a la morfologia de cada persona i redueix la fatiga muscular.<\/li>\n\n\n\n<li>L&#8217;opci\u00f3 de seient amb traslo integrat s&#8217;adapta a cada cos, millorant el suport sota les cuixes i afavorint una postura natural.<\/li>\n\n\n\n<li>Personalizable con ruedas duras o blandas seg\u00fan el entorno.<\/li>\n<\/ul>\n\n<figure class=\"wp-block-gallery has-nested-images columns-default is-cropped wp-block-gallery-3 is-layout-flex wp-block-gallery-is-layout-flex\">\n<figure class=\"wp-block-image size-large\"><img decoding=\"async\" data-id=\"4593\" src=\"data:image\/gif;base64,R0lGODlhAQABAIAAAAAAAP\/\/\/yH5BAEAAAAALAAAAAABAAEAAAIBRAA7\" data-src=\"https:\/\/www.mobellinea.com\/wp-content\/uploads\/2025\/11\/blog_f01-1000x469.jpg\" alt=\"\" class=\"wp-image-4593 lazyload\"\/><noscript><img decoding=\"async\" width=\"1000\" height=\"469\" data-id=\"4593\" src=\"https:\/\/www.mobellinea.com\/wp-content\/uploads\/2025\/11\/blog_f01-1000x469.jpg\" alt=\"\" class=\"wp-image-4593 lazyload\" srcset=\"https:\/\/www.mobellinea.com\/wp-content\/uploads\/2025\/11\/blog_f01-1000x469.jpg 1000w, https:\/\/www.mobellinea.com\/wp-content\/uploads\/2025\/11\/blog_f01-320x150.jpg 320w, https:\/\/www.mobellinea.com\/wp-content\/uploads\/2025\/11\/blog_f01-680x319.jpg 680w, https:\/\/www.mobellinea.com\/wp-content\/uploads\/2025\/11\/blog_f01.jpg 1920w\" sizes=\"(max-width: 1000px) 100vw, 1000px\" \/><\/noscript><\/figure>\n<\/figure>\n\n<p class=\"has-xx-large-font-size wp-block-paragraph\">Una pe\u00e7a amb consci\u00e8ncia sostenible<\/p>\n\n<p class=\"wp-block-paragraph\">Con un dise\u00f1o que facilita el montaje, desmontaje y la separaci\u00f3n de componentes, optimizando su recuperaci\u00f3n y gesti\u00f3n al final de su vida \u00fatil. Adem\u00e1s, parte del material inferior e interior del asiento est\u00e1 fabricado con materiales reciclados, lo que refleja nuestro firme compromiso con la sostenibilidad y nuestra forma de ser.<br\/>Una silla que piensa tanto en tu bienestar como en el del planeta. <\/p>\n\n<p class=\"has-xx-large-font-size wp-block-paragraph\">Olive \u00e9s disseny que se sent, energia que inspira.<\/p>\n\n<p class=\"wp-block-paragraph\">Descobreix m\u00e9s en Mobel Linea o sol\u00b7licita la teva visita al showroom per a provar-la en persona.<\/p>\n","protected":false},"excerpt":{"rendered":"<p>Treballar amb comoditat no est\u00e0 renyit amb reflectir qui som. Olive neix amb aquesta idea: una cadira operativa de disseny itali\u00e0 i fabricada a Europa que aporta vitalitat, dinamisme i sofisticaci\u00f3 a qualsevol entorn. Volums que inspiren Olive es reconeix per la seva silueta arrodonida i org\u00e0nica, en plena sintonia amb les tend\u00e8ncies actuals i [&hellip;]<\/p>\n","protected":false},"author":5,"featured_media":0,"comment_status":"closed","ping_status":"closed","sticky":false,"template":"","format":"standard","meta":{"_acf_changed":false,"_uag_custom_page_level_css":"","footnotes":""},"categories":[352,350],"tags":[],"class_list":["post-6065","post","type-post","status-publish","format-standard","hentry","category-coleccions","category-productes"],"acf":[],"yoast_head":"<!-- This site is optimized with the Yoast SEO Premium plugin v26.6 (Yoast SEO v27.6) - https:\/\/yoast.com\/product\/yoast-seo-premium-wordpress\/ -->\n<title>Olive: Color i formes org\u00e0niques per a entorns vibrants i sofisticats. - Mobellinea<\/title>\n<meta name=\"description\" content=\"Treballar amb comoditat no est\u00e0 renyit amb reflectir qui som. Olive neix amb aquesta idea: una cadira operativa de disseny itali\u00e0 i fabricada a Europa que\" \/>\n<meta name=\"robots\" content=\"index, follow, max-snippet:-1, max-image-preview:large, max-video-preview:-1\" \/>\n<link rel=\"canonical\" href=\"https:\/\/www.mobellinea.com\/ca\/olive-color-i-formes-organiques-per-a-entorns-vibrants-i-sofisticats\/\" \/>\n<meta property=\"og:locale\" content=\"ca_ES\" \/>\n<meta property=\"og:type\" content=\"article\" \/>\n<meta property=\"og:title\" content=\"Olive: Color i formes org\u00e0niques per a entorns vibrants i sofisticats.\" \/>\n<meta property=\"og:description\" content=\"Treballar amb comoditat no est\u00e0 renyit amb reflectir qui som. Olive neix amb aquesta idea: una cadira operativa de disseny itali\u00e0 i fabricada a Europa que\" \/>\n<meta property=\"og:url\" content=\"https:\/\/www.mobellinea.com\/ca\/olive-color-i-formes-organiques-per-a-entorns-vibrants-i-sofisticats\/\" \/>\n<meta property=\"og:site_name\" content=\"Mobellinea\" \/>\n<meta property=\"article:publisher\" content=\"https:\/\/www.facebook.com\/mobellineasl\" \/>\n<meta property=\"article:published_time\" content=\"2025-11-28T13:23:28+00:00\" \/>\n<meta property=\"article:modified_time\" content=\"2025-12-23T11:51:01+00:00\" \/>\n<meta property=\"og:image\" content=\"https:\/\/www.mobellinea.com\/wp-content\/uploads\/2025\/11\/blog_f01.jpg\" \/>\n\t<meta property=\"og:image:width\" content=\"1920\" \/>\n\t<meta property=\"og:image:height\" content=\"900\" \/>\n\t<meta property=\"og:image:type\" content=\"image\/jpeg\" \/>\n<meta name=\"author\" content=\"Marisa\" \/>\n<meta name=\"twitter:card\" content=\"summary_large_image\" \/>\n<meta name=\"twitter:label1\" content=\"Escrit per\" \/>\n\t<meta name=\"twitter:data1\" content=\"Marisa\" \/>\n\t<meta name=\"twitter:label2\" content=\"Temps estimat de lectura\" \/>\n\t<meta name=\"twitter:data2\" content=\"3 minuts\" \/>\n<script type=\"application\/ld+json\" class=\"yoast-schema-graph\">{\"@context\":\"https:\\\/\\\/schema.org\",\"@graph\":[{\"@type\":\"Article\",\"@id\":\"https:\\\/\\\/www.mobellinea.com\\\/ca\\\/olive-color-i-formes-organiques-per-a-entorns-vibrants-i-sofisticats\\\/#article\",\"isPartOf\":{\"@id\":\"https:\\\/\\\/www.mobellinea.com\\\/ca\\\/olive-color-i-formes-organiques-per-a-entorns-vibrants-i-sofisticats\\\/\"},\"author\":{\"name\":\"Marisa\",\"@id\":\"https:\\\/\\\/mobellinea.com\\\/en\\\/#\\\/schema\\\/person\\\/473f7b6a80e2f6ca2987403fb9043a5f\"},\"headline\":\"Olive: Color i formes org\u00e0niques per a entorns vibrants i sofisticats.\",\"datePublished\":\"2025-11-28T13:23:28+00:00\",\"dateModified\":\"2025-12-23T11:51:01+00:00\",\"mainEntityOfPage\":{\"@id\":\"https:\\\/\\\/www.mobellinea.com\\\/ca\\\/olive-color-i-formes-organiques-per-a-entorns-vibrants-i-sofisticats\\\/\"},\"wordCount\":400,\"image\":{\"@id\":\"https:\\\/\\\/www.mobellinea.com\\\/ca\\\/olive-color-i-formes-organiques-per-a-entorns-vibrants-i-sofisticats\\\/#primaryimage\"},\"thumbnailUrl\":\"https:\\\/\\\/www.mobellinea.com\\\/wp-content\\\/uploads\\\/2025\\\/11\\\/blog_f03-1000x469.jpg\",\"articleSection\":[\"Col\u00b7leccions\",\"Productes\"],\"inLanguage\":\"ca\"},{\"@type\":\"WebPage\",\"@id\":\"https:\\\/\\\/www.mobellinea.com\\\/ca\\\/olive-color-i-formes-organiques-per-a-entorns-vibrants-i-sofisticats\\\/\",\"url\":\"https:\\\/\\\/www.mobellinea.com\\\/ca\\\/olive-color-i-formes-organiques-per-a-entorns-vibrants-i-sofisticats\\\/\",\"name\":\"Olive: Color i formes org\u00e0niques per a entorns vibrants i sofisticats. - Mobellinea\",\"isPartOf\":{\"@id\":\"https:\\\/\\\/mobellinea.com\\\/en\\\/#website\"},\"primaryImageOfPage\":{\"@id\":\"https:\\\/\\\/www.mobellinea.com\\\/ca\\\/olive-color-i-formes-organiques-per-a-entorns-vibrants-i-sofisticats\\\/#primaryimage\"},\"image\":{\"@id\":\"https:\\\/\\\/www.mobellinea.com\\\/ca\\\/olive-color-i-formes-organiques-per-a-entorns-vibrants-i-sofisticats\\\/#primaryimage\"},\"thumbnailUrl\":\"https:\\\/\\\/www.mobellinea.com\\\/wp-content\\\/uploads\\\/2025\\\/11\\\/blog_f03-1000x469.jpg\",\"datePublished\":\"2025-11-28T13:23:28+00:00\",\"dateModified\":\"2025-12-23T11:51:01+00:00\",\"author\":{\"@id\":\"https:\\\/\\\/mobellinea.com\\\/en\\\/#\\\/schema\\\/person\\\/473f7b6a80e2f6ca2987403fb9043a5f\"},\"description\":\"Treballar amb comoditat no est\u00e0 renyit amb reflectir qui som. Olive neix amb aquesta idea: una cadira operativa de disseny itali\u00e0 i fabricada a Europa que\",\"breadcrumb\":{\"@id\":\"https:\\\/\\\/www.mobellinea.com\\\/ca\\\/olive-color-i-formes-organiques-per-a-entorns-vibrants-i-sofisticats\\\/#breadcrumb\"},\"inLanguage\":\"ca\",\"potentialAction\":[{\"@type\":\"ReadAction\",\"target\":[\"https:\\\/\\\/www.mobellinea.com\\\/ca\\\/olive-color-i-formes-organiques-per-a-entorns-vibrants-i-sofisticats\\\/\"]}]},{\"@type\":\"ImageObject\",\"inLanguage\":\"ca\",\"@id\":\"https:\\\/\\\/www.mobellinea.com\\\/ca\\\/olive-color-i-formes-organiques-per-a-entorns-vibrants-i-sofisticats\\\/#primaryimage\",\"url\":\"https:\\\/\\\/www.mobellinea.com\\\/wp-content\\\/uploads\\\/2025\\\/11\\\/blog_f03-1000x469.jpg\",\"contentUrl\":\"https:\\\/\\\/www.mobellinea.com\\\/wp-content\\\/uploads\\\/2025\\\/11\\\/blog_f03-1000x469.jpg\"},{\"@type\":\"BreadcrumbList\",\"@id\":\"https:\\\/\\\/www.mobellinea.com\\\/ca\\\/olive-color-i-formes-organiques-per-a-entorns-vibrants-i-sofisticats\\\/#breadcrumb\",\"itemListElement\":[{\"@type\":\"ListItem\",\"position\":1,\"name\":\"Home\",\"item\":\"https:\\\/\\\/www.mobellinea.com\\\/ca\\\/inici\\\/\"},{\"@type\":\"ListItem\",\"position\":2,\"name\":\"Productes\",\"item\":\"https:\\\/\\\/www.mobellinea.com\\\/ca\\\/category\\\/productes\\\/\"},{\"@type\":\"ListItem\",\"position\":3,\"name\":\"Olive: Color i formes org\u00e0niques per a entorns vibrants i sofisticats.\"}]},{\"@type\":\"WebSite\",\"@id\":\"https:\\\/\\\/mobellinea.com\\\/en\\\/#website\",\"url\":\"https:\\\/\\\/mobellinea.com\\\/en\\\/\",\"name\":\"MobelLinea\",\"description\":\"Dise\u00f1amos y fabricamos soluciones de mobiliario para oficinas y espacios colectivos. Creamos entornos honestos, funcionales y humanos, pensados para mejorar la vida de las personas\",\"alternateName\":\"Mobel Linea\",\"potentialAction\":[{\"@type\":\"SearchAction\",\"target\":{\"@type\":\"EntryPoint\",\"urlTemplate\":\"https:\\\/\\\/mobellinea.com\\\/en\\\/?s={search_term_string}\"},\"query-input\":{\"@type\":\"PropertyValueSpecification\",\"valueRequired\":true,\"valueName\":\"search_term_string\"}}],\"inLanguage\":\"ca\"},{\"@type\":\"Person\",\"@id\":\"https:\\\/\\\/mobellinea.com\\\/en\\\/#\\\/schema\\\/person\\\/473f7b6a80e2f6ca2987403fb9043a5f\",\"name\":\"Marisa\",\"image\":{\"@type\":\"ImageObject\",\"inLanguage\":\"ca\",\"@id\":\"https:\\\/\\\/secure.gravatar.com\\\/avatar\\\/8c5b9d416410f2f813ed28e002dbb5163f71ed16006d9901889635bc6696c706?s=96&d=mm&r=g\",\"url\":\"https:\\\/\\\/secure.gravatar.com\\\/avatar\\\/8c5b9d416410f2f813ed28e002dbb5163f71ed16006d9901889635bc6696c706?s=96&d=mm&r=g\",\"contentUrl\":\"https:\\\/\\\/secure.gravatar.com\\\/avatar\\\/8c5b9d416410f2f813ed28e002dbb5163f71ed16006d9901889635bc6696c706?s=96&d=mm&r=g\",\"caption\":\"Marisa\"}}]}<\/script>\n<!-- \/ Yoast SEO Premium plugin. -->","yoast_head_json":{"title":"Olive: Color i formes org\u00e0niques per a entorns vibrants i sofisticats. - Mobellinea","description":"Treballar amb comoditat no est\u00e0 renyit amb reflectir qui som. Olive neix amb aquesta idea: una cadira operativa de disseny itali\u00e0 i fabricada a Europa que","robots":{"index":"index","follow":"follow","max-snippet":"max-snippet:-1","max-image-preview":"max-image-preview:large","max-video-preview":"max-video-preview:-1"},"canonical":"https:\/\/www.mobellinea.com\/ca\/olive-color-i-formes-organiques-per-a-entorns-vibrants-i-sofisticats\/","og_locale":"ca_ES","og_type":"article","og_title":"Olive: Color i formes org\u00e0niques per a entorns vibrants i sofisticats.","og_description":"Treballar amb comoditat no est\u00e0 renyit amb reflectir qui som. Olive neix amb aquesta idea: una cadira operativa de disseny itali\u00e0 i fabricada a Europa que","og_url":"https:\/\/www.mobellinea.com\/ca\/olive-color-i-formes-organiques-per-a-entorns-vibrants-i-sofisticats\/","og_site_name":"Mobellinea","article_publisher":"https:\/\/www.facebook.com\/mobellineasl","article_published_time":"2025-11-28T13:23:28+00:00","article_modified_time":"2025-12-23T11:51:01+00:00","og_image":[{"width":1920,"height":900,"url":"https:\/\/www.mobellinea.com\/wp-content\/uploads\/2025\/11\/blog_f01.jpg","type":"image\/jpeg"}],"author":"Marisa","twitter_card":"summary_large_image","twitter_misc":{"Escrit per":"Marisa","Temps estimat de lectura":"3 minuts"},"schema":{"@context":"https:\/\/schema.org","@graph":[{"@type":"Article","@id":"https:\/\/www.mobellinea.com\/ca\/olive-color-i-formes-organiques-per-a-entorns-vibrants-i-sofisticats\/#article","isPartOf":{"@id":"https:\/\/www.mobellinea.com\/ca\/olive-color-i-formes-organiques-per-a-entorns-vibrants-i-sofisticats\/"},"author":{"name":"Marisa","@id":"https:\/\/mobellinea.com\/en\/#\/schema\/person\/473f7b6a80e2f6ca2987403fb9043a5f"},"headline":"Olive: Color i formes org\u00e0niques per a entorns vibrants i sofisticats.","datePublished":"2025-11-28T13:23:28+00:00","dateModified":"2025-12-23T11:51:01+00:00","mainEntityOfPage":{"@id":"https:\/\/www.mobellinea.com\/ca\/olive-color-i-formes-organiques-per-a-entorns-vibrants-i-sofisticats\/"},"wordCount":400,"image":{"@id":"https:\/\/www.mobellinea.com\/ca\/olive-color-i-formes-organiques-per-a-entorns-vibrants-i-sofisticats\/#primaryimage"},"thumbnailUrl":"https:\/\/www.mobellinea.com\/wp-content\/uploads\/2025\/11\/blog_f03-1000x469.jpg","articleSection":["Col\u00b7leccions","Productes"],"inLanguage":"ca"},{"@type":"WebPage","@id":"https:\/\/www.mobellinea.com\/ca\/olive-color-i-formes-organiques-per-a-entorns-vibrants-i-sofisticats\/","url":"https:\/\/www.mobellinea.com\/ca\/olive-color-i-formes-organiques-per-a-entorns-vibrants-i-sofisticats\/","name":"Olive: Color i formes org\u00e0niques per a entorns vibrants i sofisticats. - Mobellinea","isPartOf":{"@id":"https:\/\/mobellinea.com\/en\/#website"},"primaryImageOfPage":{"@id":"https:\/\/www.mobellinea.com\/ca\/olive-color-i-formes-organiques-per-a-entorns-vibrants-i-sofisticats\/#primaryimage"},"image":{"@id":"https:\/\/www.mobellinea.com\/ca\/olive-color-i-formes-organiques-per-a-entorns-vibrants-i-sofisticats\/#primaryimage"},"thumbnailUrl":"https:\/\/www.mobellinea.com\/wp-content\/uploads\/2025\/11\/blog_f03-1000x469.jpg","datePublished":"2025-11-28T13:23:28+00:00","dateModified":"2025-12-23T11:51:01+00:00","author":{"@id":"https:\/\/mobellinea.com\/en\/#\/schema\/person\/473f7b6a80e2f6ca2987403fb9043a5f"},"description":"Treballar amb comoditat no est\u00e0 renyit amb reflectir qui som. Olive neix amb aquesta idea: una cadira operativa de disseny itali\u00e0 i fabricada a Europa que","breadcrumb":{"@id":"https:\/\/www.mobellinea.com\/ca\/olive-color-i-formes-organiques-per-a-entorns-vibrants-i-sofisticats\/#breadcrumb"},"inLanguage":"ca","potentialAction":[{"@type":"ReadAction","target":["https:\/\/www.mobellinea.com\/ca\/olive-color-i-formes-organiques-per-a-entorns-vibrants-i-sofisticats\/"]}]},{"@type":"ImageObject","inLanguage":"ca","@id":"https:\/\/www.mobellinea.com\/ca\/olive-color-i-formes-organiques-per-a-entorns-vibrants-i-sofisticats\/#primaryimage","url":"https:\/\/www.mobellinea.com\/wp-content\/uploads\/2025\/11\/blog_f03-1000x469.jpg","contentUrl":"https:\/\/www.mobellinea.com\/wp-content\/uploads\/2025\/11\/blog_f03-1000x469.jpg"},{"@type":"BreadcrumbList","@id":"https:\/\/www.mobellinea.com\/ca\/olive-color-i-formes-organiques-per-a-entorns-vibrants-i-sofisticats\/#breadcrumb","itemListElement":[{"@type":"ListItem","position":1,"name":"Home","item":"https:\/\/www.mobellinea.com\/ca\/inici\/"},{"@type":"ListItem","position":2,"name":"Productes","item":"https:\/\/www.mobellinea.com\/ca\/category\/productes\/"},{"@type":"ListItem","position":3,"name":"Olive: Color i formes org\u00e0niques per a entorns vibrants i sofisticats."}]},{"@type":"WebSite","@id":"https:\/\/mobellinea.com\/en\/#website","url":"https:\/\/mobellinea.com\/en\/","name":"MobelLinea","description":"Dise\u00f1amos y fabricamos soluciones de mobiliario para oficinas y espacios colectivos. Creamos entornos honestos, funcionales y humanos, pensados para mejorar la vida de las personas","alternateName":"Mobel Linea","potentialAction":[{"@type":"SearchAction","target":{"@type":"EntryPoint","urlTemplate":"https:\/\/mobellinea.com\/en\/?s={search_term_string}"},"query-input":{"@type":"PropertyValueSpecification","valueRequired":true,"valueName":"search_term_string"}}],"inLanguage":"ca"},{"@type":"Person","@id":"https:\/\/mobellinea.com\/en\/#\/schema\/person\/473f7b6a80e2f6ca2987403fb9043a5f","name":"Marisa","image":{"@type":"ImageObject","inLanguage":"ca","@id":"https:\/\/secure.gravatar.com\/avatar\/8c5b9d416410f2f813ed28e002dbb5163f71ed16006d9901889635bc6696c706?s=96&d=mm&r=g","url":"https:\/\/secure.gravatar.com\/avatar\/8c5b9d416410f2f813ed28e002dbb5163f71ed16006d9901889635bc6696c706?s=96&d=mm&r=g","contentUrl":"https:\/\/secure.gravatar.com\/avatar\/8c5b9d416410f2f813ed28e002dbb5163f71ed16006d9901889635bc6696c706?s=96&d=mm&r=g","caption":"Marisa"}}]}},"uagb_featured_image_src":{"full":false,"thumbnail":false,"medium":false,"medium_large":false,"large":false,"pieces_card":false,"gform-image-choice-sm":false,"gform-image-choice-md":false,"gform-image-choice-lg":false},"uagb_author_info":{"display_name":"Marisa","author_link":"https:\/\/www.mobellinea.com\/ca\/author\/marisamobellinea-es\/"},"uagb_comment_info":0,"uagb_excerpt":"Treballar amb comoditat no est\u00e0 renyit amb reflectir qui som. Olive neix amb aquesta idea: una cadira operativa de disseny itali\u00e0 i fabricada a Europa que aporta vitalitat, dinamisme i sofisticaci\u00f3 a qualsevol entorn. Volums que inspiren Olive es reconeix per la seva silueta arrodonida i org\u00e0nica, en plena sintonia amb les tend\u00e8ncies actuals i&hellip;","_links":{"self":[{"href":"https:\/\/www.mobellinea.com\/ca\/wp-json\/wp\/v2\/posts\/6065","targetHints":{"allow":["GET"]}}],"collection":[{"href":"https:\/\/www.mobellinea.com\/ca\/wp-json\/wp\/v2\/posts"}],"about":[{"href":"https:\/\/www.mobellinea.com\/ca\/wp-json\/wp\/v2\/types\/post"}],"author":[{"embeddable":true,"href":"https:\/\/www.mobellinea.com\/ca\/wp-json\/wp\/v2\/users\/5"}],"replies":[{"embeddable":true,"href":"https:\/\/www.mobellinea.com\/ca\/wp-json\/wp\/v2\/comments?post=6065"}],"version-history":[{"count":5,"href":"https:\/\/www.mobellinea.com\/ca\/wp-json\/wp\/v2\/posts\/6065\/revisions"}],"predecessor-version":[{"id":17167,"href":"https:\/\/www.mobellinea.com\/ca\/wp-json\/wp\/v2\/posts\/6065\/revisions\/17167"}],"wp:attachment":[{"href":"https:\/\/www.mobellinea.com\/ca\/wp-json\/wp\/v2\/media?parent=6065"}],"wp:term":[{"taxonomy":"category","embeddable":true,"href":"https:\/\/www.mobellinea.com\/ca\/wp-json\/wp\/v2\/categories?post=6065"},{"taxonomy":"post_tag","embeddable":true,"href":"https:\/\/www.mobellinea.com\/ca\/wp-json\/wp\/v2\/tags?post=6065"}],"curies":[{"name":"wp","href":"https:\/\/api.w.org\/{rel}","templated":true}]}}