{"id":5889,"date":"2025-07-11T16:13:00","date_gmt":"2025-07-11T14:13:00","guid":{"rendered":"https:\/\/www.mobellinea.com\/espais-que-inspiren-com-les-cabines-acustiques-milloren-el-rendiment-i-el-confort\/"},"modified":"2025-12-19T13:00:22","modified_gmt":"2025-12-19T12:00:22","slug":"espais-que-inspiren-com-les-cabines-acustiques-milloren-el-rendiment-i-el-confort","status":"publish","type":"post","link":"https:\/\/www.mobellinea.com\/ca\/espais-que-inspiren-com-les-cabines-acustiques-milloren-el-rendiment-i-el-confort\/","title":{"rendered":"Espais que inspiren: com les cabines ac\u00fastiques milloren el rendiment i el confort."},"content":{"rendered":"\n<p class=\"wp-block-paragraph\">Les oficines d&#8217;avui evolucionen amb un objectiu clar: posar a les persones en el centre. Promoure el benestar dels professionals ja no \u00e9s una opci\u00f3, sin\u00f3 una necessitat per a potenciar el rendiment, la creativitat i el sentit de pertinen\u00e7a. <\/p>\n\n<p class=\"wp-block-paragraph\">El paradigma laboral ha canviat: ja no \u00e9s l&#8217;empresa qui tria al talent, sin\u00f3 que \u00e9s el talent qui decideix on vol estar. I aquest \u00abon\u00bb comen\u00e7a per com es viu el dia a dia en l&#8217;espai de treball. <\/p>\n\n<p class=\"wp-block-paragraph\">En aquest nou context, crear entorns que afavoreixin la concentraci\u00f3, la comoditat i la privacitat s&#8217;ha convertit en una prioritat estrat\u00e8gica per a atreure, motivar i fidelitzar als millors professionals.<\/p>\n\n<p class=\"wp-block-paragraph\">Com b\u00e9 apunta el director immobiliari global de JPMorgan Chase en una entrevista amb McKinsey sobre el re-disseny de la seva nova seu: \u00abLes empreses que fomenten deliberadament la pertinen\u00e7a, la connectivitat, la creativitat i el benestar dels seus empleats poden generar un major rendiment, per la qual cosa sintetitzar la tecnologia, el disseny del lloc de treball i l&#8217;experi\u00e8ncia dels empleats \u00e9s crucial per a l&#8217;\u00e8xit.\u00bb<\/p>\n\n<p class=\"wp-block-paragraph\">Enfront d&#8217;aquest escenari, les cabines ac\u00fastiques sorgeixen com una soluci\u00f3 clau per a crear entorns que millorin el confort dels treballadors i, en conseq\u00fc\u00e8ncia, la seva efici\u00e8ncia. S\u00f3n aut\u00e8ntics oasis de tranquil\u00b7litat dins d&#8217;espais oberts, on les distraccions s\u00f3n constants. No \u00e9s casualitat que s&#8217;hagin convertit en un element cada vegada m\u00e9s present en els projectes d&#8217;interiorisme: s\u00f3n sin\u00f2nims d&#8217;una nova manera d&#8217;entendre l&#8217;entorn laboral.  <\/p>\n\n<p class=\"has-xx-large-font-size wp-block-paragraph\">Privacitat que impulsa el benestar<\/p>\n\n<p class=\"wp-block-paragraph\">Les cabines ac\u00fastiques domus compten amb certificaci\u00f3 d&#8217;a\u00efllament ac\u00fastic de CLASSE A, la qual cosa les posiciona com un producte d&#8217;alta gamma amb el m\u00e0xim nivell de protecci\u00f3 ac\u00fastica. Aix\u00f2 garanteix un entorn privat i \u00edntim, on \u00e9s possible concentrar-se, realitzar videoconfer\u00e8ncies sense interrupcions i gaudir d&#8217;un ambient silenci\u00f3s i acollidor. <\/p>\n\n<p class=\"wp-block-paragraph\">Per\u00f2 els beneficis no es limiten a qui la utilitza: aquesta manera de treballar millora l&#8217;entorn global. En reduir el soroll i les distraccions, es crea un clima m\u00e9s equilibrat i respectu\u00f3s per a tots els membres de l&#8217;equip. El benestar individual es converteix en benestar col\u00b7lectiu, i aix\u00f2 impacta directament en la qualitat del treball, la conviv\u00e8ncia i la cultura organitzacional.  <\/p>\n\n<p class=\"wp-block-paragraph\">Aquest tipus d&#8217;espais no sols milloren la conviv\u00e8ncia: tamb\u00e9 contribueixen a augmentar la concentraci\u00f3 i reduir l&#8217;estr\u00e8s, generant un impacte real i mesurable en la productivitat di\u00e0ria.<\/p>\n\n<figure class=\"wp-block-image size-large\"><img decoding=\"async\" src=\"data:image\/gif;base64,R0lGODlhAQABAIAAAAAAAP\/\/\/yH5BAEAAAAALAAAAAABAAEAAAIBRAA7\" data-src=\"https:\/\/www.mobellinea.com\/wp-content\/uploads\/2025\/11\/blog_f01-4.jpg\" alt=\"\" class=\"wp-image-4968 lazyload\"\/><noscript><img decoding=\"async\" width=\"1920\" height=\"900\" src=\"https:\/\/www.mobellinea.com\/wp-content\/uploads\/2025\/11\/blog_f01-4.jpg\" alt=\"\" class=\"wp-image-4968 lazyload\" srcset=\"https:\/\/www.mobellinea.com\/wp-content\/uploads\/2025\/11\/blog_f01-4.jpg 1920w, https:\/\/www.mobellinea.com\/wp-content\/uploads\/2025\/11\/blog_f01-4-320x150.jpg 320w, https:\/\/www.mobellinea.com\/wp-content\/uploads\/2025\/11\/blog_f01-4-1000x469.jpg 1000w, https:\/\/www.mobellinea.com\/wp-content\/uploads\/2025\/11\/blog_f01-4-680x319.jpg 680w\" sizes=\"(max-width: 1920px) 100vw, 1920px\" \/><\/noscript><\/figure>\n\n<p class=\"has-xx-large-font-size wp-block-paragraph\">Disseny funcional que transforma l&#8217;espai<\/p>\n\n<p class=\"wp-block-paragraph\">Les cabines ac\u00fastiques no sols aporten privacitat: afegeixen car\u00e0cter, sofisticaci\u00f3 i estil a l&#8217;oficina. S&#8217;integren amb naturalitat en entorns de treball oberts, elevant l&#8217;est\u00e8tica sense renunciar a la funcionalitat. <\/p>\n\n<p class=\"wp-block-paragraph\">La col\u00b7lecci\u00f3 de cabines ac\u00fastiques domus ofereix solucions vers\u00e0tils que van des de formats individuals fins a sales modulars per a reunions de fins a sis persones. Amb l\u00ednies minimalistes, colors suaus, il\u00b7luminaci\u00f3 ambiental i de treball, tecnologia integrada i complements, el seu disseny respon a les necessitats actuals sense perdre eleg\u00e0ncia ni coher\u00e8ncia visual. <\/p>\n\n<figure class=\"wp-block-image size-large\"><img decoding=\"async\" src=\"data:image\/gif;base64,R0lGODlhAQABAIAAAAAAAP\/\/\/yH5BAEAAAAALAAAAAABAAEAAAIBRAA7\" data-src=\"https:\/\/www.mobellinea.com\/wp-content\/uploads\/2025\/11\/blog_f02-3-1000x469.jpg\" alt=\"\" class=\"wp-image-4969 lazyload\"\/><noscript><img decoding=\"async\" width=\"1000\" height=\"469\" src=\"https:\/\/www.mobellinea.com\/wp-content\/uploads\/2025\/11\/blog_f02-3-1000x469.jpg\" alt=\"\" class=\"wp-image-4969 lazyload\" srcset=\"https:\/\/www.mobellinea.com\/wp-content\/uploads\/2025\/11\/blog_f02-3-1000x469.jpg 1000w, https:\/\/www.mobellinea.com\/wp-content\/uploads\/2025\/11\/blog_f02-3-320x150.jpg 320w, https:\/\/www.mobellinea.com\/wp-content\/uploads\/2025\/11\/blog_f02-3-680x319.jpg 680w, https:\/\/www.mobellinea.com\/wp-content\/uploads\/2025\/11\/blog_f02-3.jpg 1920w\" sizes=\"(max-width: 1000px) 100vw, 1000px\" \/><\/noscript><\/figure>\n\n<p class=\"has-xx-large-font-size wp-block-paragraph\">Una soluci\u00f3 responsable<\/p>\n\n<p class=\"wp-block-paragraph\">El benestar tamb\u00e9 implica un comprom\u00eds amb el planeta.<\/p>\n\n<p class=\"wp-block-paragraph\">Les cabines ac\u00fastiques domus han estat dissenyades amb un enfocament sostenible: la seva estructura modular permet un muntatge per peces que facilita la seva reubicaci\u00f3, reutilitzaci\u00f3 i reciclatge al final de la seva vida \u00fatil.<\/p>\n\n<p class=\"wp-block-paragraph\">A difer\u00e8ncia de les sales constru\u00efdes de manera fixa, les cabines ofereixen una soluci\u00f3 vers\u00e0til, m\u00f2bil i sense necessitat d&#8217;obres, que permet crear espais privats sense alterar l&#8217;arquitectura original. Una elecci\u00f3 alineada amb els principis del disseny circular, que respon a una nova manera de treballar m\u00e9s conscient i respectuosa amb el seu entorn. <\/p>\n\n<p class=\"wp-block-paragraph\">A m\u00e9s, la varietat de formats disponibles permeten que les cabines evolucionin amb les necessitats de l&#8217;equip: es reubiquen o redefineixen sense costos estructurals ni interrupcions.<\/p>\n\n<p class=\"has-xx-large-font-size wp-block-paragraph\">Elevar l&#8217;experi\u00e8ncia<\/p>\n\n<p class=\"wp-block-paragraph\">Incloure cabines ac\u00fastiques en un projecte d&#8217;interiorisme \u00e9s una manera d&#8217;elevar l&#8217;espai de treball a un nou nivell, on el confort i la funcionalitat conviuen amb harmonia.<\/p>\n\n<p class=\"wp-block-paragraph\">Dissenyar amb cabines \u00e9s dissenyar amb intenci\u00f3. No es tracta nom\u00e9s de millorar l&#8217;ac\u00fastica, sin\u00f3 de crear una narrativa en un entorn que comunica innovaci\u00f3, respecte pel benestar de l&#8217;equip i visi\u00f3 de futur. El resultat: espais on les persones se senten cuidades, escoltades i lliures d&#8217;interrupcions, una cosa cada vegada m\u00e9s valorada en el dia a dia laboral.  <\/p>\n\n<figure class=\"wp-block-image size-large\"><img decoding=\"async\" src=\"data:image\/gif;base64,R0lGODlhAQABAIAAAAAAAP\/\/\/yH5BAEAAAAALAAAAAABAAEAAAIBRAA7\" data-src=\"https:\/\/www.mobellinea.com\/wp-content\/uploads\/2025\/11\/blog_f03-3-1000x469.jpg\" alt=\"\" class=\"wp-image-4970 lazyload\"\/><noscript><img decoding=\"async\" width=\"1000\" height=\"469\" src=\"https:\/\/www.mobellinea.com\/wp-content\/uploads\/2025\/11\/blog_f03-3-1000x469.jpg\" alt=\"\" class=\"wp-image-4970 lazyload\" srcset=\"https:\/\/www.mobellinea.com\/wp-content\/uploads\/2025\/11\/blog_f03-3-1000x469.jpg 1000w, https:\/\/www.mobellinea.com\/wp-content\/uploads\/2025\/11\/blog_f03-3-320x150.jpg 320w, https:\/\/www.mobellinea.com\/wp-content\/uploads\/2025\/11\/blog_f03-3-680x319.jpg 680w, https:\/\/www.mobellinea.com\/wp-content\/uploads\/2025\/11\/blog_f03-3.jpg 1920w\" sizes=\"(max-width: 1000px) 100vw, 1000px\" \/><\/noscript><\/figure>\n","protected":false},"excerpt":{"rendered":"<p>Les oficines d&#8217;avui evolucionen amb un objectiu clar: posar a les persones en el centre. Promoure el benestar dels professionals ja no \u00e9s una opci\u00f3, sin\u00f3 una necessitat per a potenciar el rendiment, la creativitat i el sentit de pertinen\u00e7a. El paradigma laboral ha canviat: ja no \u00e9s l&#8217;empresa qui tria al talent, sin\u00f3 que [&hellip;]<\/p>\n","protected":false},"author":8,"featured_media":5890,"comment_status":"closed","ping_status":"closed","sticky":false,"template":"","format":"standard","meta":{"_acf_changed":false,"_uag_custom_page_level_css":"","footnotes":""},"categories":[345,352,351,350,378,365],"tags":[],"class_list":["post-5889","post","type-post","status-publish","format-standard","has-post-thumbnail","hentry","category-benestar","category-coleccions","category-innovacio","category-productes","category-sostenibilitat","category-tendencies"],"acf":[],"yoast_head":"<!-- This site is optimized with the Yoast SEO Premium plugin v26.6 (Yoast SEO v27.6) - https:\/\/yoast.com\/product\/yoast-seo-premium-wordpress\/ -->\n<title>Espais que inspiren: com les cabines ac\u00fastiques milloren el rendiment i el confort. - Mobellinea<\/title>\n<meta name=\"description\" content=\"Les oficines d&#039;avui evolucionen amb un objectiu clar: posar a les persones en el centre. Promoure el benestar dels professionals ja no \u00e9s una opci\u00f3, sin\u00f3\" \/>\n<meta name=\"robots\" content=\"index, follow, max-snippet:-1, max-image-preview:large, max-video-preview:-1\" \/>\n<link rel=\"canonical\" href=\"https:\/\/www.mobellinea.com\/ca\/espais-que-inspiren-com-les-cabines-acustiques-milloren-el-rendiment-i-el-confort\/\" \/>\n<meta property=\"og:locale\" content=\"ca_ES\" \/>\n<meta property=\"og:type\" content=\"article\" \/>\n<meta property=\"og:title\" content=\"Espais que inspiren: com les cabines ac\u00fastiques milloren el rendiment i el confort.\" \/>\n<meta property=\"og:description\" content=\"Les oficines d&#039;avui evolucionen amb un objectiu clar: posar a les persones en el centre. Promoure el benestar dels professionals ja no \u00e9s una opci\u00f3, sin\u00f3\" \/>\n<meta property=\"og:url\" content=\"https:\/\/www.mobellinea.com\/ca\/espais-que-inspiren-com-les-cabines-acustiques-milloren-el-rendiment-i-el-confort\/\" \/>\n<meta property=\"og:site_name\" content=\"Mobellinea\" \/>\n<meta property=\"article:publisher\" content=\"https:\/\/www.facebook.com\/mobellineasl\" \/>\n<meta property=\"article:published_time\" content=\"2025-07-11T14:13:00+00:00\" \/>\n<meta property=\"article:modified_time\" content=\"2025-12-19T12:00:22+00:00\" \/>\n<meta property=\"og:image\" content=\"https:\/\/www.mobellinea.com\/wp-content\/uploads\/2025\/11\/blog_thumb-3.jpg\" \/>\n\t<meta property=\"og:image:width\" content=\"650\" \/>\n\t<meta property=\"og:image:height\" content=\"366\" \/>\n\t<meta property=\"og:image:type\" content=\"image\/jpeg\" \/>\n<meta name=\"author\" content=\"Anna\" \/>\n<meta name=\"twitter:card\" content=\"summary_large_image\" \/>\n<meta name=\"twitter:label1\" content=\"Escrit per\" \/>\n\t<meta name=\"twitter:data1\" content=\"Anna\" \/>\n\t<meta name=\"twitter:label2\" content=\"Temps estimat de lectura\" \/>\n\t<meta name=\"twitter:data2\" content=\"4 minuts\" \/>\n<script type=\"application\/ld+json\" class=\"yoast-schema-graph\">{\"@context\":\"https:\\\/\\\/schema.org\",\"@graph\":[{\"@type\":\"Article\",\"@id\":\"https:\\\/\\\/www.mobellinea.com\\\/ca\\\/espais-que-inspiren-com-les-cabines-acustiques-milloren-el-rendiment-i-el-confort\\\/#article\",\"isPartOf\":{\"@id\":\"https:\\\/\\\/www.mobellinea.com\\\/ca\\\/espais-que-inspiren-com-les-cabines-acustiques-milloren-el-rendiment-i-el-confort\\\/\"},\"author\":{\"name\":\"Anna\",\"@id\":\"https:\\\/\\\/mobellinea.com\\\/en\\\/#\\\/schema\\\/person\\\/518e40fa1dcd8c2ef7106c7561ae3ddb\"},\"headline\":\"Espais que inspiren: com les cabines ac\u00fastiques milloren el rendiment i el confort.\",\"datePublished\":\"2025-07-11T14:13:00+00:00\",\"dateModified\":\"2025-12-19T12:00:22+00:00\",\"mainEntityOfPage\":{\"@id\":\"https:\\\/\\\/www.mobellinea.com\\\/ca\\\/espais-que-inspiren-com-les-cabines-acustiques-milloren-el-rendiment-i-el-confort\\\/\"},\"wordCount\":790,\"image\":{\"@id\":\"https:\\\/\\\/www.mobellinea.com\\\/ca\\\/espais-que-inspiren-com-les-cabines-acustiques-milloren-el-rendiment-i-el-confort\\\/#primaryimage\"},\"thumbnailUrl\":\"https:\\\/\\\/www.mobellinea.com\\\/wp-content\\\/uploads\\\/2025\\\/11\\\/blog_thumb-3.jpg\",\"articleSection\":[\"Benestar\",\"Col\u00b7leccions\",\"Innovaci\u00f3\",\"Productes\",\"Sostenibilitat\",\"Tend\u00e8ncies\"],\"inLanguage\":\"ca\"},{\"@type\":\"WebPage\",\"@id\":\"https:\\\/\\\/www.mobellinea.com\\\/ca\\\/espais-que-inspiren-com-les-cabines-acustiques-milloren-el-rendiment-i-el-confort\\\/\",\"url\":\"https:\\\/\\\/www.mobellinea.com\\\/ca\\\/espais-que-inspiren-com-les-cabines-acustiques-milloren-el-rendiment-i-el-confort\\\/\",\"name\":\"Espais que inspiren: com les cabines ac\u00fastiques milloren el rendiment i el confort. - Mobellinea\",\"isPartOf\":{\"@id\":\"https:\\\/\\\/mobellinea.com\\\/en\\\/#website\"},\"primaryImageOfPage\":{\"@id\":\"https:\\\/\\\/www.mobellinea.com\\\/ca\\\/espais-que-inspiren-com-les-cabines-acustiques-milloren-el-rendiment-i-el-confort\\\/#primaryimage\"},\"image\":{\"@id\":\"https:\\\/\\\/www.mobellinea.com\\\/ca\\\/espais-que-inspiren-com-les-cabines-acustiques-milloren-el-rendiment-i-el-confort\\\/#primaryimage\"},\"thumbnailUrl\":\"https:\\\/\\\/www.mobellinea.com\\\/wp-content\\\/uploads\\\/2025\\\/11\\\/blog_thumb-3.jpg\",\"datePublished\":\"2025-07-11T14:13:00+00:00\",\"dateModified\":\"2025-12-19T12:00:22+00:00\",\"author\":{\"@id\":\"https:\\\/\\\/mobellinea.com\\\/en\\\/#\\\/schema\\\/person\\\/518e40fa1dcd8c2ef7106c7561ae3ddb\"},\"description\":\"Les oficines d'avui evolucionen amb un objectiu clar: posar a les persones en el centre. Promoure el benestar dels professionals ja no \u00e9s una opci\u00f3, sin\u00f3\",\"breadcrumb\":{\"@id\":\"https:\\\/\\\/www.mobellinea.com\\\/ca\\\/espais-que-inspiren-com-les-cabines-acustiques-milloren-el-rendiment-i-el-confort\\\/#breadcrumb\"},\"inLanguage\":\"ca\",\"potentialAction\":[{\"@type\":\"ReadAction\",\"target\":[\"https:\\\/\\\/www.mobellinea.com\\\/ca\\\/espais-que-inspiren-com-les-cabines-acustiques-milloren-el-rendiment-i-el-confort\\\/\"]}]},{\"@type\":\"ImageObject\",\"inLanguage\":\"ca\",\"@id\":\"https:\\\/\\\/www.mobellinea.com\\\/ca\\\/espais-que-inspiren-com-les-cabines-acustiques-milloren-el-rendiment-i-el-confort\\\/#primaryimage\",\"url\":\"https:\\\/\\\/www.mobellinea.com\\\/wp-content\\\/uploads\\\/2025\\\/11\\\/blog_thumb-3.jpg\",\"contentUrl\":\"https:\\\/\\\/www.mobellinea.com\\\/wp-content\\\/uploads\\\/2025\\\/11\\\/blog_thumb-3.jpg\",\"width\":650,\"height\":366},{\"@type\":\"BreadcrumbList\",\"@id\":\"https:\\\/\\\/www.mobellinea.com\\\/ca\\\/espais-que-inspiren-com-les-cabines-acustiques-milloren-el-rendiment-i-el-confort\\\/#breadcrumb\",\"itemListElement\":[{\"@type\":\"ListItem\",\"position\":1,\"name\":\"Home\",\"item\":\"https:\\\/\\\/www.mobellinea.com\\\/ca\\\/inici\\\/\"},{\"@type\":\"ListItem\",\"position\":2,\"name\":\"Benestar\",\"item\":\"https:\\\/\\\/www.mobellinea.com\\\/ca\\\/category\\\/benestar\\\/\"},{\"@type\":\"ListItem\",\"position\":3,\"name\":\"Espais que inspiren: com les cabines ac\u00fastiques milloren el rendiment i el confort.\"}]},{\"@type\":\"WebSite\",\"@id\":\"https:\\\/\\\/mobellinea.com\\\/en\\\/#website\",\"url\":\"https:\\\/\\\/mobellinea.com\\\/en\\\/\",\"name\":\"MobelLinea\",\"description\":\"Dise\u00f1amos y fabricamos soluciones de mobiliario para oficinas y espacios colectivos. Creamos entornos honestos, funcionales y humanos, pensados para mejorar la vida de las personas\",\"alternateName\":\"Mobel Linea\",\"potentialAction\":[{\"@type\":\"SearchAction\",\"target\":{\"@type\":\"EntryPoint\",\"urlTemplate\":\"https:\\\/\\\/mobellinea.com\\\/en\\\/?s={search_term_string}\"},\"query-input\":{\"@type\":\"PropertyValueSpecification\",\"valueRequired\":true,\"valueName\":\"search_term_string\"}}],\"inLanguage\":\"ca\"},{\"@type\":\"Person\",\"@id\":\"https:\\\/\\\/mobellinea.com\\\/en\\\/#\\\/schema\\\/person\\\/518e40fa1dcd8c2ef7106c7561ae3ddb\",\"name\":\"Anna\",\"image\":{\"@type\":\"ImageObject\",\"inLanguage\":\"ca\",\"@id\":\"https:\\\/\\\/secure.gravatar.com\\\/avatar\\\/8adc17f1354e8252029a3205a793c695de1d4150636fd00a689f76f96e8a4c98?s=96&d=mm&r=g\",\"url\":\"https:\\\/\\\/secure.gravatar.com\\\/avatar\\\/8adc17f1354e8252029a3205a793c695de1d4150636fd00a689f76f96e8a4c98?s=96&d=mm&r=g\",\"contentUrl\":\"https:\\\/\\\/secure.gravatar.com\\\/avatar\\\/8adc17f1354e8252029a3205a793c695de1d4150636fd00a689f76f96e8a4c98?s=96&d=mm&r=g\",\"caption\":\"Anna\"}}]}<\/script>\n<!-- \/ Yoast SEO Premium plugin. -->","yoast_head_json":{"title":"Espais que inspiren: com les cabines ac\u00fastiques milloren el rendiment i el confort. - Mobellinea","description":"Les oficines d'avui evolucionen amb un objectiu clar: posar a les persones en el centre. Promoure el benestar dels professionals ja no \u00e9s una opci\u00f3, sin\u00f3","robots":{"index":"index","follow":"follow","max-snippet":"max-snippet:-1","max-image-preview":"max-image-preview:large","max-video-preview":"max-video-preview:-1"},"canonical":"https:\/\/www.mobellinea.com\/ca\/espais-que-inspiren-com-les-cabines-acustiques-milloren-el-rendiment-i-el-confort\/","og_locale":"ca_ES","og_type":"article","og_title":"Espais que inspiren: com les cabines ac\u00fastiques milloren el rendiment i el confort.","og_description":"Les oficines d'avui evolucionen amb un objectiu clar: posar a les persones en el centre. Promoure el benestar dels professionals ja no \u00e9s una opci\u00f3, sin\u00f3","og_url":"https:\/\/www.mobellinea.com\/ca\/espais-que-inspiren-com-les-cabines-acustiques-milloren-el-rendiment-i-el-confort\/","og_site_name":"Mobellinea","article_publisher":"https:\/\/www.facebook.com\/mobellineasl","article_published_time":"2025-07-11T14:13:00+00:00","article_modified_time":"2025-12-19T12:00:22+00:00","og_image":[{"width":650,"height":366,"url":"https:\/\/www.mobellinea.com\/wp-content\/uploads\/2025\/11\/blog_thumb-3.jpg","type":"image\/jpeg"}],"author":"Anna","twitter_card":"summary_large_image","twitter_misc":{"Escrit per":"Anna","Temps estimat de lectura":"4 minuts"},"schema":{"@context":"https:\/\/schema.org","@graph":[{"@type":"Article","@id":"https:\/\/www.mobellinea.com\/ca\/espais-que-inspiren-com-les-cabines-acustiques-milloren-el-rendiment-i-el-confort\/#article","isPartOf":{"@id":"https:\/\/www.mobellinea.com\/ca\/espais-que-inspiren-com-les-cabines-acustiques-milloren-el-rendiment-i-el-confort\/"},"author":{"name":"Anna","@id":"https:\/\/mobellinea.com\/en\/#\/schema\/person\/518e40fa1dcd8c2ef7106c7561ae3ddb"},"headline":"Espais que inspiren: com les cabines ac\u00fastiques milloren el rendiment i el confort.","datePublished":"2025-07-11T14:13:00+00:00","dateModified":"2025-12-19T12:00:22+00:00","mainEntityOfPage":{"@id":"https:\/\/www.mobellinea.com\/ca\/espais-que-inspiren-com-les-cabines-acustiques-milloren-el-rendiment-i-el-confort\/"},"wordCount":790,"image":{"@id":"https:\/\/www.mobellinea.com\/ca\/espais-que-inspiren-com-les-cabines-acustiques-milloren-el-rendiment-i-el-confort\/#primaryimage"},"thumbnailUrl":"https:\/\/www.mobellinea.com\/wp-content\/uploads\/2025\/11\/blog_thumb-3.jpg","articleSection":["Benestar","Col\u00b7leccions","Innovaci\u00f3","Productes","Sostenibilitat","Tend\u00e8ncies"],"inLanguage":"ca"},{"@type":"WebPage","@id":"https:\/\/www.mobellinea.com\/ca\/espais-que-inspiren-com-les-cabines-acustiques-milloren-el-rendiment-i-el-confort\/","url":"https:\/\/www.mobellinea.com\/ca\/espais-que-inspiren-com-les-cabines-acustiques-milloren-el-rendiment-i-el-confort\/","name":"Espais que inspiren: com les cabines ac\u00fastiques milloren el rendiment i el confort. - Mobellinea","isPartOf":{"@id":"https:\/\/mobellinea.com\/en\/#website"},"primaryImageOfPage":{"@id":"https:\/\/www.mobellinea.com\/ca\/espais-que-inspiren-com-les-cabines-acustiques-milloren-el-rendiment-i-el-confort\/#primaryimage"},"image":{"@id":"https:\/\/www.mobellinea.com\/ca\/espais-que-inspiren-com-les-cabines-acustiques-milloren-el-rendiment-i-el-confort\/#primaryimage"},"thumbnailUrl":"https:\/\/www.mobellinea.com\/wp-content\/uploads\/2025\/11\/blog_thumb-3.jpg","datePublished":"2025-07-11T14:13:00+00:00","dateModified":"2025-12-19T12:00:22+00:00","author":{"@id":"https:\/\/mobellinea.com\/en\/#\/schema\/person\/518e40fa1dcd8c2ef7106c7561ae3ddb"},"description":"Les oficines d'avui evolucionen amb un objectiu clar: posar a les persones en el centre. Promoure el benestar dels professionals ja no \u00e9s una opci\u00f3, sin\u00f3","breadcrumb":{"@id":"https:\/\/www.mobellinea.com\/ca\/espais-que-inspiren-com-les-cabines-acustiques-milloren-el-rendiment-i-el-confort\/#breadcrumb"},"inLanguage":"ca","potentialAction":[{"@type":"ReadAction","target":["https:\/\/www.mobellinea.com\/ca\/espais-que-inspiren-com-les-cabines-acustiques-milloren-el-rendiment-i-el-confort\/"]}]},{"@type":"ImageObject","inLanguage":"ca","@id":"https:\/\/www.mobellinea.com\/ca\/espais-que-inspiren-com-les-cabines-acustiques-milloren-el-rendiment-i-el-confort\/#primaryimage","url":"https:\/\/www.mobellinea.com\/wp-content\/uploads\/2025\/11\/blog_thumb-3.jpg","contentUrl":"https:\/\/www.mobellinea.com\/wp-content\/uploads\/2025\/11\/blog_thumb-3.jpg","width":650,"height":366},{"@type":"BreadcrumbList","@id":"https:\/\/www.mobellinea.com\/ca\/espais-que-inspiren-com-les-cabines-acustiques-milloren-el-rendiment-i-el-confort\/#breadcrumb","itemListElement":[{"@type":"ListItem","position":1,"name":"Home","item":"https:\/\/www.mobellinea.com\/ca\/inici\/"},{"@type":"ListItem","position":2,"name":"Benestar","item":"https:\/\/www.mobellinea.com\/ca\/category\/benestar\/"},{"@type":"ListItem","position":3,"name":"Espais que inspiren: com les cabines ac\u00fastiques milloren el rendiment i el confort."}]},{"@type":"WebSite","@id":"https:\/\/mobellinea.com\/en\/#website","url":"https:\/\/mobellinea.com\/en\/","name":"MobelLinea","description":"Dise\u00f1amos y fabricamos soluciones de mobiliario para oficinas y espacios colectivos. Creamos entornos honestos, funcionales y humanos, pensados para mejorar la vida de las personas","alternateName":"Mobel Linea","potentialAction":[{"@type":"SearchAction","target":{"@type":"EntryPoint","urlTemplate":"https:\/\/mobellinea.com\/en\/?s={search_term_string}"},"query-input":{"@type":"PropertyValueSpecification","valueRequired":true,"valueName":"search_term_string"}}],"inLanguage":"ca"},{"@type":"Person","@id":"https:\/\/mobellinea.com\/en\/#\/schema\/person\/518e40fa1dcd8c2ef7106c7561ae3ddb","name":"Anna","image":{"@type":"ImageObject","inLanguage":"ca","@id":"https:\/\/secure.gravatar.com\/avatar\/8adc17f1354e8252029a3205a793c695de1d4150636fd00a689f76f96e8a4c98?s=96&d=mm&r=g","url":"https:\/\/secure.gravatar.com\/avatar\/8adc17f1354e8252029a3205a793c695de1d4150636fd00a689f76f96e8a4c98?s=96&d=mm&r=g","contentUrl":"https:\/\/secure.gravatar.com\/avatar\/8adc17f1354e8252029a3205a793c695de1d4150636fd00a689f76f96e8a4c98?s=96&d=mm&r=g","caption":"Anna"}}]}},"uagb_featured_image_src":{"full":["https:\/\/www.mobellinea.com\/wp-content\/uploads\/2025\/11\/blog_thumb-3.jpg",650,366,false],"thumbnail":["https:\/\/www.mobellinea.com\/wp-content\/uploads\/2025\/11\/blog_thumb-3-150x150.jpg",150,150,true],"medium":["https:\/\/www.mobellinea.com\/wp-content\/uploads\/2025\/11\/blog_thumb-3-320x180.jpg",320,180,true],"medium_large":["https:\/\/www.mobellinea.com\/wp-content\/uploads\/2025\/11\/blog_thumb-3.jpg",650,366,false],"large":["https:\/\/www.mobellinea.com\/wp-content\/uploads\/2025\/11\/blog_thumb-3.jpg",650,366,false],"pieces_card":["https:\/\/www.mobellinea.com\/wp-content\/uploads\/2025\/11\/blog_thumb-3-140x173.jpg",140,173,true],"gform-image-choice-sm":["https:\/\/www.mobellinea.com\/wp-content\/uploads\/2025\/11\/blog_thumb-3.jpg",300,169,false],"gform-image-choice-md":["https:\/\/www.mobellinea.com\/wp-content\/uploads\/2025\/11\/blog_thumb-3.jpg",400,225,false],"gform-image-choice-lg":["https:\/\/www.mobellinea.com\/wp-content\/uploads\/2025\/11\/blog_thumb-3.jpg",600,338,false]},"uagb_author_info":{"display_name":"Anna","author_link":"https:\/\/www.mobellinea.com\/ca\/author\/annareigmobellinea-es\/"},"uagb_comment_info":0,"uagb_excerpt":"Les oficines d&#8217;avui evolucionen amb un objectiu clar: posar a les persones en el centre. Promoure el benestar dels professionals ja no \u00e9s una opci\u00f3, sin\u00f3 una necessitat per a potenciar el rendiment, la creativitat i el sentit de pertinen\u00e7a. El paradigma laboral ha canviat: ja no \u00e9s l&#8217;empresa qui tria al talent, sin\u00f3 que&hellip;","_links":{"self":[{"href":"https:\/\/www.mobellinea.com\/ca\/wp-json\/wp\/v2\/posts\/5889","targetHints":{"allow":["GET"]}}],"collection":[{"href":"https:\/\/www.mobellinea.com\/ca\/wp-json\/wp\/v2\/posts"}],"about":[{"href":"https:\/\/www.mobellinea.com\/ca\/wp-json\/wp\/v2\/types\/post"}],"author":[{"embeddable":true,"href":"https:\/\/www.mobellinea.com\/ca\/wp-json\/wp\/v2\/users\/8"}],"replies":[{"embeddable":true,"href":"https:\/\/www.mobellinea.com\/ca\/wp-json\/wp\/v2\/comments?post=5889"}],"version-history":[{"count":4,"href":"https:\/\/www.mobellinea.com\/ca\/wp-json\/wp\/v2\/posts\/5889\/revisions"}],"predecessor-version":[{"id":16672,"href":"https:\/\/www.mobellinea.com\/ca\/wp-json\/wp\/v2\/posts\/5889\/revisions\/16672"}],"wp:featuredmedia":[{"embeddable":true,"href":"https:\/\/www.mobellinea.com\/ca\/wp-json\/wp\/v2\/media\/5890"}],"wp:attachment":[{"href":"https:\/\/www.mobellinea.com\/ca\/wp-json\/wp\/v2\/media?parent=5889"}],"wp:term":[{"taxonomy":"category","embeddable":true,"href":"https:\/\/www.mobellinea.com\/ca\/wp-json\/wp\/v2\/categories?post=5889"},{"taxonomy":"post_tag","embeddable":true,"href":"https:\/\/www.mobellinea.com\/ca\/wp-json\/wp\/v2\/tags?post=5889"}],"curies":[{"name":"wp","href":"https:\/\/api.w.org\/{rel}","templated":true}]}}