{"id":5831,"date":"2025-05-14T15:54:00","date_gmt":"2025-05-14T13:54:00","guid":{"rendered":"https:\/\/www.mobellinea.com\/espais-de-treball-pensats-per-a-les-persones\/"},"modified":"2025-12-19T13:10:23","modified_gmt":"2025-12-19T12:10:23","slug":"espais-de-treball-pensats-per-a-les-persones","status":"publish","type":"post","link":"https:\/\/www.mobellinea.com\/ca\/espais-de-treball-pensats-per-a-les-persones\/","title":{"rendered":"Espais de treball pensats per a les persones"},"content":{"rendered":"\n<p class=\"wp-block-paragraph\">Crear entorns laborals que prioritzin el benestar de les persones no \u00e9s nom\u00e9s una tend\u00e8ncia, sin\u00f3 un comprom\u00eds empresarial clau per a millorar la productivitat i la satisfacci\u00f3 dels equips. Per a aconseguir-ho, els dissenyadors d&#8217;interiors han d&#8217;afrontar quatre reptes fonamentals en cada projecte d&#8217;oficines. <\/p>\n\n\n\n<p class=\"has-xx-large-font-size wp-block-paragraph\">Les persones al centre<\/p>\n\n\n\n<p class=\"wp-block-paragraph\">El disseny d&#8217;un espai de treball eficient comen\u00e7a amb una comprensi\u00f3 profunda dels qui l&#8217;utilitzaran. Identificar les seves necessitats i h\u00e0bits \u00e9s essencial per a crear un entorn que impulsi el seu benestar i rendiment. Per a aix\u00f2, un estudi previ del mercat i de la cultura corporativa ser\u00e0 clau per a garantir una execuci\u00f3 encertada.  <\/p>\n\n\n\n<figure class=\"wp-block-image size-large\"><img decoding=\"async\" src=\"data:image\/gif;base64,R0lGODlhAQABAIAAAAAAAP\/\/\/yH5BAEAAAAALAAAAAABAAEAAAIBRAA7\" data-src=\"https:\/\/www.mobellinea.com\/wp-content\/uploads\/2025\/11\/blog_f01-5-1000x469.jpg\" alt=\"\" class=\"wp-image-16643 lazyload\"\/><noscript><img decoding=\"async\" src=\"https:\/\/www.mobellinea.com\/wp-content\/uploads\/2025\/11\/blog_f01-5-1000x469.jpg\" alt=\"\" class=\"wp-image-16643 lazyload\"\/><\/noscript><\/figure>\n\n\n\n<p class=\"has-xx-large-font-size wp-block-paragraph\">Zones funcionals per a cada moment<\/p>\n\n\n\n<p class=\"wp-block-paragraph\">Una oficina ha de comptar amb diferents \u00e0rees que fomentin tant la concentraci\u00f3 i productivitat com la interacci\u00f3 i el descans. Espais de reuni\u00f3, zones de relaxaci\u00f3 i \u00e0rees col\u00b7laboratives ben dissenyades milloren l&#8217;experi\u00e8ncia laboral i enforteixen la din\u00e0mica de l&#8217;equip. <\/p>\n\n\n\n<figure class=\"wp-block-image size-large\"><img decoding=\"async\" src=\"data:image\/gif;base64,R0lGODlhAQABAIAAAAAAAP\/\/\/yH5BAEAAAAALAAAAAABAAEAAAIBRAA7\" data-src=\"https:\/\/www.mobellinea.com\/wp-content\/uploads\/2025\/11\/blog_f02-4-1000x469.jpg\" alt=\"\" class=\"wp-image-16644 lazyload\"\/><noscript><img decoding=\"async\" src=\"https:\/\/www.mobellinea.com\/wp-content\/uploads\/2025\/11\/blog_f02-4-1000x469.jpg\" alt=\"\" class=\"wp-image-16644 lazyload\"\/><\/noscript><\/figure>\n\n\n\n<p class=\"has-xx-large-font-size wp-block-paragraph\">Projectar entorns saludables<\/p>\n\n\n\n<p class=\"wp-block-paragraph\">El mobiliari \u00e9s un factor determinant en la salut i comoditat dels treballadors. Incorporar cadires ergon\u00f2miques i taules regulables en altura no sols prev\u00e9 problemes posturals, sin\u00f3 que tamb\u00e9 contribueix a un ambient de treball m\u00e9s c\u00f2mode i eficient. <\/p>\n\n\n\n<figure class=\"wp-block-image size-large\"><img decoding=\"async\" src=\"data:image\/gif;base64,R0lGODlhAQABAIAAAAAAAP\/\/\/yH5BAEAAAAALAAAAAABAAEAAAIBRAA7\" data-src=\"https:\/\/www.mobellinea.com\/wp-content\/uploads\/2025\/11\/blog_f03-4-1000x469.jpg\" alt=\"\" class=\"wp-image-16645 lazyload\"\/><noscript><img decoding=\"async\" src=\"https:\/\/www.mobellinea.com\/wp-content\/uploads\/2025\/11\/blog_f03-4-1000x469.jpg\" alt=\"\" class=\"wp-image-16645 lazyload\"\/><\/noscript><\/figure>\n\n\n\n<p class=\"has-xx-large-font-size wp-block-paragraph\">Potenciar l&#8217;adaptabilitat<\/p>\n\n\n\n<p class=\"wp-block-paragraph\">El dinamisme dels entorns laborals actuals exigeix solucions flexibles i modulars. Apostar per mobiliari vers\u00e0til permet adaptar r\u00e0pidament l&#8217;espai a les necessitats canviants, afavorint la col\u00b7laboraci\u00f3 i optimitzant l&#8217;\u00fas de l&#8217;entorn de treball. <\/p>\n\n\n\n<figure class=\"wp-block-image size-large\"><img decoding=\"async\" src=\"data:image\/gif;base64,R0lGODlhAQABAIAAAAAAAP\/\/\/yH5BAEAAAAALAAAAAABAAEAAAIBRAA7\" data-src=\"https:\/\/www.mobellinea.com\/wp-content\/uploads\/2025\/11\/blog_f04.jpg\" alt=\"\" class=\"wp-image-5156 lazyload\"\/><noscript><img decoding=\"async\" width=\"1920\" height=\"900\" src=\"https:\/\/www.mobellinea.com\/wp-content\/uploads\/2025\/11\/blog_f04.jpg\" alt=\"\" class=\"wp-image-5156 lazyload\" srcset=\"https:\/\/www.mobellinea.com\/wp-content\/uploads\/2025\/11\/blog_f04.jpg 1920w, https:\/\/www.mobellinea.com\/wp-content\/uploads\/2025\/11\/blog_f04-320x150.jpg 320w, https:\/\/www.mobellinea.com\/wp-content\/uploads\/2025\/11\/blog_f04-1000x469.jpg 1000w, https:\/\/www.mobellinea.com\/wp-content\/uploads\/2025\/11\/blog_f04-680x319.jpg 680w\" sizes=\"(max-width: 1920px) 100vw, 1920px\" \/><\/noscript><\/figure>\n","protected":false},"excerpt":{"rendered":"<p>Crear entorns laborals que prioritzin el benestar de les persones no \u00e9s nom\u00e9s una tend\u00e8ncia, sin\u00f3 un comprom\u00eds empresarial clau per a millorar la productivitat i la satisfacci\u00f3 dels equips. Per a aconseguir-ho, els dissenyadors d&#8217;interiors han d&#8217;afrontar quatre reptes fonamentals en cada projecte d&#8217;oficines. Les persones al centre El disseny d&#8217;un espai de treball [&hellip;]<\/p>\n","protected":false},"author":8,"featured_media":17179,"comment_status":"closed","ping_status":"closed","sticky":false,"template":"","format":"standard","meta":{"_acf_changed":false,"_uag_custom_page_level_css":"","footnotes":""},"categories":[345],"tags":[],"class_list":["post-5831","post","type-post","status-publish","format-standard","has-post-thumbnail","hentry","category-benestar"],"acf":[],"yoast_head":"<!-- This site is optimized with the Yoast SEO Premium plugin v26.6 (Yoast SEO v27.6) - https:\/\/yoast.com\/product\/yoast-seo-premium-wordpress\/ -->\n<title>Espais de treball pensats per a les persones - Mobellinea<\/title>\n<meta name=\"description\" content=\"Crear entorns laborals que prioritzin el benestar de les persones no \u00e9s nom\u00e9s una tend\u00e8ncia, sin\u00f3 un comprom\u00eds empresarial clau per a millorar la\" \/>\n<meta name=\"robots\" content=\"index, follow, max-snippet:-1, max-image-preview:large, max-video-preview:-1\" \/>\n<link rel=\"canonical\" href=\"https:\/\/www.mobellinea.com\/ca\/espais-de-treball-pensats-per-a-les-persones\/\" \/>\n<meta property=\"og:locale\" content=\"ca_ES\" \/>\n<meta property=\"og:type\" content=\"article\" \/>\n<meta property=\"og:title\" content=\"Espais de treball pensats per a les persones\" \/>\n<meta property=\"og:description\" content=\"Crear entorns laborals que prioritzin el benestar de les persones no \u00e9s nom\u00e9s una tend\u00e8ncia, sin\u00f3 un comprom\u00eds empresarial clau per a millorar la\" \/>\n<meta property=\"og:url\" content=\"https:\/\/www.mobellinea.com\/ca\/espais-de-treball-pensats-per-a-les-persones\/\" \/>\n<meta property=\"og:site_name\" content=\"Mobellinea\" \/>\n<meta property=\"article:publisher\" content=\"https:\/\/www.facebook.com\/mobellineasl\" \/>\n<meta property=\"article:published_time\" content=\"2025-05-14T13:54:00+00:00\" \/>\n<meta property=\"article:modified_time\" content=\"2025-12-19T12:10:23+00:00\" \/>\n<meta property=\"og:image\" content=\"https:\/\/www.mobellinea.com\/wp-content\/uploads\/2025\/11\/blog_f04.jpg\" \/>\n\t<meta property=\"og:image:width\" content=\"1920\" \/>\n\t<meta property=\"og:image:height\" content=\"900\" \/>\n\t<meta property=\"og:image:type\" content=\"image\/jpeg\" \/>\n<meta name=\"author\" content=\"Anna\" \/>\n<meta name=\"twitter:card\" content=\"summary_large_image\" \/>\n<meta name=\"twitter:label1\" content=\"Escrit per\" \/>\n\t<meta name=\"twitter:data1\" content=\"Anna\" \/>\n\t<meta name=\"twitter:label2\" content=\"Temps estimat de lectura\" \/>\n\t<meta name=\"twitter:data2\" content=\"3 minuts\" \/>\n<script type=\"application\/ld+json\" class=\"yoast-schema-graph\">{\"@context\":\"https:\\\/\\\/schema.org\",\"@graph\":[{\"@type\":\"Article\",\"@id\":\"https:\\\/\\\/www.mobellinea.com\\\/ca\\\/espais-de-treball-pensats-per-a-les-persones\\\/#article\",\"isPartOf\":{\"@id\":\"https:\\\/\\\/www.mobellinea.com\\\/ca\\\/espais-de-treball-pensats-per-a-les-persones\\\/\"},\"author\":{\"name\":\"Anna\",\"@id\":\"https:\\\/\\\/mobellinea.com\\\/en\\\/#\\\/schema\\\/person\\\/518e40fa1dcd8c2ef7106c7561ae3ddb\"},\"headline\":\"Espais de treball pensats per a les persones\",\"datePublished\":\"2025-05-14T13:54:00+00:00\",\"dateModified\":\"2025-12-19T12:10:23+00:00\",\"mainEntityOfPage\":{\"@id\":\"https:\\\/\\\/www.mobellinea.com\\\/ca\\\/espais-de-treball-pensats-per-a-les-persones\\\/\"},\"wordCount\":262,\"image\":{\"@id\":\"https:\\\/\\\/www.mobellinea.com\\\/ca\\\/espais-de-treball-pensats-per-a-les-persones\\\/#primaryimage\"},\"thumbnailUrl\":\"https:\\\/\\\/www.mobellinea.com\\\/wp-content\\\/uploads\\\/2025\\\/11\\\/blog_f04.jpg\",\"articleSection\":[\"Benestar\"],\"inLanguage\":\"ca\"},{\"@type\":\"WebPage\",\"@id\":\"https:\\\/\\\/www.mobellinea.com\\\/ca\\\/espais-de-treball-pensats-per-a-les-persones\\\/\",\"url\":\"https:\\\/\\\/www.mobellinea.com\\\/ca\\\/espais-de-treball-pensats-per-a-les-persones\\\/\",\"name\":\"Espais de treball pensats per a les persones - Mobellinea\",\"isPartOf\":{\"@id\":\"https:\\\/\\\/mobellinea.com\\\/en\\\/#website\"},\"primaryImageOfPage\":{\"@id\":\"https:\\\/\\\/www.mobellinea.com\\\/ca\\\/espais-de-treball-pensats-per-a-les-persones\\\/#primaryimage\"},\"image\":{\"@id\":\"https:\\\/\\\/www.mobellinea.com\\\/ca\\\/espais-de-treball-pensats-per-a-les-persones\\\/#primaryimage\"},\"thumbnailUrl\":\"https:\\\/\\\/www.mobellinea.com\\\/wp-content\\\/uploads\\\/2025\\\/11\\\/blog_f04.jpg\",\"datePublished\":\"2025-05-14T13:54:00+00:00\",\"dateModified\":\"2025-12-19T12:10:23+00:00\",\"author\":{\"@id\":\"https:\\\/\\\/mobellinea.com\\\/en\\\/#\\\/schema\\\/person\\\/518e40fa1dcd8c2ef7106c7561ae3ddb\"},\"description\":\"Crear entorns laborals que prioritzin el benestar de les persones no \u00e9s nom\u00e9s una tend\u00e8ncia, sin\u00f3 un comprom\u00eds empresarial clau per a millorar la\",\"breadcrumb\":{\"@id\":\"https:\\\/\\\/www.mobellinea.com\\\/ca\\\/espais-de-treball-pensats-per-a-les-persones\\\/#breadcrumb\"},\"inLanguage\":\"ca\",\"potentialAction\":[{\"@type\":\"ReadAction\",\"target\":[\"https:\\\/\\\/www.mobellinea.com\\\/ca\\\/espais-de-treball-pensats-per-a-les-persones\\\/\"]}]},{\"@type\":\"ImageObject\",\"inLanguage\":\"ca\",\"@id\":\"https:\\\/\\\/www.mobellinea.com\\\/ca\\\/espais-de-treball-pensats-per-a-les-persones\\\/#primaryimage\",\"url\":\"https:\\\/\\\/www.mobellinea.com\\\/wp-content\\\/uploads\\\/2025\\\/11\\\/blog_f04.jpg\",\"contentUrl\":\"https:\\\/\\\/www.mobellinea.com\\\/wp-content\\\/uploads\\\/2025\\\/11\\\/blog_f04.jpg\",\"width\":1920,\"height\":900},{\"@type\":\"BreadcrumbList\",\"@id\":\"https:\\\/\\\/www.mobellinea.com\\\/ca\\\/espais-de-treball-pensats-per-a-les-persones\\\/#breadcrumb\",\"itemListElement\":[{\"@type\":\"ListItem\",\"position\":1,\"name\":\"Home\",\"item\":\"https:\\\/\\\/www.mobellinea.com\\\/ca\\\/inici\\\/\"},{\"@type\":\"ListItem\",\"position\":2,\"name\":\"Benestar\",\"item\":\"https:\\\/\\\/www.mobellinea.com\\\/ca\\\/category\\\/benestar\\\/\"},{\"@type\":\"ListItem\",\"position\":3,\"name\":\"Espais de treball pensats per a les persones\"}]},{\"@type\":\"WebSite\",\"@id\":\"https:\\\/\\\/mobellinea.com\\\/en\\\/#website\",\"url\":\"https:\\\/\\\/mobellinea.com\\\/en\\\/\",\"name\":\"MobelLinea\",\"description\":\"Dise\u00f1amos y fabricamos soluciones de mobiliario para oficinas y espacios colectivos. Creamos entornos honestos, funcionales y humanos, pensados para mejorar la vida de las personas\",\"alternateName\":\"Mobel Linea\",\"potentialAction\":[{\"@type\":\"SearchAction\",\"target\":{\"@type\":\"EntryPoint\",\"urlTemplate\":\"https:\\\/\\\/mobellinea.com\\\/en\\\/?s={search_term_string}\"},\"query-input\":{\"@type\":\"PropertyValueSpecification\",\"valueRequired\":true,\"valueName\":\"search_term_string\"}}],\"inLanguage\":\"ca\"},{\"@type\":\"Person\",\"@id\":\"https:\\\/\\\/mobellinea.com\\\/en\\\/#\\\/schema\\\/person\\\/518e40fa1dcd8c2ef7106c7561ae3ddb\",\"name\":\"Anna\",\"image\":{\"@type\":\"ImageObject\",\"inLanguage\":\"ca\",\"@id\":\"https:\\\/\\\/secure.gravatar.com\\\/avatar\\\/8adc17f1354e8252029a3205a793c695de1d4150636fd00a689f76f96e8a4c98?s=96&d=mm&r=g\",\"url\":\"https:\\\/\\\/secure.gravatar.com\\\/avatar\\\/8adc17f1354e8252029a3205a793c695de1d4150636fd00a689f76f96e8a4c98?s=96&d=mm&r=g\",\"contentUrl\":\"https:\\\/\\\/secure.gravatar.com\\\/avatar\\\/8adc17f1354e8252029a3205a793c695de1d4150636fd00a689f76f96e8a4c98?s=96&d=mm&r=g\",\"caption\":\"Anna\"}}]}<\/script>\n<!-- \/ Yoast SEO Premium plugin. -->","yoast_head_json":{"title":"Espais de treball pensats per a les persones - Mobellinea","description":"Crear entorns laborals que prioritzin el benestar de les persones no \u00e9s nom\u00e9s una tend\u00e8ncia, sin\u00f3 un comprom\u00eds empresarial clau per a millorar la","robots":{"index":"index","follow":"follow","max-snippet":"max-snippet:-1","max-image-preview":"max-image-preview:large","max-video-preview":"max-video-preview:-1"},"canonical":"https:\/\/www.mobellinea.com\/ca\/espais-de-treball-pensats-per-a-les-persones\/","og_locale":"ca_ES","og_type":"article","og_title":"Espais de treball pensats per a les persones","og_description":"Crear entorns laborals que prioritzin el benestar de les persones no \u00e9s nom\u00e9s una tend\u00e8ncia, sin\u00f3 un comprom\u00eds empresarial clau per a millorar la","og_url":"https:\/\/www.mobellinea.com\/ca\/espais-de-treball-pensats-per-a-les-persones\/","og_site_name":"Mobellinea","article_publisher":"https:\/\/www.facebook.com\/mobellineasl","article_published_time":"2025-05-14T13:54:00+00:00","article_modified_time":"2025-12-19T12:10:23+00:00","og_image":[{"width":1920,"height":900,"url":"https:\/\/www.mobellinea.com\/wp-content\/uploads\/2025\/11\/blog_f04.jpg","type":"image\/jpeg"}],"author":"Anna","twitter_card":"summary_large_image","twitter_misc":{"Escrit per":"Anna","Temps estimat de lectura":"3 minuts"},"schema":{"@context":"https:\/\/schema.org","@graph":[{"@type":"Article","@id":"https:\/\/www.mobellinea.com\/ca\/espais-de-treball-pensats-per-a-les-persones\/#article","isPartOf":{"@id":"https:\/\/www.mobellinea.com\/ca\/espais-de-treball-pensats-per-a-les-persones\/"},"author":{"name":"Anna","@id":"https:\/\/mobellinea.com\/en\/#\/schema\/person\/518e40fa1dcd8c2ef7106c7561ae3ddb"},"headline":"Espais de treball pensats per a les persones","datePublished":"2025-05-14T13:54:00+00:00","dateModified":"2025-12-19T12:10:23+00:00","mainEntityOfPage":{"@id":"https:\/\/www.mobellinea.com\/ca\/espais-de-treball-pensats-per-a-les-persones\/"},"wordCount":262,"image":{"@id":"https:\/\/www.mobellinea.com\/ca\/espais-de-treball-pensats-per-a-les-persones\/#primaryimage"},"thumbnailUrl":"https:\/\/www.mobellinea.com\/wp-content\/uploads\/2025\/11\/blog_f04.jpg","articleSection":["Benestar"],"inLanguage":"ca"},{"@type":"WebPage","@id":"https:\/\/www.mobellinea.com\/ca\/espais-de-treball-pensats-per-a-les-persones\/","url":"https:\/\/www.mobellinea.com\/ca\/espais-de-treball-pensats-per-a-les-persones\/","name":"Espais de treball pensats per a les persones - Mobellinea","isPartOf":{"@id":"https:\/\/mobellinea.com\/en\/#website"},"primaryImageOfPage":{"@id":"https:\/\/www.mobellinea.com\/ca\/espais-de-treball-pensats-per-a-les-persones\/#primaryimage"},"image":{"@id":"https:\/\/www.mobellinea.com\/ca\/espais-de-treball-pensats-per-a-les-persones\/#primaryimage"},"thumbnailUrl":"https:\/\/www.mobellinea.com\/wp-content\/uploads\/2025\/11\/blog_f04.jpg","datePublished":"2025-05-14T13:54:00+00:00","dateModified":"2025-12-19T12:10:23+00:00","author":{"@id":"https:\/\/mobellinea.com\/en\/#\/schema\/person\/518e40fa1dcd8c2ef7106c7561ae3ddb"},"description":"Crear entorns laborals que prioritzin el benestar de les persones no \u00e9s nom\u00e9s una tend\u00e8ncia, sin\u00f3 un comprom\u00eds empresarial clau per a millorar la","breadcrumb":{"@id":"https:\/\/www.mobellinea.com\/ca\/espais-de-treball-pensats-per-a-les-persones\/#breadcrumb"},"inLanguage":"ca","potentialAction":[{"@type":"ReadAction","target":["https:\/\/www.mobellinea.com\/ca\/espais-de-treball-pensats-per-a-les-persones\/"]}]},{"@type":"ImageObject","inLanguage":"ca","@id":"https:\/\/www.mobellinea.com\/ca\/espais-de-treball-pensats-per-a-les-persones\/#primaryimage","url":"https:\/\/www.mobellinea.com\/wp-content\/uploads\/2025\/11\/blog_f04.jpg","contentUrl":"https:\/\/www.mobellinea.com\/wp-content\/uploads\/2025\/11\/blog_f04.jpg","width":1920,"height":900},{"@type":"BreadcrumbList","@id":"https:\/\/www.mobellinea.com\/ca\/espais-de-treball-pensats-per-a-les-persones\/#breadcrumb","itemListElement":[{"@type":"ListItem","position":1,"name":"Home","item":"https:\/\/www.mobellinea.com\/ca\/inici\/"},{"@type":"ListItem","position":2,"name":"Benestar","item":"https:\/\/www.mobellinea.com\/ca\/category\/benestar\/"},{"@type":"ListItem","position":3,"name":"Espais de treball pensats per a les persones"}]},{"@type":"WebSite","@id":"https:\/\/mobellinea.com\/en\/#website","url":"https:\/\/mobellinea.com\/en\/","name":"MobelLinea","description":"Dise\u00f1amos y fabricamos soluciones de mobiliario para oficinas y espacios colectivos. Creamos entornos honestos, funcionales y humanos, pensados para mejorar la vida de las personas","alternateName":"Mobel Linea","potentialAction":[{"@type":"SearchAction","target":{"@type":"EntryPoint","urlTemplate":"https:\/\/mobellinea.com\/en\/?s={search_term_string}"},"query-input":{"@type":"PropertyValueSpecification","valueRequired":true,"valueName":"search_term_string"}}],"inLanguage":"ca"},{"@type":"Person","@id":"https:\/\/mobellinea.com\/en\/#\/schema\/person\/518e40fa1dcd8c2ef7106c7561ae3ddb","name":"Anna","image":{"@type":"ImageObject","inLanguage":"ca","@id":"https:\/\/secure.gravatar.com\/avatar\/8adc17f1354e8252029a3205a793c695de1d4150636fd00a689f76f96e8a4c98?s=96&d=mm&r=g","url":"https:\/\/secure.gravatar.com\/avatar\/8adc17f1354e8252029a3205a793c695de1d4150636fd00a689f76f96e8a4c98?s=96&d=mm&r=g","contentUrl":"https:\/\/secure.gravatar.com\/avatar\/8adc17f1354e8252029a3205a793c695de1d4150636fd00a689f76f96e8a4c98?s=96&d=mm&r=g","caption":"Anna"}}]}},"uagb_featured_image_src":{"full":["https:\/\/www.mobellinea.com\/wp-content\/uploads\/2025\/11\/blog_f04.jpg",1920,900,false],"thumbnail":["https:\/\/www.mobellinea.com\/wp-content\/uploads\/2025\/11\/blog_f04-150x150.jpg",150,150,true],"medium":["https:\/\/www.mobellinea.com\/wp-content\/uploads\/2025\/11\/blog_f04-320x150.jpg",320,150,true],"medium_large":["https:\/\/www.mobellinea.com\/wp-content\/uploads\/2025\/11\/blog_f04-680x319.jpg",680,319,true],"large":["https:\/\/www.mobellinea.com\/wp-content\/uploads\/2025\/11\/blog_f04-1000x469.jpg",1000,469,true],"pieces_card":["https:\/\/www.mobellinea.com\/wp-content\/uploads\/2025\/11\/blog_f04-140x173.jpg",140,173,true],"gform-image-choice-sm":["https:\/\/www.mobellinea.com\/wp-content\/uploads\/2025\/11\/blog_f04.jpg",300,141,false],"gform-image-choice-md":["https:\/\/www.mobellinea.com\/wp-content\/uploads\/2025\/11\/blog_f04.jpg",400,188,false],"gform-image-choice-lg":["https:\/\/www.mobellinea.com\/wp-content\/uploads\/2025\/11\/blog_f04.jpg",600,281,false]},"uagb_author_info":{"display_name":"Anna","author_link":"https:\/\/www.mobellinea.com\/ca\/author\/annareigmobellinea-es\/"},"uagb_comment_info":0,"uagb_excerpt":"Crear entorns laborals que prioritzin el benestar de les persones no \u00e9s nom\u00e9s una tend\u00e8ncia, sin\u00f3 un comprom\u00eds empresarial clau per a millorar la productivitat i la satisfacci\u00f3 dels equips. Per a aconseguir-ho, els dissenyadors d&#8217;interiors han d&#8217;afrontar quatre reptes fonamentals en cada projecte d&#8217;oficines. Les persones al centre El disseny d&#8217;un espai de treball&hellip;","_links":{"self":[{"href":"https:\/\/www.mobellinea.com\/ca\/wp-json\/wp\/v2\/posts\/5831","targetHints":{"allow":["GET"]}}],"collection":[{"href":"https:\/\/www.mobellinea.com\/ca\/wp-json\/wp\/v2\/posts"}],"about":[{"href":"https:\/\/www.mobellinea.com\/ca\/wp-json\/wp\/v2\/types\/post"}],"author":[{"embeddable":true,"href":"https:\/\/www.mobellinea.com\/ca\/wp-json\/wp\/v2\/users\/8"}],"replies":[{"embeddable":true,"href":"https:\/\/www.mobellinea.com\/ca\/wp-json\/wp\/v2\/comments?post=5831"}],"version-history":[{"count":2,"href":"https:\/\/www.mobellinea.com\/ca\/wp-json\/wp\/v2\/posts\/5831\/revisions"}],"predecessor-version":[{"id":16652,"href":"https:\/\/www.mobellinea.com\/ca\/wp-json\/wp\/v2\/posts\/5831\/revisions\/16652"}],"wp:featuredmedia":[{"embeddable":true,"href":"https:\/\/www.mobellinea.com\/ca\/wp-json\/wp\/v2\/media\/17179"}],"wp:attachment":[{"href":"https:\/\/www.mobellinea.com\/ca\/wp-json\/wp\/v2\/media?parent=5831"}],"wp:term":[{"taxonomy":"category","embeddable":true,"href":"https:\/\/www.mobellinea.com\/ca\/wp-json\/wp\/v2\/categories?post=5831"},{"taxonomy":"post_tag","embeddable":true,"href":"https:\/\/www.mobellinea.com\/ca\/wp-json\/wp\/v2\/tags?post=5831"}],"curies":[{"name":"wp","href":"https:\/\/api.w.org\/{rel}","templated":true}]}}