{"id":5801,"date":"2025-04-01T16:02:00","date_gmt":"2025-04-01T14:02:00","guid":{"rendered":"https:\/\/www.mobellinea.com\/levita-una-peca-per-als-amants-del-disseny\/"},"modified":"2025-12-19T13:11:27","modified_gmt":"2025-12-19T12:11:27","slug":"levita-una-peca-per-als-amants-del-disseny","status":"publish","type":"post","link":"https:\/\/www.mobellinea.com\/ca\/levita-una-peca-per-als-amants-del-disseny\/","title":{"rendered":"Levita: una pe\u00e7a per als amants del disseny."},"content":{"rendered":"\n<p class=\"wp-block-paragraph\">Eleg\u00e0ncia i confort es combinen en un disseny lleuger, acollidor i sofisticat. Creada per Trevor Hollard, Levita \u00e9s una declaraci\u00f3 d&#8217;estil i personalitat dins de la nostra col\u00b7lecci\u00f3 mobel sit. El seu disseny avantguardista la converteix en l&#8217;aliada perfecta per a entorns de treball moderns i espais executius, aportant distinci\u00f3 i personalitat en cada detall.  <\/p>\n\n\n\n<p class=\"has-xx-large-font-size wp-block-paragraph\">Eleg\u00e0ncia i confort a tres altures<\/p>\n\n\n\n<p class=\"wp-block-paragraph\">Pensada per a integrar-se de manera natural en qualsevol entorn, Levita s&#8217;adapta a les necessitats de cada espai gr\u00e0cies a les seves tres opcions de respatller. El seu disseny vers\u00e0til permet moblar des de despatxos executius fins a zones de treball i \u00e0rees de reuni\u00f3, assegurant una est\u00e8tica uniforme i un confort excepcional. Un equilibri perfecte entre sofisticaci\u00f3, ergonomia i adaptabilitat, que transforma qualsevol oficina en un lloc on la productivitat i el disseny van de la m\u00e0.  <\/p>\n\n\n\n<figure class=\"wp-block-image size-large\"><img decoding=\"async\" src=\"data:image\/gif;base64,R0lGODlhAQABAIAAAAAAAP\/\/\/yH5BAEAAAAALAAAAAABAAEAAAIBRAA7\" data-src=\"https:\/\/www.mobellinea.com\/wp-content\/uploads\/2025\/11\/blog_f01-6.jpg\" alt=\"\" class=\"wp-image-5160 lazyload\"\/><noscript><img decoding=\"async\" width=\"1920\" height=\"900\" src=\"https:\/\/www.mobellinea.com\/wp-content\/uploads\/2025\/11\/blog_f01-6.jpg\" alt=\"\" class=\"wp-image-5160 lazyload\" srcset=\"https:\/\/www.mobellinea.com\/wp-content\/uploads\/2025\/11\/blog_f01-6.jpg 1920w, https:\/\/www.mobellinea.com\/wp-content\/uploads\/2025\/11\/blog_f01-6-320x150.jpg 320w, https:\/\/www.mobellinea.com\/wp-content\/uploads\/2025\/11\/blog_f01-6-1000x469.jpg 1000w, https:\/\/www.mobellinea.com\/wp-content\/uploads\/2025\/11\/blog_f01-6-680x319.jpg 680w\" sizes=\"(max-width: 1920px) 100vw, 1920px\" \/><\/noscript><\/figure>\n\n\n\n<p class=\"has-xx-large-font-size wp-block-paragraph\">Moviment en perfecta harmonia<\/p>\n\n\n\n<p class=\"wp-block-paragraph\">La bellesa de Levita no sols radica en la seva est\u00e8tica sofisticada, sin\u00f3 en la manera en qu\u00e8 acompanya cada moviment amb absoluta flu\u00efdesa. El seu mecanisme sincronitzat, integrat de manera impecable en el seient, crea una experi\u00e8ncia d&#8217;\u00fas intu\u00eftiva i natural, permetent transicions suaus i una postura equilibrada en tot moment. <\/p>\n\n\n\n<p class=\"wp-block-paragraph\">Dissenyada per a respondre a les exig\u00e8ncies del dia a dia, Levita s&#8217;adapta al cos, brindant un confort que se sent, per\u00f2 no es veu. Amb un disseny net i depurat, ofereix l&#8217;equilibri perfecte entre ergonomia i eleg\u00e0ncia, convertint-se en una pe\u00e7a essencial per als qui busquen funcionalitat sense renunciar a l&#8217;estil. <\/p>\n\n\n\n<figure class=\"wp-block-image size-large\"><img decoding=\"async\" src=\"data:image\/gif;base64,R0lGODlhAQABAIAAAAAAAP\/\/\/yH5BAEAAAAALAAAAAABAAEAAAIBRAA7\" data-src=\"https:\/\/www.mobellinea.com\/wp-content\/uploads\/2025\/11\/blog_f02-5-1000x469.jpg\" alt=\"\" class=\"wp-image-16666 lazyload\"\/><noscript><img decoding=\"async\" src=\"https:\/\/www.mobellinea.com\/wp-content\/uploads\/2025\/11\/blog_f02-5-1000x469.jpg\" alt=\"\" class=\"wp-image-16666 lazyload\"\/><\/noscript><\/figure>\n\n\n\n<p class=\"has-xx-large-font-size wp-block-paragraph\">Una declaraci\u00f3 d&#8217;estil<\/p>\n\n\n\n<p class=\"wp-block-paragraph\">El seu disseny permet una personalitzaci\u00f3 total a trav\u00e9s de l&#8217;\u00e0mplia gamma d&#8217;entapissats mobel linea. Aquesta personalitzaci\u00f3 brinda la possibilitat de crear dissenys \u00fanics que s&#8217;ajustin a qualsevol estil: tons neutres per a un ambient sobri i elegant, o colors vibrants per a un espai din\u00e0mic i creatiu. Levita ofereix la llibertat d&#8217;aportar el color necessari per a reflectir la identitat de cada entorn. <\/p>\n\n\n\n<figure class=\"wp-block-image size-large\"><img decoding=\"async\" src=\"data:image\/gif;base64,R0lGODlhAQABAIAAAAAAAP\/\/\/yH5BAEAAAAALAAAAAABAAEAAAIBRAA7\" data-src=\"https:\/\/www.mobellinea.com\/wp-content\/uploads\/2025\/11\/blog_f03-5-1000x469.jpg\" alt=\"\" class=\"wp-image-16667 lazyload\"\/><noscript><img decoding=\"async\" src=\"https:\/\/www.mobellinea.com\/wp-content\/uploads\/2025\/11\/blog_f03-5-1000x469.jpg\" alt=\"\" class=\"wp-image-16667 lazyload\"\/><\/noscript><\/figure>\n\n\n\n<p class=\"wp-block-paragraph\">Levita, una pe\u00e7a per als amants del disseny, capa\u00e7 de convertir l&#8217;espai de treball en un refugi acollidor i aconseguir l&#8217;harmonia perfecta entre bellesa i funcionalitat.<\/p>\n","protected":false},"excerpt":{"rendered":"<p>Eleg\u00e0ncia i confort es combinen en un disseny lleuger, acollidor i sofisticat. Creada per Trevor Hollard, Levita \u00e9s una declaraci\u00f3 d&#8217;estil i personalitat dins de la nostra col\u00b7lecci\u00f3 mobel sit. El seu disseny avantguardista la converteix en l&#8217;aliada perfecta per a entorns de treball moderns i espais executius, aportant distinci\u00f3 i personalitat en cada detall. [&hellip;]<\/p>\n","protected":false},"author":8,"featured_media":17183,"comment_status":"closed","ping_status":"closed","sticky":false,"template":"","format":"standard","meta":{"_acf_changed":false,"_uag_custom_page_level_css":"","footnotes":""},"categories":[352,350],"tags":[],"class_list":["post-5801","post","type-post","status-publish","format-standard","has-post-thumbnail","hentry","category-coleccions","category-productes"],"acf":[],"yoast_head":"<!-- This site is optimized with the Yoast SEO Premium plugin v26.6 (Yoast SEO v27.6) - https:\/\/yoast.com\/product\/yoast-seo-premium-wordpress\/ -->\n<title>Levita: una pe\u00e7a per als amants del disseny. - Mobellinea<\/title>\n<meta name=\"description\" content=\"Eleg\u00e0ncia i confort es combinen en un disseny lleuger, acollidor i sofisticat. Creada per Trevor Hollard, Levita \u00e9s una declaraci\u00f3 d&#039;estil i personalitat\" \/>\n<meta name=\"robots\" content=\"index, follow, max-snippet:-1, max-image-preview:large, max-video-preview:-1\" \/>\n<link rel=\"canonical\" href=\"https:\/\/www.mobellinea.com\/ca\/levita-una-peca-per-als-amants-del-disseny\/\" \/>\n<meta property=\"og:locale\" content=\"ca_ES\" \/>\n<meta property=\"og:type\" content=\"article\" \/>\n<meta property=\"og:title\" content=\"Levita: una pe\u00e7a per als amants del disseny.\" \/>\n<meta property=\"og:description\" content=\"Eleg\u00e0ncia i confort es combinen en un disseny lleuger, acollidor i sofisticat. Creada per Trevor Hollard, Levita \u00e9s una declaraci\u00f3 d&#039;estil i personalitat\" \/>\n<meta property=\"og:url\" content=\"https:\/\/www.mobellinea.com\/ca\/levita-una-peca-per-als-amants-del-disseny\/\" \/>\n<meta property=\"og:site_name\" content=\"Mobellinea\" \/>\n<meta property=\"article:publisher\" content=\"https:\/\/www.facebook.com\/mobellineasl\" \/>\n<meta property=\"article:published_time\" content=\"2025-04-01T14:02:00+00:00\" \/>\n<meta property=\"article:modified_time\" content=\"2025-12-19T12:11:27+00:00\" \/>\n<meta property=\"og:image\" content=\"https:\/\/www.mobellinea.com\/wp-content\/uploads\/2025\/11\/blog_f01-6.jpg\" \/>\n\t<meta property=\"og:image:width\" content=\"1920\" \/>\n\t<meta property=\"og:image:height\" content=\"900\" \/>\n\t<meta property=\"og:image:type\" content=\"image\/jpeg\" \/>\n<meta name=\"author\" content=\"Anna\" \/>\n<meta name=\"twitter:card\" content=\"summary_large_image\" \/>\n<meta name=\"twitter:label1\" content=\"Escrit per\" \/>\n\t<meta name=\"twitter:data1\" content=\"Anna\" \/>\n\t<meta name=\"twitter:label2\" content=\"Temps estimat de lectura\" \/>\n\t<meta name=\"twitter:data2\" content=\"3 minuts\" \/>\n<script type=\"application\/ld+json\" class=\"yoast-schema-graph\">{\"@context\":\"https:\\\/\\\/schema.org\",\"@graph\":[{\"@type\":\"Article\",\"@id\":\"https:\\\/\\\/www.mobellinea.com\\\/ca\\\/levita-una-peca-per-als-amants-del-disseny\\\/#article\",\"isPartOf\":{\"@id\":\"https:\\\/\\\/www.mobellinea.com\\\/ca\\\/levita-una-peca-per-als-amants-del-disseny\\\/\"},\"author\":{\"name\":\"Anna\",\"@id\":\"https:\\\/\\\/mobellinea.com\\\/en\\\/#\\\/schema\\\/person\\\/518e40fa1dcd8c2ef7106c7561ae3ddb\"},\"headline\":\"Levita: una pe\u00e7a per als amants del disseny.\",\"datePublished\":\"2025-04-01T14:02:00+00:00\",\"dateModified\":\"2025-12-19T12:11:27+00:00\",\"mainEntityOfPage\":{\"@id\":\"https:\\\/\\\/www.mobellinea.com\\\/ca\\\/levita-una-peca-per-als-amants-del-disseny\\\/\"},\"wordCount\":379,\"image\":{\"@id\":\"https:\\\/\\\/www.mobellinea.com\\\/ca\\\/levita-una-peca-per-als-amants-del-disseny\\\/#primaryimage\"},\"thumbnailUrl\":\"https:\\\/\\\/www.mobellinea.com\\\/wp-content\\\/uploads\\\/2025\\\/11\\\/blog_f01-6.jpg\",\"articleSection\":[\"Col\u00b7leccions\",\"Productes\"],\"inLanguage\":\"ca\"},{\"@type\":\"WebPage\",\"@id\":\"https:\\\/\\\/www.mobellinea.com\\\/ca\\\/levita-una-peca-per-als-amants-del-disseny\\\/\",\"url\":\"https:\\\/\\\/www.mobellinea.com\\\/ca\\\/levita-una-peca-per-als-amants-del-disseny\\\/\",\"name\":\"Levita: una pe\u00e7a per als amants del disseny. - Mobellinea\",\"isPartOf\":{\"@id\":\"https:\\\/\\\/mobellinea.com\\\/en\\\/#website\"},\"primaryImageOfPage\":{\"@id\":\"https:\\\/\\\/www.mobellinea.com\\\/ca\\\/levita-una-peca-per-als-amants-del-disseny\\\/#primaryimage\"},\"image\":{\"@id\":\"https:\\\/\\\/www.mobellinea.com\\\/ca\\\/levita-una-peca-per-als-amants-del-disseny\\\/#primaryimage\"},\"thumbnailUrl\":\"https:\\\/\\\/www.mobellinea.com\\\/wp-content\\\/uploads\\\/2025\\\/11\\\/blog_f01-6.jpg\",\"datePublished\":\"2025-04-01T14:02:00+00:00\",\"dateModified\":\"2025-12-19T12:11:27+00:00\",\"author\":{\"@id\":\"https:\\\/\\\/mobellinea.com\\\/en\\\/#\\\/schema\\\/person\\\/518e40fa1dcd8c2ef7106c7561ae3ddb\"},\"description\":\"Eleg\u00e0ncia i confort es combinen en un disseny lleuger, acollidor i sofisticat. Creada per Trevor Hollard, Levita \u00e9s una declaraci\u00f3 d'estil i personalitat\",\"breadcrumb\":{\"@id\":\"https:\\\/\\\/www.mobellinea.com\\\/ca\\\/levita-una-peca-per-als-amants-del-disseny\\\/#breadcrumb\"},\"inLanguage\":\"ca\",\"potentialAction\":[{\"@type\":\"ReadAction\",\"target\":[\"https:\\\/\\\/www.mobellinea.com\\\/ca\\\/levita-una-peca-per-als-amants-del-disseny\\\/\"]}]},{\"@type\":\"ImageObject\",\"inLanguage\":\"ca\",\"@id\":\"https:\\\/\\\/www.mobellinea.com\\\/ca\\\/levita-una-peca-per-als-amants-del-disseny\\\/#primaryimage\",\"url\":\"https:\\\/\\\/www.mobellinea.com\\\/wp-content\\\/uploads\\\/2025\\\/11\\\/blog_f01-6.jpg\",\"contentUrl\":\"https:\\\/\\\/www.mobellinea.com\\\/wp-content\\\/uploads\\\/2025\\\/11\\\/blog_f01-6.jpg\",\"width\":1920,\"height\":900},{\"@type\":\"BreadcrumbList\",\"@id\":\"https:\\\/\\\/www.mobellinea.com\\\/ca\\\/levita-una-peca-per-als-amants-del-disseny\\\/#breadcrumb\",\"itemListElement\":[{\"@type\":\"ListItem\",\"position\":1,\"name\":\"Home\",\"item\":\"https:\\\/\\\/www.mobellinea.com\\\/ca\\\/inici\\\/\"},{\"@type\":\"ListItem\",\"position\":2,\"name\":\"Col\u00b7leccions\",\"item\":\"https:\\\/\\\/www.mobellinea.com\\\/ca\\\/category\\\/coleccions\\\/\"},{\"@type\":\"ListItem\",\"position\":3,\"name\":\"Levita: una pe\u00e7a per als amants del disseny.\"}]},{\"@type\":\"WebSite\",\"@id\":\"https:\\\/\\\/mobellinea.com\\\/en\\\/#website\",\"url\":\"https:\\\/\\\/mobellinea.com\\\/en\\\/\",\"name\":\"MobelLinea\",\"description\":\"Dise\u00f1amos y fabricamos soluciones de mobiliario para oficinas y espacios colectivos. Creamos entornos honestos, funcionales y humanos, pensados para mejorar la vida de las personas\",\"alternateName\":\"Mobel Linea\",\"potentialAction\":[{\"@type\":\"SearchAction\",\"target\":{\"@type\":\"EntryPoint\",\"urlTemplate\":\"https:\\\/\\\/mobellinea.com\\\/en\\\/?s={search_term_string}\"},\"query-input\":{\"@type\":\"PropertyValueSpecification\",\"valueRequired\":true,\"valueName\":\"search_term_string\"}}],\"inLanguage\":\"ca\"},{\"@type\":\"Person\",\"@id\":\"https:\\\/\\\/mobellinea.com\\\/en\\\/#\\\/schema\\\/person\\\/518e40fa1dcd8c2ef7106c7561ae3ddb\",\"name\":\"Anna\",\"image\":{\"@type\":\"ImageObject\",\"inLanguage\":\"ca\",\"@id\":\"https:\\\/\\\/secure.gravatar.com\\\/avatar\\\/8adc17f1354e8252029a3205a793c695de1d4150636fd00a689f76f96e8a4c98?s=96&d=mm&r=g\",\"url\":\"https:\\\/\\\/secure.gravatar.com\\\/avatar\\\/8adc17f1354e8252029a3205a793c695de1d4150636fd00a689f76f96e8a4c98?s=96&d=mm&r=g\",\"contentUrl\":\"https:\\\/\\\/secure.gravatar.com\\\/avatar\\\/8adc17f1354e8252029a3205a793c695de1d4150636fd00a689f76f96e8a4c98?s=96&d=mm&r=g\",\"caption\":\"Anna\"}}]}<\/script>\n<!-- \/ Yoast SEO Premium plugin. -->","yoast_head_json":{"title":"Levita: una pe\u00e7a per als amants del disseny. - Mobellinea","description":"Eleg\u00e0ncia i confort es combinen en un disseny lleuger, acollidor i sofisticat. Creada per Trevor Hollard, Levita \u00e9s una declaraci\u00f3 d'estil i personalitat","robots":{"index":"index","follow":"follow","max-snippet":"max-snippet:-1","max-image-preview":"max-image-preview:large","max-video-preview":"max-video-preview:-1"},"canonical":"https:\/\/www.mobellinea.com\/ca\/levita-una-peca-per-als-amants-del-disseny\/","og_locale":"ca_ES","og_type":"article","og_title":"Levita: una pe\u00e7a per als amants del disseny.","og_description":"Eleg\u00e0ncia i confort es combinen en un disseny lleuger, acollidor i sofisticat. Creada per Trevor Hollard, Levita \u00e9s una declaraci\u00f3 d'estil i personalitat","og_url":"https:\/\/www.mobellinea.com\/ca\/levita-una-peca-per-als-amants-del-disseny\/","og_site_name":"Mobellinea","article_publisher":"https:\/\/www.facebook.com\/mobellineasl","article_published_time":"2025-04-01T14:02:00+00:00","article_modified_time":"2025-12-19T12:11:27+00:00","og_image":[{"width":1920,"height":900,"url":"https:\/\/www.mobellinea.com\/wp-content\/uploads\/2025\/11\/blog_f01-6.jpg","type":"image\/jpeg"}],"author":"Anna","twitter_card":"summary_large_image","twitter_misc":{"Escrit per":"Anna","Temps estimat de lectura":"3 minuts"},"schema":{"@context":"https:\/\/schema.org","@graph":[{"@type":"Article","@id":"https:\/\/www.mobellinea.com\/ca\/levita-una-peca-per-als-amants-del-disseny\/#article","isPartOf":{"@id":"https:\/\/www.mobellinea.com\/ca\/levita-una-peca-per-als-amants-del-disseny\/"},"author":{"name":"Anna","@id":"https:\/\/mobellinea.com\/en\/#\/schema\/person\/518e40fa1dcd8c2ef7106c7561ae3ddb"},"headline":"Levita: una pe\u00e7a per als amants del disseny.","datePublished":"2025-04-01T14:02:00+00:00","dateModified":"2025-12-19T12:11:27+00:00","mainEntityOfPage":{"@id":"https:\/\/www.mobellinea.com\/ca\/levita-una-peca-per-als-amants-del-disseny\/"},"wordCount":379,"image":{"@id":"https:\/\/www.mobellinea.com\/ca\/levita-una-peca-per-als-amants-del-disseny\/#primaryimage"},"thumbnailUrl":"https:\/\/www.mobellinea.com\/wp-content\/uploads\/2025\/11\/blog_f01-6.jpg","articleSection":["Col\u00b7leccions","Productes"],"inLanguage":"ca"},{"@type":"WebPage","@id":"https:\/\/www.mobellinea.com\/ca\/levita-una-peca-per-als-amants-del-disseny\/","url":"https:\/\/www.mobellinea.com\/ca\/levita-una-peca-per-als-amants-del-disseny\/","name":"Levita: una pe\u00e7a per als amants del disseny. - Mobellinea","isPartOf":{"@id":"https:\/\/mobellinea.com\/en\/#website"},"primaryImageOfPage":{"@id":"https:\/\/www.mobellinea.com\/ca\/levita-una-peca-per-als-amants-del-disseny\/#primaryimage"},"image":{"@id":"https:\/\/www.mobellinea.com\/ca\/levita-una-peca-per-als-amants-del-disseny\/#primaryimage"},"thumbnailUrl":"https:\/\/www.mobellinea.com\/wp-content\/uploads\/2025\/11\/blog_f01-6.jpg","datePublished":"2025-04-01T14:02:00+00:00","dateModified":"2025-12-19T12:11:27+00:00","author":{"@id":"https:\/\/mobellinea.com\/en\/#\/schema\/person\/518e40fa1dcd8c2ef7106c7561ae3ddb"},"description":"Eleg\u00e0ncia i confort es combinen en un disseny lleuger, acollidor i sofisticat. Creada per Trevor Hollard, Levita \u00e9s una declaraci\u00f3 d'estil i personalitat","breadcrumb":{"@id":"https:\/\/www.mobellinea.com\/ca\/levita-una-peca-per-als-amants-del-disseny\/#breadcrumb"},"inLanguage":"ca","potentialAction":[{"@type":"ReadAction","target":["https:\/\/www.mobellinea.com\/ca\/levita-una-peca-per-als-amants-del-disseny\/"]}]},{"@type":"ImageObject","inLanguage":"ca","@id":"https:\/\/www.mobellinea.com\/ca\/levita-una-peca-per-als-amants-del-disseny\/#primaryimage","url":"https:\/\/www.mobellinea.com\/wp-content\/uploads\/2025\/11\/blog_f01-6.jpg","contentUrl":"https:\/\/www.mobellinea.com\/wp-content\/uploads\/2025\/11\/blog_f01-6.jpg","width":1920,"height":900},{"@type":"BreadcrumbList","@id":"https:\/\/www.mobellinea.com\/ca\/levita-una-peca-per-als-amants-del-disseny\/#breadcrumb","itemListElement":[{"@type":"ListItem","position":1,"name":"Home","item":"https:\/\/www.mobellinea.com\/ca\/inici\/"},{"@type":"ListItem","position":2,"name":"Col\u00b7leccions","item":"https:\/\/www.mobellinea.com\/ca\/category\/coleccions\/"},{"@type":"ListItem","position":3,"name":"Levita: una pe\u00e7a per als amants del disseny."}]},{"@type":"WebSite","@id":"https:\/\/mobellinea.com\/en\/#website","url":"https:\/\/mobellinea.com\/en\/","name":"MobelLinea","description":"Dise\u00f1amos y fabricamos soluciones de mobiliario para oficinas y espacios colectivos. Creamos entornos honestos, funcionales y humanos, pensados para mejorar la vida de las personas","alternateName":"Mobel Linea","potentialAction":[{"@type":"SearchAction","target":{"@type":"EntryPoint","urlTemplate":"https:\/\/mobellinea.com\/en\/?s={search_term_string}"},"query-input":{"@type":"PropertyValueSpecification","valueRequired":true,"valueName":"search_term_string"}}],"inLanguage":"ca"},{"@type":"Person","@id":"https:\/\/mobellinea.com\/en\/#\/schema\/person\/518e40fa1dcd8c2ef7106c7561ae3ddb","name":"Anna","image":{"@type":"ImageObject","inLanguage":"ca","@id":"https:\/\/secure.gravatar.com\/avatar\/8adc17f1354e8252029a3205a793c695de1d4150636fd00a689f76f96e8a4c98?s=96&d=mm&r=g","url":"https:\/\/secure.gravatar.com\/avatar\/8adc17f1354e8252029a3205a793c695de1d4150636fd00a689f76f96e8a4c98?s=96&d=mm&r=g","contentUrl":"https:\/\/secure.gravatar.com\/avatar\/8adc17f1354e8252029a3205a793c695de1d4150636fd00a689f76f96e8a4c98?s=96&d=mm&r=g","caption":"Anna"}}]}},"uagb_featured_image_src":{"full":["https:\/\/www.mobellinea.com\/wp-content\/uploads\/2025\/11\/blog_f01-6.jpg",1920,900,false],"thumbnail":["https:\/\/www.mobellinea.com\/wp-content\/uploads\/2025\/11\/blog_f01-6-150x150.jpg",150,150,true],"medium":["https:\/\/www.mobellinea.com\/wp-content\/uploads\/2025\/11\/blog_f01-6-320x150.jpg",320,150,true],"medium_large":["https:\/\/www.mobellinea.com\/wp-content\/uploads\/2025\/11\/blog_f01-6-680x319.jpg",680,319,true],"large":["https:\/\/www.mobellinea.com\/wp-content\/uploads\/2025\/11\/blog_f01-6-1000x469.jpg",1000,469,true],"pieces_card":["https:\/\/www.mobellinea.com\/wp-content\/uploads\/2025\/11\/blog_f01-6-140x173.jpg",140,173,true],"gform-image-choice-sm":["https:\/\/www.mobellinea.com\/wp-content\/uploads\/2025\/11\/blog_f01-6.jpg",300,141,false],"gform-image-choice-md":["https:\/\/www.mobellinea.com\/wp-content\/uploads\/2025\/11\/blog_f01-6.jpg",400,188,false],"gform-image-choice-lg":["https:\/\/www.mobellinea.com\/wp-content\/uploads\/2025\/11\/blog_f01-6.jpg",600,281,false]},"uagb_author_info":{"display_name":"Anna","author_link":"https:\/\/www.mobellinea.com\/ca\/author\/annareigmobellinea-es\/"},"uagb_comment_info":0,"uagb_excerpt":"Eleg\u00e0ncia i confort es combinen en un disseny lleuger, acollidor i sofisticat. Creada per Trevor Hollard, Levita \u00e9s una declaraci\u00f3 d&#8217;estil i personalitat dins de la nostra col\u00b7lecci\u00f3 mobel sit. El seu disseny avantguardista la converteix en l&#8217;aliada perfecta per a entorns de treball moderns i espais executius, aportant distinci\u00f3 i personalitat en cada detall.&hellip;","_links":{"self":[{"href":"https:\/\/www.mobellinea.com\/ca\/wp-json\/wp\/v2\/posts\/5801","targetHints":{"allow":["GET"]}}],"collection":[{"href":"https:\/\/www.mobellinea.com\/ca\/wp-json\/wp\/v2\/posts"}],"about":[{"href":"https:\/\/www.mobellinea.com\/ca\/wp-json\/wp\/v2\/types\/post"}],"author":[{"embeddable":true,"href":"https:\/\/www.mobellinea.com\/ca\/wp-json\/wp\/v2\/users\/8"}],"replies":[{"embeddable":true,"href":"https:\/\/www.mobellinea.com\/ca\/wp-json\/wp\/v2\/comments?post=5801"}],"version-history":[{"count":2,"href":"https:\/\/www.mobellinea.com\/ca\/wp-json\/wp\/v2\/posts\/5801\/revisions"}],"predecessor-version":[{"id":16668,"href":"https:\/\/www.mobellinea.com\/ca\/wp-json\/wp\/v2\/posts\/5801\/revisions\/16668"}],"wp:featuredmedia":[{"embeddable":true,"href":"https:\/\/www.mobellinea.com\/ca\/wp-json\/wp\/v2\/media\/17183"}],"wp:attachment":[{"href":"https:\/\/www.mobellinea.com\/ca\/wp-json\/wp\/v2\/media?parent=5801"}],"wp:term":[{"taxonomy":"category","embeddable":true,"href":"https:\/\/www.mobellinea.com\/ca\/wp-json\/wp\/v2\/categories?post=5801"},{"taxonomy":"post_tag","embeddable":true,"href":"https:\/\/www.mobellinea.com\/ca\/wp-json\/wp\/v2\/tags?post=5801"}],"curies":[{"name":"wp","href":"https:\/\/api.w.org\/{rel}","templated":true}]}}