{"id":5691,"date":"2024-11-06T11:22:00","date_gmt":"2024-11-06T10:22:00","guid":{"rendered":"https:\/\/www.mobellinea.com\/suport-i-solidaritat-per-als-afectats-per-la-dana\/"},"modified":"2025-12-23T12:55:36","modified_gmt":"2025-12-23T11:55:36","slug":"suport-i-solidaritat-per-als-afectats-per-la-dana","status":"publish","type":"post","link":"https:\/\/www.mobellinea.com\/ca\/suport-i-solidaritat-per-als-afectats-per-la-dana\/","title":{"rendered":"Suport i solidaritat per als afectats per la DANA."},"content":{"rendered":"\n<p class=\"wp-block-paragraph\">Des de Mobel Linea, lamentem profundament els efectes que els recents fen\u00f2mens meteorol\u00f2gics de la DANA han tingut en les comunitats i regions de Val\u00e8ncia. La intensitat i l&#8217;impacte d&#8217;aquestes pluges torrencials han provocat significatius danys en infraestructures, habitatges, mobiliari i entorns naturals, afectant tant particulars com a empreses. <\/p>\n\n<p class=\"wp-block-paragraph\">Davant aquesta greu situaci\u00f3 i com a part del nostre comprom\u00eds amb la societat i la nostra responsabilitat social, ens hem posat a la disposici\u00f3 de la Generalitat Valenciana per a fabricar i donar mobiliari a tots aquells que ho necessitin, una vegada conclosa aquesta primera fase de neteja. Amb aquesta iniciativa, busquem brindar suport directe a les persones i fam\u00edlies que han vist afectades les seves pertinences, llars i comer\u00e7os. <\/p>\n\n<p class=\"wp-block-paragraph\">Una vegada m\u00e9s, volem expressar el nostre suport i solidaritat amb les comunitats afectades. Enviem tot el nostre \u00e0nim i for\u00e7a als voluntaris, ve\u00efns i equips de rescat que estan treballant en la reconstrucci\u00f3 i recuperaci\u00f3 de les zones afectades. <\/p>\n\n<p class=\"wp-block-paragraph\">Estem amb vosaltres.<\/p>\n\n<p class=\"wp-block-paragraph\"><\/p>\n\n<p class=\"wp-block-paragraph\">Actualitzaci\u00f3 12\/12\/2024<\/p>\n\n<p class=\"wp-block-paragraph\">Avui ha sortit el primer enviament amb destinaci\u00f3 Val\u00e8ncia en suport solidari als afectats per la DANA. Mobel L\u00ednia ha donat 320 cadires i 80 taules, que seran distribu\u00efdes entre les persones perjudicades per aquesta cat\u00e0strofe. <\/p>\n\n<figure class=\"wp-block-image size-large\"><img decoding=\"async\" src=\"data:image\/gif;base64,R0lGODlhAQABAIAAAAAAAP\/\/\/yH5BAEAAAAALAAAAAABAAEAAAIBRAA7\" data-src=\"https:\/\/www.mobellinea.com\/wp-content\/uploads\/2025\/11\/blog_f01-12-1000x469.jpg\" alt=\"\" class=\"wp-image-5278 lazyload\"\/><noscript><img decoding=\"async\" width=\"1000\" height=\"469\" src=\"https:\/\/www.mobellinea.com\/wp-content\/uploads\/2025\/11\/blog_f01-12-1000x469.jpg\" alt=\"\" class=\"wp-image-5278 lazyload\" srcset=\"https:\/\/www.mobellinea.com\/wp-content\/uploads\/2025\/11\/blog_f01-12-1000x469.jpg 1000w, https:\/\/www.mobellinea.com\/wp-content\/uploads\/2025\/11\/blog_f01-12-320x150.jpg 320w, https:\/\/www.mobellinea.com\/wp-content\/uploads\/2025\/11\/blog_f01-12-680x319.jpg 680w, https:\/\/www.mobellinea.com\/wp-content\/uploads\/2025\/11\/blog_f01-12.jpg 1920w\" sizes=\"(max-width: 1000px) 100vw, 1000px\" \/><\/noscript><\/figure>\n\n<figure class=\"wp-block-image size-large\"><img decoding=\"async\" src=\"data:image\/gif;base64,R0lGODlhAQABAIAAAAAAAP\/\/\/yH5BAEAAAAALAAAAAABAAEAAAIBRAA7\" data-src=\"https:\/\/www.mobellinea.com\/wp-content\/uploads\/2025\/11\/blog_f02-9-1000x469.jpg\" alt=\"\" class=\"wp-image-5279 lazyload\"\/><noscript><img decoding=\"async\" width=\"1000\" height=\"469\" src=\"https:\/\/www.mobellinea.com\/wp-content\/uploads\/2025\/11\/blog_f02-9-1000x469.jpg\" alt=\"\" class=\"wp-image-5279 lazyload\" srcset=\"https:\/\/www.mobellinea.com\/wp-content\/uploads\/2025\/11\/blog_f02-9-1000x469.jpg 1000w, https:\/\/www.mobellinea.com\/wp-content\/uploads\/2025\/11\/blog_f02-9-320x150.jpg 320w, https:\/\/www.mobellinea.com\/wp-content\/uploads\/2025\/11\/blog_f02-9-680x319.jpg 680w, https:\/\/www.mobellinea.com\/wp-content\/uploads\/2025\/11\/blog_f02-9.jpg 1920w\" sizes=\"(max-width: 1000px) 100vw, 1000px\" \/><\/noscript><\/figure>\n\n<p class=\"wp-block-paragraph\">Actualizaci\u00f3n 17\/12\/2024<\/p>\n\n<p class=\"wp-block-paragraph\">Pedido entregado en la localidad de La Torre, Valencia, para las familias afectadas por la DANA.<\/p>\n\n<figure class=\"wp-block-image size-large\"><img decoding=\"async\" src=\"data:image\/gif;base64,R0lGODlhAQABAIAAAAAAAP\/\/\/yH5BAEAAAAALAAAAAABAAEAAAIBRAA7\" data-src=\"https:\/\/www.mobellinea.com\/wp-content\/uploads\/2025\/11\/blog_f03-8-1000x469.jpg\" alt=\"\" class=\"wp-image-5280 lazyload\"\/><noscript><img decoding=\"async\" width=\"1000\" height=\"469\" src=\"https:\/\/www.mobellinea.com\/wp-content\/uploads\/2025\/11\/blog_f03-8-1000x469.jpg\" alt=\"\" class=\"wp-image-5280 lazyload\" srcset=\"https:\/\/www.mobellinea.com\/wp-content\/uploads\/2025\/11\/blog_f03-8-1000x469.jpg 1000w, https:\/\/www.mobellinea.com\/wp-content\/uploads\/2025\/11\/blog_f03-8-320x150.jpg 320w, https:\/\/www.mobellinea.com\/wp-content\/uploads\/2025\/11\/blog_f03-8-680x319.jpg 680w, https:\/\/www.mobellinea.com\/wp-content\/uploads\/2025\/11\/blog_f03-8.jpg 1920w\" sizes=\"(max-width: 1000px) 100vw, 1000px\" \/><\/noscript><\/figure>\n","protected":false},"excerpt":{"rendered":"<p>Des de Mobel Linea, lamentem profundament els efectes que els recents fen\u00f2mens meteorol\u00f2gics de la DANA han tingut en les comunitats i regions de Val\u00e8ncia. La intensitat i l&#8217;impacte d&#8217;aquestes pluges torrencials han provocat significatius danys en infraestructures, habitatges, mobiliari i entorns naturals, afectant tant particulars com a empreses. Davant aquesta greu situaci\u00f3 i com [&hellip;]<\/p>\n","protected":false},"author":8,"featured_media":17195,"comment_status":"closed","ping_status":"closed","sticky":false,"template":"","format":"standard","meta":{"_acf_changed":false,"_uag_custom_page_level_css":"","footnotes":""},"categories":[349],"tags":[],"class_list":["post-5691","post","type-post","status-publish","format-standard","has-post-thumbnail","hentry","category-noticies"],"acf":[],"yoast_head":"<!-- This site is optimized with the Yoast SEO Premium plugin v26.6 (Yoast SEO v27.6) - https:\/\/yoast.com\/product\/yoast-seo-premium-wordpress\/ -->\n<title>Suport i solidaritat per als afectats per la DANA. - Mobellinea<\/title>\n<meta name=\"description\" content=\"Des de Mobel Linea, lamentem profundament els efectes que els recents fen\u00f2mens meteorol\u00f2gics de la DANA han tingut en les comunitats i regions de\" \/>\n<meta name=\"robots\" content=\"index, follow, max-snippet:-1, max-image-preview:large, max-video-preview:-1\" \/>\n<link rel=\"canonical\" href=\"https:\/\/www.mobellinea.com\/ca\/suport-i-solidaritat-per-als-afectats-per-la-dana\/\" \/>\n<meta property=\"og:locale\" content=\"ca_ES\" \/>\n<meta property=\"og:type\" content=\"article\" \/>\n<meta property=\"og:title\" content=\"Suport i solidaritat per als afectats per la DANA.\" \/>\n<meta property=\"og:description\" content=\"Des de Mobel Linea, lamentem profundament els efectes que els recents fen\u00f2mens meteorol\u00f2gics de la DANA han tingut en les comunitats i regions de\" \/>\n<meta property=\"og:url\" content=\"https:\/\/www.mobellinea.com\/ca\/suport-i-solidaritat-per-als-afectats-per-la-dana\/\" \/>\n<meta property=\"og:site_name\" content=\"Mobellinea\" \/>\n<meta property=\"article:publisher\" content=\"https:\/\/www.facebook.com\/mobellineasl\" \/>\n<meta property=\"article:published_time\" content=\"2024-11-06T10:22:00+00:00\" \/>\n<meta property=\"article:modified_time\" content=\"2025-12-23T11:55:36+00:00\" \/>\n<meta property=\"og:image\" content=\"https:\/\/www.mobellinea.com\/wp-content\/uploads\/2025\/11\/blog_f01-12.jpg\" \/>\n\t<meta property=\"og:image:width\" content=\"1920\" \/>\n\t<meta property=\"og:image:height\" content=\"900\" \/>\n\t<meta property=\"og:image:type\" content=\"image\/jpeg\" \/>\n<meta name=\"author\" content=\"Anna\" \/>\n<meta name=\"twitter:card\" content=\"summary_large_image\" \/>\n<meta name=\"twitter:label1\" content=\"Escrit per\" \/>\n\t<meta name=\"twitter:data1\" content=\"Anna\" \/>\n\t<meta name=\"twitter:label2\" content=\"Temps estimat de lectura\" \/>\n\t<meta name=\"twitter:data2\" content=\"1 minut\" \/>\n<script type=\"application\/ld+json\" class=\"yoast-schema-graph\">{\"@context\":\"https:\\\/\\\/schema.org\",\"@graph\":[{\"@type\":\"Article\",\"@id\":\"https:\\\/\\\/www.mobellinea.com\\\/ca\\\/suport-i-solidaritat-per-als-afectats-per-la-dana\\\/#article\",\"isPartOf\":{\"@id\":\"https:\\\/\\\/www.mobellinea.com\\\/ca\\\/suport-i-solidaritat-per-als-afectats-per-la-dana\\\/\"},\"author\":{\"name\":\"Anna\",\"@id\":\"https:\\\/\\\/mobellinea.com\\\/en\\\/#\\\/schema\\\/person\\\/518e40fa1dcd8c2ef7106c7561ae3ddb\"},\"headline\":\"Suport i solidaritat per als afectats per la DANA.\",\"datePublished\":\"2024-11-06T10:22:00+00:00\",\"dateModified\":\"2025-12-23T11:55:36+00:00\",\"mainEntityOfPage\":{\"@id\":\"https:\\\/\\\/www.mobellinea.com\\\/ca\\\/suport-i-solidaritat-per-als-afectats-per-la-dana\\\/\"},\"wordCount\":240,\"image\":{\"@id\":\"https:\\\/\\\/www.mobellinea.com\\\/ca\\\/suport-i-solidaritat-per-als-afectats-per-la-dana\\\/#primaryimage\"},\"thumbnailUrl\":\"https:\\\/\\\/www.mobellinea.com\\\/wp-content\\\/uploads\\\/2025\\\/11\\\/blog_f01-12.jpg\",\"articleSection\":[\"Not\u00edcies\"],\"inLanguage\":\"ca\"},{\"@type\":\"WebPage\",\"@id\":\"https:\\\/\\\/www.mobellinea.com\\\/ca\\\/suport-i-solidaritat-per-als-afectats-per-la-dana\\\/\",\"url\":\"https:\\\/\\\/www.mobellinea.com\\\/ca\\\/suport-i-solidaritat-per-als-afectats-per-la-dana\\\/\",\"name\":\"Suport i solidaritat per als afectats per la DANA. - Mobellinea\",\"isPartOf\":{\"@id\":\"https:\\\/\\\/mobellinea.com\\\/en\\\/#website\"},\"primaryImageOfPage\":{\"@id\":\"https:\\\/\\\/www.mobellinea.com\\\/ca\\\/suport-i-solidaritat-per-als-afectats-per-la-dana\\\/#primaryimage\"},\"image\":{\"@id\":\"https:\\\/\\\/www.mobellinea.com\\\/ca\\\/suport-i-solidaritat-per-als-afectats-per-la-dana\\\/#primaryimage\"},\"thumbnailUrl\":\"https:\\\/\\\/www.mobellinea.com\\\/wp-content\\\/uploads\\\/2025\\\/11\\\/blog_f01-12.jpg\",\"datePublished\":\"2024-11-06T10:22:00+00:00\",\"dateModified\":\"2025-12-23T11:55:36+00:00\",\"author\":{\"@id\":\"https:\\\/\\\/mobellinea.com\\\/en\\\/#\\\/schema\\\/person\\\/518e40fa1dcd8c2ef7106c7561ae3ddb\"},\"description\":\"Des de Mobel Linea, lamentem profundament els efectes que els recents fen\u00f2mens meteorol\u00f2gics de la DANA han tingut en les comunitats i regions de\",\"breadcrumb\":{\"@id\":\"https:\\\/\\\/www.mobellinea.com\\\/ca\\\/suport-i-solidaritat-per-als-afectats-per-la-dana\\\/#breadcrumb\"},\"inLanguage\":\"ca\",\"potentialAction\":[{\"@type\":\"ReadAction\",\"target\":[\"https:\\\/\\\/www.mobellinea.com\\\/ca\\\/suport-i-solidaritat-per-als-afectats-per-la-dana\\\/\"]}]},{\"@type\":\"ImageObject\",\"inLanguage\":\"ca\",\"@id\":\"https:\\\/\\\/www.mobellinea.com\\\/ca\\\/suport-i-solidaritat-per-als-afectats-per-la-dana\\\/#primaryimage\",\"url\":\"https:\\\/\\\/www.mobellinea.com\\\/wp-content\\\/uploads\\\/2025\\\/11\\\/blog_f01-12.jpg\",\"contentUrl\":\"https:\\\/\\\/www.mobellinea.com\\\/wp-content\\\/uploads\\\/2025\\\/11\\\/blog_f01-12.jpg\",\"width\":1920,\"height\":900},{\"@type\":\"BreadcrumbList\",\"@id\":\"https:\\\/\\\/www.mobellinea.com\\\/ca\\\/suport-i-solidaritat-per-als-afectats-per-la-dana\\\/#breadcrumb\",\"itemListElement\":[{\"@type\":\"ListItem\",\"position\":1,\"name\":\"Home\",\"item\":\"https:\\\/\\\/www.mobellinea.com\\\/ca\\\/inici\\\/\"},{\"@type\":\"ListItem\",\"position\":2,\"name\":\"Not\u00edcies\",\"item\":\"https:\\\/\\\/www.mobellinea.com\\\/ca\\\/category\\\/noticies\\\/\"},{\"@type\":\"ListItem\",\"position\":3,\"name\":\"Suport i solidaritat per als afectats per la DANA.\"}]},{\"@type\":\"WebSite\",\"@id\":\"https:\\\/\\\/mobellinea.com\\\/en\\\/#website\",\"url\":\"https:\\\/\\\/mobellinea.com\\\/en\\\/\",\"name\":\"MobelLinea\",\"description\":\"Dise\u00f1amos y fabricamos soluciones de mobiliario para oficinas y espacios colectivos. Creamos entornos honestos, funcionales y humanos, pensados para mejorar la vida de las personas\",\"alternateName\":\"Mobel Linea\",\"potentialAction\":[{\"@type\":\"SearchAction\",\"target\":{\"@type\":\"EntryPoint\",\"urlTemplate\":\"https:\\\/\\\/mobellinea.com\\\/en\\\/?s={search_term_string}\"},\"query-input\":{\"@type\":\"PropertyValueSpecification\",\"valueRequired\":true,\"valueName\":\"search_term_string\"}}],\"inLanguage\":\"ca\"},{\"@type\":\"Person\",\"@id\":\"https:\\\/\\\/mobellinea.com\\\/en\\\/#\\\/schema\\\/person\\\/518e40fa1dcd8c2ef7106c7561ae3ddb\",\"name\":\"Anna\",\"image\":{\"@type\":\"ImageObject\",\"inLanguage\":\"ca\",\"@id\":\"https:\\\/\\\/secure.gravatar.com\\\/avatar\\\/8adc17f1354e8252029a3205a793c695de1d4150636fd00a689f76f96e8a4c98?s=96&d=mm&r=g\",\"url\":\"https:\\\/\\\/secure.gravatar.com\\\/avatar\\\/8adc17f1354e8252029a3205a793c695de1d4150636fd00a689f76f96e8a4c98?s=96&d=mm&r=g\",\"contentUrl\":\"https:\\\/\\\/secure.gravatar.com\\\/avatar\\\/8adc17f1354e8252029a3205a793c695de1d4150636fd00a689f76f96e8a4c98?s=96&d=mm&r=g\",\"caption\":\"Anna\"}}]}<\/script>\n<!-- \/ Yoast SEO Premium plugin. -->","yoast_head_json":{"title":"Suport i solidaritat per als afectats per la DANA. - Mobellinea","description":"Des de Mobel Linea, lamentem profundament els efectes que els recents fen\u00f2mens meteorol\u00f2gics de la DANA han tingut en les comunitats i regions de","robots":{"index":"index","follow":"follow","max-snippet":"max-snippet:-1","max-image-preview":"max-image-preview:large","max-video-preview":"max-video-preview:-1"},"canonical":"https:\/\/www.mobellinea.com\/ca\/suport-i-solidaritat-per-als-afectats-per-la-dana\/","og_locale":"ca_ES","og_type":"article","og_title":"Suport i solidaritat per als afectats per la DANA.","og_description":"Des de Mobel Linea, lamentem profundament els efectes que els recents fen\u00f2mens meteorol\u00f2gics de la DANA han tingut en les comunitats i regions de","og_url":"https:\/\/www.mobellinea.com\/ca\/suport-i-solidaritat-per-als-afectats-per-la-dana\/","og_site_name":"Mobellinea","article_publisher":"https:\/\/www.facebook.com\/mobellineasl","article_published_time":"2024-11-06T10:22:00+00:00","article_modified_time":"2025-12-23T11:55:36+00:00","og_image":[{"width":1920,"height":900,"url":"https:\/\/www.mobellinea.com\/wp-content\/uploads\/2025\/11\/blog_f01-12.jpg","type":"image\/jpeg"}],"author":"Anna","twitter_card":"summary_large_image","twitter_misc":{"Escrit per":"Anna","Temps estimat de lectura":"1 minut"},"schema":{"@context":"https:\/\/schema.org","@graph":[{"@type":"Article","@id":"https:\/\/www.mobellinea.com\/ca\/suport-i-solidaritat-per-als-afectats-per-la-dana\/#article","isPartOf":{"@id":"https:\/\/www.mobellinea.com\/ca\/suport-i-solidaritat-per-als-afectats-per-la-dana\/"},"author":{"name":"Anna","@id":"https:\/\/mobellinea.com\/en\/#\/schema\/person\/518e40fa1dcd8c2ef7106c7561ae3ddb"},"headline":"Suport i solidaritat per als afectats per la DANA.","datePublished":"2024-11-06T10:22:00+00:00","dateModified":"2025-12-23T11:55:36+00:00","mainEntityOfPage":{"@id":"https:\/\/www.mobellinea.com\/ca\/suport-i-solidaritat-per-als-afectats-per-la-dana\/"},"wordCount":240,"image":{"@id":"https:\/\/www.mobellinea.com\/ca\/suport-i-solidaritat-per-als-afectats-per-la-dana\/#primaryimage"},"thumbnailUrl":"https:\/\/www.mobellinea.com\/wp-content\/uploads\/2025\/11\/blog_f01-12.jpg","articleSection":["Not\u00edcies"],"inLanguage":"ca"},{"@type":"WebPage","@id":"https:\/\/www.mobellinea.com\/ca\/suport-i-solidaritat-per-als-afectats-per-la-dana\/","url":"https:\/\/www.mobellinea.com\/ca\/suport-i-solidaritat-per-als-afectats-per-la-dana\/","name":"Suport i solidaritat per als afectats per la DANA. - Mobellinea","isPartOf":{"@id":"https:\/\/mobellinea.com\/en\/#website"},"primaryImageOfPage":{"@id":"https:\/\/www.mobellinea.com\/ca\/suport-i-solidaritat-per-als-afectats-per-la-dana\/#primaryimage"},"image":{"@id":"https:\/\/www.mobellinea.com\/ca\/suport-i-solidaritat-per-als-afectats-per-la-dana\/#primaryimage"},"thumbnailUrl":"https:\/\/www.mobellinea.com\/wp-content\/uploads\/2025\/11\/blog_f01-12.jpg","datePublished":"2024-11-06T10:22:00+00:00","dateModified":"2025-12-23T11:55:36+00:00","author":{"@id":"https:\/\/mobellinea.com\/en\/#\/schema\/person\/518e40fa1dcd8c2ef7106c7561ae3ddb"},"description":"Des de Mobel Linea, lamentem profundament els efectes que els recents fen\u00f2mens meteorol\u00f2gics de la DANA han tingut en les comunitats i regions de","breadcrumb":{"@id":"https:\/\/www.mobellinea.com\/ca\/suport-i-solidaritat-per-als-afectats-per-la-dana\/#breadcrumb"},"inLanguage":"ca","potentialAction":[{"@type":"ReadAction","target":["https:\/\/www.mobellinea.com\/ca\/suport-i-solidaritat-per-als-afectats-per-la-dana\/"]}]},{"@type":"ImageObject","inLanguage":"ca","@id":"https:\/\/www.mobellinea.com\/ca\/suport-i-solidaritat-per-als-afectats-per-la-dana\/#primaryimage","url":"https:\/\/www.mobellinea.com\/wp-content\/uploads\/2025\/11\/blog_f01-12.jpg","contentUrl":"https:\/\/www.mobellinea.com\/wp-content\/uploads\/2025\/11\/blog_f01-12.jpg","width":1920,"height":900},{"@type":"BreadcrumbList","@id":"https:\/\/www.mobellinea.com\/ca\/suport-i-solidaritat-per-als-afectats-per-la-dana\/#breadcrumb","itemListElement":[{"@type":"ListItem","position":1,"name":"Home","item":"https:\/\/www.mobellinea.com\/ca\/inici\/"},{"@type":"ListItem","position":2,"name":"Not\u00edcies","item":"https:\/\/www.mobellinea.com\/ca\/category\/noticies\/"},{"@type":"ListItem","position":3,"name":"Suport i solidaritat per als afectats per la DANA."}]},{"@type":"WebSite","@id":"https:\/\/mobellinea.com\/en\/#website","url":"https:\/\/mobellinea.com\/en\/","name":"MobelLinea","description":"Dise\u00f1amos y fabricamos soluciones de mobiliario para oficinas y espacios colectivos. Creamos entornos honestos, funcionales y humanos, pensados para mejorar la vida de las personas","alternateName":"Mobel Linea","potentialAction":[{"@type":"SearchAction","target":{"@type":"EntryPoint","urlTemplate":"https:\/\/mobellinea.com\/en\/?s={search_term_string}"},"query-input":{"@type":"PropertyValueSpecification","valueRequired":true,"valueName":"search_term_string"}}],"inLanguage":"ca"},{"@type":"Person","@id":"https:\/\/mobellinea.com\/en\/#\/schema\/person\/518e40fa1dcd8c2ef7106c7561ae3ddb","name":"Anna","image":{"@type":"ImageObject","inLanguage":"ca","@id":"https:\/\/secure.gravatar.com\/avatar\/8adc17f1354e8252029a3205a793c695de1d4150636fd00a689f76f96e8a4c98?s=96&d=mm&r=g","url":"https:\/\/secure.gravatar.com\/avatar\/8adc17f1354e8252029a3205a793c695de1d4150636fd00a689f76f96e8a4c98?s=96&d=mm&r=g","contentUrl":"https:\/\/secure.gravatar.com\/avatar\/8adc17f1354e8252029a3205a793c695de1d4150636fd00a689f76f96e8a4c98?s=96&d=mm&r=g","caption":"Anna"}}]}},"uagb_featured_image_src":{"full":["https:\/\/www.mobellinea.com\/wp-content\/uploads\/2025\/11\/blog_f01-12.jpg",1920,900,false],"thumbnail":["https:\/\/www.mobellinea.com\/wp-content\/uploads\/2025\/11\/blog_f01-12-150x150.jpg",150,150,true],"medium":["https:\/\/www.mobellinea.com\/wp-content\/uploads\/2025\/11\/blog_f01-12-320x150.jpg",320,150,true],"medium_large":["https:\/\/www.mobellinea.com\/wp-content\/uploads\/2025\/11\/blog_f01-12-680x319.jpg",680,319,true],"large":["https:\/\/www.mobellinea.com\/wp-content\/uploads\/2025\/11\/blog_f01-12-1000x469.jpg",1000,469,true],"pieces_card":["https:\/\/www.mobellinea.com\/wp-content\/uploads\/2025\/11\/blog_f01-12-140x173.jpg",140,173,true],"gform-image-choice-sm":["https:\/\/www.mobellinea.com\/wp-content\/uploads\/2025\/11\/blog_f01-12.jpg",300,141,false],"gform-image-choice-md":["https:\/\/www.mobellinea.com\/wp-content\/uploads\/2025\/11\/blog_f01-12.jpg",400,188,false],"gform-image-choice-lg":["https:\/\/www.mobellinea.com\/wp-content\/uploads\/2025\/11\/blog_f01-12.jpg",600,281,false]},"uagb_author_info":{"display_name":"Anna","author_link":"https:\/\/www.mobellinea.com\/ca\/author\/annareigmobellinea-es\/"},"uagb_comment_info":0,"uagb_excerpt":"Des de Mobel Linea, lamentem profundament els efectes que els recents fen\u00f2mens meteorol\u00f2gics de la DANA han tingut en les comunitats i regions de Val\u00e8ncia. La intensitat i l&#8217;impacte d&#8217;aquestes pluges torrencials han provocat significatius danys en infraestructures, habitatges, mobiliari i entorns naturals, afectant tant particulars com a empreses. Davant aquesta greu situaci\u00f3 i com&hellip;","_links":{"self":[{"href":"https:\/\/www.mobellinea.com\/ca\/wp-json\/wp\/v2\/posts\/5691","targetHints":{"allow":["GET"]}}],"collection":[{"href":"https:\/\/www.mobellinea.com\/ca\/wp-json\/wp\/v2\/posts"}],"about":[{"href":"https:\/\/www.mobellinea.com\/ca\/wp-json\/wp\/v2\/types\/post"}],"author":[{"embeddable":true,"href":"https:\/\/www.mobellinea.com\/ca\/wp-json\/wp\/v2\/users\/8"}],"replies":[{"embeddable":true,"href":"https:\/\/www.mobellinea.com\/ca\/wp-json\/wp\/v2\/comments?post=5691"}],"version-history":[{"count":3,"href":"https:\/\/www.mobellinea.com\/ca\/wp-json\/wp\/v2\/posts\/5691\/revisions"}],"predecessor-version":[{"id":16807,"href":"https:\/\/www.mobellinea.com\/ca\/wp-json\/wp\/v2\/posts\/5691\/revisions\/16807"}],"wp:featuredmedia":[{"embeddable":true,"href":"https:\/\/www.mobellinea.com\/ca\/wp-json\/wp\/v2\/media\/17195"}],"wp:attachment":[{"href":"https:\/\/www.mobellinea.com\/ca\/wp-json\/wp\/v2\/media?parent=5691"}],"wp:term":[{"taxonomy":"category","embeddable":true,"href":"https:\/\/www.mobellinea.com\/ca\/wp-json\/wp\/v2\/categories?post=5691"},{"taxonomy":"post_tag","embeddable":true,"href":"https:\/\/www.mobellinea.com\/ca\/wp-json\/wp\/v2\/tags?post=5691"}],"curies":[{"name":"wp","href":"https:\/\/api.w.org\/{rel}","templated":true}]}}