{"id":5669,"date":"2024-10-04T11:31:00","date_gmt":"2024-10-04T09:31:00","guid":{"rendered":"https:\/\/www.mobellinea.com\/mobel-linea-guanya-el-premi-pime-lleida-de-lany-2024\/"},"modified":"2025-12-23T12:56:24","modified_gmt":"2025-12-23T11:56:24","slug":"mobel-linea-guanya-el-premi-pime-lleida-de-lany-2024","status":"publish","type":"post","link":"https:\/\/www.mobellinea.com\/ca\/mobel-linea-guanya-el-premi-pime-lleida-de-lany-2024\/","title":{"rendered":"Mobel Linea guanya el premi PIME Lleida de l&#8217;any 2024"},"content":{"rendered":"\n<p class=\"has-xx-large-font-size wp-block-paragraph\">Amb aquest guard\u00f3, s&#8217;opta al Premi Nacional a la Millor Pime de l&#8217;Any a nivell estatal.<\/p>\n\n<p class=\"wp-block-paragraph\">Mobel Linea ha estat guardonada amb el Premi Pime de l&#8217;Any 2024 a la prov\u00edncia de Lleida, un reconeixement atorgat pel Banc Santander i la Cambra de Comer\u00e7 d&#8217;Espanya, en col\u00b7laboraci\u00f3 amb el Grup SEGRE i la Universitat de Lleida. Aquest prestigi\u00f3s premi destaca el desenvolupament excel\u00b7lent de la companyia en tres \u00e0rees clau: innovaci\u00f3, sostenibilitat i la seva contribuci\u00f3 al desenvolupament econ\u00f2mic i social de la regi\u00f3. <\/p>\n\n<p class=\"wp-block-paragraph\"><br\/>El jurat, compost per representants del Banc Santander, la Universitat de Lleida, el diari SEGRE i la Cambra de Comer\u00e7 d&#8217;Espanya, ha valorat especialment el comprom\u00eds de Mobel Linea amb la sostenibilitat, que es reflecteix en el seu enfocament cap a la producci\u00f3 responsable i el respecte pel medi ambient, aix\u00ed com la seva capacitat de lideratge com a referent en innovaci\u00f3 dins del seu sector. Tamb\u00e9 s&#8217;ha reconegut la seva ferma contribuci\u00f3 al creixement econ\u00f2mic local i el seu impacte positiu en la creaci\u00f3 d&#8217;ocupaci\u00f3 a la prov\u00edncia. <\/p>\n\n<figure class=\"wp-block-image size-large\"><img decoding=\"async\" src=\"data:image\/gif;base64,R0lGODlhAQABAIAAAAAAAP\/\/\/yH5BAEAAAAALAAAAAABAAEAAAIBRAA7\" data-src=\"https:\/\/www.mobellinea.com\/wp-content\/uploads\/2025\/11\/blog_f02-11-1000x469.jpg\" alt=\"\" class=\"wp-image-5291 lazyload\"\/><noscript><img decoding=\"async\" width=\"1000\" height=\"469\" src=\"https:\/\/www.mobellinea.com\/wp-content\/uploads\/2025\/11\/blog_f02-11-1000x469.jpg\" alt=\"\" class=\"wp-image-5291 lazyload\" srcset=\"https:\/\/www.mobellinea.com\/wp-content\/uploads\/2025\/11\/blog_f02-11-1000x469.jpg 1000w, https:\/\/www.mobellinea.com\/wp-content\/uploads\/2025\/11\/blog_f02-11-320x150.jpg 320w, https:\/\/www.mobellinea.com\/wp-content\/uploads\/2025\/11\/blog_f02-11-680x319.jpg 680w, https:\/\/www.mobellinea.com\/wp-content\/uploads\/2025\/11\/blog_f02-11.jpg 1920w\" sizes=\"(max-width: 1000px) 100vw, 1000px\" \/><\/noscript><\/figure>\n\n<p class=\"wp-block-paragraph\">Amb aquest reconeixement, Mobel Linea es posiciona entre les empreses m\u00e9s destacades de la regi\u00f3 i ara competir\u00e0 pel Premi Nacional a la Millor Pime de l&#8217;Any a nivell estatal, que s&#8217;atorgar\u00e0 al mar\u00e7 de 2025 a Madrid.<\/p>\n\n<p class=\"wp-block-paragraph\">Els Premis Pime de l&#8217;Any tenen com a objectiu recon\u00e8ixer la import\u00e0ncia de les petites i mitjanes empreses en la creaci\u00f3 d&#8217;ocupaci\u00f3, la innovaci\u00f3 i la generaci\u00f3 de riquesa en les seves comunitats. Aquests premis ressalten el paper fonamental que tenen les pimes en el teixit empresarial d&#8217;Espanya. <\/p>\n\n<figure class=\"wp-block-image size-large\"><img decoding=\"async\" src=\"data:image\/gif;base64,R0lGODlhAQABAIAAAAAAAP\/\/\/yH5BAEAAAAALAAAAAABAAEAAAIBRAA7\" data-src=\"https:\/\/www.mobellinea.com\/wp-content\/uploads\/2025\/11\/blog_f03-10-1000x469.jpg\" alt=\"\" class=\"wp-image-5292 lazyload\"\/><noscript><img decoding=\"async\" width=\"1000\" height=\"469\" src=\"https:\/\/www.mobellinea.com\/wp-content\/uploads\/2025\/11\/blog_f03-10-1000x469.jpg\" alt=\"\" class=\"wp-image-5292 lazyload\" srcset=\"https:\/\/www.mobellinea.com\/wp-content\/uploads\/2025\/11\/blog_f03-10-1000x469.jpg 1000w, https:\/\/www.mobellinea.com\/wp-content\/uploads\/2025\/11\/blog_f03-10-320x150.jpg 320w, https:\/\/www.mobellinea.com\/wp-content\/uploads\/2025\/11\/blog_f03-10-680x319.jpg 680w, https:\/\/www.mobellinea.com\/wp-content\/uploads\/2025\/11\/blog_f03-10.jpg 1920w\" sizes=\"(max-width: 1000px) 100vw, 1000px\" \/><\/noscript><\/figure>\n\n<p class=\"wp-block-paragraph\">Des de Mobel Linea, volem expressar el nostre m\u00e9s profund agra\u00efment per aquest reconeixement. Aquest premi refor\u00e7a el nostre comprom\u00eds de seguir innovant i apostant per un model de negoci sostenible, mentre continuem treballant per contribuir al desenvolupament de la nostra prov\u00edncia i de tot el pa\u00eds. <\/p>\n","protected":false},"excerpt":{"rendered":"<p>Amb aquest guard\u00f3, s&#8217;opta al Premi Nacional a la Millor Pime de l&#8217;Any a nivell estatal. Mobel Linea ha estat guardonada amb el Premi Pime de l&#8217;Any 2024 a la prov\u00edncia de Lleida, un reconeixement atorgat pel Banc Santander i la Cambra de Comer\u00e7 d&#8217;Espanya, en col\u00b7laboraci\u00f3 amb el Grup SEGRE i la Universitat de [&hellip;]<\/p>\n","protected":false},"author":8,"featured_media":5646,"comment_status":"closed","ping_status":"closed","sticky":false,"template":"","format":"standard","meta":{"_acf_changed":false,"_uag_custom_page_level_css":"","footnotes":""},"categories":[370,349,374],"tags":[],"class_list":["post-5669","post","type-post","status-publish","format-standard","has-post-thumbnail","hentry","category-esdeveniments","category-noticies","category-premis"],"acf":[],"yoast_head":"<!-- This site is optimized with the Yoast SEO Premium plugin v26.6 (Yoast SEO v27.6) - https:\/\/yoast.com\/product\/yoast-seo-premium-wordpress\/ -->\n<title>Mobel Linea guanya el premi PIME Lleida de l&#039;any 2024 - Mobellinea<\/title>\n<meta name=\"description\" content=\"Amb aquest guard\u00f3, s&#039;opta al Premi Nacional a la Millor Pime de l&#039;Any a nivell estatal. Mobel Linea ha estat guardonada amb el Premi Pime de l&#039;Any 2024 a\" \/>\n<meta name=\"robots\" content=\"index, follow, max-snippet:-1, max-image-preview:large, max-video-preview:-1\" \/>\n<link rel=\"canonical\" href=\"https:\/\/www.mobellinea.com\/ca\/mobel-linea-guanya-el-premi-pime-lleida-de-lany-2024\/\" \/>\n<meta property=\"og:locale\" content=\"ca_ES\" \/>\n<meta property=\"og:type\" content=\"article\" \/>\n<meta property=\"og:title\" content=\"Mobel Linea guanya el premi PIME Lleida de l&#039;any 2024\" \/>\n<meta property=\"og:description\" content=\"Amb aquest guard\u00f3, s&#039;opta al Premi Nacional a la Millor Pime de l&#039;Any a nivell estatal. Mobel Linea ha estat guardonada amb el Premi Pime de l&#039;Any 2024 a\" \/>\n<meta property=\"og:url\" content=\"https:\/\/www.mobellinea.com\/ca\/mobel-linea-guanya-el-premi-pime-lleida-de-lany-2024\/\" \/>\n<meta property=\"og:site_name\" content=\"Mobellinea\" \/>\n<meta property=\"article:publisher\" content=\"https:\/\/www.facebook.com\/mobellineasl\" \/>\n<meta property=\"article:published_time\" content=\"2024-10-04T09:31:00+00:00\" \/>\n<meta property=\"article:modified_time\" content=\"2025-12-23T11:56:24+00:00\" \/>\n<meta property=\"og:image\" content=\"https:\/\/www.mobellinea.com\/wp-content\/uploads\/2025\/11\/blog_f01-14.jpg\" \/>\n\t<meta property=\"og:image:width\" content=\"1920\" \/>\n\t<meta property=\"og:image:height\" content=\"900\" \/>\n\t<meta property=\"og:image:type\" content=\"image\/jpeg\" \/>\n<meta name=\"author\" content=\"Anna\" \/>\n<meta name=\"twitter:card\" content=\"summary_large_image\" \/>\n<meta name=\"twitter:label1\" content=\"Escrit per\" \/>\n\t<meta name=\"twitter:data1\" content=\"Anna\" \/>\n\t<meta name=\"twitter:label2\" content=\"Temps estimat de lectura\" \/>\n\t<meta name=\"twitter:data2\" content=\"2 minuts\" \/>\n<script type=\"application\/ld+json\" class=\"yoast-schema-graph\">{\"@context\":\"https:\\\/\\\/schema.org\",\"@graph\":[{\"@type\":\"Article\",\"@id\":\"https:\\\/\\\/www.mobellinea.com\\\/ca\\\/mobel-linea-guanya-el-premi-pime-lleida-de-lany-2024\\\/#article\",\"isPartOf\":{\"@id\":\"https:\\\/\\\/www.mobellinea.com\\\/ca\\\/mobel-linea-guanya-el-premi-pime-lleida-de-lany-2024\\\/\"},\"author\":{\"name\":\"Anna\",\"@id\":\"https:\\\/\\\/mobellinea.com\\\/en\\\/#\\\/schema\\\/person\\\/518e40fa1dcd8c2ef7106c7561ae3ddb\"},\"headline\":\"Mobel Linea guanya el premi PIME Lleida de l&#8217;any 2024\",\"datePublished\":\"2024-10-04T09:31:00+00:00\",\"dateModified\":\"2025-12-23T11:56:24+00:00\",\"mainEntityOfPage\":{\"@id\":\"https:\\\/\\\/www.mobellinea.com\\\/ca\\\/mobel-linea-guanya-el-premi-pime-lleida-de-lany-2024\\\/\"},\"wordCount\":343,\"image\":{\"@id\":\"https:\\\/\\\/www.mobellinea.com\\\/ca\\\/mobel-linea-guanya-el-premi-pime-lleida-de-lany-2024\\\/#primaryimage\"},\"thumbnailUrl\":\"https:\\\/\\\/www.mobellinea.com\\\/wp-content\\\/uploads\\\/2025\\\/11\\\/blog_f01-14.jpg\",\"articleSection\":[\"Esdeveniments\",\"Not\u00edcies\",\"Premis\"],\"inLanguage\":\"ca\"},{\"@type\":\"WebPage\",\"@id\":\"https:\\\/\\\/www.mobellinea.com\\\/ca\\\/mobel-linea-guanya-el-premi-pime-lleida-de-lany-2024\\\/\",\"url\":\"https:\\\/\\\/www.mobellinea.com\\\/ca\\\/mobel-linea-guanya-el-premi-pime-lleida-de-lany-2024\\\/\",\"name\":\"Mobel Linea guanya el premi PIME Lleida de l'any 2024 - Mobellinea\",\"isPartOf\":{\"@id\":\"https:\\\/\\\/mobellinea.com\\\/en\\\/#website\"},\"primaryImageOfPage\":{\"@id\":\"https:\\\/\\\/www.mobellinea.com\\\/ca\\\/mobel-linea-guanya-el-premi-pime-lleida-de-lany-2024\\\/#primaryimage\"},\"image\":{\"@id\":\"https:\\\/\\\/www.mobellinea.com\\\/ca\\\/mobel-linea-guanya-el-premi-pime-lleida-de-lany-2024\\\/#primaryimage\"},\"thumbnailUrl\":\"https:\\\/\\\/www.mobellinea.com\\\/wp-content\\\/uploads\\\/2025\\\/11\\\/blog_f01-14.jpg\",\"datePublished\":\"2024-10-04T09:31:00+00:00\",\"dateModified\":\"2025-12-23T11:56:24+00:00\",\"author\":{\"@id\":\"https:\\\/\\\/mobellinea.com\\\/en\\\/#\\\/schema\\\/person\\\/518e40fa1dcd8c2ef7106c7561ae3ddb\"},\"description\":\"Amb aquest guard\u00f3, s'opta al Premi Nacional a la Millor Pime de l'Any a nivell estatal. Mobel Linea ha estat guardonada amb el Premi Pime de l'Any 2024 a\",\"breadcrumb\":{\"@id\":\"https:\\\/\\\/www.mobellinea.com\\\/ca\\\/mobel-linea-guanya-el-premi-pime-lleida-de-lany-2024\\\/#breadcrumb\"},\"inLanguage\":\"ca\",\"potentialAction\":[{\"@type\":\"ReadAction\",\"target\":[\"https:\\\/\\\/www.mobellinea.com\\\/ca\\\/mobel-linea-guanya-el-premi-pime-lleida-de-lany-2024\\\/\"]}]},{\"@type\":\"ImageObject\",\"inLanguage\":\"ca\",\"@id\":\"https:\\\/\\\/www.mobellinea.com\\\/ca\\\/mobel-linea-guanya-el-premi-pime-lleida-de-lany-2024\\\/#primaryimage\",\"url\":\"https:\\\/\\\/www.mobellinea.com\\\/wp-content\\\/uploads\\\/2025\\\/11\\\/blog_f01-14.jpg\",\"contentUrl\":\"https:\\\/\\\/www.mobellinea.com\\\/wp-content\\\/uploads\\\/2025\\\/11\\\/blog_f01-14.jpg\",\"width\":1920,\"height\":900},{\"@type\":\"BreadcrumbList\",\"@id\":\"https:\\\/\\\/www.mobellinea.com\\\/ca\\\/mobel-linea-guanya-el-premi-pime-lleida-de-lany-2024\\\/#breadcrumb\",\"itemListElement\":[{\"@type\":\"ListItem\",\"position\":1,\"name\":\"Home\",\"item\":\"https:\\\/\\\/www.mobellinea.com\\\/ca\\\/inici\\\/\"},{\"@type\":\"ListItem\",\"position\":2,\"name\":\"Esdeveniments\",\"item\":\"https:\\\/\\\/www.mobellinea.com\\\/ca\\\/category\\\/esdeveniments\\\/\"},{\"@type\":\"ListItem\",\"position\":3,\"name\":\"Mobel Linea guanya el premi PIME Lleida de l&#8217;any 2024\"}]},{\"@type\":\"WebSite\",\"@id\":\"https:\\\/\\\/mobellinea.com\\\/en\\\/#website\",\"url\":\"https:\\\/\\\/mobellinea.com\\\/en\\\/\",\"name\":\"MobelLinea\",\"description\":\"Dise\u00f1amos y fabricamos soluciones de mobiliario para oficinas y espacios colectivos. Creamos entornos honestos, funcionales y humanos, pensados para mejorar la vida de las personas\",\"alternateName\":\"Mobel Linea\",\"potentialAction\":[{\"@type\":\"SearchAction\",\"target\":{\"@type\":\"EntryPoint\",\"urlTemplate\":\"https:\\\/\\\/mobellinea.com\\\/en\\\/?s={search_term_string}\"},\"query-input\":{\"@type\":\"PropertyValueSpecification\",\"valueRequired\":true,\"valueName\":\"search_term_string\"}}],\"inLanguage\":\"ca\"},{\"@type\":\"Person\",\"@id\":\"https:\\\/\\\/mobellinea.com\\\/en\\\/#\\\/schema\\\/person\\\/518e40fa1dcd8c2ef7106c7561ae3ddb\",\"name\":\"Anna\",\"image\":{\"@type\":\"ImageObject\",\"inLanguage\":\"ca\",\"@id\":\"https:\\\/\\\/secure.gravatar.com\\\/avatar\\\/8adc17f1354e8252029a3205a793c695de1d4150636fd00a689f76f96e8a4c98?s=96&d=mm&r=g\",\"url\":\"https:\\\/\\\/secure.gravatar.com\\\/avatar\\\/8adc17f1354e8252029a3205a793c695de1d4150636fd00a689f76f96e8a4c98?s=96&d=mm&r=g\",\"contentUrl\":\"https:\\\/\\\/secure.gravatar.com\\\/avatar\\\/8adc17f1354e8252029a3205a793c695de1d4150636fd00a689f76f96e8a4c98?s=96&d=mm&r=g\",\"caption\":\"Anna\"}}]}<\/script>\n<!-- \/ Yoast SEO Premium plugin. -->","yoast_head_json":{"title":"Mobel Linea guanya el premi PIME Lleida de l'any 2024 - Mobellinea","description":"Amb aquest guard\u00f3, s'opta al Premi Nacional a la Millor Pime de l'Any a nivell estatal. Mobel Linea ha estat guardonada amb el Premi Pime de l'Any 2024 a","robots":{"index":"index","follow":"follow","max-snippet":"max-snippet:-1","max-image-preview":"max-image-preview:large","max-video-preview":"max-video-preview:-1"},"canonical":"https:\/\/www.mobellinea.com\/ca\/mobel-linea-guanya-el-premi-pime-lleida-de-lany-2024\/","og_locale":"ca_ES","og_type":"article","og_title":"Mobel Linea guanya el premi PIME Lleida de l'any 2024","og_description":"Amb aquest guard\u00f3, s'opta al Premi Nacional a la Millor Pime de l'Any a nivell estatal. Mobel Linea ha estat guardonada amb el Premi Pime de l'Any 2024 a","og_url":"https:\/\/www.mobellinea.com\/ca\/mobel-linea-guanya-el-premi-pime-lleida-de-lany-2024\/","og_site_name":"Mobellinea","article_publisher":"https:\/\/www.facebook.com\/mobellineasl","article_published_time":"2024-10-04T09:31:00+00:00","article_modified_time":"2025-12-23T11:56:24+00:00","og_image":[{"width":1920,"height":900,"url":"https:\/\/www.mobellinea.com\/wp-content\/uploads\/2025\/11\/blog_f01-14.jpg","type":"image\/jpeg"}],"author":"Anna","twitter_card":"summary_large_image","twitter_misc":{"Escrit per":"Anna","Temps estimat de lectura":"2 minuts"},"schema":{"@context":"https:\/\/schema.org","@graph":[{"@type":"Article","@id":"https:\/\/www.mobellinea.com\/ca\/mobel-linea-guanya-el-premi-pime-lleida-de-lany-2024\/#article","isPartOf":{"@id":"https:\/\/www.mobellinea.com\/ca\/mobel-linea-guanya-el-premi-pime-lleida-de-lany-2024\/"},"author":{"name":"Anna","@id":"https:\/\/mobellinea.com\/en\/#\/schema\/person\/518e40fa1dcd8c2ef7106c7561ae3ddb"},"headline":"Mobel Linea guanya el premi PIME Lleida de l&#8217;any 2024","datePublished":"2024-10-04T09:31:00+00:00","dateModified":"2025-12-23T11:56:24+00:00","mainEntityOfPage":{"@id":"https:\/\/www.mobellinea.com\/ca\/mobel-linea-guanya-el-premi-pime-lleida-de-lany-2024\/"},"wordCount":343,"image":{"@id":"https:\/\/www.mobellinea.com\/ca\/mobel-linea-guanya-el-premi-pime-lleida-de-lany-2024\/#primaryimage"},"thumbnailUrl":"https:\/\/www.mobellinea.com\/wp-content\/uploads\/2025\/11\/blog_f01-14.jpg","articleSection":["Esdeveniments","Not\u00edcies","Premis"],"inLanguage":"ca"},{"@type":"WebPage","@id":"https:\/\/www.mobellinea.com\/ca\/mobel-linea-guanya-el-premi-pime-lleida-de-lany-2024\/","url":"https:\/\/www.mobellinea.com\/ca\/mobel-linea-guanya-el-premi-pime-lleida-de-lany-2024\/","name":"Mobel Linea guanya el premi PIME Lleida de l'any 2024 - Mobellinea","isPartOf":{"@id":"https:\/\/mobellinea.com\/en\/#website"},"primaryImageOfPage":{"@id":"https:\/\/www.mobellinea.com\/ca\/mobel-linea-guanya-el-premi-pime-lleida-de-lany-2024\/#primaryimage"},"image":{"@id":"https:\/\/www.mobellinea.com\/ca\/mobel-linea-guanya-el-premi-pime-lleida-de-lany-2024\/#primaryimage"},"thumbnailUrl":"https:\/\/www.mobellinea.com\/wp-content\/uploads\/2025\/11\/blog_f01-14.jpg","datePublished":"2024-10-04T09:31:00+00:00","dateModified":"2025-12-23T11:56:24+00:00","author":{"@id":"https:\/\/mobellinea.com\/en\/#\/schema\/person\/518e40fa1dcd8c2ef7106c7561ae3ddb"},"description":"Amb aquest guard\u00f3, s'opta al Premi Nacional a la Millor Pime de l'Any a nivell estatal. Mobel Linea ha estat guardonada amb el Premi Pime de l'Any 2024 a","breadcrumb":{"@id":"https:\/\/www.mobellinea.com\/ca\/mobel-linea-guanya-el-premi-pime-lleida-de-lany-2024\/#breadcrumb"},"inLanguage":"ca","potentialAction":[{"@type":"ReadAction","target":["https:\/\/www.mobellinea.com\/ca\/mobel-linea-guanya-el-premi-pime-lleida-de-lany-2024\/"]}]},{"@type":"ImageObject","inLanguage":"ca","@id":"https:\/\/www.mobellinea.com\/ca\/mobel-linea-guanya-el-premi-pime-lleida-de-lany-2024\/#primaryimage","url":"https:\/\/www.mobellinea.com\/wp-content\/uploads\/2025\/11\/blog_f01-14.jpg","contentUrl":"https:\/\/www.mobellinea.com\/wp-content\/uploads\/2025\/11\/blog_f01-14.jpg","width":1920,"height":900},{"@type":"BreadcrumbList","@id":"https:\/\/www.mobellinea.com\/ca\/mobel-linea-guanya-el-premi-pime-lleida-de-lany-2024\/#breadcrumb","itemListElement":[{"@type":"ListItem","position":1,"name":"Home","item":"https:\/\/www.mobellinea.com\/ca\/inici\/"},{"@type":"ListItem","position":2,"name":"Esdeveniments","item":"https:\/\/www.mobellinea.com\/ca\/category\/esdeveniments\/"},{"@type":"ListItem","position":3,"name":"Mobel Linea guanya el premi PIME Lleida de l&#8217;any 2024"}]},{"@type":"WebSite","@id":"https:\/\/mobellinea.com\/en\/#website","url":"https:\/\/mobellinea.com\/en\/","name":"MobelLinea","description":"Dise\u00f1amos y fabricamos soluciones de mobiliario para oficinas y espacios colectivos. Creamos entornos honestos, funcionales y humanos, pensados para mejorar la vida de las personas","alternateName":"Mobel Linea","potentialAction":[{"@type":"SearchAction","target":{"@type":"EntryPoint","urlTemplate":"https:\/\/mobellinea.com\/en\/?s={search_term_string}"},"query-input":{"@type":"PropertyValueSpecification","valueRequired":true,"valueName":"search_term_string"}}],"inLanguage":"ca"},{"@type":"Person","@id":"https:\/\/mobellinea.com\/en\/#\/schema\/person\/518e40fa1dcd8c2ef7106c7561ae3ddb","name":"Anna","image":{"@type":"ImageObject","inLanguage":"ca","@id":"https:\/\/secure.gravatar.com\/avatar\/8adc17f1354e8252029a3205a793c695de1d4150636fd00a689f76f96e8a4c98?s=96&d=mm&r=g","url":"https:\/\/secure.gravatar.com\/avatar\/8adc17f1354e8252029a3205a793c695de1d4150636fd00a689f76f96e8a4c98?s=96&d=mm&r=g","contentUrl":"https:\/\/secure.gravatar.com\/avatar\/8adc17f1354e8252029a3205a793c695de1d4150636fd00a689f76f96e8a4c98?s=96&d=mm&r=g","caption":"Anna"}}]}},"uagb_featured_image_src":{"full":["https:\/\/www.mobellinea.com\/wp-content\/uploads\/2025\/11\/blog_f01-14.jpg",1920,900,false],"thumbnail":["https:\/\/www.mobellinea.com\/wp-content\/uploads\/2025\/11\/blog_f01-14-150x150.jpg",150,150,true],"medium":["https:\/\/www.mobellinea.com\/wp-content\/uploads\/2025\/11\/blog_f01-14-320x150.jpg",320,150,true],"medium_large":["https:\/\/www.mobellinea.com\/wp-content\/uploads\/2025\/11\/blog_f01-14-680x319.jpg",680,319,true],"large":["https:\/\/www.mobellinea.com\/wp-content\/uploads\/2025\/11\/blog_f01-14-1000x469.jpg",1000,469,true],"pieces_card":["https:\/\/www.mobellinea.com\/wp-content\/uploads\/2025\/11\/blog_f01-14-140x173.jpg",140,173,true],"gform-image-choice-sm":["https:\/\/www.mobellinea.com\/wp-content\/uploads\/2025\/11\/blog_f01-14.jpg",300,141,false],"gform-image-choice-md":["https:\/\/www.mobellinea.com\/wp-content\/uploads\/2025\/11\/blog_f01-14.jpg",400,188,false],"gform-image-choice-lg":["https:\/\/www.mobellinea.com\/wp-content\/uploads\/2025\/11\/blog_f01-14.jpg",600,281,false]},"uagb_author_info":{"display_name":"Anna","author_link":"https:\/\/www.mobellinea.com\/ca\/author\/annareigmobellinea-es\/"},"uagb_comment_info":0,"uagb_excerpt":"Amb aquest guard\u00f3, s&#8217;opta al Premi Nacional a la Millor Pime de l&#8217;Any a nivell estatal. Mobel Linea ha estat guardonada amb el Premi Pime de l&#8217;Any 2024 a la prov\u00edncia de Lleida, un reconeixement atorgat pel Banc Santander i la Cambra de Comer\u00e7 d&#8217;Espanya, en col\u00b7laboraci\u00f3 amb el Grup SEGRE i la Universitat de&hellip;","_links":{"self":[{"href":"https:\/\/www.mobellinea.com\/ca\/wp-json\/wp\/v2\/posts\/5669","targetHints":{"allow":["GET"]}}],"collection":[{"href":"https:\/\/www.mobellinea.com\/ca\/wp-json\/wp\/v2\/posts"}],"about":[{"href":"https:\/\/www.mobellinea.com\/ca\/wp-json\/wp\/v2\/types\/post"}],"author":[{"embeddable":true,"href":"https:\/\/www.mobellinea.com\/ca\/wp-json\/wp\/v2\/users\/8"}],"replies":[{"embeddable":true,"href":"https:\/\/www.mobellinea.com\/ca\/wp-json\/wp\/v2\/comments?post=5669"}],"version-history":[{"count":7,"href":"https:\/\/www.mobellinea.com\/ca\/wp-json\/wp\/v2\/posts\/5669\/revisions"}],"predecessor-version":[{"id":16839,"href":"https:\/\/www.mobellinea.com\/ca\/wp-json\/wp\/v2\/posts\/5669\/revisions\/16839"}],"wp:featuredmedia":[{"embeddable":true,"href":"https:\/\/www.mobellinea.com\/ca\/wp-json\/wp\/v2\/media\/5646"}],"wp:attachment":[{"href":"https:\/\/www.mobellinea.com\/ca\/wp-json\/wp\/v2\/media?parent=5669"}],"wp:term":[{"taxonomy":"category","embeddable":true,"href":"https:\/\/www.mobellinea.com\/ca\/wp-json\/wp\/v2\/categories?post=5669"},{"taxonomy":"post_tag","embeddable":true,"href":"https:\/\/www.mobellinea.com\/ca\/wp-json\/wp\/v2\/tags?post=5669"}],"curies":[{"name":"wp","href":"https:\/\/api.w.org\/{rel}","templated":true}]}}