{"id":5629,"date":"2024-09-20T11:34:00","date_gmt":"2024-09-20T09:34:00","guid":{"rendered":"https:\/\/www.mobellinea.com\/reunio-comercial-anual-2024\/"},"modified":"2025-12-19T13:04:28","modified_gmt":"2025-12-19T12:04:28","slug":"reunio-comercial-anual-2024","status":"publish","type":"post","link":"https:\/\/www.mobellinea.com\/ca\/reunio-comercial-anual-2024\/","title":{"rendered":"Reuni\u00f3 Comercial Anual 2024."},"content":{"rendered":"\n<p class=\"has-x-large-font-size wp-block-paragraph\">Mobel Linea registra un creixement del 9.23% en vendes nacionals durant 2023 i un augment del 4.98% en el que va de 2024.<\/p>\n\n<p class=\"has-x-large-font-size wp-block-paragraph\">La companyia presenta el seu nou showroom de 950m\u00b2 i anuncia la seva participaci\u00f3 en ORGATEC 2024 amb un estand de 260m\u00b2.<\/p>\n\n<figure class=\"wp-block-image size-large\"><img decoding=\"async\" src=\"data:image\/gif;base64,R0lGODlhAQABAIAAAAAAAP\/\/\/yH5BAEAAAAALAAAAAABAAEAAAIBRAA7\" data-src=\"https:\/\/www.mobellinea.com\/wp-content\/uploads\/2025\/11\/blog_f01-15-1000x469.jpg\" alt=\"\" class=\"wp-image-5295 lazyload\"\/><noscript><img decoding=\"async\" width=\"1000\" height=\"469\" src=\"https:\/\/www.mobellinea.com\/wp-content\/uploads\/2025\/11\/blog_f01-15-1000x469.jpg\" alt=\"\" class=\"wp-image-5295 lazyload\" srcset=\"https:\/\/www.mobellinea.com\/wp-content\/uploads\/2025\/11\/blog_f01-15-1000x469.jpg 1000w, https:\/\/www.mobellinea.com\/wp-content\/uploads\/2025\/11\/blog_f01-15-320x150.jpg 320w, https:\/\/www.mobellinea.com\/wp-content\/uploads\/2025\/11\/blog_f01-15-680x319.jpg 680w, https:\/\/www.mobellinea.com\/wp-content\/uploads\/2025\/11\/blog_f01-15.jpg 1920w\" sizes=\"(max-width: 1000px) 100vw, 1000px\" \/><\/noscript><\/figure>\n\n<p class=\"wp-block-paragraph\">Mobel Linea ha tancat l&#8217;any 2023 amb un balan\u00e7 positiu i ha presentat els seus pr\u00f2xims llan\u00e7aments durant la seva Reuni\u00f3 Comercial Anual, celebrada el passat 4 d&#8217;octubre en les seves oficines centrals a Cervera (Lleida). L&#8217;esdeveniment ha reunit a m\u00e9s de 30 professionals, entre representants comercials, ger\u00e8ncia i responsables d&#8217;\u00e0rees, per a analitzar l&#8217;evoluci\u00f3 del negoci i compartir els plans per a l&#8217;any vinent. <\/p>\n\n<p class=\"wp-block-paragraph\">Entre les principals fites, destaca el creixement del 9.23% en les vendes a nivell nacional durant 2023, consolidant a Mobel L\u00ednia com una empresa referent en el sector. A m\u00e9s, la companyia ha inaugurat un nou showroom de 950m\u00b2, permetent al p\u00fablic con\u00e8ixer de primera m\u00e0 les \u00faltimes novetats de la marca. <\/p>\n\n<figure class=\"wp-block-image size-large\"><img decoding=\"async\" src=\"data:image\/gif;base64,R0lGODlhAQABAIAAAAAAAP\/\/\/yH5BAEAAAAALAAAAAABAAEAAAIBRAA7\" data-src=\"https:\/\/www.mobellinea.com\/wp-content\/uploads\/2025\/11\/blog_f02-12-1000x469.jpg\" alt=\"\" class=\"wp-image-5296 lazyload\"\/><noscript><img decoding=\"async\" width=\"1000\" height=\"469\" src=\"https:\/\/www.mobellinea.com\/wp-content\/uploads\/2025\/11\/blog_f02-12-1000x469.jpg\" alt=\"\" class=\"wp-image-5296 lazyload\" srcset=\"https:\/\/www.mobellinea.com\/wp-content\/uploads\/2025\/11\/blog_f02-12-1000x469.jpg 1000w, https:\/\/www.mobellinea.com\/wp-content\/uploads\/2025\/11\/blog_f02-12-320x150.jpg 320w, https:\/\/www.mobellinea.com\/wp-content\/uploads\/2025\/11\/blog_f02-12-680x319.jpg 680w, https:\/\/www.mobellinea.com\/wp-content\/uploads\/2025\/11\/blog_f02-12.jpg 1920w\" sizes=\"(max-width: 1000px) 100vw, 1000px\" \/><\/noscript><\/figure>\n\n<p class=\"wp-block-paragraph\">Durant la trobada, la direcci\u00f3 de Mobel Linea va expressar la seva satisfacci\u00f3 pels resultats obtinguts en el que va de 2024, amb un creixement del 4.98% en el mercat nacional: \u00abEstem molt contents de tancar 2023 amb un resultat positiu i continuar amb una tend\u00e8ncia de creixement sostingut en 2024\u00bb, van assenyalar des de l&#8217;empresa.<\/p>\n\n<p class=\"wp-block-paragraph\">A m\u00e9s de repassar les col\u00b7leccions m\u00e9s recents, es van presentar les novetats de producte que la companyia exhibir\u00e0 en ORGATEC 2024, la fira internacional l\u00edder en disseny i mobiliari d&#8217;oficina que se celebrar\u00e0 en Col\u00f2nia, Alemanya, a l&#8217;octubre de 2024. Mobel Linea comptar\u00e0 amb un espai de 260m\u00b2 on es mostraran les seves innovacions m\u00e9s recents, amb un enfocament en disseny, funcionalitat i sostenibilitat. <\/p>\n\n<figure class=\"wp-block-image size-large\"><img decoding=\"async\" src=\"data:image\/gif;base64,R0lGODlhAQABAIAAAAAAAP\/\/\/yH5BAEAAAAALAAAAAABAAEAAAIBRAA7\" data-src=\"https:\/\/www.mobellinea.com\/wp-content\/uploads\/2025\/11\/blog_f03-11-1000x469.jpg\" alt=\"\" class=\"wp-image-5297 lazyload\"\/><noscript><img decoding=\"async\" width=\"1000\" height=\"469\" src=\"https:\/\/www.mobellinea.com\/wp-content\/uploads\/2025\/11\/blog_f03-11-1000x469.jpg\" alt=\"\" class=\"wp-image-5297 lazyload\" srcset=\"https:\/\/www.mobellinea.com\/wp-content\/uploads\/2025\/11\/blog_f03-11-1000x469.jpg 1000w, https:\/\/www.mobellinea.com\/wp-content\/uploads\/2025\/11\/blog_f03-11-320x150.jpg 320w, https:\/\/www.mobellinea.com\/wp-content\/uploads\/2025\/11\/blog_f03-11-680x319.jpg 680w, https:\/\/www.mobellinea.com\/wp-content\/uploads\/2025\/11\/blog_f03-11.jpg 1920w\" sizes=\"(max-width: 1000px) 100vw, 1000px\" \/><\/noscript><\/figure>\n\n<p class=\"wp-block-paragraph\">Finalment, es va destacar la renovaci\u00f3 i ampliaci\u00f3 de maquin\u00e0ria, aix\u00ed com la incorporaci\u00f3 de nous tr\u00e0ilers de transport, passos clau dins del comprom\u00eds de Mobel Linea amb la sostenibilitat i l&#8217;efici\u00e8ncia. Aquestes inversions, orientades a la implementaci\u00f3 de solucions d&#8217;Ind\u00fastria 4.0, reforcen l&#8217;objectiu de l&#8217;empresa d&#8217;optimitzar els seus processos productius, reduir el seu impacte ambiental i liderar el cam\u00ed cap a una producci\u00f3 m\u00e9s responsable. <\/p>\n","protected":false},"excerpt":{"rendered":"<p>Mobel Linea registra un creixement del 9.23% en vendes nacionals durant 2023 i un augment del 4.98% en el que va de 2024. La companyia presenta el seu nou showroom de 950m\u00b2 i anuncia la seva participaci\u00f3 en ORGATEC 2024 amb un estand de 260m\u00b2. Mobel Linea ha tancat l&#8217;any 2023 amb un balan\u00e7 positiu [&hellip;]<\/p>\n","protected":false},"author":8,"featured_media":17203,"comment_status":"closed","ping_status":"closed","sticky":false,"template":"","format":"standard","meta":{"_acf_changed":false,"_uag_custom_page_level_css":"","footnotes":""},"categories":[370,349],"tags":[],"class_list":["post-5629","post","type-post","status-publish","format-standard","has-post-thumbnail","hentry","category-esdeveniments","category-noticies"],"acf":[],"yoast_head":"<!-- This site is optimized with the Yoast SEO Premium plugin v26.6 (Yoast SEO v27.6) - https:\/\/yoast.com\/product\/yoast-seo-premium-wordpress\/ -->\n<title>Reuni\u00f3 Comercial Anual 2024. - Mobellinea<\/title>\n<meta name=\"description\" content=\"Mobel Linea registra un creixement del 9.23% en vendes nacionals durant 2023 i un augment del 4.98% en el que va de 2024. La companyia presenta el seu nou\" \/>\n<meta name=\"robots\" content=\"index, follow, max-snippet:-1, max-image-preview:large, max-video-preview:-1\" \/>\n<link rel=\"canonical\" href=\"https:\/\/www.mobellinea.com\/ca\/reunio-comercial-anual-2024\/\" \/>\n<meta property=\"og:locale\" content=\"ca_ES\" \/>\n<meta property=\"og:type\" content=\"article\" \/>\n<meta property=\"og:title\" content=\"Reuni\u00f3 Comercial Anual 2024.\" \/>\n<meta property=\"og:description\" content=\"Mobel Linea registra un creixement del 9.23% en vendes nacionals durant 2023 i un augment del 4.98% en el que va de 2024. La companyia presenta el seu nou\" \/>\n<meta property=\"og:url\" content=\"https:\/\/www.mobellinea.com\/ca\/reunio-comercial-anual-2024\/\" \/>\n<meta property=\"og:site_name\" content=\"Mobellinea\" \/>\n<meta property=\"article:publisher\" content=\"https:\/\/www.facebook.com\/mobellineasl\" \/>\n<meta property=\"article:published_time\" content=\"2024-09-20T09:34:00+00:00\" \/>\n<meta property=\"article:modified_time\" content=\"2025-12-19T12:04:28+00:00\" \/>\n<meta property=\"og:image\" content=\"https:\/\/www.mobellinea.com\/wp-content\/uploads\/2025\/11\/blog_f01-15.jpg\" \/>\n\t<meta property=\"og:image:width\" content=\"1920\" \/>\n\t<meta property=\"og:image:height\" content=\"900\" \/>\n\t<meta property=\"og:image:type\" content=\"image\/jpeg\" \/>\n<meta name=\"author\" content=\"Anna\" \/>\n<meta name=\"twitter:card\" content=\"summary_large_image\" \/>\n<meta name=\"twitter:label1\" content=\"Escrit per\" \/>\n\t<meta name=\"twitter:data1\" content=\"Anna\" \/>\n\t<meta name=\"twitter:label2\" content=\"Temps estimat de lectura\" \/>\n\t<meta name=\"twitter:data2\" content=\"3 minuts\" \/>\n<script type=\"application\/ld+json\" class=\"yoast-schema-graph\">{\"@context\":\"https:\\\/\\\/schema.org\",\"@graph\":[{\"@type\":\"Article\",\"@id\":\"https:\\\/\\\/www.mobellinea.com\\\/ca\\\/reunio-comercial-anual-2024\\\/#article\",\"isPartOf\":{\"@id\":\"https:\\\/\\\/www.mobellinea.com\\\/ca\\\/reunio-comercial-anual-2024\\\/\"},\"author\":{\"name\":\"Anna\",\"@id\":\"https:\\\/\\\/mobellinea.com\\\/en\\\/#\\\/schema\\\/person\\\/518e40fa1dcd8c2ef7106c7561ae3ddb\"},\"headline\":\"Reuni\u00f3 Comercial Anual 2024.\",\"datePublished\":\"2024-09-20T09:34:00+00:00\",\"dateModified\":\"2025-12-19T12:04:28+00:00\",\"mainEntityOfPage\":{\"@id\":\"https:\\\/\\\/www.mobellinea.com\\\/ca\\\/reunio-comercial-anual-2024\\\/\"},\"wordCount\":370,\"image\":{\"@id\":\"https:\\\/\\\/www.mobellinea.com\\\/ca\\\/reunio-comercial-anual-2024\\\/#primaryimage\"},\"thumbnailUrl\":\"https:\\\/\\\/www.mobellinea.com\\\/wp-content\\\/uploads\\\/2025\\\/11\\\/blog_f01-15.jpg\",\"articleSection\":[\"Esdeveniments\",\"Not\u00edcies\"],\"inLanguage\":\"ca\"},{\"@type\":\"WebPage\",\"@id\":\"https:\\\/\\\/www.mobellinea.com\\\/ca\\\/reunio-comercial-anual-2024\\\/\",\"url\":\"https:\\\/\\\/www.mobellinea.com\\\/ca\\\/reunio-comercial-anual-2024\\\/\",\"name\":\"Reuni\u00f3 Comercial Anual 2024. - Mobellinea\",\"isPartOf\":{\"@id\":\"https:\\\/\\\/mobellinea.com\\\/en\\\/#website\"},\"primaryImageOfPage\":{\"@id\":\"https:\\\/\\\/www.mobellinea.com\\\/ca\\\/reunio-comercial-anual-2024\\\/#primaryimage\"},\"image\":{\"@id\":\"https:\\\/\\\/www.mobellinea.com\\\/ca\\\/reunio-comercial-anual-2024\\\/#primaryimage\"},\"thumbnailUrl\":\"https:\\\/\\\/www.mobellinea.com\\\/wp-content\\\/uploads\\\/2025\\\/11\\\/blog_f01-15.jpg\",\"datePublished\":\"2024-09-20T09:34:00+00:00\",\"dateModified\":\"2025-12-19T12:04:28+00:00\",\"author\":{\"@id\":\"https:\\\/\\\/mobellinea.com\\\/en\\\/#\\\/schema\\\/person\\\/518e40fa1dcd8c2ef7106c7561ae3ddb\"},\"description\":\"Mobel Linea registra un creixement del 9.23% en vendes nacionals durant 2023 i un augment del 4.98% en el que va de 2024. La companyia presenta el seu nou\",\"breadcrumb\":{\"@id\":\"https:\\\/\\\/www.mobellinea.com\\\/ca\\\/reunio-comercial-anual-2024\\\/#breadcrumb\"},\"inLanguage\":\"ca\",\"potentialAction\":[{\"@type\":\"ReadAction\",\"target\":[\"https:\\\/\\\/www.mobellinea.com\\\/ca\\\/reunio-comercial-anual-2024\\\/\"]}]},{\"@type\":\"ImageObject\",\"inLanguage\":\"ca\",\"@id\":\"https:\\\/\\\/www.mobellinea.com\\\/ca\\\/reunio-comercial-anual-2024\\\/#primaryimage\",\"url\":\"https:\\\/\\\/www.mobellinea.com\\\/wp-content\\\/uploads\\\/2025\\\/11\\\/blog_f01-15.jpg\",\"contentUrl\":\"https:\\\/\\\/www.mobellinea.com\\\/wp-content\\\/uploads\\\/2025\\\/11\\\/blog_f01-15.jpg\",\"width\":1920,\"height\":900},{\"@type\":\"BreadcrumbList\",\"@id\":\"https:\\\/\\\/www.mobellinea.com\\\/ca\\\/reunio-comercial-anual-2024\\\/#breadcrumb\",\"itemListElement\":[{\"@type\":\"ListItem\",\"position\":1,\"name\":\"Home\",\"item\":\"https:\\\/\\\/www.mobellinea.com\\\/ca\\\/inici\\\/\"},{\"@type\":\"ListItem\",\"position\":2,\"name\":\"Not\u00edcies\",\"item\":\"https:\\\/\\\/www.mobellinea.com\\\/ca\\\/category\\\/noticies\\\/\"},{\"@type\":\"ListItem\",\"position\":3,\"name\":\"Reuni\u00f3 Comercial Anual 2024.\"}]},{\"@type\":\"WebSite\",\"@id\":\"https:\\\/\\\/mobellinea.com\\\/en\\\/#website\",\"url\":\"https:\\\/\\\/mobellinea.com\\\/en\\\/\",\"name\":\"MobelLinea\",\"description\":\"Dise\u00f1amos y fabricamos soluciones de mobiliario para oficinas y espacios colectivos. Creamos entornos honestos, funcionales y humanos, pensados para mejorar la vida de las personas\",\"alternateName\":\"Mobel Linea\",\"potentialAction\":[{\"@type\":\"SearchAction\",\"target\":{\"@type\":\"EntryPoint\",\"urlTemplate\":\"https:\\\/\\\/mobellinea.com\\\/en\\\/?s={search_term_string}\"},\"query-input\":{\"@type\":\"PropertyValueSpecification\",\"valueRequired\":true,\"valueName\":\"search_term_string\"}}],\"inLanguage\":\"ca\"},{\"@type\":\"Person\",\"@id\":\"https:\\\/\\\/mobellinea.com\\\/en\\\/#\\\/schema\\\/person\\\/518e40fa1dcd8c2ef7106c7561ae3ddb\",\"name\":\"Anna\",\"image\":{\"@type\":\"ImageObject\",\"inLanguage\":\"ca\",\"@id\":\"https:\\\/\\\/secure.gravatar.com\\\/avatar\\\/8adc17f1354e8252029a3205a793c695de1d4150636fd00a689f76f96e8a4c98?s=96&d=mm&r=g\",\"url\":\"https:\\\/\\\/secure.gravatar.com\\\/avatar\\\/8adc17f1354e8252029a3205a793c695de1d4150636fd00a689f76f96e8a4c98?s=96&d=mm&r=g\",\"contentUrl\":\"https:\\\/\\\/secure.gravatar.com\\\/avatar\\\/8adc17f1354e8252029a3205a793c695de1d4150636fd00a689f76f96e8a4c98?s=96&d=mm&r=g\",\"caption\":\"Anna\"}}]}<\/script>\n<!-- \/ Yoast SEO Premium plugin. -->","yoast_head_json":{"title":"Reuni\u00f3 Comercial Anual 2024. - Mobellinea","description":"Mobel Linea registra un creixement del 9.23% en vendes nacionals durant 2023 i un augment del 4.98% en el que va de 2024. La companyia presenta el seu nou","robots":{"index":"index","follow":"follow","max-snippet":"max-snippet:-1","max-image-preview":"max-image-preview:large","max-video-preview":"max-video-preview:-1"},"canonical":"https:\/\/www.mobellinea.com\/ca\/reunio-comercial-anual-2024\/","og_locale":"ca_ES","og_type":"article","og_title":"Reuni\u00f3 Comercial Anual 2024.","og_description":"Mobel Linea registra un creixement del 9.23% en vendes nacionals durant 2023 i un augment del 4.98% en el que va de 2024. La companyia presenta el seu nou","og_url":"https:\/\/www.mobellinea.com\/ca\/reunio-comercial-anual-2024\/","og_site_name":"Mobellinea","article_publisher":"https:\/\/www.facebook.com\/mobellineasl","article_published_time":"2024-09-20T09:34:00+00:00","article_modified_time":"2025-12-19T12:04:28+00:00","og_image":[{"width":1920,"height":900,"url":"https:\/\/www.mobellinea.com\/wp-content\/uploads\/2025\/11\/blog_f01-15.jpg","type":"image\/jpeg"}],"author":"Anna","twitter_card":"summary_large_image","twitter_misc":{"Escrit per":"Anna","Temps estimat de lectura":"3 minuts"},"schema":{"@context":"https:\/\/schema.org","@graph":[{"@type":"Article","@id":"https:\/\/www.mobellinea.com\/ca\/reunio-comercial-anual-2024\/#article","isPartOf":{"@id":"https:\/\/www.mobellinea.com\/ca\/reunio-comercial-anual-2024\/"},"author":{"name":"Anna","@id":"https:\/\/mobellinea.com\/en\/#\/schema\/person\/518e40fa1dcd8c2ef7106c7561ae3ddb"},"headline":"Reuni\u00f3 Comercial Anual 2024.","datePublished":"2024-09-20T09:34:00+00:00","dateModified":"2025-12-19T12:04:28+00:00","mainEntityOfPage":{"@id":"https:\/\/www.mobellinea.com\/ca\/reunio-comercial-anual-2024\/"},"wordCount":370,"image":{"@id":"https:\/\/www.mobellinea.com\/ca\/reunio-comercial-anual-2024\/#primaryimage"},"thumbnailUrl":"https:\/\/www.mobellinea.com\/wp-content\/uploads\/2025\/11\/blog_f01-15.jpg","articleSection":["Esdeveniments","Not\u00edcies"],"inLanguage":"ca"},{"@type":"WebPage","@id":"https:\/\/www.mobellinea.com\/ca\/reunio-comercial-anual-2024\/","url":"https:\/\/www.mobellinea.com\/ca\/reunio-comercial-anual-2024\/","name":"Reuni\u00f3 Comercial Anual 2024. - Mobellinea","isPartOf":{"@id":"https:\/\/mobellinea.com\/en\/#website"},"primaryImageOfPage":{"@id":"https:\/\/www.mobellinea.com\/ca\/reunio-comercial-anual-2024\/#primaryimage"},"image":{"@id":"https:\/\/www.mobellinea.com\/ca\/reunio-comercial-anual-2024\/#primaryimage"},"thumbnailUrl":"https:\/\/www.mobellinea.com\/wp-content\/uploads\/2025\/11\/blog_f01-15.jpg","datePublished":"2024-09-20T09:34:00+00:00","dateModified":"2025-12-19T12:04:28+00:00","author":{"@id":"https:\/\/mobellinea.com\/en\/#\/schema\/person\/518e40fa1dcd8c2ef7106c7561ae3ddb"},"description":"Mobel Linea registra un creixement del 9.23% en vendes nacionals durant 2023 i un augment del 4.98% en el que va de 2024. La companyia presenta el seu nou","breadcrumb":{"@id":"https:\/\/www.mobellinea.com\/ca\/reunio-comercial-anual-2024\/#breadcrumb"},"inLanguage":"ca","potentialAction":[{"@type":"ReadAction","target":["https:\/\/www.mobellinea.com\/ca\/reunio-comercial-anual-2024\/"]}]},{"@type":"ImageObject","inLanguage":"ca","@id":"https:\/\/www.mobellinea.com\/ca\/reunio-comercial-anual-2024\/#primaryimage","url":"https:\/\/www.mobellinea.com\/wp-content\/uploads\/2025\/11\/blog_f01-15.jpg","contentUrl":"https:\/\/www.mobellinea.com\/wp-content\/uploads\/2025\/11\/blog_f01-15.jpg","width":1920,"height":900},{"@type":"BreadcrumbList","@id":"https:\/\/www.mobellinea.com\/ca\/reunio-comercial-anual-2024\/#breadcrumb","itemListElement":[{"@type":"ListItem","position":1,"name":"Home","item":"https:\/\/www.mobellinea.com\/ca\/inici\/"},{"@type":"ListItem","position":2,"name":"Not\u00edcies","item":"https:\/\/www.mobellinea.com\/ca\/category\/noticies\/"},{"@type":"ListItem","position":3,"name":"Reuni\u00f3 Comercial Anual 2024."}]},{"@type":"WebSite","@id":"https:\/\/mobellinea.com\/en\/#website","url":"https:\/\/mobellinea.com\/en\/","name":"MobelLinea","description":"Dise\u00f1amos y fabricamos soluciones de mobiliario para oficinas y espacios colectivos. Creamos entornos honestos, funcionales y humanos, pensados para mejorar la vida de las personas","alternateName":"Mobel Linea","potentialAction":[{"@type":"SearchAction","target":{"@type":"EntryPoint","urlTemplate":"https:\/\/mobellinea.com\/en\/?s={search_term_string}"},"query-input":{"@type":"PropertyValueSpecification","valueRequired":true,"valueName":"search_term_string"}}],"inLanguage":"ca"},{"@type":"Person","@id":"https:\/\/mobellinea.com\/en\/#\/schema\/person\/518e40fa1dcd8c2ef7106c7561ae3ddb","name":"Anna","image":{"@type":"ImageObject","inLanguage":"ca","@id":"https:\/\/secure.gravatar.com\/avatar\/8adc17f1354e8252029a3205a793c695de1d4150636fd00a689f76f96e8a4c98?s=96&d=mm&r=g","url":"https:\/\/secure.gravatar.com\/avatar\/8adc17f1354e8252029a3205a793c695de1d4150636fd00a689f76f96e8a4c98?s=96&d=mm&r=g","contentUrl":"https:\/\/secure.gravatar.com\/avatar\/8adc17f1354e8252029a3205a793c695de1d4150636fd00a689f76f96e8a4c98?s=96&d=mm&r=g","caption":"Anna"}}]}},"uagb_featured_image_src":{"full":["https:\/\/www.mobellinea.com\/wp-content\/uploads\/2025\/11\/blog_f01-15.jpg",1920,900,false],"thumbnail":["https:\/\/www.mobellinea.com\/wp-content\/uploads\/2025\/11\/blog_f01-15-150x150.jpg",150,150,true],"medium":["https:\/\/www.mobellinea.com\/wp-content\/uploads\/2025\/11\/blog_f01-15-320x150.jpg",320,150,true],"medium_large":["https:\/\/www.mobellinea.com\/wp-content\/uploads\/2025\/11\/blog_f01-15-680x319.jpg",680,319,true],"large":["https:\/\/www.mobellinea.com\/wp-content\/uploads\/2025\/11\/blog_f01-15-1000x469.jpg",1000,469,true],"pieces_card":["https:\/\/www.mobellinea.com\/wp-content\/uploads\/2025\/11\/blog_f01-15-140x173.jpg",140,173,true],"gform-image-choice-sm":["https:\/\/www.mobellinea.com\/wp-content\/uploads\/2025\/11\/blog_f01-15.jpg",300,141,false],"gform-image-choice-md":["https:\/\/www.mobellinea.com\/wp-content\/uploads\/2025\/11\/blog_f01-15.jpg",400,188,false],"gform-image-choice-lg":["https:\/\/www.mobellinea.com\/wp-content\/uploads\/2025\/11\/blog_f01-15.jpg",600,281,false]},"uagb_author_info":{"display_name":"Anna","author_link":"https:\/\/www.mobellinea.com\/ca\/author\/annareigmobellinea-es\/"},"uagb_comment_info":0,"uagb_excerpt":"Mobel Linea registra un creixement del 9.23% en vendes nacionals durant 2023 i un augment del 4.98% en el que va de 2024. La companyia presenta el seu nou showroom de 950m\u00b2 i anuncia la seva participaci\u00f3 en ORGATEC 2024 amb un estand de 260m\u00b2. Mobel Linea ha tancat l&#8217;any 2023 amb un balan\u00e7 positiu&hellip;","_links":{"self":[{"href":"https:\/\/www.mobellinea.com\/ca\/wp-json\/wp\/v2\/posts\/5629","targetHints":{"allow":["GET"]}}],"collection":[{"href":"https:\/\/www.mobellinea.com\/ca\/wp-json\/wp\/v2\/posts"}],"about":[{"href":"https:\/\/www.mobellinea.com\/ca\/wp-json\/wp\/v2\/types\/post"}],"author":[{"embeddable":true,"href":"https:\/\/www.mobellinea.com\/ca\/wp-json\/wp\/v2\/users\/8"}],"replies":[{"embeddable":true,"href":"https:\/\/www.mobellinea.com\/ca\/wp-json\/wp\/v2\/comments?post=5629"}],"version-history":[{"count":3,"href":"https:\/\/www.mobellinea.com\/ca\/wp-json\/wp\/v2\/posts\/5629\/revisions"}],"predecessor-version":[{"id":13834,"href":"https:\/\/www.mobellinea.com\/ca\/wp-json\/wp\/v2\/posts\/5629\/revisions\/13834"}],"wp:featuredmedia":[{"embeddable":true,"href":"https:\/\/www.mobellinea.com\/ca\/wp-json\/wp\/v2\/media\/17203"}],"wp:attachment":[{"href":"https:\/\/www.mobellinea.com\/ca\/wp-json\/wp\/v2\/media?parent=5629"}],"wp:term":[{"taxonomy":"category","embeddable":true,"href":"https:\/\/www.mobellinea.com\/ca\/wp-json\/wp\/v2\/categories?post=5629"},{"taxonomy":"post_tag","embeddable":true,"href":"https:\/\/www.mobellinea.com\/ca\/wp-json\/wp\/v2\/tags?post=5629"}],"curies":[{"name":"wp","href":"https:\/\/api.w.org\/{rel}","templated":true}]}}