{"id":5564,"date":"2024-03-18T11:48:00","date_gmt":"2024-03-18T10:48:00","guid":{"rendered":"https:\/\/www.mobellinea.com\/4-colors-per-a-donar-li-personalitat-als-espais-de-treball-part-1\/"},"modified":"2026-04-13T09:34:32","modified_gmt":"2026-04-13T07:34:32","slug":"4-colors-per-a-donar-li-personalitat-als-espais-de-treball-part-1","status":"publish","type":"post","link":"https:\/\/www.mobellinea.com\/ca\/4-colors-per-a-donar-li-personalitat-als-espais-de-treball-part-1\/","title":{"rendered":"4 colors per a donar-li personalitat als espais de treball (part 1)"},"content":{"rendered":"\n<p class=\"wp-block-paragraph\">El disseny d&#8217;oficines ha evolucionat amb el temps, i l&#8217;equilibri adequat en la selecci\u00f3 de colors \u00e9s essencial per a transmetre l&#8217;ambient desitjat. Per aix\u00f2, abans de triar la paleta crom\u00e0tica per a un estudi o espai de treball, \u00e9s fonamental tenir en compte diversos aspectes que contribueixin a crear l&#8217;entorn m\u00e9s adequat. <\/p>\n\n<p class=\"wp-block-paragraph\">Presentem 4 colors vibrants per a donar-li personalitat als espais de treball.<\/p>\n\n<p class=\"has-xx-large-font-size wp-block-paragraph\">1. Groc<\/p>\n\n<p class=\"wp-block-paragraph\">Agregar tocs de groc va il\u00b7luminar i produir amb una sensaci\u00f3 de vitalitat i energia. Des dels mobles o accessoris decoratius, es recomana combinar i usar-ho moderadament on es vulgui promoure la creativitat i la felicitat com a sales de reuni\u00f3 o espais de treball. <\/p>\n\n<figure class=\"wp-block-image\"><img decoding=\"async\" class=\"lazyload\" src=\"data:image\/gif;base64,R0lGODlhAQABAIAAAAAAAP\/\/\/yH5BAEAAAAALAAAAAABAAEAAAIBRAA7\" data-src=\"https:\/\/www.mobellinea.com\/recursos\/archivos\/ubicacionForzada\/blogs\/POST_003\/Blog_f01.jpg\" alt=\"Imagen auxiliar\"\/><noscript><img decoding=\"async\" class=\"lazyload\" src=\"https:\/\/www.mobellinea.com\/recursos\/archivos\/ubicacionForzada\/blogs\/POST_003\/Blog_f01.jpg\" alt=\"Imagen auxiliar\"\/><\/noscript><\/figure>\n\n<p class=\"has-xx-large-font-size wp-block-paragraph\">2. Negre<\/p>\n\n<p class=\"wp-block-paragraph\">El negre \u00e9s un color que mai passa de moda i un dels m\u00e9s preferits en mobili\u00e0ria, per reflectir eleg\u00e0ncia i professionalitat. Aquest color \u00e9s usat en despatxos de direcci\u00f3, sales de reunions i altres espais d&#8217;oficina, ja que, en ser combinat amb altres colors, crear\u00e0 ambients m\u00e9s moderns i minimalistes. <\/p>\n\n<figure class=\"wp-block-image\"><img decoding=\"async\" class=\"lazyload\" src=\"data:image\/gif;base64,R0lGODlhAQABAIAAAAAAAP\/\/\/yH5BAEAAAAALAAAAAABAAEAAAIBRAA7\" data-src=\"https:\/\/www.mobellinea.com\/recursos\/archivos\/ubicacionForzada\/blogs\/POST_003\/Blog_f02.jpg\" alt=\"Imagen auxiliar\"\/><noscript><img decoding=\"async\" class=\"lazyload\" src=\"https:\/\/www.mobellinea.com\/recursos\/archivos\/ubicacionForzada\/blogs\/POST_003\/Blog_f02.jpg\" alt=\"Imagen auxiliar\"\/><\/noscript><\/figure>\n\n<p class=\"has-xx-large-font-size wp-block-paragraph\">3. Rosa<\/p>\n\n<p class=\"wp-block-paragraph\">Amb els seus tons clars, el rosa transmet calidesa i aporta una sensaci\u00f3 d&#8217;amplitud en espais redu\u00efts. Aquest color \u00e9s vers\u00e0til i pot integrar-se f\u00e0cilment en qualsevol estil de mobles o decoraci\u00f3 interior i es pot combinar amb blanc, negre o tons grisos per a moments de concentraci\u00f3 en l&#8217;espai de treball. <\/p>\n\n<figure class=\"wp-block-image\"><img decoding=\"async\" class=\"lazyload\" src=\"data:image\/gif;base64,R0lGODlhAQABAIAAAAAAAP\/\/\/yH5BAEAAAAALAAAAAABAAEAAAIBRAA7\" data-src=\"https:\/\/www.mobellinea.com\/recursos\/archivos\/ubicacionForzada\/blogs\/POST_003\/Blog_f03.jpg\" alt=\"Imagen auxiliar\"\/><noscript><img decoding=\"async\" class=\"lazyload\" src=\"https:\/\/www.mobellinea.com\/recursos\/archivos\/ubicacionForzada\/blogs\/POST_003\/Blog_f03.jpg\" alt=\"Imagen auxiliar\"\/><\/noscript><\/figure>\n\n<p class=\"has-xx-large-font-size wp-block-paragraph\">4. Taronja<\/p>\n\n<p class=\"wp-block-paragraph\">El taronja \u00e9s un color que irradia entusiasme, alegria i exaltaci\u00f3, visualment ens mant\u00e9 actius i desperts. Combina amb colors neutres o complementaris per a crear un equilibri harmoni\u00f3s en la decoraci\u00f3. Utilitzals amb prud\u00e8ncia en les teves oficines, sales de menjador, espais de relax o descans. <\/p>\n\n<figure class=\"wp-block-image\"><img decoding=\"async\" class=\"lazyload\" src=\"data:image\/gif;base64,R0lGODlhAQABAIAAAAAAAP\/\/\/yH5BAEAAAAALAAAAAABAAEAAAIBRAA7\" data-src=\"https:\/\/www.mobellinea.com\/recursos\/archivos\/ubicacionForzada\/blogs\/POST_003\/Blog_f04.jpg\" alt=\"Imagen auxiliar\"\/><noscript><img decoding=\"async\" class=\"lazyload\" src=\"https:\/\/www.mobellinea.com\/recursos\/archivos\/ubicacionForzada\/blogs\/POST_003\/Blog_f04.jpg\" alt=\"Imagen auxiliar\"\/><\/noscript><\/figure>\n\n<p class=\"wp-block-paragraph\">En ess\u00e8ncia, els colors que es tri\u00ef en la mobili\u00e0ria o decoraci\u00f3 interior, tindran el poder de transformar i reflectir una personalitat \u00fanica en els espais de treball. Ja sigui amb la lluminositat del groc, l&#8217;eleg\u00e0ncia del negre, la calidesa del rosa o l&#8217;energia del taronja. <\/p>\n\n<p class=\"wp-block-paragraph\">Recorda que els colors sempre permetran transformar i crear diferents atmosferes.<\/p>\n","protected":false},"excerpt":{"rendered":"<p>El disseny d&#8217;oficines ha evolucionat amb el temps, i l&#8217;equilibri adequat en la selecci\u00f3 de colors \u00e9s essencial per a transmetre l&#8217;ambient desitjat. Per aix\u00f2, abans de triar la paleta crom\u00e0tica per a un estudi o espai de treball, \u00e9s fonamental tenir en compte diversos aspectes que contribueixin a crear l&#8217;entorn m\u00e9s adequat. Presentem 4 [&hellip;]<\/p>\n","protected":false},"author":8,"featured_media":5419,"comment_status":"closed","ping_status":"closed","sticky":false,"template":"","format":"standard","meta":{"_acf_changed":false,"_uag_custom_page_level_css":"","footnotes":""},"categories":[365],"tags":[],"class_list":["post-5564","post","type-post","status-publish","format-standard","has-post-thumbnail","hentry","category-tendencies"],"acf":[],"yoast_head":"<!-- This site is optimized with the Yoast SEO Premium plugin v26.6 (Yoast SEO v27.6) - https:\/\/yoast.com\/product\/yoast-seo-premium-wordpress\/ -->\n<title>4 colors per a donar-li personalitat als espais de treball (part 1) - Mobellinea<\/title>\n<meta name=\"description\" content=\"El disseny d&#039;oficines ha evolucionat amb el temps, i l&#039;equilibri adequat en la selecci\u00f3 de colors \u00e9s essencial per a transmetre l&#039;ambient desitjat. Per\" \/>\n<meta name=\"robots\" content=\"index, follow, max-snippet:-1, max-image-preview:large, max-video-preview:-1\" \/>\n<link rel=\"canonical\" href=\"https:\/\/www.mobellinea.com\/ca\/4-colors-per-a-donar-li-personalitat-als-espais-de-treball-part-1\/\" \/>\n<meta property=\"og:locale\" content=\"ca_ES\" \/>\n<meta property=\"og:type\" content=\"article\" \/>\n<meta property=\"og:title\" content=\"4 colors per a donar-li personalitat als espais de treball (part 1)\" \/>\n<meta property=\"og:description\" content=\"El disseny d&#039;oficines ha evolucionat amb el temps, i l&#039;equilibri adequat en la selecci\u00f3 de colors \u00e9s essencial per a transmetre l&#039;ambient desitjat. Per\" \/>\n<meta property=\"og:url\" content=\"https:\/\/www.mobellinea.com\/ca\/4-colors-per-a-donar-li-personalitat-als-espais-de-treball-part-1\/\" \/>\n<meta property=\"og:site_name\" content=\"Mobellinea\" \/>\n<meta property=\"article:publisher\" content=\"https:\/\/www.facebook.com\/mobellineasl\" \/>\n<meta property=\"article:published_time\" content=\"2024-03-18T10:48:00+00:00\" \/>\n<meta property=\"article:modified_time\" content=\"2026-04-13T07:34:32+00:00\" \/>\n<meta property=\"og:image\" content=\"https:\/\/www.mobellinea.com\/wp-content\/uploads\/2025\/11\/Blog_f01-19.jpg\" \/>\n\t<meta property=\"og:image:width\" content=\"1920\" \/>\n\t<meta property=\"og:image:height\" content=\"900\" \/>\n\t<meta property=\"og:image:type\" content=\"image\/jpeg\" \/>\n<meta name=\"author\" content=\"Anna\" \/>\n<meta name=\"twitter:card\" content=\"summary_large_image\" \/>\n<meta name=\"twitter:label1\" content=\"Escrit per\" \/>\n\t<meta name=\"twitter:data1\" content=\"Anna\" \/>\n\t<meta name=\"twitter:label2\" content=\"Temps estimat de lectura\" \/>\n\t<meta name=\"twitter:data2\" content=\"2 minuts\" \/>\n<script type=\"application\/ld+json\" class=\"yoast-schema-graph\">{\"@context\":\"https:\\\/\\\/schema.org\",\"@graph\":[{\"@type\":\"Article\",\"@id\":\"https:\\\/\\\/www.mobellinea.com\\\/ca\\\/4-colors-per-a-donar-li-personalitat-als-espais-de-treball-part-1\\\/#article\",\"isPartOf\":{\"@id\":\"https:\\\/\\\/www.mobellinea.com\\\/ca\\\/4-colors-per-a-donar-li-personalitat-als-espais-de-treball-part-1\\\/\"},\"author\":{\"name\":\"Anna\",\"@id\":\"https:\\\/\\\/mobellinea.com\\\/en\\\/#\\\/schema\\\/person\\\/518e40fa1dcd8c2ef7106c7561ae3ddb\"},\"headline\":\"4 colors per a donar-li personalitat als espais de treball (part 1)\",\"datePublished\":\"2024-03-18T10:48:00+00:00\",\"dateModified\":\"2026-04-13T07:34:32+00:00\",\"mainEntityOfPage\":{\"@id\":\"https:\\\/\\\/www.mobellinea.com\\\/ca\\\/4-colors-per-a-donar-li-personalitat-als-espais-de-treball-part-1\\\/\"},\"wordCount\":354,\"image\":{\"@id\":\"https:\\\/\\\/www.mobellinea.com\\\/ca\\\/4-colors-per-a-donar-li-personalitat-als-espais-de-treball-part-1\\\/#primaryimage\"},\"thumbnailUrl\":\"https:\\\/\\\/www.mobellinea.com\\\/wp-content\\\/uploads\\\/2025\\\/11\\\/Blog_f01-19.jpg\",\"articleSection\":[\"Tend\u00e8ncies\"],\"inLanguage\":\"ca\"},{\"@type\":\"WebPage\",\"@id\":\"https:\\\/\\\/www.mobellinea.com\\\/ca\\\/4-colors-per-a-donar-li-personalitat-als-espais-de-treball-part-1\\\/\",\"url\":\"https:\\\/\\\/www.mobellinea.com\\\/ca\\\/4-colors-per-a-donar-li-personalitat-als-espais-de-treball-part-1\\\/\",\"name\":\"4 colors per a donar-li personalitat als espais de treball (part 1) - Mobellinea\",\"isPartOf\":{\"@id\":\"https:\\\/\\\/mobellinea.com\\\/en\\\/#website\"},\"primaryImageOfPage\":{\"@id\":\"https:\\\/\\\/www.mobellinea.com\\\/ca\\\/4-colors-per-a-donar-li-personalitat-als-espais-de-treball-part-1\\\/#primaryimage\"},\"image\":{\"@id\":\"https:\\\/\\\/www.mobellinea.com\\\/ca\\\/4-colors-per-a-donar-li-personalitat-als-espais-de-treball-part-1\\\/#primaryimage\"},\"thumbnailUrl\":\"https:\\\/\\\/www.mobellinea.com\\\/wp-content\\\/uploads\\\/2025\\\/11\\\/Blog_f01-19.jpg\",\"datePublished\":\"2024-03-18T10:48:00+00:00\",\"dateModified\":\"2026-04-13T07:34:32+00:00\",\"author\":{\"@id\":\"https:\\\/\\\/mobellinea.com\\\/en\\\/#\\\/schema\\\/person\\\/518e40fa1dcd8c2ef7106c7561ae3ddb\"},\"description\":\"El disseny d'oficines ha evolucionat amb el temps, i l'equilibri adequat en la selecci\u00f3 de colors \u00e9s essencial per a transmetre l'ambient desitjat. Per\",\"breadcrumb\":{\"@id\":\"https:\\\/\\\/www.mobellinea.com\\\/ca\\\/4-colors-per-a-donar-li-personalitat-als-espais-de-treball-part-1\\\/#breadcrumb\"},\"inLanguage\":\"ca\",\"potentialAction\":[{\"@type\":\"ReadAction\",\"target\":[\"https:\\\/\\\/www.mobellinea.com\\\/ca\\\/4-colors-per-a-donar-li-personalitat-als-espais-de-treball-part-1\\\/\"]}]},{\"@type\":\"ImageObject\",\"inLanguage\":\"ca\",\"@id\":\"https:\\\/\\\/www.mobellinea.com\\\/ca\\\/4-colors-per-a-donar-li-personalitat-als-espais-de-treball-part-1\\\/#primaryimage\",\"url\":\"https:\\\/\\\/www.mobellinea.com\\\/wp-content\\\/uploads\\\/2025\\\/11\\\/Blog_f01-19.jpg\",\"contentUrl\":\"https:\\\/\\\/www.mobellinea.com\\\/wp-content\\\/uploads\\\/2025\\\/11\\\/Blog_f01-19.jpg\",\"width\":1920,\"height\":900},{\"@type\":\"BreadcrumbList\",\"@id\":\"https:\\\/\\\/www.mobellinea.com\\\/ca\\\/4-colors-per-a-donar-li-personalitat-als-espais-de-treball-part-1\\\/#breadcrumb\",\"itemListElement\":[{\"@type\":\"ListItem\",\"position\":1,\"name\":\"Home\",\"item\":\"https:\\\/\\\/www.mobellinea.com\\\/ca\\\/inici\\\/\"},{\"@type\":\"ListItem\",\"position\":2,\"name\":\"Tend\u00e8ncies\",\"item\":\"https:\\\/\\\/www.mobellinea.com\\\/ca\\\/category\\\/tendencies\\\/\"},{\"@type\":\"ListItem\",\"position\":3,\"name\":\"4 colors per a donar-li personalitat als espais de treball (part 1)\"}]},{\"@type\":\"WebSite\",\"@id\":\"https:\\\/\\\/mobellinea.com\\\/en\\\/#website\",\"url\":\"https:\\\/\\\/mobellinea.com\\\/en\\\/\",\"name\":\"MobelLinea\",\"description\":\"Dise\u00f1amos y fabricamos soluciones de mobiliario para oficinas y espacios colectivos. Creamos entornos honestos, funcionales y humanos, pensados para mejorar la vida de las personas\",\"alternateName\":\"Mobel Linea\",\"potentialAction\":[{\"@type\":\"SearchAction\",\"target\":{\"@type\":\"EntryPoint\",\"urlTemplate\":\"https:\\\/\\\/mobellinea.com\\\/en\\\/?s={search_term_string}\"},\"query-input\":{\"@type\":\"PropertyValueSpecification\",\"valueRequired\":true,\"valueName\":\"search_term_string\"}}],\"inLanguage\":\"ca\"},{\"@type\":\"Person\",\"@id\":\"https:\\\/\\\/mobellinea.com\\\/en\\\/#\\\/schema\\\/person\\\/518e40fa1dcd8c2ef7106c7561ae3ddb\",\"name\":\"Anna\",\"image\":{\"@type\":\"ImageObject\",\"inLanguage\":\"ca\",\"@id\":\"https:\\\/\\\/secure.gravatar.com\\\/avatar\\\/8adc17f1354e8252029a3205a793c695de1d4150636fd00a689f76f96e8a4c98?s=96&d=mm&r=g\",\"url\":\"https:\\\/\\\/secure.gravatar.com\\\/avatar\\\/8adc17f1354e8252029a3205a793c695de1d4150636fd00a689f76f96e8a4c98?s=96&d=mm&r=g\",\"contentUrl\":\"https:\\\/\\\/secure.gravatar.com\\\/avatar\\\/8adc17f1354e8252029a3205a793c695de1d4150636fd00a689f76f96e8a4c98?s=96&d=mm&r=g\",\"caption\":\"Anna\"}}]}<\/script>\n<!-- \/ Yoast SEO Premium plugin. -->","yoast_head_json":{"title":"4 colors per a donar-li personalitat als espais de treball (part 1) - Mobellinea","description":"El disseny d'oficines ha evolucionat amb el temps, i l'equilibri adequat en la selecci\u00f3 de colors \u00e9s essencial per a transmetre l'ambient desitjat. Per","robots":{"index":"index","follow":"follow","max-snippet":"max-snippet:-1","max-image-preview":"max-image-preview:large","max-video-preview":"max-video-preview:-1"},"canonical":"https:\/\/www.mobellinea.com\/ca\/4-colors-per-a-donar-li-personalitat-als-espais-de-treball-part-1\/","og_locale":"ca_ES","og_type":"article","og_title":"4 colors per a donar-li personalitat als espais de treball (part 1)","og_description":"El disseny d'oficines ha evolucionat amb el temps, i l'equilibri adequat en la selecci\u00f3 de colors \u00e9s essencial per a transmetre l'ambient desitjat. Per","og_url":"https:\/\/www.mobellinea.com\/ca\/4-colors-per-a-donar-li-personalitat-als-espais-de-treball-part-1\/","og_site_name":"Mobellinea","article_publisher":"https:\/\/www.facebook.com\/mobellineasl","article_published_time":"2024-03-18T10:48:00+00:00","article_modified_time":"2026-04-13T07:34:32+00:00","og_image":[{"width":1920,"height":900,"url":"https:\/\/www.mobellinea.com\/wp-content\/uploads\/2025\/11\/Blog_f01-19.jpg","type":"image\/jpeg"}],"author":"Anna","twitter_card":"summary_large_image","twitter_misc":{"Escrit per":"Anna","Temps estimat de lectura":"2 minuts"},"schema":{"@context":"https:\/\/schema.org","@graph":[{"@type":"Article","@id":"https:\/\/www.mobellinea.com\/ca\/4-colors-per-a-donar-li-personalitat-als-espais-de-treball-part-1\/#article","isPartOf":{"@id":"https:\/\/www.mobellinea.com\/ca\/4-colors-per-a-donar-li-personalitat-als-espais-de-treball-part-1\/"},"author":{"name":"Anna","@id":"https:\/\/mobellinea.com\/en\/#\/schema\/person\/518e40fa1dcd8c2ef7106c7561ae3ddb"},"headline":"4 colors per a donar-li personalitat als espais de treball (part 1)","datePublished":"2024-03-18T10:48:00+00:00","dateModified":"2026-04-13T07:34:32+00:00","mainEntityOfPage":{"@id":"https:\/\/www.mobellinea.com\/ca\/4-colors-per-a-donar-li-personalitat-als-espais-de-treball-part-1\/"},"wordCount":354,"image":{"@id":"https:\/\/www.mobellinea.com\/ca\/4-colors-per-a-donar-li-personalitat-als-espais-de-treball-part-1\/#primaryimage"},"thumbnailUrl":"https:\/\/www.mobellinea.com\/wp-content\/uploads\/2025\/11\/Blog_f01-19.jpg","articleSection":["Tend\u00e8ncies"],"inLanguage":"ca"},{"@type":"WebPage","@id":"https:\/\/www.mobellinea.com\/ca\/4-colors-per-a-donar-li-personalitat-als-espais-de-treball-part-1\/","url":"https:\/\/www.mobellinea.com\/ca\/4-colors-per-a-donar-li-personalitat-als-espais-de-treball-part-1\/","name":"4 colors per a donar-li personalitat als espais de treball (part 1) - Mobellinea","isPartOf":{"@id":"https:\/\/mobellinea.com\/en\/#website"},"primaryImageOfPage":{"@id":"https:\/\/www.mobellinea.com\/ca\/4-colors-per-a-donar-li-personalitat-als-espais-de-treball-part-1\/#primaryimage"},"image":{"@id":"https:\/\/www.mobellinea.com\/ca\/4-colors-per-a-donar-li-personalitat-als-espais-de-treball-part-1\/#primaryimage"},"thumbnailUrl":"https:\/\/www.mobellinea.com\/wp-content\/uploads\/2025\/11\/Blog_f01-19.jpg","datePublished":"2024-03-18T10:48:00+00:00","dateModified":"2026-04-13T07:34:32+00:00","author":{"@id":"https:\/\/mobellinea.com\/en\/#\/schema\/person\/518e40fa1dcd8c2ef7106c7561ae3ddb"},"description":"El disseny d'oficines ha evolucionat amb el temps, i l'equilibri adequat en la selecci\u00f3 de colors \u00e9s essencial per a transmetre l'ambient desitjat. Per","breadcrumb":{"@id":"https:\/\/www.mobellinea.com\/ca\/4-colors-per-a-donar-li-personalitat-als-espais-de-treball-part-1\/#breadcrumb"},"inLanguage":"ca","potentialAction":[{"@type":"ReadAction","target":["https:\/\/www.mobellinea.com\/ca\/4-colors-per-a-donar-li-personalitat-als-espais-de-treball-part-1\/"]}]},{"@type":"ImageObject","inLanguage":"ca","@id":"https:\/\/www.mobellinea.com\/ca\/4-colors-per-a-donar-li-personalitat-als-espais-de-treball-part-1\/#primaryimage","url":"https:\/\/www.mobellinea.com\/wp-content\/uploads\/2025\/11\/Blog_f01-19.jpg","contentUrl":"https:\/\/www.mobellinea.com\/wp-content\/uploads\/2025\/11\/Blog_f01-19.jpg","width":1920,"height":900},{"@type":"BreadcrumbList","@id":"https:\/\/www.mobellinea.com\/ca\/4-colors-per-a-donar-li-personalitat-als-espais-de-treball-part-1\/#breadcrumb","itemListElement":[{"@type":"ListItem","position":1,"name":"Home","item":"https:\/\/www.mobellinea.com\/ca\/inici\/"},{"@type":"ListItem","position":2,"name":"Tend\u00e8ncies","item":"https:\/\/www.mobellinea.com\/ca\/category\/tendencies\/"},{"@type":"ListItem","position":3,"name":"4 colors per a donar-li personalitat als espais de treball (part 1)"}]},{"@type":"WebSite","@id":"https:\/\/mobellinea.com\/en\/#website","url":"https:\/\/mobellinea.com\/en\/","name":"MobelLinea","description":"Dise\u00f1amos y fabricamos soluciones de mobiliario para oficinas y espacios colectivos. Creamos entornos honestos, funcionales y humanos, pensados para mejorar la vida de las personas","alternateName":"Mobel Linea","potentialAction":[{"@type":"SearchAction","target":{"@type":"EntryPoint","urlTemplate":"https:\/\/mobellinea.com\/en\/?s={search_term_string}"},"query-input":{"@type":"PropertyValueSpecification","valueRequired":true,"valueName":"search_term_string"}}],"inLanguage":"ca"},{"@type":"Person","@id":"https:\/\/mobellinea.com\/en\/#\/schema\/person\/518e40fa1dcd8c2ef7106c7561ae3ddb","name":"Anna","image":{"@type":"ImageObject","inLanguage":"ca","@id":"https:\/\/secure.gravatar.com\/avatar\/8adc17f1354e8252029a3205a793c695de1d4150636fd00a689f76f96e8a4c98?s=96&d=mm&r=g","url":"https:\/\/secure.gravatar.com\/avatar\/8adc17f1354e8252029a3205a793c695de1d4150636fd00a689f76f96e8a4c98?s=96&d=mm&r=g","contentUrl":"https:\/\/secure.gravatar.com\/avatar\/8adc17f1354e8252029a3205a793c695de1d4150636fd00a689f76f96e8a4c98?s=96&d=mm&r=g","caption":"Anna"}}]}},"uagb_featured_image_src":{"full":["https:\/\/www.mobellinea.com\/wp-content\/uploads\/2025\/11\/Blog_f01-19.jpg",1920,900,false],"thumbnail":["https:\/\/www.mobellinea.com\/wp-content\/uploads\/2025\/11\/Blog_f01-19-150x150.jpg",150,150,true],"medium":["https:\/\/www.mobellinea.com\/wp-content\/uploads\/2025\/11\/Blog_f01-19-320x150.jpg",320,150,true],"medium_large":["https:\/\/www.mobellinea.com\/wp-content\/uploads\/2025\/11\/Blog_f01-19-680x319.jpg",680,319,true],"large":["https:\/\/www.mobellinea.com\/wp-content\/uploads\/2025\/11\/Blog_f01-19-1000x469.jpg",1000,469,true],"pieces_card":["https:\/\/www.mobellinea.com\/wp-content\/uploads\/2025\/11\/Blog_f01-19-140x173.jpg",140,173,true],"gform-image-choice-sm":["https:\/\/www.mobellinea.com\/wp-content\/uploads\/2025\/11\/Blog_f01-19.jpg",300,141,false],"gform-image-choice-md":["https:\/\/www.mobellinea.com\/wp-content\/uploads\/2025\/11\/Blog_f01-19.jpg",400,188,false],"gform-image-choice-lg":["https:\/\/www.mobellinea.com\/wp-content\/uploads\/2025\/11\/Blog_f01-19.jpg",600,281,false]},"uagb_author_info":{"display_name":"Anna","author_link":"https:\/\/www.mobellinea.com\/ca\/author\/annareigmobellinea-es\/"},"uagb_comment_info":0,"uagb_excerpt":"El disseny d&#8217;oficines ha evolucionat amb el temps, i l&#8217;equilibri adequat en la selecci\u00f3 de colors \u00e9s essencial per a transmetre l&#8217;ambient desitjat. Per aix\u00f2, abans de triar la paleta crom\u00e0tica per a un estudi o espai de treball, \u00e9s fonamental tenir en compte diversos aspectes que contribueixin a crear l&#8217;entorn m\u00e9s adequat. Presentem 4&hellip;","_links":{"self":[{"href":"https:\/\/www.mobellinea.com\/ca\/wp-json\/wp\/v2\/posts\/5564","targetHints":{"allow":["GET"]}}],"collection":[{"href":"https:\/\/www.mobellinea.com\/ca\/wp-json\/wp\/v2\/posts"}],"about":[{"href":"https:\/\/www.mobellinea.com\/ca\/wp-json\/wp\/v2\/types\/post"}],"author":[{"embeddable":true,"href":"https:\/\/www.mobellinea.com\/ca\/wp-json\/wp\/v2\/users\/8"}],"replies":[{"embeddable":true,"href":"https:\/\/www.mobellinea.com\/ca\/wp-json\/wp\/v2\/comments?post=5564"}],"version-history":[{"count":2,"href":"https:\/\/www.mobellinea.com\/ca\/wp-json\/wp\/v2\/posts\/5564\/revisions"}],"predecessor-version":[{"id":5595,"href":"https:\/\/www.mobellinea.com\/ca\/wp-json\/wp\/v2\/posts\/5564\/revisions\/5595"}],"wp:featuredmedia":[{"embeddable":true,"href":"https:\/\/www.mobellinea.com\/ca\/wp-json\/wp\/v2\/media\/5419"}],"wp:attachment":[{"href":"https:\/\/www.mobellinea.com\/ca\/wp-json\/wp\/v2\/media?parent=5564"}],"wp:term":[{"taxonomy":"category","embeddable":true,"href":"https:\/\/www.mobellinea.com\/ca\/wp-json\/wp\/v2\/categories?post=5564"},{"taxonomy":"post_tag","embeddable":true,"href":"https:\/\/www.mobellinea.com\/ca\/wp-json\/wp\/v2\/tags?post=5564"}],"curies":[{"name":"wp","href":"https:\/\/api.w.org\/{rel}","templated":true}]}}