{"id":5529,"date":"2024-01-08T12:14:00","date_gmt":"2024-01-08T11:14:00","guid":{"rendered":"https:\/\/www.mobellinea.com\/mobel-linea-llanca-home-office-lite\/"},"modified":"2025-12-23T12:57:23","modified_gmt":"2025-12-23T11:57:23","slug":"mobel-linea-llanca-home-office-lite","status":"publish","type":"post","link":"https:\/\/www.mobellinea.com\/ca\/mobel-linea-llanca-home-office-lite\/","title":{"rendered":"Mobel Linea llan\u00e7a Home Office Lite"},"content":{"rendered":"\n<p class=\"wp-block-paragraph\">Una col\u00b7lecci\u00f3 formada per tres productes modulars i vers\u00e0tils dissenyada per resoldre la multifuncionalitat de la llar i enfortir els reptes de loficina din\u00e0mica.<\/p>\n\n<figure class=\"wp-block-image size-large\"><img decoding=\"async\" src=\"data:image\/gif;base64,R0lGODlhAQABAIAAAAAAAP\/\/\/yH5BAEAAAAALAAAAAABAAEAAAIBRAA7\" data-src=\"https:\/\/www.mobellinea.com\/wp-content\/uploads\/2025\/11\/Blog_f01-21-1000x469.jpg\" alt=\"\" class=\"wp-image-5339 lazyload\"\/><noscript><img decoding=\"async\" width=\"1000\" height=\"469\" src=\"https:\/\/www.mobellinea.com\/wp-content\/uploads\/2025\/11\/Blog_f01-21-1000x469.jpg\" alt=\"\" class=\"wp-image-5339 lazyload\" srcset=\"https:\/\/www.mobellinea.com\/wp-content\/uploads\/2025\/11\/Blog_f01-21-1000x469.jpg 1000w, https:\/\/www.mobellinea.com\/wp-content\/uploads\/2025\/11\/Blog_f01-21-320x150.jpg 320w, https:\/\/www.mobellinea.com\/wp-content\/uploads\/2025\/11\/Blog_f01-21-680x319.jpg 680w, https:\/\/www.mobellinea.com\/wp-content\/uploads\/2025\/11\/Blog_f01-21.jpg 1920w\" sizes=\"(max-width: 1000px) 100vw, 1000px\" \/><\/noscript><\/figure>\n\n<p class=\"wp-block-paragraph\">Sota el lema \u00abel teu espai on, com i quan vulguis\u00bb, Mobel Linea presenta una nova col\u00b7lecci\u00f3 de productes que s&#8217;adapta al nou ritme de vida de treball i s&#8217;integra tant a llars com a oficines aprofitant al m\u00e0xim l&#8217;espai i resolent tota mena de necessitats.<\/p>\n\n<p class=\"wp-block-paragraph\">Una col\u00b7lecci\u00f3 que inclou tres productes: Room Divider, Office Pod i Shelving System configurats de diferents maneres i presentats com a \u00absolucions\u00bb perqu\u00e8 l&#8217;usuari esculli la que millor s&#8217;adapti en funci\u00f3 dels seus objectius i necessitats.<\/p>\n\n<p class=\"wp-block-paragraph\">Una s\u00e8rie que neix del confinament, el teletreball, les oficines a casa i els espais n\u00f2mades i din\u00e0mics que trobem a l&#8217;oficina d&#8217;avui. Un nou repte a la ind\u00fastria del mobiliari i que suposa un pas m\u00e9s de Mobel Linea en la seva expansi\u00f3, entrant ara encara m\u00e9s al m\u00f3n de la llar. <\/p>\n\n<p class=\"has-xx-large-font-size wp-block-paragraph\">Productes Home Office Lite<\/p>\n\n<p class=\"wp-block-paragraph\"><strong>Room Divider<\/strong><\/p>\n\n<p class=\"wp-block-paragraph\">Parteix de la necessitat de generar un espai de treball en pocs metres quadrats i de separar espais per donar privadesa i crear ambients. \u00c9s un lloc de treball, un penjador-vestidor, una pissarra m\u00f2bil o altres possibilitats gr\u00e0cies a la seva caracteritzaci\u00f3 modulable i personalitzable. Amb un disseny \u00e0gil, vers\u00e0til, amb moviment i lleugeresa per ser emmagatzemat i transportat amb facilitat.  <\/p>\n\n<p class=\"wp-block-paragraph\">A m\u00e9s, ha estat el guanyador de la XXVII edici\u00f3 del prestigi\u00f3s concurs internacional CETEM DESIGN AWARD pel disseny funcional i innovador. \u00abLa revoluci\u00f3 en espais multifuncionals\u00bb va ser com el jurat de CETEM va descriure Room Divider. <\/p>\n\n<p class=\"wp-block-paragraph\"><strong>Office Pod<\/strong><\/p>\n\n<p class=\"wp-block-paragraph\">\u00c9s un lloc de treball a nom\u00e9s un gir. Des d&#8217;un home office din\u00e0mic fins a un rac\u00f3 a l&#8217;oficina per a la feina flexible o una consola de recepci\u00f3. Office Pod permet generar i delimitar una infinitat de microespais adaptant-se al ritme de treball de cada instant.  <\/p>\n\n<p class=\"wp-block-paragraph\"><strong>Shelving System<\/strong><\/p>\n\n<p class=\"wp-block-paragraph\">\u00c9s un sistema d&#8217;emmagatzematge totalment personalitzable que permet adaptar-se a qualsevol espai. El seu car\u00e0cter modular permet una infinitat de configuracions per donar solucions pr\u00e0ctiques i integrar-se f\u00e0cilment a qualsevol ambient ocupant el m\u00ednim espai. Pot ser una prestatgeria, un escriptori, el vestidor o el divisor ideal tant per a la llar com l&#8217;oficina, ple de frescor, dinamisme i agilitat.  <\/p>\n","protected":false},"excerpt":{"rendered":"<p>Una col\u00b7lecci\u00f3 formada per tres productes modulars i vers\u00e0tils dissenyada per resoldre la multifuncionalitat de la llar i enfortir els reptes de loficina din\u00e0mica. Sota el lema \u00abel teu espai on, com i quan vulguis\u00bb, Mobel Linea presenta una nova col\u00b7lecci\u00f3 de productes que s&#8217;adapta al nou ritme de vida de treball i s&#8217;integra tant [&hellip;]<\/p>\n","protected":false},"author":8,"featured_media":5525,"comment_status":"closed","ping_status":"closed","sticky":false,"template":"","format":"standard","meta":{"_acf_changed":false,"_uag_custom_page_level_css":"","footnotes":""},"categories":[352,351,349,350],"tags":[],"class_list":["post-5529","post","type-post","status-publish","format-standard","has-post-thumbnail","hentry","category-coleccions","category-innovacio","category-noticies","category-productes"],"acf":[],"yoast_head":"<!-- This site is optimized with the Yoast SEO Premium plugin v26.6 (Yoast SEO v27.6) - https:\/\/yoast.com\/product\/yoast-seo-premium-wordpress\/ -->\n<title>Mobel Linea llan\u00e7a Home Office Lite - Mobellinea<\/title>\n<meta name=\"description\" content=\"Una col\u00b7lecci\u00f3 formada per tres productes modulars i vers\u00e0tils dissenyada per resoldre la multifuncionalitat de la llar i enfortir els reptes de loficina\" \/>\n<meta name=\"robots\" content=\"index, follow, max-snippet:-1, max-image-preview:large, max-video-preview:-1\" \/>\n<link rel=\"canonical\" href=\"https:\/\/www.mobellinea.com\/ca\/mobel-linea-llanca-home-office-lite\/\" \/>\n<meta property=\"og:locale\" content=\"ca_ES\" \/>\n<meta property=\"og:type\" content=\"article\" \/>\n<meta property=\"og:title\" content=\"Mobel Linea llan\u00e7a Home Office Lite\" \/>\n<meta property=\"og:description\" content=\"Una col\u00b7lecci\u00f3 formada per tres productes modulars i vers\u00e0tils dissenyada per resoldre la multifuncionalitat de la llar i enfortir els reptes de loficina\" \/>\n<meta property=\"og:url\" content=\"https:\/\/www.mobellinea.com\/ca\/mobel-linea-llanca-home-office-lite\/\" \/>\n<meta property=\"og:site_name\" content=\"Mobellinea\" \/>\n<meta property=\"article:publisher\" content=\"https:\/\/www.facebook.com\/mobellineasl\" \/>\n<meta property=\"article:published_time\" content=\"2024-01-08T11:14:00+00:00\" \/>\n<meta property=\"article:modified_time\" content=\"2025-12-23T11:57:23+00:00\" \/>\n<meta property=\"og:image\" content=\"https:\/\/www.mobellinea.com\/wp-content\/uploads\/2025\/11\/Blog_f01-22.jpg\" \/>\n\t<meta property=\"og:image:width\" content=\"1920\" \/>\n\t<meta property=\"og:image:height\" content=\"900\" \/>\n\t<meta property=\"og:image:type\" content=\"image\/jpeg\" \/>\n<meta name=\"author\" content=\"Anna\" \/>\n<meta name=\"twitter:card\" content=\"summary_large_image\" \/>\n<meta name=\"twitter:label1\" content=\"Escrit per\" \/>\n\t<meta name=\"twitter:data1\" content=\"Anna\" \/>\n\t<meta name=\"twitter:label2\" content=\"Temps estimat de lectura\" \/>\n\t<meta name=\"twitter:data2\" content=\"2 minuts\" \/>\n<script type=\"application\/ld+json\" class=\"yoast-schema-graph\">{\"@context\":\"https:\\\/\\\/schema.org\",\"@graph\":[{\"@type\":\"Article\",\"@id\":\"https:\\\/\\\/www.mobellinea.com\\\/ca\\\/mobel-linea-llanca-home-office-lite\\\/#article\",\"isPartOf\":{\"@id\":\"https:\\\/\\\/www.mobellinea.com\\\/ca\\\/mobel-linea-llanca-home-office-lite\\\/\"},\"author\":{\"name\":\"Anna\",\"@id\":\"https:\\\/\\\/mobellinea.com\\\/en\\\/#\\\/schema\\\/person\\\/518e40fa1dcd8c2ef7106c7561ae3ddb\"},\"headline\":\"Mobel Linea llan\u00e7a Home Office Lite\",\"datePublished\":\"2024-01-08T11:14:00+00:00\",\"dateModified\":\"2025-12-23T11:57:23+00:00\",\"mainEntityOfPage\":{\"@id\":\"https:\\\/\\\/www.mobellinea.com\\\/ca\\\/mobel-linea-llanca-home-office-lite\\\/\"},\"wordCount\":418,\"image\":{\"@id\":\"https:\\\/\\\/www.mobellinea.com\\\/ca\\\/mobel-linea-llanca-home-office-lite\\\/#primaryimage\"},\"thumbnailUrl\":\"https:\\\/\\\/www.mobellinea.com\\\/wp-content\\\/uploads\\\/2025\\\/11\\\/Blog_f01-22.jpg\",\"articleSection\":[\"Col\u00b7leccions\",\"Innovaci\u00f3\",\"Not\u00edcies\",\"Productes\"],\"inLanguage\":\"ca\"},{\"@type\":\"WebPage\",\"@id\":\"https:\\\/\\\/www.mobellinea.com\\\/ca\\\/mobel-linea-llanca-home-office-lite\\\/\",\"url\":\"https:\\\/\\\/www.mobellinea.com\\\/ca\\\/mobel-linea-llanca-home-office-lite\\\/\",\"name\":\"Mobel Linea llan\u00e7a Home Office Lite - Mobellinea\",\"isPartOf\":{\"@id\":\"https:\\\/\\\/mobellinea.com\\\/en\\\/#website\"},\"primaryImageOfPage\":{\"@id\":\"https:\\\/\\\/www.mobellinea.com\\\/ca\\\/mobel-linea-llanca-home-office-lite\\\/#primaryimage\"},\"image\":{\"@id\":\"https:\\\/\\\/www.mobellinea.com\\\/ca\\\/mobel-linea-llanca-home-office-lite\\\/#primaryimage\"},\"thumbnailUrl\":\"https:\\\/\\\/www.mobellinea.com\\\/wp-content\\\/uploads\\\/2025\\\/11\\\/Blog_f01-22.jpg\",\"datePublished\":\"2024-01-08T11:14:00+00:00\",\"dateModified\":\"2025-12-23T11:57:23+00:00\",\"author\":{\"@id\":\"https:\\\/\\\/mobellinea.com\\\/en\\\/#\\\/schema\\\/person\\\/518e40fa1dcd8c2ef7106c7561ae3ddb\"},\"description\":\"Una col\u00b7lecci\u00f3 formada per tres productes modulars i vers\u00e0tils dissenyada per resoldre la multifuncionalitat de la llar i enfortir els reptes de loficina\",\"breadcrumb\":{\"@id\":\"https:\\\/\\\/www.mobellinea.com\\\/ca\\\/mobel-linea-llanca-home-office-lite\\\/#breadcrumb\"},\"inLanguage\":\"ca\",\"potentialAction\":[{\"@type\":\"ReadAction\",\"target\":[\"https:\\\/\\\/www.mobellinea.com\\\/ca\\\/mobel-linea-llanca-home-office-lite\\\/\"]}]},{\"@type\":\"ImageObject\",\"inLanguage\":\"ca\",\"@id\":\"https:\\\/\\\/www.mobellinea.com\\\/ca\\\/mobel-linea-llanca-home-office-lite\\\/#primaryimage\",\"url\":\"https:\\\/\\\/www.mobellinea.com\\\/wp-content\\\/uploads\\\/2025\\\/11\\\/Blog_f01-22.jpg\",\"contentUrl\":\"https:\\\/\\\/www.mobellinea.com\\\/wp-content\\\/uploads\\\/2025\\\/11\\\/Blog_f01-22.jpg\",\"width\":1920,\"height\":900},{\"@type\":\"BreadcrumbList\",\"@id\":\"https:\\\/\\\/www.mobellinea.com\\\/ca\\\/mobel-linea-llanca-home-office-lite\\\/#breadcrumb\",\"itemListElement\":[{\"@type\":\"ListItem\",\"position\":1,\"name\":\"Home\",\"item\":\"https:\\\/\\\/www.mobellinea.com\\\/ca\\\/inici\\\/\"},{\"@type\":\"ListItem\",\"position\":2,\"name\":\"Not\u00edcies\",\"item\":\"https:\\\/\\\/www.mobellinea.com\\\/ca\\\/category\\\/noticies\\\/\"},{\"@type\":\"ListItem\",\"position\":3,\"name\":\"Mobel Linea llan\u00e7a Home Office Lite\"}]},{\"@type\":\"WebSite\",\"@id\":\"https:\\\/\\\/mobellinea.com\\\/en\\\/#website\",\"url\":\"https:\\\/\\\/mobellinea.com\\\/en\\\/\",\"name\":\"MobelLinea\",\"description\":\"Dise\u00f1amos y fabricamos soluciones de mobiliario para oficinas y espacios colectivos. Creamos entornos honestos, funcionales y humanos, pensados para mejorar la vida de las personas\",\"alternateName\":\"Mobel Linea\",\"potentialAction\":[{\"@type\":\"SearchAction\",\"target\":{\"@type\":\"EntryPoint\",\"urlTemplate\":\"https:\\\/\\\/mobellinea.com\\\/en\\\/?s={search_term_string}\"},\"query-input\":{\"@type\":\"PropertyValueSpecification\",\"valueRequired\":true,\"valueName\":\"search_term_string\"}}],\"inLanguage\":\"ca\"},{\"@type\":\"Person\",\"@id\":\"https:\\\/\\\/mobellinea.com\\\/en\\\/#\\\/schema\\\/person\\\/518e40fa1dcd8c2ef7106c7561ae3ddb\",\"name\":\"Anna\",\"image\":{\"@type\":\"ImageObject\",\"inLanguage\":\"ca\",\"@id\":\"https:\\\/\\\/secure.gravatar.com\\\/avatar\\\/8adc17f1354e8252029a3205a793c695de1d4150636fd00a689f76f96e8a4c98?s=96&d=mm&r=g\",\"url\":\"https:\\\/\\\/secure.gravatar.com\\\/avatar\\\/8adc17f1354e8252029a3205a793c695de1d4150636fd00a689f76f96e8a4c98?s=96&d=mm&r=g\",\"contentUrl\":\"https:\\\/\\\/secure.gravatar.com\\\/avatar\\\/8adc17f1354e8252029a3205a793c695de1d4150636fd00a689f76f96e8a4c98?s=96&d=mm&r=g\",\"caption\":\"Anna\"}}]}<\/script>\n<!-- \/ Yoast SEO Premium plugin. -->","yoast_head_json":{"title":"Mobel Linea llan\u00e7a Home Office Lite - Mobellinea","description":"Una col\u00b7lecci\u00f3 formada per tres productes modulars i vers\u00e0tils dissenyada per resoldre la multifuncionalitat de la llar i enfortir els reptes de loficina","robots":{"index":"index","follow":"follow","max-snippet":"max-snippet:-1","max-image-preview":"max-image-preview:large","max-video-preview":"max-video-preview:-1"},"canonical":"https:\/\/www.mobellinea.com\/ca\/mobel-linea-llanca-home-office-lite\/","og_locale":"ca_ES","og_type":"article","og_title":"Mobel Linea llan\u00e7a Home Office Lite","og_description":"Una col\u00b7lecci\u00f3 formada per tres productes modulars i vers\u00e0tils dissenyada per resoldre la multifuncionalitat de la llar i enfortir els reptes de loficina","og_url":"https:\/\/www.mobellinea.com\/ca\/mobel-linea-llanca-home-office-lite\/","og_site_name":"Mobellinea","article_publisher":"https:\/\/www.facebook.com\/mobellineasl","article_published_time":"2024-01-08T11:14:00+00:00","article_modified_time":"2025-12-23T11:57:23+00:00","og_image":[{"width":1920,"height":900,"url":"https:\/\/www.mobellinea.com\/wp-content\/uploads\/2025\/11\/Blog_f01-22.jpg","type":"image\/jpeg"}],"author":"Anna","twitter_card":"summary_large_image","twitter_misc":{"Escrit per":"Anna","Temps estimat de lectura":"2 minuts"},"schema":{"@context":"https:\/\/schema.org","@graph":[{"@type":"Article","@id":"https:\/\/www.mobellinea.com\/ca\/mobel-linea-llanca-home-office-lite\/#article","isPartOf":{"@id":"https:\/\/www.mobellinea.com\/ca\/mobel-linea-llanca-home-office-lite\/"},"author":{"name":"Anna","@id":"https:\/\/mobellinea.com\/en\/#\/schema\/person\/518e40fa1dcd8c2ef7106c7561ae3ddb"},"headline":"Mobel Linea llan\u00e7a Home Office Lite","datePublished":"2024-01-08T11:14:00+00:00","dateModified":"2025-12-23T11:57:23+00:00","mainEntityOfPage":{"@id":"https:\/\/www.mobellinea.com\/ca\/mobel-linea-llanca-home-office-lite\/"},"wordCount":418,"image":{"@id":"https:\/\/www.mobellinea.com\/ca\/mobel-linea-llanca-home-office-lite\/#primaryimage"},"thumbnailUrl":"https:\/\/www.mobellinea.com\/wp-content\/uploads\/2025\/11\/Blog_f01-22.jpg","articleSection":["Col\u00b7leccions","Innovaci\u00f3","Not\u00edcies","Productes"],"inLanguage":"ca"},{"@type":"WebPage","@id":"https:\/\/www.mobellinea.com\/ca\/mobel-linea-llanca-home-office-lite\/","url":"https:\/\/www.mobellinea.com\/ca\/mobel-linea-llanca-home-office-lite\/","name":"Mobel Linea llan\u00e7a Home Office Lite - Mobellinea","isPartOf":{"@id":"https:\/\/mobellinea.com\/en\/#website"},"primaryImageOfPage":{"@id":"https:\/\/www.mobellinea.com\/ca\/mobel-linea-llanca-home-office-lite\/#primaryimage"},"image":{"@id":"https:\/\/www.mobellinea.com\/ca\/mobel-linea-llanca-home-office-lite\/#primaryimage"},"thumbnailUrl":"https:\/\/www.mobellinea.com\/wp-content\/uploads\/2025\/11\/Blog_f01-22.jpg","datePublished":"2024-01-08T11:14:00+00:00","dateModified":"2025-12-23T11:57:23+00:00","author":{"@id":"https:\/\/mobellinea.com\/en\/#\/schema\/person\/518e40fa1dcd8c2ef7106c7561ae3ddb"},"description":"Una col\u00b7lecci\u00f3 formada per tres productes modulars i vers\u00e0tils dissenyada per resoldre la multifuncionalitat de la llar i enfortir els reptes de loficina","breadcrumb":{"@id":"https:\/\/www.mobellinea.com\/ca\/mobel-linea-llanca-home-office-lite\/#breadcrumb"},"inLanguage":"ca","potentialAction":[{"@type":"ReadAction","target":["https:\/\/www.mobellinea.com\/ca\/mobel-linea-llanca-home-office-lite\/"]}]},{"@type":"ImageObject","inLanguage":"ca","@id":"https:\/\/www.mobellinea.com\/ca\/mobel-linea-llanca-home-office-lite\/#primaryimage","url":"https:\/\/www.mobellinea.com\/wp-content\/uploads\/2025\/11\/Blog_f01-22.jpg","contentUrl":"https:\/\/www.mobellinea.com\/wp-content\/uploads\/2025\/11\/Blog_f01-22.jpg","width":1920,"height":900},{"@type":"BreadcrumbList","@id":"https:\/\/www.mobellinea.com\/ca\/mobel-linea-llanca-home-office-lite\/#breadcrumb","itemListElement":[{"@type":"ListItem","position":1,"name":"Home","item":"https:\/\/www.mobellinea.com\/ca\/inici\/"},{"@type":"ListItem","position":2,"name":"Not\u00edcies","item":"https:\/\/www.mobellinea.com\/ca\/category\/noticies\/"},{"@type":"ListItem","position":3,"name":"Mobel Linea llan\u00e7a Home Office Lite"}]},{"@type":"WebSite","@id":"https:\/\/mobellinea.com\/en\/#website","url":"https:\/\/mobellinea.com\/en\/","name":"MobelLinea","description":"Dise\u00f1amos y fabricamos soluciones de mobiliario para oficinas y espacios colectivos. Creamos entornos honestos, funcionales y humanos, pensados para mejorar la vida de las personas","alternateName":"Mobel Linea","potentialAction":[{"@type":"SearchAction","target":{"@type":"EntryPoint","urlTemplate":"https:\/\/mobellinea.com\/en\/?s={search_term_string}"},"query-input":{"@type":"PropertyValueSpecification","valueRequired":true,"valueName":"search_term_string"}}],"inLanguage":"ca"},{"@type":"Person","@id":"https:\/\/mobellinea.com\/en\/#\/schema\/person\/518e40fa1dcd8c2ef7106c7561ae3ddb","name":"Anna","image":{"@type":"ImageObject","inLanguage":"ca","@id":"https:\/\/secure.gravatar.com\/avatar\/8adc17f1354e8252029a3205a793c695de1d4150636fd00a689f76f96e8a4c98?s=96&d=mm&r=g","url":"https:\/\/secure.gravatar.com\/avatar\/8adc17f1354e8252029a3205a793c695de1d4150636fd00a689f76f96e8a4c98?s=96&d=mm&r=g","contentUrl":"https:\/\/secure.gravatar.com\/avatar\/8adc17f1354e8252029a3205a793c695de1d4150636fd00a689f76f96e8a4c98?s=96&d=mm&r=g","caption":"Anna"}}]}},"uagb_featured_image_src":{"full":["https:\/\/www.mobellinea.com\/wp-content\/uploads\/2025\/11\/Blog_f01-22.jpg",1920,900,false],"thumbnail":["https:\/\/www.mobellinea.com\/wp-content\/uploads\/2025\/11\/Blog_f01-22-150x150.jpg",150,150,true],"medium":["https:\/\/www.mobellinea.com\/wp-content\/uploads\/2025\/11\/Blog_f01-22-320x150.jpg",320,150,true],"medium_large":["https:\/\/www.mobellinea.com\/wp-content\/uploads\/2025\/11\/Blog_f01-22-680x319.jpg",680,319,true],"large":["https:\/\/www.mobellinea.com\/wp-content\/uploads\/2025\/11\/Blog_f01-22-1000x469.jpg",1000,469,true],"pieces_card":["https:\/\/www.mobellinea.com\/wp-content\/uploads\/2025\/11\/Blog_f01-22-140x173.jpg",140,173,true],"gform-image-choice-sm":["https:\/\/www.mobellinea.com\/wp-content\/uploads\/2025\/11\/Blog_f01-22.jpg",300,141,false],"gform-image-choice-md":["https:\/\/www.mobellinea.com\/wp-content\/uploads\/2025\/11\/Blog_f01-22.jpg",400,188,false],"gform-image-choice-lg":["https:\/\/www.mobellinea.com\/wp-content\/uploads\/2025\/11\/Blog_f01-22.jpg",600,281,false]},"uagb_author_info":{"display_name":"Anna","author_link":"https:\/\/www.mobellinea.com\/ca\/author\/annareigmobellinea-es\/"},"uagb_comment_info":0,"uagb_excerpt":"Una col\u00b7lecci\u00f3 formada per tres productes modulars i vers\u00e0tils dissenyada per resoldre la multifuncionalitat de la llar i enfortir els reptes de loficina din\u00e0mica. Sota el lema \u00abel teu espai on, com i quan vulguis\u00bb, Mobel Linea presenta una nova col\u00b7lecci\u00f3 de productes que s&#8217;adapta al nou ritme de vida de treball i s&#8217;integra tant&hellip;","_links":{"self":[{"href":"https:\/\/www.mobellinea.com\/ca\/wp-json\/wp\/v2\/posts\/5529","targetHints":{"allow":["GET"]}}],"collection":[{"href":"https:\/\/www.mobellinea.com\/ca\/wp-json\/wp\/v2\/posts"}],"about":[{"href":"https:\/\/www.mobellinea.com\/ca\/wp-json\/wp\/v2\/types\/post"}],"author":[{"embeddable":true,"href":"https:\/\/www.mobellinea.com\/ca\/wp-json\/wp\/v2\/users\/8"}],"replies":[{"embeddable":true,"href":"https:\/\/www.mobellinea.com\/ca\/wp-json\/wp\/v2\/comments?post=5529"}],"version-history":[{"count":2,"href":"https:\/\/www.mobellinea.com\/ca\/wp-json\/wp\/v2\/posts\/5529\/revisions"}],"predecessor-version":[{"id":16867,"href":"https:\/\/www.mobellinea.com\/ca\/wp-json\/wp\/v2\/posts\/5529\/revisions\/16867"}],"wp:featuredmedia":[{"embeddable":true,"href":"https:\/\/www.mobellinea.com\/ca\/wp-json\/wp\/v2\/media\/5525"}],"wp:attachment":[{"href":"https:\/\/www.mobellinea.com\/ca\/wp-json\/wp\/v2\/media?parent=5529"}],"wp:term":[{"taxonomy":"category","embeddable":true,"href":"https:\/\/www.mobellinea.com\/ca\/wp-json\/wp\/v2\/categories?post=5529"},{"taxonomy":"post_tag","embeddable":true,"href":"https:\/\/www.mobellinea.com\/ca\/wp-json\/wp\/v2\/tags?post=5529"}],"curies":[{"name":"wp","href":"https:\/\/api.w.org\/{rel}","templated":true}]}}