{"id":5458,"date":"2025-01-10T10:48:00","date_gmt":"2025-01-10T09:48:00","guid":{"rendered":"https:\/\/www.mobellinea.com\/colors-tendencia-2025\/"},"modified":"2025-12-23T12:55:35","modified_gmt":"2025-12-23T11:55:35","slug":"colors-tendencia-2025","status":"publish","type":"post","link":"https:\/\/www.mobellinea.com\/ca\/colors-tendencia-2025\/","title":{"rendered":"Colors tend\u00e8ncia 2025"},"content":{"rendered":"\n<p class=\"wp-block-paragraph\">Quins s\u00f3n els colors de moda que protagonitzaran el disseny d&#8217;interiors aquest any 2025? Qu\u00e8 \u00e9s el que m\u00e9s estem veient? Aix\u00ed es presenten els espais per al nou any.  <\/p>\n\n<p class=\"has-xx-large-font-size wp-block-paragraph\">Les tonalitats terra<\/p>\n\n<p class=\"wp-block-paragraph\">Els tons terracota, amb matisos vermellosos, continuaran marcant tend\u00e8ncia al 2025. En les seves versions m\u00e9s suaus, transmeten calidesa i evoquen una profunda connexi\u00f3 amb la terra i les arrels, sent perfectes per als qui desitgen crear un ambient acollidor i org\u00e0nic. D&#8217;altra banda, en tonalitats m\u00e9s intenses, aporten un efecte vibrant i ple d&#8217;energia, ideal per a espais amb personalitat.  <\/p>\n\n<figure class=\"wp-block-gallery has-nested-images columns-default is-cropped wp-block-gallery-1 is-layout-flex wp-block-gallery-is-layout-flex\">\n<figure class=\"wp-block-image size-large\"><img decoding=\"async\" data-id=\"5259\" src=\"data:image\/gif;base64,R0lGODlhAQABAIAAAAAAAP\/\/\/yH5BAEAAAAALAAAAAABAAEAAAIBRAA7\" data-src=\"https:\/\/www.mobellinea.com\/wp-content\/uploads\/2025\/11\/blog_f01-11-1000x469.jpg\" alt=\"\" class=\"wp-image-5259 lazyload\"\/><noscript><img decoding=\"async\" width=\"1000\" height=\"469\" data-id=\"5259\" src=\"https:\/\/www.mobellinea.com\/wp-content\/uploads\/2025\/11\/blog_f01-11-1000x469.jpg\" alt=\"\" class=\"wp-image-5259 lazyload\" srcset=\"https:\/\/www.mobellinea.com\/wp-content\/uploads\/2025\/11\/blog_f01-11-1000x469.jpg 1000w, https:\/\/www.mobellinea.com\/wp-content\/uploads\/2025\/11\/blog_f01-11-320x150.jpg 320w, https:\/\/www.mobellinea.com\/wp-content\/uploads\/2025\/11\/blog_f01-11-680x319.jpg 680w, https:\/\/www.mobellinea.com\/wp-content\/uploads\/2025\/11\/blog_f01-11.jpg 1920w\" sizes=\"(max-width: 1000px) 100vw, 1000px\" \/><\/noscript><\/figure>\n<\/figure>\n\n<p class=\"has-xx-large-font-size wp-block-paragraph\">Colors de la naturalesa<\/p>\n\n<p class=\"wp-block-paragraph\">Els tons marrons clars, sorra i beix evoquen l&#8217;ess\u00e8ncia de la naturalesa, transformant qualsevol espai en un ambient equilibrat i harmoni\u00f3s. Aquests colors es complementen amb uns altres que tamb\u00e9 remeten a l&#8217;entorn natural: els tons blaus i verds, tant en les seves versions m\u00e9s suaus com en les m\u00e9s fosques, aconseguint aix\u00ed recrear la gamma crom\u00e0tica present en la naturalesa. <\/p>\n\n<figure class=\"wp-block-image size-large\"><img decoding=\"async\" src=\"data:image\/gif;base64,R0lGODlhAQABAIAAAAAAAP\/\/\/yH5BAEAAAAALAAAAAABAAEAAAIBRAA7\" data-src=\"https:\/\/www.mobellinea.com\/wp-content\/uploads\/2025\/11\/blog_f02-8-1000x469.jpg\" alt=\"\" class=\"wp-image-5258 lazyload\"\/><noscript><img decoding=\"async\" width=\"1000\" height=\"469\" src=\"https:\/\/www.mobellinea.com\/wp-content\/uploads\/2025\/11\/blog_f02-8-1000x469.jpg\" alt=\"\" class=\"wp-image-5258 lazyload\" srcset=\"https:\/\/www.mobellinea.com\/wp-content\/uploads\/2025\/11\/blog_f02-8-1000x469.jpg 1000w, https:\/\/www.mobellinea.com\/wp-content\/uploads\/2025\/11\/blog_f02-8-320x150.jpg 320w, https:\/\/www.mobellinea.com\/wp-content\/uploads\/2025\/11\/blog_f02-8-680x319.jpg 680w, https:\/\/www.mobellinea.com\/wp-content\/uploads\/2025\/11\/blog_f02-8.jpg 1920w\" sizes=\"(max-width: 1000px) 100vw, 1000px\" \/><\/noscript><\/figure>\n\n<p class=\"has-xx-large-font-size wp-block-paragraph\">Un toc de color<\/p>\n\n<p class=\"wp-block-paragraph\">Una de les tend\u00e8ncies emergents \u00e9s afegir un toc de color a espais sobris i neutres. Entre grisos clars, blancs i beiges, destaquen tons com el bordeus i el groc mostassa: colors vibrants que injecten energia i vitalitat. Aquestes combinacions aconsegueixen transformar els ambients, creant espais auda\u00e7os, plens d&#8217;estil i personalitat.  <\/p>\n\n<figure class=\"wp-block-image size-large\"><img decoding=\"async\" src=\"data:image\/gif;base64,R0lGODlhAQABAIAAAAAAAP\/\/\/yH5BAEAAAAALAAAAAABAAEAAAIBRAA7\" data-src=\"https:\/\/www.mobellinea.com\/wp-content\/uploads\/2025\/11\/blog_f03-7-1000x469.jpg\" alt=\"\" class=\"wp-image-5257 lazyload\"\/><noscript><img decoding=\"async\" width=\"1000\" height=\"469\" src=\"https:\/\/www.mobellinea.com\/wp-content\/uploads\/2025\/11\/blog_f03-7-1000x469.jpg\" alt=\"\" class=\"wp-image-5257 lazyload\" srcset=\"https:\/\/www.mobellinea.com\/wp-content\/uploads\/2025\/11\/blog_f03-7-1000x469.jpg 1000w, https:\/\/www.mobellinea.com\/wp-content\/uploads\/2025\/11\/blog_f03-7-320x150.jpg 320w, https:\/\/www.mobellinea.com\/wp-content\/uploads\/2025\/11\/blog_f03-7-680x319.jpg 680w, https:\/\/www.mobellinea.com\/wp-content\/uploads\/2025\/11\/blog_f03-7.jpg 1920w\" sizes=\"(max-width: 1000px) 100vw, 1000px\" \/><\/noscript><\/figure>\n\n<p class=\"has-xx-large-font-size wp-block-paragraph\">Mocha Mousse, Pantone 2025<\/p>\n\n<p class=\"wp-block-paragraph\">No podem passar per alt el Mocha Mousse, color Pantone de l&#8217;any 2025. Aquest c\u00e0lid to marr\u00f3 clar evoca calma i equilibri, i promet protagonitzar nombrosos espais al llarg de l&#8217;any. Ja comen\u00e7a a destacar dins de les paletes crom\u00e0tiques dissenyades per a crear ambients naturals i amb una connexi\u00f3 terrenal, consolidant-se com una elecci\u00f3 clau en disseny i decoraci\u00f3.  <\/p>\n\n<figure class=\"wp-block-image size-large\"><img decoding=\"async\" src=\"data:image\/gif;base64,R0lGODlhAQABAIAAAAAAAP\/\/\/yH5BAEAAAAALAAAAAABAAEAAAIBRAA7\" data-src=\"https:\/\/www.mobellinea.com\/wp-content\/uploads\/2025\/11\/blog_f04-2-1000x469.jpg\" alt=\"\" class=\"wp-image-5260 lazyload\"\/><noscript><img decoding=\"async\" width=\"1000\" height=\"469\" src=\"https:\/\/www.mobellinea.com\/wp-content\/uploads\/2025\/11\/blog_f04-2-1000x469.jpg\" alt=\"\" class=\"wp-image-5260 lazyload\" srcset=\"https:\/\/www.mobellinea.com\/wp-content\/uploads\/2025\/11\/blog_f04-2-1000x469.jpg 1000w, https:\/\/www.mobellinea.com\/wp-content\/uploads\/2025\/11\/blog_f04-2-320x150.jpg 320w, https:\/\/www.mobellinea.com\/wp-content\/uploads\/2025\/11\/blog_f04-2-680x319.jpg 680w, https:\/\/www.mobellinea.com\/wp-content\/uploads\/2025\/11\/blog_f04-2.jpg 1920w\" sizes=\"(max-width: 1000px) 100vw, 1000px\" \/><\/noscript><\/figure>\n","protected":false},"excerpt":{"rendered":"<p>Quins s\u00f3n els colors de moda que protagonitzaran el disseny d&#8217;interiors aquest any 2025? Qu\u00e8 \u00e9s el que m\u00e9s estem veient? Aix\u00ed es presenten els espais per al nou any. Les tonalitats terra Els tons terracota, amb matisos vermellosos, continuaran marcant tend\u00e8ncia al 2025. En les seves versions m\u00e9s suaus, transmeten calidesa i evoquen una [&hellip;]<\/p>\n","protected":false},"author":8,"featured_media":17192,"comment_status":"closed","ping_status":"closed","sticky":false,"template":"","format":"standard","meta":{"_acf_changed":false,"_uag_custom_page_level_css":"","footnotes":""},"categories":[365],"tags":[],"class_list":["post-5458","post","type-post","status-publish","format-standard","has-post-thumbnail","hentry","category-tendencies"],"acf":[],"yoast_head":"<!-- This site is optimized with the Yoast SEO Premium plugin v26.6 (Yoast SEO v27.6) - https:\/\/yoast.com\/product\/yoast-seo-premium-wordpress\/ -->\n<title>Colors tend\u00e8ncia 2025 - Mobellinea<\/title>\n<meta name=\"description\" content=\"Quins s\u00f3n els colors de moda que protagonitzaran el disseny d&#039;interiors aquest any 2025? Qu\u00e8 \u00e9s el que m\u00e9s estem veient? Aix\u00ed es presenten els espais per\" \/>\n<meta name=\"robots\" content=\"index, follow, max-snippet:-1, max-image-preview:large, max-video-preview:-1\" \/>\n<link rel=\"canonical\" href=\"https:\/\/www.mobellinea.com\/ca\/colors-tendencia-2025\/\" \/>\n<meta property=\"og:locale\" content=\"ca_ES\" \/>\n<meta property=\"og:type\" content=\"article\" \/>\n<meta property=\"og:title\" content=\"Colors tend\u00e8ncia 2025\" \/>\n<meta property=\"og:description\" content=\"Quins s\u00f3n els colors de moda que protagonitzaran el disseny d&#039;interiors aquest any 2025? Qu\u00e8 \u00e9s el que m\u00e9s estem veient? Aix\u00ed es presenten els espais per\" \/>\n<meta property=\"og:url\" content=\"https:\/\/www.mobellinea.com\/ca\/colors-tendencia-2025\/\" \/>\n<meta property=\"og:site_name\" content=\"Mobellinea\" \/>\n<meta property=\"article:publisher\" content=\"https:\/\/www.facebook.com\/mobellineasl\" \/>\n<meta property=\"article:published_time\" content=\"2025-01-10T09:48:00+00:00\" \/>\n<meta property=\"article:modified_time\" content=\"2025-12-23T11:55:35+00:00\" \/>\n<meta property=\"og:image\" content=\"https:\/\/www.mobellinea.com\/wp-content\/uploads\/2025\/11\/blog_f01-11.jpg\" \/>\n\t<meta property=\"og:image:width\" content=\"1920\" \/>\n\t<meta property=\"og:image:height\" content=\"900\" \/>\n\t<meta property=\"og:image:type\" content=\"image\/jpeg\" \/>\n<meta name=\"author\" content=\"Anna\" \/>\n<meta name=\"twitter:card\" content=\"summary_large_image\" \/>\n<meta name=\"twitter:label1\" content=\"Escrit per\" \/>\n\t<meta name=\"twitter:data1\" content=\"Anna\" \/>\n\t<meta name=\"twitter:label2\" content=\"Temps estimat de lectura\" \/>\n\t<meta name=\"twitter:data2\" content=\"1 minut\" \/>\n<script type=\"application\/ld+json\" class=\"yoast-schema-graph\">{\"@context\":\"https:\\\/\\\/schema.org\",\"@graph\":[{\"@type\":\"Article\",\"@id\":\"https:\\\/\\\/www.mobellinea.com\\\/ca\\\/colors-tendencia-2025\\\/#article\",\"isPartOf\":{\"@id\":\"https:\\\/\\\/www.mobellinea.com\\\/ca\\\/colors-tendencia-2025\\\/\"},\"author\":{\"name\":\"Anna\",\"@id\":\"https:\\\/\\\/mobellinea.com\\\/en\\\/#\\\/schema\\\/person\\\/518e40fa1dcd8c2ef7106c7561ae3ddb\"},\"headline\":\"Colors tend\u00e8ncia 2025\",\"datePublished\":\"2025-01-10T09:48:00+00:00\",\"dateModified\":\"2025-12-23T11:55:35+00:00\",\"mainEntityOfPage\":{\"@id\":\"https:\\\/\\\/www.mobellinea.com\\\/ca\\\/colors-tendencia-2025\\\/\"},\"wordCount\":301,\"image\":{\"@id\":\"https:\\\/\\\/www.mobellinea.com\\\/ca\\\/colors-tendencia-2025\\\/#primaryimage\"},\"thumbnailUrl\":\"https:\\\/\\\/www.mobellinea.com\\\/wp-content\\\/uploads\\\/2025\\\/11\\\/blog_f01-11.jpg\",\"articleSection\":[\"Tend\u00e8ncies\"],\"inLanguage\":\"ca\"},{\"@type\":\"WebPage\",\"@id\":\"https:\\\/\\\/www.mobellinea.com\\\/ca\\\/colors-tendencia-2025\\\/\",\"url\":\"https:\\\/\\\/www.mobellinea.com\\\/ca\\\/colors-tendencia-2025\\\/\",\"name\":\"Colors tend\u00e8ncia 2025 - Mobellinea\",\"isPartOf\":{\"@id\":\"https:\\\/\\\/mobellinea.com\\\/en\\\/#website\"},\"primaryImageOfPage\":{\"@id\":\"https:\\\/\\\/www.mobellinea.com\\\/ca\\\/colors-tendencia-2025\\\/#primaryimage\"},\"image\":{\"@id\":\"https:\\\/\\\/www.mobellinea.com\\\/ca\\\/colors-tendencia-2025\\\/#primaryimage\"},\"thumbnailUrl\":\"https:\\\/\\\/www.mobellinea.com\\\/wp-content\\\/uploads\\\/2025\\\/11\\\/blog_f01-11.jpg\",\"datePublished\":\"2025-01-10T09:48:00+00:00\",\"dateModified\":\"2025-12-23T11:55:35+00:00\",\"author\":{\"@id\":\"https:\\\/\\\/mobellinea.com\\\/en\\\/#\\\/schema\\\/person\\\/518e40fa1dcd8c2ef7106c7561ae3ddb\"},\"description\":\"Quins s\u00f3n els colors de moda que protagonitzaran el disseny d'interiors aquest any 2025? Qu\u00e8 \u00e9s el que m\u00e9s estem veient? Aix\u00ed es presenten els espais per\",\"breadcrumb\":{\"@id\":\"https:\\\/\\\/www.mobellinea.com\\\/ca\\\/colors-tendencia-2025\\\/#breadcrumb\"},\"inLanguage\":\"ca\",\"potentialAction\":[{\"@type\":\"ReadAction\",\"target\":[\"https:\\\/\\\/www.mobellinea.com\\\/ca\\\/colors-tendencia-2025\\\/\"]}]},{\"@type\":\"ImageObject\",\"inLanguage\":\"ca\",\"@id\":\"https:\\\/\\\/www.mobellinea.com\\\/ca\\\/colors-tendencia-2025\\\/#primaryimage\",\"url\":\"https:\\\/\\\/www.mobellinea.com\\\/wp-content\\\/uploads\\\/2025\\\/11\\\/blog_f01-11.jpg\",\"contentUrl\":\"https:\\\/\\\/www.mobellinea.com\\\/wp-content\\\/uploads\\\/2025\\\/11\\\/blog_f01-11.jpg\",\"width\":1920,\"height\":900},{\"@type\":\"BreadcrumbList\",\"@id\":\"https:\\\/\\\/www.mobellinea.com\\\/ca\\\/colors-tendencia-2025\\\/#breadcrumb\",\"itemListElement\":[{\"@type\":\"ListItem\",\"position\":1,\"name\":\"Home\",\"item\":\"https:\\\/\\\/www.mobellinea.com\\\/ca\\\/inici\\\/\"},{\"@type\":\"ListItem\",\"position\":2,\"name\":\"Tend\u00e8ncies\",\"item\":\"https:\\\/\\\/www.mobellinea.com\\\/ca\\\/category\\\/tendencies\\\/\"},{\"@type\":\"ListItem\",\"position\":3,\"name\":\"Colors tend\u00e8ncia 2025\"}]},{\"@type\":\"WebSite\",\"@id\":\"https:\\\/\\\/mobellinea.com\\\/en\\\/#website\",\"url\":\"https:\\\/\\\/mobellinea.com\\\/en\\\/\",\"name\":\"MobelLinea\",\"description\":\"Dise\u00f1amos y fabricamos soluciones de mobiliario para oficinas y espacios colectivos. Creamos entornos honestos, funcionales y humanos, pensados para mejorar la vida de las personas\",\"alternateName\":\"Mobel Linea\",\"potentialAction\":[{\"@type\":\"SearchAction\",\"target\":{\"@type\":\"EntryPoint\",\"urlTemplate\":\"https:\\\/\\\/mobellinea.com\\\/en\\\/?s={search_term_string}\"},\"query-input\":{\"@type\":\"PropertyValueSpecification\",\"valueRequired\":true,\"valueName\":\"search_term_string\"}}],\"inLanguage\":\"ca\"},{\"@type\":\"Person\",\"@id\":\"https:\\\/\\\/mobellinea.com\\\/en\\\/#\\\/schema\\\/person\\\/518e40fa1dcd8c2ef7106c7561ae3ddb\",\"name\":\"Anna\",\"image\":{\"@type\":\"ImageObject\",\"inLanguage\":\"ca\",\"@id\":\"https:\\\/\\\/secure.gravatar.com\\\/avatar\\\/8adc17f1354e8252029a3205a793c695de1d4150636fd00a689f76f96e8a4c98?s=96&d=mm&r=g\",\"url\":\"https:\\\/\\\/secure.gravatar.com\\\/avatar\\\/8adc17f1354e8252029a3205a793c695de1d4150636fd00a689f76f96e8a4c98?s=96&d=mm&r=g\",\"contentUrl\":\"https:\\\/\\\/secure.gravatar.com\\\/avatar\\\/8adc17f1354e8252029a3205a793c695de1d4150636fd00a689f76f96e8a4c98?s=96&d=mm&r=g\",\"caption\":\"Anna\"}}]}<\/script>\n<!-- \/ Yoast SEO Premium plugin. -->","yoast_head_json":{"title":"Colors tend\u00e8ncia 2025 - Mobellinea","description":"Quins s\u00f3n els colors de moda que protagonitzaran el disseny d'interiors aquest any 2025? Qu\u00e8 \u00e9s el que m\u00e9s estem veient? Aix\u00ed es presenten els espais per","robots":{"index":"index","follow":"follow","max-snippet":"max-snippet:-1","max-image-preview":"max-image-preview:large","max-video-preview":"max-video-preview:-1"},"canonical":"https:\/\/www.mobellinea.com\/ca\/colors-tendencia-2025\/","og_locale":"ca_ES","og_type":"article","og_title":"Colors tend\u00e8ncia 2025","og_description":"Quins s\u00f3n els colors de moda que protagonitzaran el disseny d'interiors aquest any 2025? Qu\u00e8 \u00e9s el que m\u00e9s estem veient? Aix\u00ed es presenten els espais per","og_url":"https:\/\/www.mobellinea.com\/ca\/colors-tendencia-2025\/","og_site_name":"Mobellinea","article_publisher":"https:\/\/www.facebook.com\/mobellineasl","article_published_time":"2025-01-10T09:48:00+00:00","article_modified_time":"2025-12-23T11:55:35+00:00","og_image":[{"width":1920,"height":900,"url":"https:\/\/www.mobellinea.com\/wp-content\/uploads\/2025\/11\/blog_f01-11.jpg","type":"image\/jpeg"}],"author":"Anna","twitter_card":"summary_large_image","twitter_misc":{"Escrit per":"Anna","Temps estimat de lectura":"1 minut"},"schema":{"@context":"https:\/\/schema.org","@graph":[{"@type":"Article","@id":"https:\/\/www.mobellinea.com\/ca\/colors-tendencia-2025\/#article","isPartOf":{"@id":"https:\/\/www.mobellinea.com\/ca\/colors-tendencia-2025\/"},"author":{"name":"Anna","@id":"https:\/\/mobellinea.com\/en\/#\/schema\/person\/518e40fa1dcd8c2ef7106c7561ae3ddb"},"headline":"Colors tend\u00e8ncia 2025","datePublished":"2025-01-10T09:48:00+00:00","dateModified":"2025-12-23T11:55:35+00:00","mainEntityOfPage":{"@id":"https:\/\/www.mobellinea.com\/ca\/colors-tendencia-2025\/"},"wordCount":301,"image":{"@id":"https:\/\/www.mobellinea.com\/ca\/colors-tendencia-2025\/#primaryimage"},"thumbnailUrl":"https:\/\/www.mobellinea.com\/wp-content\/uploads\/2025\/11\/blog_f01-11.jpg","articleSection":["Tend\u00e8ncies"],"inLanguage":"ca"},{"@type":"WebPage","@id":"https:\/\/www.mobellinea.com\/ca\/colors-tendencia-2025\/","url":"https:\/\/www.mobellinea.com\/ca\/colors-tendencia-2025\/","name":"Colors tend\u00e8ncia 2025 - Mobellinea","isPartOf":{"@id":"https:\/\/mobellinea.com\/en\/#website"},"primaryImageOfPage":{"@id":"https:\/\/www.mobellinea.com\/ca\/colors-tendencia-2025\/#primaryimage"},"image":{"@id":"https:\/\/www.mobellinea.com\/ca\/colors-tendencia-2025\/#primaryimage"},"thumbnailUrl":"https:\/\/www.mobellinea.com\/wp-content\/uploads\/2025\/11\/blog_f01-11.jpg","datePublished":"2025-01-10T09:48:00+00:00","dateModified":"2025-12-23T11:55:35+00:00","author":{"@id":"https:\/\/mobellinea.com\/en\/#\/schema\/person\/518e40fa1dcd8c2ef7106c7561ae3ddb"},"description":"Quins s\u00f3n els colors de moda que protagonitzaran el disseny d'interiors aquest any 2025? Qu\u00e8 \u00e9s el que m\u00e9s estem veient? Aix\u00ed es presenten els espais per","breadcrumb":{"@id":"https:\/\/www.mobellinea.com\/ca\/colors-tendencia-2025\/#breadcrumb"},"inLanguage":"ca","potentialAction":[{"@type":"ReadAction","target":["https:\/\/www.mobellinea.com\/ca\/colors-tendencia-2025\/"]}]},{"@type":"ImageObject","inLanguage":"ca","@id":"https:\/\/www.mobellinea.com\/ca\/colors-tendencia-2025\/#primaryimage","url":"https:\/\/www.mobellinea.com\/wp-content\/uploads\/2025\/11\/blog_f01-11.jpg","contentUrl":"https:\/\/www.mobellinea.com\/wp-content\/uploads\/2025\/11\/blog_f01-11.jpg","width":1920,"height":900},{"@type":"BreadcrumbList","@id":"https:\/\/www.mobellinea.com\/ca\/colors-tendencia-2025\/#breadcrumb","itemListElement":[{"@type":"ListItem","position":1,"name":"Home","item":"https:\/\/www.mobellinea.com\/ca\/inici\/"},{"@type":"ListItem","position":2,"name":"Tend\u00e8ncies","item":"https:\/\/www.mobellinea.com\/ca\/category\/tendencies\/"},{"@type":"ListItem","position":3,"name":"Colors tend\u00e8ncia 2025"}]},{"@type":"WebSite","@id":"https:\/\/mobellinea.com\/en\/#website","url":"https:\/\/mobellinea.com\/en\/","name":"MobelLinea","description":"Dise\u00f1amos y fabricamos soluciones de mobiliario para oficinas y espacios colectivos. Creamos entornos honestos, funcionales y humanos, pensados para mejorar la vida de las personas","alternateName":"Mobel Linea","potentialAction":[{"@type":"SearchAction","target":{"@type":"EntryPoint","urlTemplate":"https:\/\/mobellinea.com\/en\/?s={search_term_string}"},"query-input":{"@type":"PropertyValueSpecification","valueRequired":true,"valueName":"search_term_string"}}],"inLanguage":"ca"},{"@type":"Person","@id":"https:\/\/mobellinea.com\/en\/#\/schema\/person\/518e40fa1dcd8c2ef7106c7561ae3ddb","name":"Anna","image":{"@type":"ImageObject","inLanguage":"ca","@id":"https:\/\/secure.gravatar.com\/avatar\/8adc17f1354e8252029a3205a793c695de1d4150636fd00a689f76f96e8a4c98?s=96&d=mm&r=g","url":"https:\/\/secure.gravatar.com\/avatar\/8adc17f1354e8252029a3205a793c695de1d4150636fd00a689f76f96e8a4c98?s=96&d=mm&r=g","contentUrl":"https:\/\/secure.gravatar.com\/avatar\/8adc17f1354e8252029a3205a793c695de1d4150636fd00a689f76f96e8a4c98?s=96&d=mm&r=g","caption":"Anna"}}]}},"uagb_featured_image_src":{"full":["https:\/\/www.mobellinea.com\/wp-content\/uploads\/2025\/11\/blog_f01-11.jpg",1920,900,false],"thumbnail":["https:\/\/www.mobellinea.com\/wp-content\/uploads\/2025\/11\/blog_f01-11-150x150.jpg",150,150,true],"medium":["https:\/\/www.mobellinea.com\/wp-content\/uploads\/2025\/11\/blog_f01-11-320x150.jpg",320,150,true],"medium_large":["https:\/\/www.mobellinea.com\/wp-content\/uploads\/2025\/11\/blog_f01-11-680x319.jpg",680,319,true],"large":["https:\/\/www.mobellinea.com\/wp-content\/uploads\/2025\/11\/blog_f01-11-1000x469.jpg",1000,469,true],"pieces_card":["https:\/\/www.mobellinea.com\/wp-content\/uploads\/2025\/11\/blog_f01-11-140x173.jpg",140,173,true],"gform-image-choice-sm":["https:\/\/www.mobellinea.com\/wp-content\/uploads\/2025\/11\/blog_f01-11.jpg",300,141,false],"gform-image-choice-md":["https:\/\/www.mobellinea.com\/wp-content\/uploads\/2025\/11\/blog_f01-11.jpg",400,188,false],"gform-image-choice-lg":["https:\/\/www.mobellinea.com\/wp-content\/uploads\/2025\/11\/blog_f01-11.jpg",600,281,false]},"uagb_author_info":{"display_name":"Anna","author_link":"https:\/\/www.mobellinea.com\/ca\/author\/annareigmobellinea-es\/"},"uagb_comment_info":0,"uagb_excerpt":"Quins s\u00f3n els colors de moda que protagonitzaran el disseny d&#8217;interiors aquest any 2025? Qu\u00e8 \u00e9s el que m\u00e9s estem veient? Aix\u00ed es presenten els espais per al nou any. Les tonalitats terra Els tons terracota, amb matisos vermellosos, continuaran marcant tend\u00e8ncia al 2025. En les seves versions m\u00e9s suaus, transmeten calidesa i evoquen una&hellip;","_links":{"self":[{"href":"https:\/\/www.mobellinea.com\/ca\/wp-json\/wp\/v2\/posts\/5458","targetHints":{"allow":["GET"]}}],"collection":[{"href":"https:\/\/www.mobellinea.com\/ca\/wp-json\/wp\/v2\/posts"}],"about":[{"href":"https:\/\/www.mobellinea.com\/ca\/wp-json\/wp\/v2\/types\/post"}],"author":[{"embeddable":true,"href":"https:\/\/www.mobellinea.com\/ca\/wp-json\/wp\/v2\/users\/8"}],"replies":[{"embeddable":true,"href":"https:\/\/www.mobellinea.com\/ca\/wp-json\/wp\/v2\/comments?post=5458"}],"version-history":[{"count":3,"href":"https:\/\/www.mobellinea.com\/ca\/wp-json\/wp\/v2\/posts\/5458\/revisions"}],"predecessor-version":[{"id":16788,"href":"https:\/\/www.mobellinea.com\/ca\/wp-json\/wp\/v2\/posts\/5458\/revisions\/16788"}],"wp:featuredmedia":[{"embeddable":true,"href":"https:\/\/www.mobellinea.com\/ca\/wp-json\/wp\/v2\/media\/17192"}],"wp:attachment":[{"href":"https:\/\/www.mobellinea.com\/ca\/wp-json\/wp\/v2\/media?parent=5458"}],"wp:term":[{"taxonomy":"category","embeddable":true,"href":"https:\/\/www.mobellinea.com\/ca\/wp-json\/wp\/v2\/categories?post=5458"},{"taxonomy":"post_tag","embeddable":true,"href":"https:\/\/www.mobellinea.com\/ca\/wp-json\/wp\/v2\/tags?post=5458"}],"curies":[{"name":"wp","href":"https:\/\/api.w.org\/{rel}","templated":true}]}}