{"id":18219,"date":"2026-02-11T09:46:19","date_gmt":"2026-02-11T08:46:19","guid":{"rendered":"https:\/\/www.mobellinea.com\/?p=18219"},"modified":"2026-02-11T09:46:26","modified_gmt":"2026-02-11T08:46:26","slug":"colors-tendencia-2026-en-interiorisme","status":"publish","type":"post","link":"https:\/\/www.mobellinea.com\/ca\/colors-tendencia-2026-en-interiorisme\/","title":{"rendered":"Colors tend\u00e8ncia 2026 en interiorisme"},"content":{"rendered":"\n<p class=\"wp-block-paragraph\">El color torna a ocupar un paper protagonista en el disseny d\u2019interiors el 2026. Despr\u00e9s d\u2019anys dominats per neutres freds i solucions uniformes, les noves paletes aposten per tons amb profunditat, calidesa i significat emocional. Colors que construeixen atmosferes, reforcen el benestar i defineixen la identitat dels entorns.  <\/p>\n\n<p class=\"wp-block-paragraph\">Aquestes s\u00f3n les claus crom\u00e0tiques que marcaran l\u2019any.<\/p>\n\n<div style=\"height:50px\" aria-hidden=\"true\" class=\"wp-block-spacer\"><\/div>\n\n<div class=\"wp-block-uagb-advanced-heading uagb-block-997a0649\"><h4 class=\"uagb-heading-text\">Neutres c\u00e0lids, la nova base del disseny d\u2019interiors<\/h4><\/div>\n\n<p class=\"wp-block-paragraph\">Els blancs purs i els grisos freds cedeixen terreny a neutres enriquits, m\u00e9s amables i naturals. Tons sorra, beix torrat, taupe i camell es consoliden com la nova base crom\u00e0tica. <\/p>\n\n<p class=\"wp-block-paragraph\">Aquests colors aporten confort visual, suavitzen la llum artificial i creen entorns m\u00e9s acollidors. Funcionen com un fons vers\u00e0til que permet integrar materials naturals i accents de color sense saturar l\u2019espai. <\/p>\n\t\t<div \t\t\tclass=\"banner wp-block-tms-banner layout-cover-start theme-light is-content-empty\">\n\n\t\t\t\n\t\t\t\t\t\t\t<div class=\"banner-media\">\n\n\t\t\t\t\t\t\t\t\t\t\t<img decoding=\"async\" width=\"1920\" height=\"900\" src=\"data:image\/gif;base64,R0lGODlhAQABAIAAAAAAAP\/\/\/yH5BAEAAAAALAAAAAABAAEAAAIBRAA7\" data-src=\"https:\/\/www.mobellinea.com\/wp-content\/uploads\/2026\/02\/blog_tendencies-2026_01.jpg\" class=\"attachment-full size-full lazyload\" alt=\"\" data-srcset=\"https:\/\/www.mobellinea.com\/wp-content\/uploads\/2026\/02\/blog_tendencies-2026_01.jpg 1920w, https:\/\/www.mobellinea.com\/wp-content\/uploads\/2026\/02\/blog_tendencies-2026_01-320x150.jpg 320w, https:\/\/www.mobellinea.com\/wp-content\/uploads\/2026\/02\/blog_tendencies-2026_01-1000x469.jpg 1000w, https:\/\/www.mobellinea.com\/wp-content\/uploads\/2026\/02\/blog_tendencies-2026_01-680x319.jpg 680w\" sizes=\"(max-width: 1920px) 100vw, 1920px\" \/><noscript><img decoding=\"async\" width=\"1920\" height=\"900\" src=\"https:\/\/www.mobellinea.com\/wp-content\/uploads\/2026\/02\/blog_tendencies-2026_01.jpg\" class=\"attachment-full size-full lazyload\" alt=\"\" srcset=\"https:\/\/www.mobellinea.com\/wp-content\/uploads\/2026\/02\/blog_tendencies-2026_01.jpg 1920w, https:\/\/www.mobellinea.com\/wp-content\/uploads\/2026\/02\/blog_tendencies-2026_01-320x150.jpg 320w, https:\/\/www.mobellinea.com\/wp-content\/uploads\/2026\/02\/blog_tendencies-2026_01-1000x469.jpg 1000w, https:\/\/www.mobellinea.com\/wp-content\/uploads\/2026\/02\/blog_tendencies-2026_01-680x319.jpg 680w\" sizes=\"(max-width: 1920px) 100vw, 1920px\" \/><\/noscript>\t\t\t\t\t\n\t\t\t\t\t\n\t\t\t\t\t\n\t\t\t\t<\/div>\n\t\t\t\n\t\t<\/div>\n\t\t\n<div style=\"height:50px\" aria-hidden=\"true\" class=\"wp-block-spacer\"><\/div>\n\n<div class=\"wp-block-uagb-advanced-heading uagb-block-c4fe6db6\"><h4 class=\"uagb-heading-text\">Marr\u00f3 xocolata o espresso, profunditat i luxe silenci\u00f3s<\/h4><\/div>\n\n<p class=\"wp-block-paragraph\">Els marrons foscos reforcen la tend\u00e8ncia del quiet luxury. El xocolata i l\u2019espresso es presenten com una evoluci\u00f3 dels tons terracota, aporten pes visual, eleg\u00e0ncia i una sensaci\u00f3 de qualitat duradora.<\/p>\n\n<p class=\"wp-block-paragraph\">Combinats amb fusta, t\u00e8xtils rics o metalls mats, construeixen espais sobris, atemporals i amb una forta pres\u00e8ncia material.<\/p>\n\n<p class=\"wp-block-paragraph\"><\/p>\n\n<div class=\"wp-block-uagb-advanced-heading uagb-block-5db6185f\"><h4 class=\"uagb-heading-text\">Vermell profund, accent emocional<\/h4><\/div>\n\n<p class=\"wp-block-paragraph\">Els vermells rob\u00ed i burgundy tornen amb for\u00e7a, per\u00f2 sempre utilitzats com a accent. Aplicats en tapisseries o en detalls puntuals, aporten car\u00e0cter, energia i sofisticaci\u00f3. <\/p>\n\n<p class=\"wp-block-paragraph\">S\u00f3n colors que doten de personalitat els espais sense trencar l\u2019equilibri general de la paleta.<\/p>\n\t\t<div \t\t\tclass=\"banner wp-block-tms-banner layout-cover-start theme-light is-content-empty\">\n\n\t\t\t\n\t\t\t\t\t\t\t<div class=\"banner-media\">\n\n\t\t\t\t\t\t\t\t\t\t\t<img decoding=\"async\" width=\"1920\" height=\"900\" src=\"data:image\/gif;base64,R0lGODlhAQABAIAAAAAAAP\/\/\/yH5BAEAAAAALAAAAAABAAEAAAIBRAA7\" data-src=\"https:\/\/www.mobellinea.com\/wp-content\/uploads\/2026\/02\/blog_tendencies-2026_02.jpg\" class=\"attachment-full size-full lazyload\" alt=\"\" data-srcset=\"https:\/\/www.mobellinea.com\/wp-content\/uploads\/2026\/02\/blog_tendencies-2026_02.jpg 1920w, https:\/\/www.mobellinea.com\/wp-content\/uploads\/2026\/02\/blog_tendencies-2026_02-320x150.jpg 320w, https:\/\/www.mobellinea.com\/wp-content\/uploads\/2026\/02\/blog_tendencies-2026_02-1000x469.jpg 1000w, https:\/\/www.mobellinea.com\/wp-content\/uploads\/2026\/02\/blog_tendencies-2026_02-680x319.jpg 680w\" sizes=\"(max-width: 1920px) 100vw, 1920px\" \/><noscript><img decoding=\"async\" width=\"1920\" height=\"900\" src=\"https:\/\/www.mobellinea.com\/wp-content\/uploads\/2026\/02\/blog_tendencies-2026_02.jpg\" class=\"attachment-full size-full lazyload\" alt=\"\" srcset=\"https:\/\/www.mobellinea.com\/wp-content\/uploads\/2026\/02\/blog_tendencies-2026_02.jpg 1920w, https:\/\/www.mobellinea.com\/wp-content\/uploads\/2026\/02\/blog_tendencies-2026_02-320x150.jpg 320w, https:\/\/www.mobellinea.com\/wp-content\/uploads\/2026\/02\/blog_tendencies-2026_02-1000x469.jpg 1000w, https:\/\/www.mobellinea.com\/wp-content\/uploads\/2026\/02\/blog_tendencies-2026_02-680x319.jpg 680w\" sizes=\"(max-width: 1920px) 100vw, 1920px\" \/><\/noscript>\t\t\t\t\t\n\t\t\t\t\t\n\t\t\t\t\t\n\t\t\t\t<\/div>\n\t\t\t\n\t\t<\/div>\n\t\t\n<div style=\"height:50px\" aria-hidden=\"true\" class=\"wp-block-spacer\"><\/div>\n\n<div class=\"wp-block-uagb-advanced-heading uagb-block-b6840400\"><h4 class=\"uagb-heading-text\">Verds biof\u00edlics, connectar amb la natura<\/h4><\/div>\n\n<p class=\"wp-block-paragraph\">La influ\u00e8ncia del disseny biof\u00edlic es reflecteix clarament en la paleta de 2026. Els verds s\u00e0lvia evoquen calma, equilibri i connexi\u00f3 amb l\u2019exterior.<\/p>\n\n<p class=\"wp-block-paragraph\">Un verd oliva profund, amb un punt terr\u00f3s que connecta amb la natura.<\/p>\n\n<p class=\"wp-block-paragraph\">Aplicats en parets, tapisseries o elements de mobiliari, aquests tons ajuden a crear espais m\u00e9s saludables, especialment en entorns de treball, on afavoreixen la concentraci\u00f3 i redueixen l\u2019estr\u00e8s.<\/p>\n\t\t<div \t\t\tclass=\"banner wp-block-tms-banner layout-cover-start theme-light is-content-empty\">\n\n\t\t\t\n\t\t\t\t\t\t\t<div class=\"banner-media\">\n\n\t\t\t\t\t\t\t\t\t\t\t<img decoding=\"async\" width=\"1920\" height=\"900\" src=\"data:image\/gif;base64,R0lGODlhAQABAIAAAAAAAP\/\/\/yH5BAEAAAAALAAAAAABAAEAAAIBRAA7\" data-src=\"https:\/\/www.mobellinea.com\/wp-content\/uploads\/2026\/02\/blog_tendencies-2026_03.jpg\" class=\"attachment-full size-full lazyload\" alt=\"\" data-srcset=\"https:\/\/www.mobellinea.com\/wp-content\/uploads\/2026\/02\/blog_tendencies-2026_03.jpg 1920w, https:\/\/www.mobellinea.com\/wp-content\/uploads\/2026\/02\/blog_tendencies-2026_03-320x150.jpg 320w, https:\/\/www.mobellinea.com\/wp-content\/uploads\/2026\/02\/blog_tendencies-2026_03-1000x469.jpg 1000w, https:\/\/www.mobellinea.com\/wp-content\/uploads\/2026\/02\/blog_tendencies-2026_03-680x319.jpg 680w\" sizes=\"(max-width: 1920px) 100vw, 1920px\" \/><noscript><img decoding=\"async\" width=\"1920\" height=\"900\" src=\"https:\/\/www.mobellinea.com\/wp-content\/uploads\/2026\/02\/blog_tendencies-2026_03.jpg\" class=\"attachment-full size-full lazyload\" alt=\"\" srcset=\"https:\/\/www.mobellinea.com\/wp-content\/uploads\/2026\/02\/blog_tendencies-2026_03.jpg 1920w, https:\/\/www.mobellinea.com\/wp-content\/uploads\/2026\/02\/blog_tendencies-2026_03-320x150.jpg 320w, https:\/\/www.mobellinea.com\/wp-content\/uploads\/2026\/02\/blog_tendencies-2026_03-1000x469.jpg 1000w, https:\/\/www.mobellinea.com\/wp-content\/uploads\/2026\/02\/blog_tendencies-2026_03-680x319.jpg 680w\" sizes=\"(max-width: 1920px) 100vw, 1920px\" \/><\/noscript>\t\t\t\t\t\n\t\t\t\t\t\n\t\t\t\t\t\n\t\t\t\t<\/div>\n\t\t\t\n\t\t<\/div>\n\t\t\n<div style=\"height:50px\" aria-hidden=\"true\" class=\"wp-block-spacer\"><\/div>\n\n<div class=\"wp-block-uagb-advanced-heading uagb-block-0bcd2cea\"><h4 class=\"uagb-heading-text\">\u201cCalming blue\u201d, el blau m\u00e9s hum\u00e0<\/h4><\/div>\n\n<p class=\"wp-block-paragraph\">Un blau suau, empolsat i equilibrat, amb matisos grisos o lleugerament c\u00e0lids, pensat per acompanyar i generar calma, estabilitat i claredat mental.<\/p>\n\n<p class=\"wp-block-paragraph\">El trobem en parets, tapisseries o fons crom\u00e0tics, combinat amb fustes naturals clares o fosques i materials de textura suau.<\/p>\n\n<p class=\"wp-block-paragraph\"><\/p>\n\n<div class=\"wp-block-uagb-advanced-heading uagb-block-3de3ea6d\"><h4 class=\"uagb-heading-text\">Blau el\u00e8ctric per als m\u00e9s atrevits<\/h4><\/div>\n\n<p class=\"wp-block-paragraph\">Un blau cobalt vibrant, amb for\u00e7a, perfecte per a accents contemporanis.<br\/><br\/><\/p>\n\t\t<div \t\t\tclass=\"banner wp-block-tms-banner layout-cover-start theme-light is-content-empty\">\n\n\t\t\t\n\t\t\t\t\t\t\t<div class=\"banner-media\">\n\n\t\t\t\t\t\t\t\t\t\t\t<img decoding=\"async\" width=\"1920\" height=\"900\" src=\"data:image\/gif;base64,R0lGODlhAQABAIAAAAAAAP\/\/\/yH5BAEAAAAALAAAAAABAAEAAAIBRAA7\" data-src=\"https:\/\/www.mobellinea.com\/wp-content\/uploads\/2026\/02\/blog_tendencies-2026_04.jpg\" class=\"attachment-full size-full lazyload\" alt=\"\" data-srcset=\"https:\/\/www.mobellinea.com\/wp-content\/uploads\/2026\/02\/blog_tendencies-2026_04.jpg 1920w, https:\/\/www.mobellinea.com\/wp-content\/uploads\/2026\/02\/blog_tendencies-2026_04-320x150.jpg 320w, https:\/\/www.mobellinea.com\/wp-content\/uploads\/2026\/02\/blog_tendencies-2026_04-1000x469.jpg 1000w, https:\/\/www.mobellinea.com\/wp-content\/uploads\/2026\/02\/blog_tendencies-2026_04-680x319.jpg 680w\" sizes=\"(max-width: 1920px) 100vw, 1920px\" \/><noscript><img decoding=\"async\" width=\"1920\" height=\"900\" src=\"https:\/\/www.mobellinea.com\/wp-content\/uploads\/2026\/02\/blog_tendencies-2026_04.jpg\" class=\"attachment-full size-full lazyload\" alt=\"\" srcset=\"https:\/\/www.mobellinea.com\/wp-content\/uploads\/2026\/02\/blog_tendencies-2026_04.jpg 1920w, https:\/\/www.mobellinea.com\/wp-content\/uploads\/2026\/02\/blog_tendencies-2026_04-320x150.jpg 320w, https:\/\/www.mobellinea.com\/wp-content\/uploads\/2026\/02\/blog_tendencies-2026_04-1000x469.jpg 1000w, https:\/\/www.mobellinea.com\/wp-content\/uploads\/2026\/02\/blog_tendencies-2026_04-680x319.jpg 680w\" sizes=\"(max-width: 1920px) 100vw, 1920px\" \/><\/noscript>\t\t\t\t\t\n\t\t\t\t\t\n\t\t\t\t\t\n\t\t\t\t<\/div>\n\t\t\t\n\t\t<\/div>\n\t\t\n<div style=\"height:50px\" aria-hidden=\"true\" class=\"wp-block-spacer\"><\/div>\n\n<div class=\"wp-block-uagb-advanced-heading uagb-block-982d85fc\"><h4 class=\"uagb-heading-text\">Groc, el complement perfecte de la paleta<\/h4><\/div>\n\n<p class=\"wp-block-paragraph\">El groc apareix com un punt d\u2019energia visual i lluminositat, en versions mantega o llimona suau. Refor\u00e7a la sensaci\u00f3 d\u2019optimisme i benestar, i equilibra paletes dominades per tons neutres c\u00e0lids. <\/p>\n\n<p class=\"wp-block-paragraph\">Utilitzat amb moderaci\u00f3, introdueix dinamisme sense resultar estrident.<\/p>\n\t\t<div \t\t\tclass=\"banner wp-block-tms-banner layout-cover-start theme-light is-content-empty\">\n\n\t\t\t\n\t\t\t\t\t\t\t<div class=\"banner-media\">\n\n\t\t\t\t\t\t\t\t\t\t\t<img decoding=\"async\" width=\"1920\" height=\"900\" src=\"data:image\/gif;base64,R0lGODlhAQABAIAAAAAAAP\/\/\/yH5BAEAAAAALAAAAAABAAEAAAIBRAA7\" data-src=\"https:\/\/www.mobellinea.com\/wp-content\/uploads\/2026\/02\/blog_tendencies-2026_05.jpg\" class=\"attachment-full size-full lazyload\" alt=\"\" data-srcset=\"https:\/\/www.mobellinea.com\/wp-content\/uploads\/2026\/02\/blog_tendencies-2026_05.jpg 1920w, https:\/\/www.mobellinea.com\/wp-content\/uploads\/2026\/02\/blog_tendencies-2026_05-320x150.jpg 320w, https:\/\/www.mobellinea.com\/wp-content\/uploads\/2026\/02\/blog_tendencies-2026_05-1000x469.jpg 1000w, https:\/\/www.mobellinea.com\/wp-content\/uploads\/2026\/02\/blog_tendencies-2026_05-680x319.jpg 680w\" sizes=\"(max-width: 1920px) 100vw, 1920px\" \/><noscript><img decoding=\"async\" width=\"1920\" height=\"900\" src=\"https:\/\/www.mobellinea.com\/wp-content\/uploads\/2026\/02\/blog_tendencies-2026_05.jpg\" class=\"attachment-full size-full lazyload\" alt=\"\" srcset=\"https:\/\/www.mobellinea.com\/wp-content\/uploads\/2026\/02\/blog_tendencies-2026_05.jpg 1920w, https:\/\/www.mobellinea.com\/wp-content\/uploads\/2026\/02\/blog_tendencies-2026_05-320x150.jpg 320w, https:\/\/www.mobellinea.com\/wp-content\/uploads\/2026\/02\/blog_tendencies-2026_05-1000x469.jpg 1000w, https:\/\/www.mobellinea.com\/wp-content\/uploads\/2026\/02\/blog_tendencies-2026_05-680x319.jpg 680w\" sizes=\"(max-width: 1920px) 100vw, 1920px\" \/><\/noscript>\t\t\t\t\t\n\t\t\t\t\t\n\t\t\t\t\t\n\t\t\t\t<\/div>\n\t\t\t\n\t\t<\/div>\n\t\t\n<div style=\"height:50px\" aria-hidden=\"true\" class=\"wp-block-spacer\"><\/div>\n\n<div class=\"wp-block-uagb-advanced-heading uagb-block-2d2faf89\"><h4 class=\"uagb-heading-text\">Cloud Dancer, Pantone 2026<\/h4><\/div>\n\n<p class=\"wp-block-paragraph\">El blanc no desapareix, per\u00f2 esdev\u00e9 m\u00e9s c\u00e0lid, velat i hum\u00e0. Cloud Dancer, el to proposat per Pantone, mant\u00e9 la lluminositat sense fredor, equilibra colors profunds i aporta una sensaci\u00f3 de calma atemporal.<\/p>\n\n<p class=\"wp-block-paragraph\">Un blanc contemporani que funciona com a base perfecta per a les paletes de 2026.<\/p>\n\t\t<div \t\t\tclass=\"banner wp-block-tms-banner layout-cover-start theme-light is-content-empty\">\n\n\t\t\t\n\t\t\t\t\t\t\t<div class=\"banner-media\">\n\n\t\t\t\t\t\t\t\t\t\t\t<img decoding=\"async\" width=\"1920\" height=\"900\" src=\"data:image\/gif;base64,R0lGODlhAQABAIAAAAAAAP\/\/\/yH5BAEAAAAALAAAAAABAAEAAAIBRAA7\" data-src=\"https:\/\/www.mobellinea.com\/wp-content\/uploads\/2026\/02\/blog_tendencies-2026_06.jpg\" class=\"attachment-full size-full lazyload\" alt=\"\" data-srcset=\"https:\/\/www.mobellinea.com\/wp-content\/uploads\/2026\/02\/blog_tendencies-2026_06.jpg 1920w, https:\/\/www.mobellinea.com\/wp-content\/uploads\/2026\/02\/blog_tendencies-2026_06-320x150.jpg 320w, https:\/\/www.mobellinea.com\/wp-content\/uploads\/2026\/02\/blog_tendencies-2026_06-1000x469.jpg 1000w, https:\/\/www.mobellinea.com\/wp-content\/uploads\/2026\/02\/blog_tendencies-2026_06-680x319.jpg 680w\" sizes=\"(max-width: 1920px) 100vw, 1920px\" \/><noscript><img decoding=\"async\" width=\"1920\" height=\"900\" src=\"https:\/\/www.mobellinea.com\/wp-content\/uploads\/2026\/02\/blog_tendencies-2026_06.jpg\" class=\"attachment-full size-full lazyload\" alt=\"\" srcset=\"https:\/\/www.mobellinea.com\/wp-content\/uploads\/2026\/02\/blog_tendencies-2026_06.jpg 1920w, https:\/\/www.mobellinea.com\/wp-content\/uploads\/2026\/02\/blog_tendencies-2026_06-320x150.jpg 320w, https:\/\/www.mobellinea.com\/wp-content\/uploads\/2026\/02\/blog_tendencies-2026_06-1000x469.jpg 1000w, https:\/\/www.mobellinea.com\/wp-content\/uploads\/2026\/02\/blog_tendencies-2026_06-680x319.jpg 680w\" sizes=\"(max-width: 1920px) 100vw, 1920px\" \/><\/noscript>\t\t\t\t\t\n\t\t\t\t\t\n\t\t\t\t\t\n\t\t\t\t<\/div>\n\t\t\t\n\t\t<\/div>\n\t\t","protected":false},"excerpt":{"rendered":"<p>El color torna a ocupar un paper protagonista en el disseny d\u2019interiors el 2026. Despr\u00e9s d\u2019anys dominats per neutres freds i solucions uniformes, les noves paletes aposten per tons amb profunditat, calidesa i significat emocional. Colors que construeixen atmosferes, reforcen el benestar i defineixen la identitat dels entorns. Aquestes s\u00f3n les claus crom\u00e0tiques que marcaran [&hellip;]<\/p>\n","protected":false},"author":9,"featured_media":18197,"comment_status":"closed","ping_status":"closed","sticky":false,"template":"","format":"standard","meta":{"_acf_changed":false,"_uag_custom_page_level_css":"","footnotes":""},"categories":[365],"tags":[],"class_list":["post-18219","post","type-post","status-publish","format-standard","has-post-thumbnail","hentry","category-tendencies"],"acf":[],"yoast_head":"<!-- This site is optimized with the Yoast SEO Premium plugin v26.6 (Yoast SEO v27.6) - https:\/\/yoast.com\/product\/yoast-seo-premium-wordpress\/ -->\n<title>Colors tend\u00e8ncia 2026 en interiorisme - Mobellinea<\/title>\n<meta name=\"description\" content=\"El color torna a ocupar un paper protagonista en el disseny d\u2019interiors el 2026. Despr\u00e9s d\u2019anys dominats per neutres freds i solucions uniformes, les\" \/>\n<meta name=\"robots\" content=\"index, follow, max-snippet:-1, max-image-preview:large, max-video-preview:-1\" \/>\n<link rel=\"canonical\" href=\"https:\/\/www.mobellinea.com\/ca\/colors-tendencia-2026-en-interiorisme\/\" \/>\n<meta property=\"og:locale\" content=\"ca_ES\" \/>\n<meta property=\"og:type\" content=\"article\" \/>\n<meta property=\"og:title\" content=\"Colors tend\u00e8ncia 2026 en interiorisme\" \/>\n<meta property=\"og:description\" content=\"El color torna a ocupar un paper protagonista en el disseny d\u2019interiors el 2026. Despr\u00e9s d\u2019anys dominats per neutres freds i solucions uniformes, les\" \/>\n<meta property=\"og:url\" content=\"https:\/\/www.mobellinea.com\/ca\/colors-tendencia-2026-en-interiorisme\/\" \/>\n<meta property=\"og:site_name\" content=\"Mobellinea\" \/>\n<meta property=\"article:publisher\" content=\"https:\/\/www.facebook.com\/mobellineasl\" \/>\n<meta property=\"article:published_time\" content=\"2026-02-11T08:46:19+00:00\" \/>\n<meta property=\"article:modified_time\" content=\"2026-02-11T08:46:26+00:00\" \/>\n<meta property=\"og:image\" content=\"https:\/\/www.mobellinea.com\/wp-content\/uploads\/2026\/02\/blog_tendencies-2026_portada.jpg\" \/>\n\t<meta property=\"og:image:width\" content=\"1920\" \/>\n\t<meta property=\"og:image:height\" content=\"1080\" \/>\n\t<meta property=\"og:image:type\" content=\"image\/jpeg\" \/>\n<meta name=\"author\" content=\"Berta\" \/>\n<meta name=\"twitter:card\" content=\"summary_large_image\" \/>\n<meta name=\"twitter:label1\" content=\"Escrit per\" \/>\n\t<meta name=\"twitter:data1\" content=\"Berta\" \/>\n\t<meta name=\"twitter:label2\" content=\"Temps estimat de lectura\" \/>\n\t<meta name=\"twitter:data2\" content=\"2 minuts\" \/>\n<script type=\"application\/ld+json\" class=\"yoast-schema-graph\">{\"@context\":\"https:\\\/\\\/schema.org\",\"@graph\":[{\"@type\":\"Article\",\"@id\":\"https:\\\/\\\/www.mobellinea.com\\\/ca\\\/colors-tendencia-2026-en-interiorisme\\\/#article\",\"isPartOf\":{\"@id\":\"https:\\\/\\\/www.mobellinea.com\\\/ca\\\/colors-tendencia-2026-en-interiorisme\\\/\"},\"author\":{\"name\":\"Berta\",\"@id\":\"https:\\\/\\\/mobellinea.com\\\/en\\\/#\\\/schema\\\/person\\\/4686c545617d8400cb370b9e402ee5fd\"},\"headline\":\"Colors tend\u00e8ncia 2026 en interiorisme\",\"datePublished\":\"2026-02-11T08:46:19+00:00\",\"dateModified\":\"2026-02-11T08:46:26+00:00\",\"mainEntityOfPage\":{\"@id\":\"https:\\\/\\\/www.mobellinea.com\\\/ca\\\/colors-tendencia-2026-en-interiorisme\\\/\"},\"wordCount\":504,\"image\":{\"@id\":\"https:\\\/\\\/www.mobellinea.com\\\/ca\\\/colors-tendencia-2026-en-interiorisme\\\/#primaryimage\"},\"thumbnailUrl\":\"https:\\\/\\\/www.mobellinea.com\\\/wp-content\\\/uploads\\\/2026\\\/02\\\/blog_tendencies-2026_portada.jpg\",\"articleSection\":[\"Tend\u00e8ncies\"],\"inLanguage\":\"ca\"},{\"@type\":\"WebPage\",\"@id\":\"https:\\\/\\\/www.mobellinea.com\\\/ca\\\/colors-tendencia-2026-en-interiorisme\\\/\",\"url\":\"https:\\\/\\\/www.mobellinea.com\\\/ca\\\/colors-tendencia-2026-en-interiorisme\\\/\",\"name\":\"Colors tend\u00e8ncia 2026 en interiorisme - Mobellinea\",\"isPartOf\":{\"@id\":\"https:\\\/\\\/mobellinea.com\\\/en\\\/#website\"},\"primaryImageOfPage\":{\"@id\":\"https:\\\/\\\/www.mobellinea.com\\\/ca\\\/colors-tendencia-2026-en-interiorisme\\\/#primaryimage\"},\"image\":{\"@id\":\"https:\\\/\\\/www.mobellinea.com\\\/ca\\\/colors-tendencia-2026-en-interiorisme\\\/#primaryimage\"},\"thumbnailUrl\":\"https:\\\/\\\/www.mobellinea.com\\\/wp-content\\\/uploads\\\/2026\\\/02\\\/blog_tendencies-2026_portada.jpg\",\"datePublished\":\"2026-02-11T08:46:19+00:00\",\"dateModified\":\"2026-02-11T08:46:26+00:00\",\"author\":{\"@id\":\"https:\\\/\\\/mobellinea.com\\\/en\\\/#\\\/schema\\\/person\\\/4686c545617d8400cb370b9e402ee5fd\"},\"description\":\"El color torna a ocupar un paper protagonista en el disseny d\u2019interiors el 2026. Despr\u00e9s d\u2019anys dominats per neutres freds i solucions uniformes, les\",\"breadcrumb\":{\"@id\":\"https:\\\/\\\/www.mobellinea.com\\\/ca\\\/colors-tendencia-2026-en-interiorisme\\\/#breadcrumb\"},\"inLanguage\":\"ca\",\"potentialAction\":[{\"@type\":\"ReadAction\",\"target\":[\"https:\\\/\\\/www.mobellinea.com\\\/ca\\\/colors-tendencia-2026-en-interiorisme\\\/\"]}]},{\"@type\":\"ImageObject\",\"inLanguage\":\"ca\",\"@id\":\"https:\\\/\\\/www.mobellinea.com\\\/ca\\\/colors-tendencia-2026-en-interiorisme\\\/#primaryimage\",\"url\":\"https:\\\/\\\/www.mobellinea.com\\\/wp-content\\\/uploads\\\/2026\\\/02\\\/blog_tendencies-2026_portada.jpg\",\"contentUrl\":\"https:\\\/\\\/www.mobellinea.com\\\/wp-content\\\/uploads\\\/2026\\\/02\\\/blog_tendencies-2026_portada.jpg\",\"width\":1920,\"height\":1080},{\"@type\":\"BreadcrumbList\",\"@id\":\"https:\\\/\\\/www.mobellinea.com\\\/ca\\\/colors-tendencia-2026-en-interiorisme\\\/#breadcrumb\",\"itemListElement\":[{\"@type\":\"ListItem\",\"position\":1,\"name\":\"Home\",\"item\":\"https:\\\/\\\/www.mobellinea.com\\\/ca\\\/inici\\\/\"},{\"@type\":\"ListItem\",\"position\":2,\"name\":\"Tend\u00e8ncies\",\"item\":\"https:\\\/\\\/www.mobellinea.com\\\/ca\\\/category\\\/tendencies\\\/\"},{\"@type\":\"ListItem\",\"position\":3,\"name\":\"Colors tend\u00e8ncia 2026 en interiorisme\"}]},{\"@type\":\"WebSite\",\"@id\":\"https:\\\/\\\/mobellinea.com\\\/en\\\/#website\",\"url\":\"https:\\\/\\\/mobellinea.com\\\/en\\\/\",\"name\":\"MobelLinea\",\"description\":\"Dise\u00f1amos y fabricamos soluciones de mobiliario para oficinas y espacios colectivos. Creamos entornos honestos, funcionales y humanos, pensados para mejorar la vida de las personas\",\"alternateName\":\"Mobel Linea\",\"potentialAction\":[{\"@type\":\"SearchAction\",\"target\":{\"@type\":\"EntryPoint\",\"urlTemplate\":\"https:\\\/\\\/mobellinea.com\\\/en\\\/?s={search_term_string}\"},\"query-input\":{\"@type\":\"PropertyValueSpecification\",\"valueRequired\":true,\"valueName\":\"search_term_string\"}}],\"inLanguage\":\"ca\"},{\"@type\":\"Person\",\"@id\":\"https:\\\/\\\/mobellinea.com\\\/en\\\/#\\\/schema\\\/person\\\/4686c545617d8400cb370b9e402ee5fd\",\"name\":\"Berta\",\"image\":{\"@type\":\"ImageObject\",\"inLanguage\":\"ca\",\"@id\":\"https:\\\/\\\/secure.gravatar.com\\\/avatar\\\/6c5496239b67ae8e88e23e30e3422abf21b98b3a66bda5818b42b06678a996ee?s=96&d=mm&r=g\",\"url\":\"https:\\\/\\\/secure.gravatar.com\\\/avatar\\\/6c5496239b67ae8e88e23e30e3422abf21b98b3a66bda5818b42b06678a996ee?s=96&d=mm&r=g\",\"contentUrl\":\"https:\\\/\\\/secure.gravatar.com\\\/avatar\\\/6c5496239b67ae8e88e23e30e3422abf21b98b3a66bda5818b42b06678a996ee?s=96&d=mm&r=g\",\"caption\":\"Berta\"}}]}<\/script>\n<!-- \/ Yoast SEO Premium plugin. -->","yoast_head_json":{"title":"Colors tend\u00e8ncia 2026 en interiorisme - Mobellinea","description":"El color torna a ocupar un paper protagonista en el disseny d\u2019interiors el 2026. Despr\u00e9s d\u2019anys dominats per neutres freds i solucions uniformes, les","robots":{"index":"index","follow":"follow","max-snippet":"max-snippet:-1","max-image-preview":"max-image-preview:large","max-video-preview":"max-video-preview:-1"},"canonical":"https:\/\/www.mobellinea.com\/ca\/colors-tendencia-2026-en-interiorisme\/","og_locale":"ca_ES","og_type":"article","og_title":"Colors tend\u00e8ncia 2026 en interiorisme","og_description":"El color torna a ocupar un paper protagonista en el disseny d\u2019interiors el 2026. Despr\u00e9s d\u2019anys dominats per neutres freds i solucions uniformes, les","og_url":"https:\/\/www.mobellinea.com\/ca\/colors-tendencia-2026-en-interiorisme\/","og_site_name":"Mobellinea","article_publisher":"https:\/\/www.facebook.com\/mobellineasl","article_published_time":"2026-02-11T08:46:19+00:00","article_modified_time":"2026-02-11T08:46:26+00:00","og_image":[{"width":1920,"height":1080,"url":"https:\/\/www.mobellinea.com\/wp-content\/uploads\/2026\/02\/blog_tendencies-2026_portada.jpg","type":"image\/jpeg"}],"author":"Berta","twitter_card":"summary_large_image","twitter_misc":{"Escrit per":"Berta","Temps estimat de lectura":"2 minuts"},"schema":{"@context":"https:\/\/schema.org","@graph":[{"@type":"Article","@id":"https:\/\/www.mobellinea.com\/ca\/colors-tendencia-2026-en-interiorisme\/#article","isPartOf":{"@id":"https:\/\/www.mobellinea.com\/ca\/colors-tendencia-2026-en-interiorisme\/"},"author":{"name":"Berta","@id":"https:\/\/mobellinea.com\/en\/#\/schema\/person\/4686c545617d8400cb370b9e402ee5fd"},"headline":"Colors tend\u00e8ncia 2026 en interiorisme","datePublished":"2026-02-11T08:46:19+00:00","dateModified":"2026-02-11T08:46:26+00:00","mainEntityOfPage":{"@id":"https:\/\/www.mobellinea.com\/ca\/colors-tendencia-2026-en-interiorisme\/"},"wordCount":504,"image":{"@id":"https:\/\/www.mobellinea.com\/ca\/colors-tendencia-2026-en-interiorisme\/#primaryimage"},"thumbnailUrl":"https:\/\/www.mobellinea.com\/wp-content\/uploads\/2026\/02\/blog_tendencies-2026_portada.jpg","articleSection":["Tend\u00e8ncies"],"inLanguage":"ca"},{"@type":"WebPage","@id":"https:\/\/www.mobellinea.com\/ca\/colors-tendencia-2026-en-interiorisme\/","url":"https:\/\/www.mobellinea.com\/ca\/colors-tendencia-2026-en-interiorisme\/","name":"Colors tend\u00e8ncia 2026 en interiorisme - Mobellinea","isPartOf":{"@id":"https:\/\/mobellinea.com\/en\/#website"},"primaryImageOfPage":{"@id":"https:\/\/www.mobellinea.com\/ca\/colors-tendencia-2026-en-interiorisme\/#primaryimage"},"image":{"@id":"https:\/\/www.mobellinea.com\/ca\/colors-tendencia-2026-en-interiorisme\/#primaryimage"},"thumbnailUrl":"https:\/\/www.mobellinea.com\/wp-content\/uploads\/2026\/02\/blog_tendencies-2026_portada.jpg","datePublished":"2026-02-11T08:46:19+00:00","dateModified":"2026-02-11T08:46:26+00:00","author":{"@id":"https:\/\/mobellinea.com\/en\/#\/schema\/person\/4686c545617d8400cb370b9e402ee5fd"},"description":"El color torna a ocupar un paper protagonista en el disseny d\u2019interiors el 2026. Despr\u00e9s d\u2019anys dominats per neutres freds i solucions uniformes, les","breadcrumb":{"@id":"https:\/\/www.mobellinea.com\/ca\/colors-tendencia-2026-en-interiorisme\/#breadcrumb"},"inLanguage":"ca","potentialAction":[{"@type":"ReadAction","target":["https:\/\/www.mobellinea.com\/ca\/colors-tendencia-2026-en-interiorisme\/"]}]},{"@type":"ImageObject","inLanguage":"ca","@id":"https:\/\/www.mobellinea.com\/ca\/colors-tendencia-2026-en-interiorisme\/#primaryimage","url":"https:\/\/www.mobellinea.com\/wp-content\/uploads\/2026\/02\/blog_tendencies-2026_portada.jpg","contentUrl":"https:\/\/www.mobellinea.com\/wp-content\/uploads\/2026\/02\/blog_tendencies-2026_portada.jpg","width":1920,"height":1080},{"@type":"BreadcrumbList","@id":"https:\/\/www.mobellinea.com\/ca\/colors-tendencia-2026-en-interiorisme\/#breadcrumb","itemListElement":[{"@type":"ListItem","position":1,"name":"Home","item":"https:\/\/www.mobellinea.com\/ca\/inici\/"},{"@type":"ListItem","position":2,"name":"Tend\u00e8ncies","item":"https:\/\/www.mobellinea.com\/ca\/category\/tendencies\/"},{"@type":"ListItem","position":3,"name":"Colors tend\u00e8ncia 2026 en interiorisme"}]},{"@type":"WebSite","@id":"https:\/\/mobellinea.com\/en\/#website","url":"https:\/\/mobellinea.com\/en\/","name":"MobelLinea","description":"Dise\u00f1amos y fabricamos soluciones de mobiliario para oficinas y espacios colectivos. Creamos entornos honestos, funcionales y humanos, pensados para mejorar la vida de las personas","alternateName":"Mobel Linea","potentialAction":[{"@type":"SearchAction","target":{"@type":"EntryPoint","urlTemplate":"https:\/\/mobellinea.com\/en\/?s={search_term_string}"},"query-input":{"@type":"PropertyValueSpecification","valueRequired":true,"valueName":"search_term_string"}}],"inLanguage":"ca"},{"@type":"Person","@id":"https:\/\/mobellinea.com\/en\/#\/schema\/person\/4686c545617d8400cb370b9e402ee5fd","name":"Berta","image":{"@type":"ImageObject","inLanguage":"ca","@id":"https:\/\/secure.gravatar.com\/avatar\/6c5496239b67ae8e88e23e30e3422abf21b98b3a66bda5818b42b06678a996ee?s=96&d=mm&r=g","url":"https:\/\/secure.gravatar.com\/avatar\/6c5496239b67ae8e88e23e30e3422abf21b98b3a66bda5818b42b06678a996ee?s=96&d=mm&r=g","contentUrl":"https:\/\/secure.gravatar.com\/avatar\/6c5496239b67ae8e88e23e30e3422abf21b98b3a66bda5818b42b06678a996ee?s=96&d=mm&r=g","caption":"Berta"}}]}},"uagb_featured_image_src":{"full":["https:\/\/www.mobellinea.com\/wp-content\/uploads\/2026\/02\/blog_tendencies-2026_portada.jpg",1920,1080,false],"thumbnail":["https:\/\/www.mobellinea.com\/wp-content\/uploads\/2026\/02\/blog_tendencies-2026_portada-150x150.jpg",150,150,true],"medium":["https:\/\/www.mobellinea.com\/wp-content\/uploads\/2026\/02\/blog_tendencies-2026_portada-320x180.jpg",320,180,true],"medium_large":["https:\/\/www.mobellinea.com\/wp-content\/uploads\/2026\/02\/blog_tendencies-2026_portada-680x383.jpg",680,383,true],"large":["https:\/\/www.mobellinea.com\/wp-content\/uploads\/2026\/02\/blog_tendencies-2026_portada-1000x563.jpg",1000,563,true],"pieces_card":["https:\/\/www.mobellinea.com\/wp-content\/uploads\/2026\/02\/blog_tendencies-2026_portada-140x173.jpg",140,173,true],"gform-image-choice-sm":["https:\/\/www.mobellinea.com\/wp-content\/uploads\/2026\/02\/blog_tendencies-2026_portada.jpg",300,169,false],"gform-image-choice-md":["https:\/\/www.mobellinea.com\/wp-content\/uploads\/2026\/02\/blog_tendencies-2026_portada.jpg",400,225,false],"gform-image-choice-lg":["https:\/\/www.mobellinea.com\/wp-content\/uploads\/2026\/02\/blog_tendencies-2026_portada.jpg",600,338,false]},"uagb_author_info":{"display_name":"Berta","author_link":"https:\/\/www.mobellinea.com\/ca\/author\/bertamobellinea-es\/"},"uagb_comment_info":0,"uagb_excerpt":"El color torna a ocupar un paper protagonista en el disseny d\u2019interiors el 2026. Despr\u00e9s d\u2019anys dominats per neutres freds i solucions uniformes, les noves paletes aposten per tons amb profunditat, calidesa i significat emocional. Colors que construeixen atmosferes, reforcen el benestar i defineixen la identitat dels entorns. Aquestes s\u00f3n les claus crom\u00e0tiques que marcaran&hellip;","_links":{"self":[{"href":"https:\/\/www.mobellinea.com\/ca\/wp-json\/wp\/v2\/posts\/18219","targetHints":{"allow":["GET"]}}],"collection":[{"href":"https:\/\/www.mobellinea.com\/ca\/wp-json\/wp\/v2\/posts"}],"about":[{"href":"https:\/\/www.mobellinea.com\/ca\/wp-json\/wp\/v2\/types\/post"}],"author":[{"embeddable":true,"href":"https:\/\/www.mobellinea.com\/ca\/wp-json\/wp\/v2\/users\/9"}],"replies":[{"embeddable":true,"href":"https:\/\/www.mobellinea.com\/ca\/wp-json\/wp\/v2\/comments?post=18219"}],"version-history":[{"count":1,"href":"https:\/\/www.mobellinea.com\/ca\/wp-json\/wp\/v2\/posts\/18219\/revisions"}],"predecessor-version":[{"id":18226,"href":"https:\/\/www.mobellinea.com\/ca\/wp-json\/wp\/v2\/posts\/18219\/revisions\/18226"}],"wp:featuredmedia":[{"embeddable":true,"href":"https:\/\/www.mobellinea.com\/ca\/wp-json\/wp\/v2\/media\/18197"}],"wp:attachment":[{"href":"https:\/\/www.mobellinea.com\/ca\/wp-json\/wp\/v2\/media?parent=18219"}],"wp:term":[{"taxonomy":"category","embeddable":true,"href":"https:\/\/www.mobellinea.com\/ca\/wp-json\/wp\/v2\/categories?post=18219"},{"taxonomy":"post_tag","embeddable":true,"href":"https:\/\/www.mobellinea.com\/ca\/wp-json\/wp\/v2\/tags?post=18219"}],"curies":[{"name":"wp","href":"https:\/\/api.w.org\/{rel}","templated":true}]}}