{"id":17330,"date":"2025-12-10T12:00:00","date_gmt":"2025-12-10T11:00:00","guid":{"rendered":"https:\/\/www.mobellinea.com\/mobel-linea-tanca-2024-amb-creixement-sostingut-presenta-la-seva-nova-identitat-de-marca-i-projecta-la-seva-presencia-en-orgatec-2026\/"},"modified":"2026-01-08T09:09:15","modified_gmt":"2026-01-08T08:09:15","slug":"mobel-linea-tanca-2024-amb-creixement-sostingut-presenta-la-seva-nova-identitat-de-marca-i-projecta-la-seva-presencia-en-orgatec-2026","status":"publish","type":"post","link":"https:\/\/www.mobellinea.com\/ca\/mobel-linea-tanca-2024-amb-creixement-sostingut-presenta-la-seva-nova-identitat-de-marca-i-projecta-la-seva-presencia-en-orgatec-2026\/","title":{"rendered":"Mobel Linea tanca 2024 amb creixement sostingut, presenta la seva nova identitat de marca i projecta la seva pres\u00e8ncia en Orgatec 2026."},"content":{"rendered":"\n<h5 class=\"wp-block-heading\" id=\"h-mobel-linea-crece-un-6-54-en-ventas-nacionales-en-2024-y-un-7-81-en-lo-que-va-de-2025\">\u2022 Mobel Linea creix un 6,54% en vendes nacionals en 2024 i un 7,81% en el que va de 2025.<\/h5>\n\n<h5 class=\"wp-block-heading\" id=\"h-la-compania-presenta-en-la-convencion-de-ventas-anual-su-nueva-identidad-nuevas-colecciones-y-confirma-su-participacion-en-workspace-paris-2026-y-orgatec-2026\">\u2022 La companyia presenta, en la Convenci\u00f3 de vendes anual, la seva nova identitat, noves col\u00b7leccions i confirma la seva participaci\u00f3 en WorkSpace Par\u00eds 2026 i Orgatec 2026.<\/h5>\n\n<div class=\"wp-block-uagb-image uagb-block-fcfc7a7c wp-block-uagb-image--layout-default wp-block-uagb-image--effect-static wp-block-uagb-image--align-none\"><figure class=\"wp-block-uagb-image__figure\"><img decoding=\"async\" data-srcset=\"https:\/\/www.mobellinea.com\/wp-content\/uploads\/2026\/01\/img_convencion_ventas_Mobellinea_2025-1000x800.jpg ,https:\/\/www.mobellinea.com\/wp-content\/uploads\/2026\/01\/img_convencion_ventas_Mobellinea_2025.jpg 780w, https:\/\/www.mobellinea.com\/wp-content\/uploads\/2026\/01\/img_convencion_ventas_Mobellinea_2025.jpg 360w\" sizes=\"auto, (max-width: 480px) 150px\" src=\"data:image\/gif;base64,R0lGODlhAQABAIAAAAAAAP\/\/\/yH5BAEAAAAALAAAAAABAAEAAAIBRAA7\" data-src=\"https:\/\/www.mobellinea.com\/wp-content\/uploads\/2026\/01\/img_convencion_ventas_Mobellinea_2025-1000x800.jpg\" alt=\"\" class=\"uag-image-17321 lazyload\" width=\"1350\" height=\"1080\" title=\"img_convencion_ventas_Mobellinea_2025\" loading=\"lazy\" role=\"img\"><noscript><img decoding=\"async\" srcset=\"https:\/\/www.mobellinea.com\/wp-content\/uploads\/2026\/01\/img_convencion_ventas_Mobellinea_2025-1000x800.jpg ,https:\/\/www.mobellinea.com\/wp-content\/uploads\/2026\/01\/img_convencion_ventas_Mobellinea_2025.jpg 780w, https:\/\/www.mobellinea.com\/wp-content\/uploads\/2026\/01\/img_convencion_ventas_Mobellinea_2025.jpg 360w\" sizes=\"auto, (max-width: 480px) 150px\" src=\"https:\/\/www.mobellinea.com\/wp-content\/uploads\/2026\/01\/img_convencion_ventas_Mobellinea_2025-1000x800.jpg\" alt=\"\" class=\"uag-image-17321 lazyload\" width=\"1350\" height=\"1080\" title=\"img_convencion_ventas_Mobellinea_2025\" loading=\"lazy\" role=\"img\"><\/noscript><\/figure><\/div>\n\n<p class=\"wp-block-paragraph\">El passat 10 de desembre, Mobel Linea ha celebrat en les seves oficines centrals a Cervera (Lleida), la Convenci\u00f3 Anual de Vendes: un partit estrat\u00e8gic que reuneix la xarxa comercial, a l&#8217;equip directiu i a responsables d&#8217;\u00e0rea per a avaluar l&#8217;exercici, compartir resultats i avan\u00e7ar les l\u00ednies estrat\u00e8giques del pr\u00f2xim any. La jornada reafirma el bon moment de la companyia, que tanca 2024 amb un creixement del 6,54% en vendes nacionals i consolida una evoluci\u00f3 positiva durant 2025, amb un increment del 7,81%. <\/p>\n\n<p class=\"wp-block-paragraph\"><br\/>Un de les fites principals ha estat la presentaci\u00f3 de la nova identitat i posicionament de Mobel Linea, una evoluci\u00f3 que refor\u00e7a l&#8217;ess\u00e8ncia de la marca i la seva missi\u00f3: millorar la vida de les persones a trav\u00e9s dels entorns que habiten creant solucions de mobiliari honestes, pensades amb rigor i fabricades amb responsabilitat, des de la proximitat i amb una mirada humana. Aquest rebranding, aplicat a tots els canals i suports ser\u00e0 visible a partir de gener de 2026. <\/p>\n\n<p class=\"wp-block-paragraph\"><br\/>Els m\u00e9s de trenta participants van poder con\u00e8ixer tamb\u00e9 les noves propostes de producte, que situen a la companyia en una posici\u00f3 encara m\u00e9s competitiva dins del sector de l&#8217;i les novetats que s&#8217;exhibiran en Orgatec 2026, la fira internacional de refer\u00e8ncia en disseny i mobiliari d&#8217;oficina que tindr\u00e0 lloc en Col\u00f2nia (Alemanya).<\/p>\n\n<p class=\"wp-block-paragraph\"><br\/>La convenci\u00f3 ha posat en valor les inversions realitzades en els \u00faltims mesos, incloent-hi la renovaci\u00f3 i ampliaci\u00f3 de maquin\u00e0ria. Aquestes millores reforcen el comprom\u00eds de Mobel Linea amb l&#8217;efici\u00e8ncia, la tra\u00e7abilitat i la sostenibilitat, integrant el craft-*mindset que guia la filosofia de l&#8217;empresa: res ben fet s&#8217;improvisa. <\/p>\n\n<p class=\"wp-block-paragraph\"><br\/>Amb aquestes accions, Mobel Linea continua consolidant un model de producci\u00f3 m\u00e9s responsable, optimitzat i preparat per a afrontar els reptes d&#8217;un mercat cada vegada m\u00e9s exigent.<\/p>\n","protected":false},"excerpt":{"rendered":"<p>\u2022 Mobel Linea creix un 6,54% en vendes nacionals en 2024 i un 7,81% en el que va de 2025. \u2022 La companyia presenta, en la Convenci\u00f3 de vendes anual, la seva nova identitat, noves col\u00b7leccions i confirma la seva participaci\u00f3 en WorkSpace Par\u00eds 2026 i Orgatec 2026. El passat 10 de desembre, Mobel Linea [&hellip;]<\/p>\n","protected":false},"author":8,"featured_media":17329,"comment_status":"closed","ping_status":"closed","sticky":false,"template":"","format":"standard","meta":{"_acf_changed":false,"_uag_custom_page_level_css":"","footnotes":""},"categories":[370,349],"tags":[],"class_list":["post-17330","post","type-post","status-publish","format-standard","has-post-thumbnail","hentry","category-esdeveniments","category-noticies"],"acf":[],"yoast_head":"<!-- This site is optimized with the Yoast SEO Premium plugin v26.6 (Yoast SEO v27.6) - https:\/\/yoast.com\/product\/yoast-seo-premium-wordpress\/ -->\n<title>Mobel Linea tanca 2024 amb creixement sostingut, presenta la seva nova identitat de marca i projecta la seva pres\u00e8ncia en Orgatec 2026. - Mobellinea<\/title>\n<meta name=\"description\" content=\"\u2022 Mobel Linea creix un 6,54% en vendes nacionals en 2024 i un 7,81% en el que va de 2025. \u2022 La companyia presenta, en la Convenci\u00f3 de vendes anual, la\" \/>\n<meta name=\"robots\" content=\"index, follow, max-snippet:-1, max-image-preview:large, max-video-preview:-1\" \/>\n<link rel=\"canonical\" href=\"https:\/\/www.mobellinea.com\/ca\/mobel-linea-tanca-2024-amb-creixement-sostingut-presenta-la-seva-nova-identitat-de-marca-i-projecta-la-seva-presencia-en-orgatec-2026\/\" \/>\n<meta property=\"og:locale\" content=\"ca_ES\" \/>\n<meta property=\"og:type\" content=\"article\" \/>\n<meta property=\"og:title\" content=\"Mobel Linea tanca 2024 amb creixement sostingut, presenta la seva nova identitat de marca i projecta la seva pres\u00e8ncia en Orgatec 2026.\" \/>\n<meta property=\"og:description\" content=\"\u2022 Mobel Linea creix un 6,54% en vendes nacionals en 2024 i un 7,81% en el que va de 2025. \u2022 La companyia presenta, en la Convenci\u00f3 de vendes anual, la\" \/>\n<meta property=\"og:url\" content=\"https:\/\/www.mobellinea.com\/ca\/mobel-linea-tanca-2024-amb-creixement-sostingut-presenta-la-seva-nova-identitat-de-marca-i-projecta-la-seva-presencia-en-orgatec-2026\/\" \/>\n<meta property=\"og:site_name\" content=\"Mobellinea\" \/>\n<meta property=\"article:publisher\" content=\"https:\/\/www.facebook.com\/mobellineasl\" \/>\n<meta property=\"article:published_time\" content=\"2025-12-10T11:00:00+00:00\" \/>\n<meta property=\"article:modified_time\" content=\"2026-01-08T08:09:15+00:00\" \/>\n<meta property=\"og:image\" content=\"https:\/\/www.mobellinea.com\/wp-content\/uploads\/2026\/01\/img_convencion_ventas_Mobellinea_2025.jpg\" \/>\n\t<meta property=\"og:image:width\" content=\"1350\" \/>\n\t<meta property=\"og:image:height\" content=\"1080\" \/>\n\t<meta property=\"og:image:type\" content=\"image\/jpeg\" \/>\n<meta name=\"author\" content=\"Anna\" \/>\n<meta name=\"twitter:card\" content=\"summary_large_image\" \/>\n<meta name=\"twitter:label1\" content=\"Escrit per\" \/>\n\t<meta name=\"twitter:data1\" content=\"Anna\" \/>\n\t<meta name=\"twitter:label2\" content=\"Temps estimat de lectura\" \/>\n\t<meta name=\"twitter:data2\" content=\"2 minuts\" \/>\n<script type=\"application\/ld+json\" class=\"yoast-schema-graph\">{\"@context\":\"https:\\\/\\\/schema.org\",\"@graph\":[{\"@type\":\"Article\",\"@id\":\"https:\\\/\\\/www.mobellinea.com\\\/ca\\\/mobel-linea-tanca-2024-amb-creixement-sostingut-presenta-la-seva-nova-identitat-de-marca-i-projecta-la-seva-presencia-en-orgatec-2026\\\/#article\",\"isPartOf\":{\"@id\":\"https:\\\/\\\/www.mobellinea.com\\\/ca\\\/mobel-linea-tanca-2024-amb-creixement-sostingut-presenta-la-seva-nova-identitat-de-marca-i-projecta-la-seva-presencia-en-orgatec-2026\\\/\"},\"author\":{\"name\":\"Anna\",\"@id\":\"https:\\\/\\\/mobellinea.com\\\/en\\\/#\\\/schema\\\/person\\\/518e40fa1dcd8c2ef7106c7561ae3ddb\"},\"headline\":\"Mobel Linea tanca 2024 amb creixement sostingut, presenta la seva nova identitat de marca i projecta la seva pres\u00e8ncia en Orgatec 2026.\",\"datePublished\":\"2025-12-10T11:00:00+00:00\",\"dateModified\":\"2026-01-08T08:09:15+00:00\",\"mainEntityOfPage\":{\"@id\":\"https:\\\/\\\/www.mobellinea.com\\\/ca\\\/mobel-linea-tanca-2024-amb-creixement-sostingut-presenta-la-seva-nova-identitat-de-marca-i-projecta-la-seva-presencia-en-orgatec-2026\\\/\"},\"wordCount\":378,\"image\":{\"@id\":\"https:\\\/\\\/www.mobellinea.com\\\/ca\\\/mobel-linea-tanca-2024-amb-creixement-sostingut-presenta-la-seva-nova-identitat-de-marca-i-projecta-la-seva-presencia-en-orgatec-2026\\\/#primaryimage\"},\"thumbnailUrl\":\"https:\\\/\\\/www.mobellinea.com\\\/wp-content\\\/uploads\\\/2026\\\/01\\\/img_convencion_ventas_Mobellinea_2025.jpg\",\"articleSection\":[\"Esdeveniments\",\"Not\u00edcies\"],\"inLanguage\":\"ca\"},{\"@type\":\"WebPage\",\"@id\":\"https:\\\/\\\/www.mobellinea.com\\\/ca\\\/mobel-linea-tanca-2024-amb-creixement-sostingut-presenta-la-seva-nova-identitat-de-marca-i-projecta-la-seva-presencia-en-orgatec-2026\\\/\",\"url\":\"https:\\\/\\\/www.mobellinea.com\\\/ca\\\/mobel-linea-tanca-2024-amb-creixement-sostingut-presenta-la-seva-nova-identitat-de-marca-i-projecta-la-seva-presencia-en-orgatec-2026\\\/\",\"name\":\"Mobel Linea tanca 2024 amb creixement sostingut, presenta la seva nova identitat de marca i projecta la seva pres\u00e8ncia en Orgatec 2026. - Mobellinea\",\"isPartOf\":{\"@id\":\"https:\\\/\\\/mobellinea.com\\\/en\\\/#website\"},\"primaryImageOfPage\":{\"@id\":\"https:\\\/\\\/www.mobellinea.com\\\/ca\\\/mobel-linea-tanca-2024-amb-creixement-sostingut-presenta-la-seva-nova-identitat-de-marca-i-projecta-la-seva-presencia-en-orgatec-2026\\\/#primaryimage\"},\"image\":{\"@id\":\"https:\\\/\\\/www.mobellinea.com\\\/ca\\\/mobel-linea-tanca-2024-amb-creixement-sostingut-presenta-la-seva-nova-identitat-de-marca-i-projecta-la-seva-presencia-en-orgatec-2026\\\/#primaryimage\"},\"thumbnailUrl\":\"https:\\\/\\\/www.mobellinea.com\\\/wp-content\\\/uploads\\\/2026\\\/01\\\/img_convencion_ventas_Mobellinea_2025.jpg\",\"datePublished\":\"2025-12-10T11:00:00+00:00\",\"dateModified\":\"2026-01-08T08:09:15+00:00\",\"author\":{\"@id\":\"https:\\\/\\\/mobellinea.com\\\/en\\\/#\\\/schema\\\/person\\\/518e40fa1dcd8c2ef7106c7561ae3ddb\"},\"description\":\"\u2022 Mobel Linea creix un 6,54% en vendes nacionals en 2024 i un 7,81% en el que va de 2025. \u2022 La companyia presenta, en la Convenci\u00f3 de vendes anual, la\",\"breadcrumb\":{\"@id\":\"https:\\\/\\\/www.mobellinea.com\\\/ca\\\/mobel-linea-tanca-2024-amb-creixement-sostingut-presenta-la-seva-nova-identitat-de-marca-i-projecta-la-seva-presencia-en-orgatec-2026\\\/#breadcrumb\"},\"inLanguage\":\"ca\",\"potentialAction\":[{\"@type\":\"ReadAction\",\"target\":[\"https:\\\/\\\/www.mobellinea.com\\\/ca\\\/mobel-linea-tanca-2024-amb-creixement-sostingut-presenta-la-seva-nova-identitat-de-marca-i-projecta-la-seva-presencia-en-orgatec-2026\\\/\"]}]},{\"@type\":\"ImageObject\",\"inLanguage\":\"ca\",\"@id\":\"https:\\\/\\\/www.mobellinea.com\\\/ca\\\/mobel-linea-tanca-2024-amb-creixement-sostingut-presenta-la-seva-nova-identitat-de-marca-i-projecta-la-seva-presencia-en-orgatec-2026\\\/#primaryimage\",\"url\":\"https:\\\/\\\/www.mobellinea.com\\\/wp-content\\\/uploads\\\/2026\\\/01\\\/img_convencion_ventas_Mobellinea_2025.jpg\",\"contentUrl\":\"https:\\\/\\\/www.mobellinea.com\\\/wp-content\\\/uploads\\\/2026\\\/01\\\/img_convencion_ventas_Mobellinea_2025.jpg\",\"width\":1350,\"height\":1080},{\"@type\":\"BreadcrumbList\",\"@id\":\"https:\\\/\\\/www.mobellinea.com\\\/ca\\\/mobel-linea-tanca-2024-amb-creixement-sostingut-presenta-la-seva-nova-identitat-de-marca-i-projecta-la-seva-presencia-en-orgatec-2026\\\/#breadcrumb\",\"itemListElement\":[{\"@type\":\"ListItem\",\"position\":1,\"name\":\"Home\",\"item\":\"https:\\\/\\\/www.mobellinea.com\\\/ca\\\/inici\\\/\"},{\"@type\":\"ListItem\",\"position\":2,\"name\":\"Esdeveniments\",\"item\":\"https:\\\/\\\/www.mobellinea.com\\\/ca\\\/category\\\/esdeveniments\\\/\"},{\"@type\":\"ListItem\",\"position\":3,\"name\":\"Mobel Linea tanca 2024 amb creixement sostingut, presenta la seva nova identitat de marca i projecta la seva pres\u00e8ncia en Orgatec 2026.\"}]},{\"@type\":\"WebSite\",\"@id\":\"https:\\\/\\\/mobellinea.com\\\/en\\\/#website\",\"url\":\"https:\\\/\\\/mobellinea.com\\\/en\\\/\",\"name\":\"MobelLinea\",\"description\":\"Dise\u00f1amos y fabricamos soluciones de mobiliario para oficinas y espacios colectivos. Creamos entornos honestos, funcionales y humanos, pensados para mejorar la vida de las personas\",\"alternateName\":\"Mobel Linea\",\"potentialAction\":[{\"@type\":\"SearchAction\",\"target\":{\"@type\":\"EntryPoint\",\"urlTemplate\":\"https:\\\/\\\/mobellinea.com\\\/en\\\/?s={search_term_string}\"},\"query-input\":{\"@type\":\"PropertyValueSpecification\",\"valueRequired\":true,\"valueName\":\"search_term_string\"}}],\"inLanguage\":\"ca\"},{\"@type\":\"Person\",\"@id\":\"https:\\\/\\\/mobellinea.com\\\/en\\\/#\\\/schema\\\/person\\\/518e40fa1dcd8c2ef7106c7561ae3ddb\",\"name\":\"Anna\",\"image\":{\"@type\":\"ImageObject\",\"inLanguage\":\"ca\",\"@id\":\"https:\\\/\\\/secure.gravatar.com\\\/avatar\\\/8adc17f1354e8252029a3205a793c695de1d4150636fd00a689f76f96e8a4c98?s=96&d=mm&r=g\",\"url\":\"https:\\\/\\\/secure.gravatar.com\\\/avatar\\\/8adc17f1354e8252029a3205a793c695de1d4150636fd00a689f76f96e8a4c98?s=96&d=mm&r=g\",\"contentUrl\":\"https:\\\/\\\/secure.gravatar.com\\\/avatar\\\/8adc17f1354e8252029a3205a793c695de1d4150636fd00a689f76f96e8a4c98?s=96&d=mm&r=g\",\"caption\":\"Anna\"}}]}<\/script>\n<!-- \/ Yoast SEO Premium plugin. -->","yoast_head_json":{"title":"Mobel Linea tanca 2024 amb creixement sostingut, presenta la seva nova identitat de marca i projecta la seva pres\u00e8ncia en Orgatec 2026. - Mobellinea","description":"\u2022 Mobel Linea creix un 6,54% en vendes nacionals en 2024 i un 7,81% en el que va de 2025. \u2022 La companyia presenta, en la Convenci\u00f3 de vendes anual, la","robots":{"index":"index","follow":"follow","max-snippet":"max-snippet:-1","max-image-preview":"max-image-preview:large","max-video-preview":"max-video-preview:-1"},"canonical":"https:\/\/www.mobellinea.com\/ca\/mobel-linea-tanca-2024-amb-creixement-sostingut-presenta-la-seva-nova-identitat-de-marca-i-projecta-la-seva-presencia-en-orgatec-2026\/","og_locale":"ca_ES","og_type":"article","og_title":"Mobel Linea tanca 2024 amb creixement sostingut, presenta la seva nova identitat de marca i projecta la seva pres\u00e8ncia en Orgatec 2026.","og_description":"\u2022 Mobel Linea creix un 6,54% en vendes nacionals en 2024 i un 7,81% en el que va de 2025. \u2022 La companyia presenta, en la Convenci\u00f3 de vendes anual, la","og_url":"https:\/\/www.mobellinea.com\/ca\/mobel-linea-tanca-2024-amb-creixement-sostingut-presenta-la-seva-nova-identitat-de-marca-i-projecta-la-seva-presencia-en-orgatec-2026\/","og_site_name":"Mobellinea","article_publisher":"https:\/\/www.facebook.com\/mobellineasl","article_published_time":"2025-12-10T11:00:00+00:00","article_modified_time":"2026-01-08T08:09:15+00:00","og_image":[{"width":1350,"height":1080,"url":"https:\/\/www.mobellinea.com\/wp-content\/uploads\/2026\/01\/img_convencion_ventas_Mobellinea_2025.jpg","type":"image\/jpeg"}],"author":"Anna","twitter_card":"summary_large_image","twitter_misc":{"Escrit per":"Anna","Temps estimat de lectura":"2 minuts"},"schema":{"@context":"https:\/\/schema.org","@graph":[{"@type":"Article","@id":"https:\/\/www.mobellinea.com\/ca\/mobel-linea-tanca-2024-amb-creixement-sostingut-presenta-la-seva-nova-identitat-de-marca-i-projecta-la-seva-presencia-en-orgatec-2026\/#article","isPartOf":{"@id":"https:\/\/www.mobellinea.com\/ca\/mobel-linea-tanca-2024-amb-creixement-sostingut-presenta-la-seva-nova-identitat-de-marca-i-projecta-la-seva-presencia-en-orgatec-2026\/"},"author":{"name":"Anna","@id":"https:\/\/mobellinea.com\/en\/#\/schema\/person\/518e40fa1dcd8c2ef7106c7561ae3ddb"},"headline":"Mobel Linea tanca 2024 amb creixement sostingut, presenta la seva nova identitat de marca i projecta la seva pres\u00e8ncia en Orgatec 2026.","datePublished":"2025-12-10T11:00:00+00:00","dateModified":"2026-01-08T08:09:15+00:00","mainEntityOfPage":{"@id":"https:\/\/www.mobellinea.com\/ca\/mobel-linea-tanca-2024-amb-creixement-sostingut-presenta-la-seva-nova-identitat-de-marca-i-projecta-la-seva-presencia-en-orgatec-2026\/"},"wordCount":378,"image":{"@id":"https:\/\/www.mobellinea.com\/ca\/mobel-linea-tanca-2024-amb-creixement-sostingut-presenta-la-seva-nova-identitat-de-marca-i-projecta-la-seva-presencia-en-orgatec-2026\/#primaryimage"},"thumbnailUrl":"https:\/\/www.mobellinea.com\/wp-content\/uploads\/2026\/01\/img_convencion_ventas_Mobellinea_2025.jpg","articleSection":["Esdeveniments","Not\u00edcies"],"inLanguage":"ca"},{"@type":"WebPage","@id":"https:\/\/www.mobellinea.com\/ca\/mobel-linea-tanca-2024-amb-creixement-sostingut-presenta-la-seva-nova-identitat-de-marca-i-projecta-la-seva-presencia-en-orgatec-2026\/","url":"https:\/\/www.mobellinea.com\/ca\/mobel-linea-tanca-2024-amb-creixement-sostingut-presenta-la-seva-nova-identitat-de-marca-i-projecta-la-seva-presencia-en-orgatec-2026\/","name":"Mobel Linea tanca 2024 amb creixement sostingut, presenta la seva nova identitat de marca i projecta la seva pres\u00e8ncia en Orgatec 2026. - Mobellinea","isPartOf":{"@id":"https:\/\/mobellinea.com\/en\/#website"},"primaryImageOfPage":{"@id":"https:\/\/www.mobellinea.com\/ca\/mobel-linea-tanca-2024-amb-creixement-sostingut-presenta-la-seva-nova-identitat-de-marca-i-projecta-la-seva-presencia-en-orgatec-2026\/#primaryimage"},"image":{"@id":"https:\/\/www.mobellinea.com\/ca\/mobel-linea-tanca-2024-amb-creixement-sostingut-presenta-la-seva-nova-identitat-de-marca-i-projecta-la-seva-presencia-en-orgatec-2026\/#primaryimage"},"thumbnailUrl":"https:\/\/www.mobellinea.com\/wp-content\/uploads\/2026\/01\/img_convencion_ventas_Mobellinea_2025.jpg","datePublished":"2025-12-10T11:00:00+00:00","dateModified":"2026-01-08T08:09:15+00:00","author":{"@id":"https:\/\/mobellinea.com\/en\/#\/schema\/person\/518e40fa1dcd8c2ef7106c7561ae3ddb"},"description":"\u2022 Mobel Linea creix un 6,54% en vendes nacionals en 2024 i un 7,81% en el que va de 2025. \u2022 La companyia presenta, en la Convenci\u00f3 de vendes anual, la","breadcrumb":{"@id":"https:\/\/www.mobellinea.com\/ca\/mobel-linea-tanca-2024-amb-creixement-sostingut-presenta-la-seva-nova-identitat-de-marca-i-projecta-la-seva-presencia-en-orgatec-2026\/#breadcrumb"},"inLanguage":"ca","potentialAction":[{"@type":"ReadAction","target":["https:\/\/www.mobellinea.com\/ca\/mobel-linea-tanca-2024-amb-creixement-sostingut-presenta-la-seva-nova-identitat-de-marca-i-projecta-la-seva-presencia-en-orgatec-2026\/"]}]},{"@type":"ImageObject","inLanguage":"ca","@id":"https:\/\/www.mobellinea.com\/ca\/mobel-linea-tanca-2024-amb-creixement-sostingut-presenta-la-seva-nova-identitat-de-marca-i-projecta-la-seva-presencia-en-orgatec-2026\/#primaryimage","url":"https:\/\/www.mobellinea.com\/wp-content\/uploads\/2026\/01\/img_convencion_ventas_Mobellinea_2025.jpg","contentUrl":"https:\/\/www.mobellinea.com\/wp-content\/uploads\/2026\/01\/img_convencion_ventas_Mobellinea_2025.jpg","width":1350,"height":1080},{"@type":"BreadcrumbList","@id":"https:\/\/www.mobellinea.com\/ca\/mobel-linea-tanca-2024-amb-creixement-sostingut-presenta-la-seva-nova-identitat-de-marca-i-projecta-la-seva-presencia-en-orgatec-2026\/#breadcrumb","itemListElement":[{"@type":"ListItem","position":1,"name":"Home","item":"https:\/\/www.mobellinea.com\/ca\/inici\/"},{"@type":"ListItem","position":2,"name":"Esdeveniments","item":"https:\/\/www.mobellinea.com\/ca\/category\/esdeveniments\/"},{"@type":"ListItem","position":3,"name":"Mobel Linea tanca 2024 amb creixement sostingut, presenta la seva nova identitat de marca i projecta la seva pres\u00e8ncia en Orgatec 2026."}]},{"@type":"WebSite","@id":"https:\/\/mobellinea.com\/en\/#website","url":"https:\/\/mobellinea.com\/en\/","name":"MobelLinea","description":"Dise\u00f1amos y fabricamos soluciones de mobiliario para oficinas y espacios colectivos. Creamos entornos honestos, funcionales y humanos, pensados para mejorar la vida de las personas","alternateName":"Mobel Linea","potentialAction":[{"@type":"SearchAction","target":{"@type":"EntryPoint","urlTemplate":"https:\/\/mobellinea.com\/en\/?s={search_term_string}"},"query-input":{"@type":"PropertyValueSpecification","valueRequired":true,"valueName":"search_term_string"}}],"inLanguage":"ca"},{"@type":"Person","@id":"https:\/\/mobellinea.com\/en\/#\/schema\/person\/518e40fa1dcd8c2ef7106c7561ae3ddb","name":"Anna","image":{"@type":"ImageObject","inLanguage":"ca","@id":"https:\/\/secure.gravatar.com\/avatar\/8adc17f1354e8252029a3205a793c695de1d4150636fd00a689f76f96e8a4c98?s=96&d=mm&r=g","url":"https:\/\/secure.gravatar.com\/avatar\/8adc17f1354e8252029a3205a793c695de1d4150636fd00a689f76f96e8a4c98?s=96&d=mm&r=g","contentUrl":"https:\/\/secure.gravatar.com\/avatar\/8adc17f1354e8252029a3205a793c695de1d4150636fd00a689f76f96e8a4c98?s=96&d=mm&r=g","caption":"Anna"}}]}},"uagb_featured_image_src":{"full":["https:\/\/www.mobellinea.com\/wp-content\/uploads\/2026\/01\/img_convencion_ventas_Mobellinea_2025.jpg",1350,1080,false],"thumbnail":["https:\/\/www.mobellinea.com\/wp-content\/uploads\/2026\/01\/img_convencion_ventas_Mobellinea_2025-150x150.jpg",150,150,true],"medium":["https:\/\/www.mobellinea.com\/wp-content\/uploads\/2026\/01\/img_convencion_ventas_Mobellinea_2025-320x256.jpg",320,256,true],"medium_large":["https:\/\/www.mobellinea.com\/wp-content\/uploads\/2026\/01\/img_convencion_ventas_Mobellinea_2025-680x544.jpg",680,544,true],"large":["https:\/\/www.mobellinea.com\/wp-content\/uploads\/2026\/01\/img_convencion_ventas_Mobellinea_2025-1000x800.jpg",1000,800,true],"pieces_card":["https:\/\/www.mobellinea.com\/wp-content\/uploads\/2026\/01\/img_convencion_ventas_Mobellinea_2025-140x173.jpg",140,173,true],"gform-image-choice-sm":["https:\/\/www.mobellinea.com\/wp-content\/uploads\/2026\/01\/img_convencion_ventas_Mobellinea_2025.jpg",300,240,false],"gform-image-choice-md":["https:\/\/www.mobellinea.com\/wp-content\/uploads\/2026\/01\/img_convencion_ventas_Mobellinea_2025.jpg",400,320,false],"gform-image-choice-lg":["https:\/\/www.mobellinea.com\/wp-content\/uploads\/2026\/01\/img_convencion_ventas_Mobellinea_2025.jpg",600,480,false]},"uagb_author_info":{"display_name":"Anna","author_link":"https:\/\/www.mobellinea.com\/ca\/author\/annareigmobellinea-es\/"},"uagb_comment_info":0,"uagb_excerpt":"\u2022 Mobel Linea creix un 6,54% en vendes nacionals en 2024 i un 7,81% en el que va de 2025. \u2022 La companyia presenta, en la Convenci\u00f3 de vendes anual, la seva nova identitat, noves col\u00b7leccions i confirma la seva participaci\u00f3 en WorkSpace Par\u00eds 2026 i Orgatec 2026. El passat 10 de desembre, Mobel Linea&hellip;","_links":{"self":[{"href":"https:\/\/www.mobellinea.com\/ca\/wp-json\/wp\/v2\/posts\/17330","targetHints":{"allow":["GET"]}}],"collection":[{"href":"https:\/\/www.mobellinea.com\/ca\/wp-json\/wp\/v2\/posts"}],"about":[{"href":"https:\/\/www.mobellinea.com\/ca\/wp-json\/wp\/v2\/types\/post"}],"author":[{"embeddable":true,"href":"https:\/\/www.mobellinea.com\/ca\/wp-json\/wp\/v2\/users\/8"}],"replies":[{"embeddable":true,"href":"https:\/\/www.mobellinea.com\/ca\/wp-json\/wp\/v2\/comments?post=17330"}],"version-history":[{"count":1,"href":"https:\/\/www.mobellinea.com\/ca\/wp-json\/wp\/v2\/posts\/17330\/revisions"}],"predecessor-version":[{"id":17331,"href":"https:\/\/www.mobellinea.com\/ca\/wp-json\/wp\/v2\/posts\/17330\/revisions\/17331"}],"wp:featuredmedia":[{"embeddable":true,"href":"https:\/\/www.mobellinea.com\/ca\/wp-json\/wp\/v2\/media\/17329"}],"wp:attachment":[{"href":"https:\/\/www.mobellinea.com\/ca\/wp-json\/wp\/v2\/media?parent=17330"}],"wp:term":[{"taxonomy":"category","embeddable":true,"href":"https:\/\/www.mobellinea.com\/ca\/wp-json\/wp\/v2\/categories?post=17330"},{"taxonomy":"post_tag","embeddable":true,"href":"https:\/\/www.mobellinea.com\/ca\/wp-json\/wp\/v2\/tags?post=17330"}],"curies":[{"name":"wp","href":"https:\/\/api.w.org\/{rel}","templated":true}]}}